{"id":20750,"date":"2020-07-09T00:00:01","date_gmt":"2020-07-09T03:00:01","guid":{"rendered":"https:\/\/hcd.malargue.gov.ar\/?p=20750"},"modified":"2020-07-13T10:08:48","modified_gmt":"2020-07-13T13:08:48","slug":"9-de-julio-dia-de-la-independencia-argentina","status":"publish","type":"post","link":"https:\/\/hcd.malargue.gov.ar\/?p=20750","title":{"rendered":"9 DE JULIO- DIA DE LA INDEPENDENCIA ARGENTINA"},"content":{"rendered":"<p><em>La Declaraci\u00f3n de Independencia de la Argentina fue una decisi\u00f3n tomada el martes 9 de julio de 1816 por el Congreso de Tucum\u00e1n, por la cual declar\u00f3 la formal ruptura de los v\u00ednculos de dependencia pol\u00edtica de las Provincias Unidas del R\u00edo de la Plata con la monarqu\u00eda espa\u00f1ola. La declaraci\u00f3n fue realizada en la Casa de Tucum\u00e1n, ubicada en la ciudad de San Miguel de Tucum\u00e1n, donde sesionaba la asamblea. Diez d\u00edas m\u00e1s tarde, el mismo Congreso renunci\u00f3 tambi\u00e9n a toda otra dominaci\u00f3n extranjera. El acto forma parte del movimiento de independencia hispanoamericana del Imperio espa\u00f1ol.<\/em><\/p>\n<blockquote><p>El acta de la Independencia fue declarada por el Congreso de las Provincias Unidas en Sudam\u00e9rica.<\/p>\n<p><img loading=\"lazy\" decoding=\"async\" class=\"alignnone wp-image-20752\" src=\"https:\/\/hcd.malargue.gov.ar\/wp-content\/uploads\/2020\/07\/9-de-julio-300x208.jpg\" alt=\"\" width=\"679\" height=\"471\" srcset=\"https:\/\/hcd.malargue.gov.ar\/wp-content\/uploads\/2020\/07\/9-de-julio-300x208.jpg 300w, https:\/\/hcd.malargue.gov.ar\/wp-content\/uploads\/2020\/07\/9-de-julio.jpg 640w\" sizes=\"auto, (max-width: 679px) 100vw, 679px\" \/><\/p>\n<p>El 19 de julio, en sesi\u00f3n secreta, el diputado Medrano hizo aprobar una modificaci\u00f3n a la f\u00f3rmula del juramento, con la intenci\u00f3n de bloquear algunas opciones que se contemplaban en aquel momento por las que se pasar\u00eda a depender de alguna otra potencia distinta de Espa\u00f1a.<\/p>\n<p>El acta original, firmada por todos los miembros del Congreso, fue redactada en el libro de Actas de las sesiones p\u00fablicas de dicha asamblea. Ese libro se ha perdido. Algunos historiadores consideran que fue depositado en 1820 en la Legislatura de Buenos Aires, de donde posteriormente habr\u00eda sido sustra\u00eddo. En el Archivo General de la Naci\u00f3n Argentina se conserva una copia, realizada por el secretario Serrano a fines del mes de julio de 1816.<\/p><\/blockquote>\n","protected":false},"excerpt":{"rendered":"<p>La Declaraci\u00f3n de Independencia de la Argentina fue una decisi\u00f3n tomada el martes 9 de julio de 1816 por el Congreso de Tucum\u00e1n, por la cual declar\u00f3 la formal ruptura de los v\u00ednculos de dependencia pol\u00edtica de las Provincias Unidas del R\u00edo de la Plata con la monarqu\u00eda espa\u00f1ola. La declaraci\u00f3n fue realizada en la [&hellip;]<\/p>\n","protected":false},"author":5,"featured_media":20751,"comment_status":"closed","ping_status":"closed","sticky":false,"template":"","format":"standard","meta":{"footnotes":""},"categories":[69,52,33],"tags":[],"class_list":["post-20750","post","type-post","status-publish","format-standard","has-post-thumbnail","hentry","category-efemerides","category-gacetillas","category-prensa"],"yoast_head":"<!-- This site is optimized with the Yoast SEO plugin v19.10 - https:\/\/yoast.com\/wordpress\/plugins\/seo\/ -->\n<title>9 DE JULIO- DIA DE LA INDEPENDENCIA ARGENTINA - Malarg\u00fce HCD<\/title>\n<meta name=\"robots\" content=\"index, follow, max-snippet:-1, max-image-preview:large, max-video-preview:-1\" \/>\n<link rel=\"canonical\" href=\"https:\/\/hcd.malargue.gov.ar\/?p=20750\" \/>\n<meta property=\"og:locale\" content=\"es_ES\" \/>\n<meta property=\"og:type\" content=\"article\" \/>\n<meta property=\"og:title\" content=\"9 DE JULIO- DIA DE LA INDEPENDENCIA ARGENTINA - Malarg\u00fce HCD\" \/>\n<meta property=\"og:description\" content=\"La Declaraci\u00f3n de Independencia de la Argentina fue una decisi\u00f3n tomada el martes 9 de julio de 1816 por el Congreso de Tucum\u00e1n, por la cual declar\u00f3 la formal ruptura de los v\u00ednculos de dependencia pol\u00edtica de las Provincias Unidas del R\u00edo de la Plata con la monarqu\u00eda espa\u00f1ola. La declaraci\u00f3n fue realizada en la [&hellip;]\" \/>\n<meta property=\"og:url\" content=\"https:\/\/hcd.malargue.gov.ar\/?p=20750\" \/>\n<meta property=\"og:site_name\" content=\"Malarg\u00fce HCD\" \/>\n<meta property=\"article:published_time\" content=\"2020-07-09T03:00:01+00:00\" \/>\n<meta property=\"article:modified_time\" content=\"2020-07-13T13:08:48+00:00\" \/>\n<meta property=\"og:image\" content=\"https:\/\/hcd.malargue.gov.ar\/wp-content\/uploads\/2020\/07\/DIA-DE-LA-INDEPENDENCIA.jpg\" \/>\n\t<meta property=\"og:image:width\" content=\"1200\" \/>\n\t<meta property=\"og:image:height\" content=\"704\" \/>\n\t<meta property=\"og:image:type\" content=\"image\/jpeg\" \/>\n<meta name=\"author\" content=\"Belen Pedernera Ferragut\" \/>\n<meta name=\"twitter:card\" content=\"summary_large_image\" \/>\n<meta name=\"twitter:label1\" content=\"Escrito por\" \/>\n\t<meta name=\"twitter:data1\" content=\"Belen Pedernera Ferragut\" \/>\n\t<meta name=\"twitter:label2\" content=\"Tiempo de lectura\" \/>\n\t<meta name=\"twitter:data2\" content=\"1 minuto\" \/>\n<script type=\"application\/ld+json\" class=\"yoast-schema-graph\">{\"@context\":\"https:\/\/schema.org\",\"@graph\":[{\"@type\":\"WebPage\",\"@id\":\"https:\/\/hcd.malargue.gov.ar\/?p=20750\",\"url\":\"https:\/\/hcd.malargue.gov.ar\/?p=20750\",\"name\":\"9 DE JULIO- DIA DE LA INDEPENDENCIA ARGENTINA - Malarg\u00fce HCD\",\"isPartOf\":{\"@id\":\"https:\/\/hcd.malargue.gov.ar\/#website\"},\"datePublished\":\"2020-07-09T03:00:01+00:00\",\"dateModified\":\"2020-07-13T13:08:48+00:00\",\"author\":{\"@id\":\"https:\/\/hcd.malargue.gov.ar\/#\/schema\/person\/3fd6bbab64edd703961b795156c955d0\"},\"breadcrumb\":{\"@id\":\"https:\/\/hcd.malargue.gov.ar\/?p=20750#breadcrumb\"},\"inLanguage\":\"es-AR\",\"potentialAction\":[{\"@type\":\"ReadAction\",\"target\":[\"https:\/\/hcd.malargue.gov.ar\/?p=20750\"]}]},{\"@type\":\"BreadcrumbList\",\"@id\":\"https:\/\/hcd.malargue.gov.ar\/?p=20750#breadcrumb\",\"itemListElement\":[{\"@type\":\"ListItem\",\"position\":1,\"name\":\"Inicio\",\"item\":\"https:\/\/hcd.malargue.gov.ar\/\"},{\"@type\":\"ListItem\",\"position\":2,\"name\":\"9 DE JULIO- DIA DE LA INDEPENDENCIA ARGENTINA\"}]},{\"@type\":\"WebSite\",\"@id\":\"https:\/\/hcd.malargue.gov.ar\/#website\",\"url\":\"https:\/\/hcd.malargue.gov.ar\/\",\"name\":\"Malarg\u00fce HCD\",\"description\":\"Malarg\u00fce Mendoza Argentina\",\"potentialAction\":[{\"@type\":\"SearchAction\",\"target\":{\"@type\":\"EntryPoint\",\"urlTemplate\":\"https:\/\/hcd.malargue.gov.ar\/?s={search_term_string}\"},\"query-input\":\"required name=search_term_string\"}],\"inLanguage\":\"es-AR\"},{\"@type\":\"Person\",\"@id\":\"https:\/\/hcd.malargue.gov.ar\/#\/schema\/person\/3fd6bbab64edd703961b795156c955d0\",\"name\":\"Belen Pedernera Ferragut\",\"image\":{\"@type\":\"ImageObject\",\"inLanguage\":\"es-AR\",\"@id\":\"https:\/\/hcd.malargue.gov.ar\/#\/schema\/person\/image\/\",\"url\":\"https:\/\/secure.gravatar.com\/avatar\/1054ffab3893de4bb3eb29bdd22f7e34b8537bf5d34d9dab311818154ad5b71f?s=96&d=mm&r=g\",\"contentUrl\":\"https:\/\/secure.gravatar.com\/avatar\/1054ffab3893de4bb3eb29bdd22f7e34b8537bf5d34d9dab311818154ad5b71f?s=96&d=mm&r=g\",\"caption\":\"Belen Pedernera Ferragut\"},\"url\":\"https:\/\/hcd.malargue.gov.ar\/?author=5\"}]}<\/script>\n<!-- \/ Yoast SEO plugin. -->","yoast_head_json":{"title":"9 DE JULIO- DIA DE LA INDEPENDENCIA ARGENTINA - Malarg\u00fce HCD","robots":{"index":"index","follow":"follow","max-snippet":"max-snippet:-1","max-image-preview":"max-image-preview:large","max-video-preview":"max-video-preview:-1"},"canonical":"https:\/\/hcd.malargue.gov.ar\/?p=20750","og_locale":"es_ES","og_type":"article","og_title":"9 DE JULIO- DIA DE LA INDEPENDENCIA ARGENTINA - Malarg\u00fce HCD","og_description":"La Declaraci\u00f3n de Independencia de la Argentina fue una decisi\u00f3n tomada el martes 9 de julio de 1816 por el Congreso de Tucum\u00e1n, por la cual declar\u00f3 la formal ruptura de los v\u00ednculos de dependencia pol\u00edtica de las Provincias Unidas del R\u00edo de la Plata con la monarqu\u00eda espa\u00f1ola. La declaraci\u00f3n fue realizada en la [&hellip;]","og_url":"https:\/\/hcd.malargue.gov.ar\/?p=20750","og_site_name":"Malarg\u00fce HCD","article_published_time":"2020-07-09T03:00:01+00:00","article_modified_time":"2020-07-13T13:08:48+00:00","og_image":[{"width":1200,"height":704,"url":"https:\/\/hcd.malargue.gov.ar\/wp-content\/uploads\/2020\/07\/DIA-DE-LA-INDEPENDENCIA.jpg","type":"image\/jpeg"}],"author":"Belen Pedernera Ferragut","twitter_card":"summary_large_image","twitter_misc":{"Escrito por":"Belen Pedernera Ferragut","Tiempo de lectura":"1 minuto"},"schema":{"@context":"https:\/\/schema.org","@graph":[{"@type":"WebPage","@id":"https:\/\/hcd.malargue.gov.ar\/?p=20750","url":"https:\/\/hcd.malargue.gov.ar\/?p=20750","name":"9 DE JULIO- DIA DE LA INDEPENDENCIA ARGENTINA - Malarg\u00fce HCD","isPartOf":{"@id":"https:\/\/hcd.malargue.gov.ar\/#website"},"datePublished":"2020-07-09T03:00:01+00:00","dateModified":"2020-07-13T13:08:48+00:00","author":{"@id":"https:\/\/hcd.malargue.gov.ar\/#\/schema\/person\/3fd6bbab64edd703961b795156c955d0"},"breadcrumb":{"@id":"https:\/\/hcd.malargue.gov.ar\/?p=20750#breadcrumb"},"inLanguage":"es-AR","potentialAction":[{"@type":"ReadAction","target":["https:\/\/hcd.malargue.gov.ar\/?p=20750"]}]},{"@type":"BreadcrumbList","@id":"https:\/\/hcd.malargue.gov.ar\/?p=20750#breadcrumb","itemListElement":[{"@type":"ListItem","position":1,"name":"Inicio","item":"https:\/\/hcd.malargue.gov.ar\/"},{"@type":"ListItem","position":2,"name":"9 DE JULIO- DIA DE LA INDEPENDENCIA ARGENTINA"}]},{"@type":"WebSite","@id":"https:\/\/hcd.malargue.gov.ar\/#website","url":"https:\/\/hcd.malargue.gov.ar\/","name":"Malarg\u00fce HCD","description":"Malarg\u00fce Mendoza Argentina","potentialAction":[{"@type":"SearchAction","target":{"@type":"EntryPoint","urlTemplate":"https:\/\/hcd.malargue.gov.ar\/?s={search_term_string}"},"query-input":"required name=search_term_string"}],"inLanguage":"es-AR"},{"@type":"Person","@id":"https:\/\/hcd.malargue.gov.ar\/#\/schema\/person\/3fd6bbab64edd703961b795156c955d0","name":"Belen Pedernera Ferragut","image":{"@type":"ImageObject","inLanguage":"es-AR","@id":"https:\/\/hcd.malargue.gov.ar\/#\/schema\/person\/image\/","url":"https:\/\/secure.gravatar.com\/avatar\/1054ffab3893de4bb3eb29bdd22f7e34b8537bf5d34d9dab311818154ad5b71f?s=96&d=mm&r=g","contentUrl":"https:\/\/secure.gravatar.com\/avatar\/1054ffab3893de4bb3eb29bdd22f7e34b8537bf5d34d9dab311818154ad5b71f?s=96&d=mm&r=g","caption":"Belen Pedernera Ferragut"},"url":"https:\/\/hcd.malargue.gov.ar\/?author=5"}]}},"_links":{"self":[{"href":"https:\/\/hcd.malargue.gov.ar\/index.php?rest_route=\/wp\/v2\/posts\/20750","targetHints":{"allow":["GET"]}}],"collection":[{"href":"https:\/\/hcd.malargue.gov.ar\/index.php?rest_route=\/wp\/v2\/posts"}],"about":[{"href":"https:\/\/hcd.malargue.gov.ar\/index.php?rest_route=\/wp\/v2\/types\/post"}],"author":[{"embeddable":true,"href":"https:\/\/hcd.malargue.gov.ar\/index.php?rest_route=\/wp\/v2\/users\/5"}],"replies":[{"embeddable":true,"href":"https:\/\/hcd.malargue.gov.ar\/index.php?rest_route=%2Fwp%2Fv2%2Fcomments&post=20750"}],"version-history":[{"count":0,"href":"https:\/\/hcd.malargue.gov.ar\/index.php?rest_route=\/wp\/v2\/posts\/20750\/revisions"}],"wp:featuredmedia":[{"embeddable":true,"href":"https:\/\/hcd.malargue.gov.ar\/index.php?rest_route=\/wp\/v2\/media\/20751"}],"wp:attachment":[{"href":"https:\/\/hcd.malargue.gov.ar\/index.php?rest_route=%2Fwp%2Fv2%2Fmedia&parent=20750"}],"wp:term":[{"taxonomy":"category","embeddable":true,"href":"https:\/\/hcd.malargue.gov.ar\/index.php?rest_route=%2Fwp%2Fv2%2Fcategories&post=20750"},{"taxonomy":"post_tag","embeddable":true,"href":"https:\/\/hcd.malargue.gov.ar\/index.php?rest_route=%2Fwp%2Fv2%2Ftags&post=20750"}],"curies":[{"name":"wp","href":"https:\/\/api.w.org\/{rel}","templated":true}]}}