{"id":20845,"date":"2020-07-20T00:00:52","date_gmt":"2020-07-20T03:00:52","guid":{"rendered":"https:\/\/hcd.malargue.gov.ar\/?p=20845"},"modified":"2020-07-13T11:31:34","modified_gmt":"2020-07-13T14:31:34","slug":"20-de-junio-dia-del-amigo","status":"publish","type":"post","link":"https:\/\/hcd.malargue.gov.ar\/?p=20845","title":{"rendered":"20 DE JUNIO- DIA DEL AMIGO"},"content":{"rendered":"<h4><em>\u00bfPor qu\u00e9 se celebra el D\u00eda del Amigo?<\/em><\/h4>\n<p><em>En Argentina Ernesto Febbraro es profesor de Psicolog\u00eda, Filosof\u00eda e Historia. Tambi\u00e9n es m\u00fasico y odont\u00f3logo. Pero es conocido por ser el creador del D\u00eda del Amigo.<\/em><\/p>\n<p><em>Es sabido que se eligi\u00f3 el 20 de julio para conmemorar la amistad porque es el d\u00eda en que los astronautas norteamericanos Neil Armstrong y Edwin Aldrin pisaron la superficie de la Luna, en 1969. Sin embargo, muchas veces nos preguntamos qu\u00e9 tendr\u00eda que ver una cosa con la otra. Febbraro despeja la inc\u00f3gnita: la idea le surgi\u00f3 mientras miraba la transmisi\u00f3n televisiva de ese acontecimiento hist\u00f3rico y escuchaba a Neil Armstrong convirti\u00e9ndose en leyenda, al decir, &#8220;es un peque\u00f1o paso para el hombre, pero un salto gigante para la humanidad&#8221;. All\u00ed, Febbraro pens\u00f3 que aquel era un gesto de amistad desde la humanidad al universo y que ser\u00eda el d\u00eda indicado para el<strong> D\u00eda del Amigo<\/strong>.<\/em><\/p>\n<p><em>Fue as\u00ed que decidi\u00f3 enviar mil cartas a cien pa\u00edses, por las que recibi\u00f3 setecientas respuestas. De hecho, el D\u00eda del Amigo se conmemora, actualmente, en cerca de cien pa\u00edses.<\/em><\/p>\n<p><em>En Argentina, mediante el decreto N\u00ba 235, se autoriz\u00f3 la celebraci\u00f3n del D\u00eda del Amigo, del 20 de febrero de 1979.<br \/>\n<\/em><\/p>\n","protected":false},"excerpt":{"rendered":"<p>\u00bfPor qu\u00e9 se celebra el D\u00eda del Amigo? En Argentina Ernesto Febbraro es profesor de Psicolog\u00eda, Filosof\u00eda e Historia. Tambi\u00e9n es m\u00fasico y odont\u00f3logo. Pero es conocido por ser el creador del D\u00eda del Amigo. Es sabido que se eligi\u00f3 el 20 de julio para conmemorar la amistad porque es el d\u00eda en que los [&hellip;]<\/p>\n","protected":false},"author":5,"featured_media":20846,"comment_status":"closed","ping_status":"closed","sticky":false,"template":"","format":"standard","meta":{"footnotes":""},"categories":[69,52,33],"tags":[],"class_list":["post-20845","post","type-post","status-publish","format-standard","has-post-thumbnail","hentry","category-efemerides","category-gacetillas","category-prensa"],"yoast_head":"<!-- This site is optimized with the Yoast SEO plugin v19.10 - https:\/\/yoast.com\/wordpress\/plugins\/seo\/ -->\n<title>20 DE JUNIO- DIA DEL AMIGO - Malarg\u00fce HCD<\/title>\n<meta name=\"robots\" content=\"index, follow, max-snippet:-1, max-image-preview:large, max-video-preview:-1\" \/>\n<link rel=\"canonical\" href=\"https:\/\/hcd.malargue.gov.ar\/?p=20845\" \/>\n<meta property=\"og:locale\" content=\"es_ES\" \/>\n<meta property=\"og:type\" content=\"article\" \/>\n<meta property=\"og:title\" content=\"20 DE JUNIO- DIA DEL AMIGO - Malarg\u00fce HCD\" \/>\n<meta property=\"og:description\" content=\"\u00bfPor qu\u00e9 se celebra el D\u00eda del Amigo? En Argentina Ernesto Febbraro es profesor de Psicolog\u00eda, Filosof\u00eda e Historia. Tambi\u00e9n es m\u00fasico y odont\u00f3logo. Pero es conocido por ser el creador del D\u00eda del Amigo. Es sabido que se eligi\u00f3 el 20 de julio para conmemorar la amistad porque es el d\u00eda en que los [&hellip;]\" \/>\n<meta property=\"og:url\" content=\"https:\/\/hcd.malargue.gov.ar\/?p=20845\" \/>\n<meta property=\"og:site_name\" content=\"Malarg\u00fce HCD\" \/>\n<meta property=\"article:published_time\" content=\"2020-07-20T03:00:52+00:00\" \/>\n<meta property=\"article:modified_time\" content=\"2020-07-13T14:31:34+00:00\" \/>\n<meta property=\"og:image\" content=\"https:\/\/hcd.malargue.gov.ar\/wp-content\/uploads\/2020\/07\/dia-del-amigo-2019.jpg\" \/>\n\t<meta property=\"og:image:width\" content=\"500\" \/>\n\t<meta property=\"og:image:height\" content=\"383\" \/>\n\t<meta property=\"og:image:type\" content=\"image\/jpeg\" \/>\n<meta name=\"author\" content=\"Belen Pedernera Ferragut\" \/>\n<meta name=\"twitter:card\" content=\"summary_large_image\" \/>\n<meta name=\"twitter:label1\" content=\"Escrito por\" \/>\n\t<meta name=\"twitter:data1\" content=\"Belen Pedernera Ferragut\" \/>\n\t<meta name=\"twitter:label2\" content=\"Tiempo de lectura\" \/>\n\t<meta name=\"twitter:data2\" content=\"1 minuto\" \/>\n<script type=\"application\/ld+json\" class=\"yoast-schema-graph\">{\"@context\":\"https:\/\/schema.org\",\"@graph\":[{\"@type\":\"WebPage\",\"@id\":\"https:\/\/hcd.malargue.gov.ar\/?p=20845\",\"url\":\"https:\/\/hcd.malargue.gov.ar\/?p=20845\",\"name\":\"20 DE JUNIO- DIA DEL AMIGO - Malarg\u00fce HCD\",\"isPartOf\":{\"@id\":\"https:\/\/hcd.malargue.gov.ar\/#website\"},\"datePublished\":\"2020-07-20T03:00:52+00:00\",\"dateModified\":\"2020-07-13T14:31:34+00:00\",\"author\":{\"@id\":\"https:\/\/hcd.malargue.gov.ar\/#\/schema\/person\/3fd6bbab64edd703961b795156c955d0\"},\"breadcrumb\":{\"@id\":\"https:\/\/hcd.malargue.gov.ar\/?p=20845#breadcrumb\"},\"inLanguage\":\"es-AR\",\"potentialAction\":[{\"@type\":\"ReadAction\",\"target\":[\"https:\/\/hcd.malargue.gov.ar\/?p=20845\"]}]},{\"@type\":\"BreadcrumbList\",\"@id\":\"https:\/\/hcd.malargue.gov.ar\/?p=20845#breadcrumb\",\"itemListElement\":[{\"@type\":\"ListItem\",\"position\":1,\"name\":\"Inicio\",\"item\":\"https:\/\/hcd.malargue.gov.ar\/\"},{\"@type\":\"ListItem\",\"position\":2,\"name\":\"20 DE JUNIO- DIA DEL AMIGO\"}]},{\"@type\":\"WebSite\",\"@id\":\"https:\/\/hcd.malargue.gov.ar\/#website\",\"url\":\"https:\/\/hcd.malargue.gov.ar\/\",\"name\":\"Malarg\u00fce HCD\",\"description\":\"Malarg\u00fce Mendoza Argentina\",\"potentialAction\":[{\"@type\":\"SearchAction\",\"target\":{\"@type\":\"EntryPoint\",\"urlTemplate\":\"https:\/\/hcd.malargue.gov.ar\/?s={search_term_string}\"},\"query-input\":\"required name=search_term_string\"}],\"inLanguage\":\"es-AR\"},{\"@type\":\"Person\",\"@id\":\"https:\/\/hcd.malargue.gov.ar\/#\/schema\/person\/3fd6bbab64edd703961b795156c955d0\",\"name\":\"Belen Pedernera Ferragut\",\"image\":{\"@type\":\"ImageObject\",\"inLanguage\":\"es-AR\",\"@id\":\"https:\/\/hcd.malargue.gov.ar\/#\/schema\/person\/image\/\",\"url\":\"https:\/\/secure.gravatar.com\/avatar\/1054ffab3893de4bb3eb29bdd22f7e34b8537bf5d34d9dab311818154ad5b71f?s=96&d=mm&r=g\",\"contentUrl\":\"https:\/\/secure.gravatar.com\/avatar\/1054ffab3893de4bb3eb29bdd22f7e34b8537bf5d34d9dab311818154ad5b71f?s=96&d=mm&r=g\",\"caption\":\"Belen Pedernera Ferragut\"},\"url\":\"https:\/\/hcd.malargue.gov.ar\/?author=5\"}]}<\/script>\n<!-- \/ Yoast SEO plugin. -->","yoast_head_json":{"title":"20 DE JUNIO- DIA DEL AMIGO - Malarg\u00fce HCD","robots":{"index":"index","follow":"follow","max-snippet":"max-snippet:-1","max-image-preview":"max-image-preview:large","max-video-preview":"max-video-preview:-1"},"canonical":"https:\/\/hcd.malargue.gov.ar\/?p=20845","og_locale":"es_ES","og_type":"article","og_title":"20 DE JUNIO- DIA DEL AMIGO - Malarg\u00fce HCD","og_description":"\u00bfPor qu\u00e9 se celebra el D\u00eda del Amigo? En Argentina Ernesto Febbraro es profesor de Psicolog\u00eda, Filosof\u00eda e Historia. Tambi\u00e9n es m\u00fasico y odont\u00f3logo. Pero es conocido por ser el creador del D\u00eda del Amigo. Es sabido que se eligi\u00f3 el 20 de julio para conmemorar la amistad porque es el d\u00eda en que los [&hellip;]","og_url":"https:\/\/hcd.malargue.gov.ar\/?p=20845","og_site_name":"Malarg\u00fce HCD","article_published_time":"2020-07-20T03:00:52+00:00","article_modified_time":"2020-07-13T14:31:34+00:00","og_image":[{"width":500,"height":383,"url":"https:\/\/hcd.malargue.gov.ar\/wp-content\/uploads\/2020\/07\/dia-del-amigo-2019.jpg","type":"image\/jpeg"}],"author":"Belen Pedernera Ferragut","twitter_card":"summary_large_image","twitter_misc":{"Escrito por":"Belen Pedernera Ferragut","Tiempo de lectura":"1 minuto"},"schema":{"@context":"https:\/\/schema.org","@graph":[{"@type":"WebPage","@id":"https:\/\/hcd.malargue.gov.ar\/?p=20845","url":"https:\/\/hcd.malargue.gov.ar\/?p=20845","name":"20 DE JUNIO- DIA DEL AMIGO - Malarg\u00fce HCD","isPartOf":{"@id":"https:\/\/hcd.malargue.gov.ar\/#website"},"datePublished":"2020-07-20T03:00:52+00:00","dateModified":"2020-07-13T14:31:34+00:00","author":{"@id":"https:\/\/hcd.malargue.gov.ar\/#\/schema\/person\/3fd6bbab64edd703961b795156c955d0"},"breadcrumb":{"@id":"https:\/\/hcd.malargue.gov.ar\/?p=20845#breadcrumb"},"inLanguage":"es-AR","potentialAction":[{"@type":"ReadAction","target":["https:\/\/hcd.malargue.gov.ar\/?p=20845"]}]},{"@type":"BreadcrumbList","@id":"https:\/\/hcd.malargue.gov.ar\/?p=20845#breadcrumb","itemListElement":[{"@type":"ListItem","position":1,"name":"Inicio","item":"https:\/\/hcd.malargue.gov.ar\/"},{"@type":"ListItem","position":2,"name":"20 DE JUNIO- DIA DEL AMIGO"}]},{"@type":"WebSite","@id":"https:\/\/hcd.malargue.gov.ar\/#website","url":"https:\/\/hcd.malargue.gov.ar\/","name":"Malarg\u00fce HCD","description":"Malarg\u00fce Mendoza Argentina","potentialAction":[{"@type":"SearchAction","target":{"@type":"EntryPoint","urlTemplate":"https:\/\/hcd.malargue.gov.ar\/?s={search_term_string}"},"query-input":"required name=search_term_string"}],"inLanguage":"es-AR"},{"@type":"Person","@id":"https:\/\/hcd.malargue.gov.ar\/#\/schema\/person\/3fd6bbab64edd703961b795156c955d0","name":"Belen Pedernera Ferragut","image":{"@type":"ImageObject","inLanguage":"es-AR","@id":"https:\/\/hcd.malargue.gov.ar\/#\/schema\/person\/image\/","url":"https:\/\/secure.gravatar.com\/avatar\/1054ffab3893de4bb3eb29bdd22f7e34b8537bf5d34d9dab311818154ad5b71f?s=96&d=mm&r=g","contentUrl":"https:\/\/secure.gravatar.com\/avatar\/1054ffab3893de4bb3eb29bdd22f7e34b8537bf5d34d9dab311818154ad5b71f?s=96&d=mm&r=g","caption":"Belen Pedernera Ferragut"},"url":"https:\/\/hcd.malargue.gov.ar\/?author=5"}]}},"_links":{"self":[{"href":"https:\/\/hcd.malargue.gov.ar\/index.php?rest_route=\/wp\/v2\/posts\/20845","targetHints":{"allow":["GET"]}}],"collection":[{"href":"https:\/\/hcd.malargue.gov.ar\/index.php?rest_route=\/wp\/v2\/posts"}],"about":[{"href":"https:\/\/hcd.malargue.gov.ar\/index.php?rest_route=\/wp\/v2\/types\/post"}],"author":[{"embeddable":true,"href":"https:\/\/hcd.malargue.gov.ar\/index.php?rest_route=\/wp\/v2\/users\/5"}],"replies":[{"embeddable":true,"href":"https:\/\/hcd.malargue.gov.ar\/index.php?rest_route=%2Fwp%2Fv2%2Fcomments&post=20845"}],"version-history":[{"count":0,"href":"https:\/\/hcd.malargue.gov.ar\/index.php?rest_route=\/wp\/v2\/posts\/20845\/revisions"}],"wp:featuredmedia":[{"embeddable":true,"href":"https:\/\/hcd.malargue.gov.ar\/index.php?rest_route=\/wp\/v2\/media\/20846"}],"wp:attachment":[{"href":"https:\/\/hcd.malargue.gov.ar\/index.php?rest_route=%2Fwp%2Fv2%2Fmedia&parent=20845"}],"wp:term":[{"taxonomy":"category","embeddable":true,"href":"https:\/\/hcd.malargue.gov.ar\/index.php?rest_route=%2Fwp%2Fv2%2Fcategories&post=20845"},{"taxonomy":"post_tag","embeddable":true,"href":"https:\/\/hcd.malargue.gov.ar\/index.php?rest_route=%2Fwp%2Fv2%2Ftags&post=20845"}],"curies":[{"name":"wp","href":"https:\/\/api.w.org\/{rel}","templated":true}]}}