{"id":20881,"date":"2020-07-15T11:13:24","date_gmt":"2020-07-15T14:13:24","guid":{"rendered":"https:\/\/hcd.malargue.gov.ar\/?p=20881"},"modified":"2020-07-15T11:29:32","modified_gmt":"2020-07-15T14:29:32","slug":"orden-del-dia-5o-sesion-ordinaria","status":"publish","type":"post","link":"https:\/\/hcd.malargue.gov.ar\/?p=20881","title":{"rendered":"ORDEN DEL D\u00cdA 5\u00ba SESI\u00d3N ORDINARIA"},"content":{"rendered":"<h4>D\u00eda \u00a0\u00a0Jueves\u00a0\u00a0 16 de\u00a0 Julio \u00a0de 2020<a href=\"http:\/\/hcd.malargue.gov.ar\/hcdpdf\/5%20SO%20ORDEN%2016%20de%20Julio%20de%202020.pdf\"><img loading=\"lazy\" decoding=\"async\" class=\"alignright wp-image-7950\" src=\"https:\/\/hcd.malargue.gov.ar\/wp-content\/uploads\/2018\/06\/PDF-JPG-300x300.jpg\" alt=\"\" width=\"82\" height=\"82\" srcset=\"https:\/\/hcd.malargue.gov.ar\/wp-content\/uploads\/2018\/06\/PDF-JPG-300x300.jpg 300w, https:\/\/hcd.malargue.gov.ar\/wp-content\/uploads\/2018\/06\/PDF-JPG-150x150.jpg 150w, https:\/\/hcd.malargue.gov.ar\/wp-content\/uploads\/2018\/06\/PDF-JPG.jpg 512w\" sizes=\"auto, (max-width: 82px) 100vw, 82px\" \/><\/a><\/h4>\n<h4>Hora: 09:00<\/h4>\n<p><strong><em>a) Acto de Izar la Ense\u00f1a Patria\u00a0\u00a0 a cargo\u00a0 de la Sra. Concejal Paola Fernanda JOFRE <\/em><\/strong><\/p>\n<p><strong><em>b) Homenaje de los Se\u00f1ores Concejales.<\/em><\/strong><\/p>\n<p><strong><em>c) Consideraci\u00f3n Acta Sesi\u00f3n Ordinaria N\u00ba 1036-\u201cO\u201d-2020 <\/em><\/strong><\/p>\n<p><strong><em>d) Lectura del detalle de la correspondencia recibida y emitida.<\/em><\/strong><\/p>\n<p><strong><em>e) Determinaci\u00f3n de los temas que ser\u00e1n incluidos en el punto Asuntos Varios y puesta a consideraci\u00f3n de mociones de tratamientos sobre tablas de diversos expedientes.<\/em><\/strong><\/p>\n<p><strong><em>f) Proyectos de los Se\u00f1ores Concejales: <\/em><\/strong><\/p>\n<ol>\n<li>Expte N\u00ba 4.776- HC 019-2020 Proyecto de Ordenanza: Programa departamental de difusi\u00f3n y prevenci\u00f3n de intoxicaciones por mon\u00f3xido de carbono. (BLOQUE FRENTE DE TODOS) Autor: Concejal Daniela Favari<\/li>\n<li>Expte N\u00ba 4.777-HC 019-2020 Proyecto de Ordenanza: Prohibici\u00f3n de fumar en plazas, parques y paseos p\u00fablicos. (BLOQUE CAMBIA MENDOZA) Autor: Concejal Daiana Varas Castro.<\/li>\n<li>Expte N\u00ba 4.778-HC 019- 2020 Proyecto de Ordenanza: Creaci\u00f3n de protocolo y reglamento para otorgamiento de Licencias por violencia de G\u00e9nero (BLOQUE CAMBIA MENDOZA) Autor: Concejal Daiana Varas Castro<\/li>\n<li>Expte N\u00ba 4.779-HC 019-2020 Proyecto de Ordenanza: Solicitar la suspensi\u00f3n del Decreto Provincial N\u00ba762\/2020, sobre la habilitaci\u00f3n del Turismo Interno Provincial durante la pandemia por COVID 19 (BLOQUE FRENTE DE TODOS) Autores: Concejales Jos\u00e9 Barro, Daniela Favari, Paola Jofr\u00e9 y Andr\u00e9s Risi.<\/li>\n<li>Expte N\u00ba 4.780-HC 019-2020 Proyecto de Comunicaci\u00f3n: Solicitar a Direcci\u00f3n Provincial de Ganader\u00eda la designaci\u00f3n de Delegado y Veterinario para la Delegaci\u00f3n Malarg\u00fce (BLOQUE CAMBIA MENDOZA) Autor: Concejal Daiana Varas Castro.<\/li>\n<li>Expte N\u00ba 4.781-HC 020-2020 Proyecto de Ordenanza: Campa\u00f1a Municipal de concientizaci\u00f3n, prevenci\u00f3n y lucha contra el grooming (BLOQUE CAMBIA MENDOZA) Autor: Concejal Daiana Varas Castro.<\/li>\n<li>Expte N\u00ba 4.782-HC 020-2020 Proyecto de Resoluci\u00f3n: Pedido de Informe por liquidaci\u00f3n de remuneraciones a agentes municipales en el mes de Junio de 2020 (BLOQUE FRENTE DE TODOS) Autores Concejales Jos\u00e9 Barro, Andr\u00e9s Risi, Silvia Correa, Paola Jofr\u00e9<\/li>\n<li>Expte N\u00ba 4.783-HC 020-2020 Proyecto de Resoluci\u00f3n: Solicitar al Departamento Ejecutivo la construcci\u00f3n de garitas\/refugios en los senderos utilizados para las pr\u00e1cticas deportivas (BLOQUE CAMBIA MENDOZA) Autor Concejal Gabriel Rosas.<\/li>\n<li>Expte N\u00ba 4.784-HC 020-2020 Proyecto de Ordenanza: Turismo Vivencial-Planificaci\u00f3n de Turismo Rural (BLOQUE CAMBIA MENDOZA) Autor: Concejal Paola Rojo<\/li>\n<\/ol>\n<p><strong><em>g) Expedientes provenientes del Departamento Ejecutivo <\/em><\/strong><\/p>\n<ol>\n<li>Expte. N\u00ba 3591\/2015-0 Banco Hipotecario Suc. Mendoza -Susana Carmona de Alonso Ref. Donaci\u00f3n calles, ochavas y espacios de equipamiento Emprendimiento PRO.CRE.AR Ordenanza N\u00ba 1783\/2015<\/li>\n<\/ol>\n<p><strong><em>h) Despachos de las Comisiones de Trabajo:<\/em><\/strong><\/p>\n<ol>\n<li>N\u00ba 4.646-HC 010-2019 Proyecto de Resoluci\u00f3n: Colocaci\u00f3n de Cestos de Residuos sobre el boulevard de la Avenida Rufino Ortega desde calle Jorge Newbery hasta Capdeville. (O.P.T Y R.N y H.P.L.A.C.)<\/li>\n<li>N\u00ba 4.628-HC 009-2019 Proyecto de Resoluci\u00f3n: Requerir al Sr. Intendente informe estado actual de la Oficina Anticorrupci\u00f3n y su responsable. (H.P.L.A.C.)<\/li>\n<li>N\u00ba 4.685-HC 013-2019 Proyecto de Ordenanza: Implementar la obligatoriedad de los debates p\u00fablicos entre los precandidatos a Intendente y Concejales luego de la realizaci\u00f3n de las elecciones PASO (Primarias, Abiertas, Simult\u00e1neas y Obligatorias) (H.P.L.A.C.)<\/li>\n<li>N\u00ba 4.765-HC 019-2020 Proyecto de Ordenanza: Promoci\u00f3n de acciones que permitan la inclusi\u00f3n en \u00e9pocas de Pandemia por COVID-19 (E.H.M.A.S Y C y H.P.L.A.C.)<\/li>\n<li>N\u00ba 4.371-HC 278-2018 Proyecto de Resoluci\u00f3n: Repudiar el hostigamiento, maltrato y persecuci\u00f3n pol\u00edtica a personal municipal. (H.P.L.A.C.)<\/li>\n<\/ol>\n<p><strong>i<\/strong><strong><em>) Asuntos Varios. &#8211; <\/em><\/strong><\/p>\n<p><strong><em>j) Acto de arriar el Pabell\u00f3n Nacional a cargo de la concejal que lo<\/em><\/strong><strong> iz\u00f3. &#8211; <\/strong><\/p>\n<p><strong>\u00a0\u00a0\u00a0\u00a0\u00a0\u00a0\u00a0\u00a0\u00a0\u00a0\u00a0\u00a0\u00a0\u00a0\u00a0\u00a0\u00a0\u00a0\u00a0\u00a0\u00a0\u00a0\u00a0\u00a0\u00a0\u00a0\u00a0\u00a0\u00a0\u00a0\u00a0\u00a0\u00a0\u00a0\u00a0\u00a0\u00a0\u00a0\u00a0\u00a0 \u00a0\u00a0\u00a0\u00a0\u00a0\u00a0\u00a0\u00a0\u00a0\u00a0\u00a0\u00a0\u00a0\u00a0\u00a0\u00a0\u00a0\u00a0\u00a0\u00a0\u00a0\u00a0\u00a0\u00a0\u00a0\u00a0\u00a0\u00a0\u00a0\u00a0\u00a0\u00a0\u00a0\u00a0\u00a0\u00a0\u00a0\u00a0\u00a0\u00a0\u00a0\u00a0\u00a0\u00a0\u00a0\u00a0\u00a0 Presidencia H.C.D \u00a0\u00a014 de Julio \u00a0de 2020.-<\/strong><\/p>\n<p><strong>CORRESPONDENCIA\u00a0 PARA LA SESI\u00d3N <\/strong><\/p>\n<p><strong>DEL\u00a0 D\u00cdA JUEVES\u00a0 16\u00a0 de julio de 2020<\/strong><\/p>\n<p><strong>\u00a0<\/strong><strong>NOTAS INGRESADAS<\/strong><\/p>\n<ol>\n<li>Bloque Frente de Todos, presentan inquietudes respecto a garantizar la percepci\u00f3n del salario mensual de los empleados municipales por el mes de junio.<\/li>\n<li>Juan Manuel Ojeda, Intendente Municipal, solicita Expte. N\u00ba 8890\/2.013 que se encuentra en archivo desde el a\u00f1o 2.018.<\/li>\n<li>Juliana Benegas, Encargada de Area de Seguridad e Higiene, eleva planilla de relevamiento y control de extintores port\u00e1tiles del Honorable Concejo Deliberante.<\/li>\n<\/ol>\n","protected":false},"excerpt":{"rendered":"<p>D\u00eda \u00a0\u00a0Jueves\u00a0\u00a0 16 de\u00a0 Julio \u00a0de 2020 Hora: 09:00 a) Acto de Izar la Ense\u00f1a Patria\u00a0\u00a0 a cargo\u00a0 de la Sra. Concejal Paola Fernanda JOFRE b) Homenaje de los Se\u00f1ores Concejales. c) Consideraci\u00f3n Acta Sesi\u00f3n Ordinaria N\u00ba 1036-\u201cO\u201d-2020 d) Lectura del detalle de la correspondencia recibida y emitida. e) Determinaci\u00f3n de los temas que ser\u00e1n [&hellip;]<\/p>\n","protected":false},"author":5,"featured_media":20885,"comment_status":"closed","ping_status":"closed","sticky":false,"template":"","format":"standard","meta":{"footnotes":""},"categories":[52,58,33,36],"tags":[],"class_list":["post-20881","post","type-post","status-publish","format-standard","has-post-thumbnail","hentry","category-gacetillas","category-ordinarias","category-prensa","category-sesiones"],"yoast_head":"<!-- This site is optimized with the Yoast SEO plugin v19.10 - https:\/\/yoast.com\/wordpress\/plugins\/seo\/ -->\n<title>ORDEN DEL D\u00cdA 5\u00ba SESI\u00d3N ORDINARIA - Malarg\u00fce HCD<\/title>\n<meta name=\"robots\" content=\"index, follow, max-snippet:-1, max-image-preview:large, max-video-preview:-1\" \/>\n<link rel=\"canonical\" href=\"https:\/\/hcd.malargue.gov.ar\/?p=20881\" \/>\n<meta property=\"og:locale\" content=\"es_ES\" \/>\n<meta property=\"og:type\" content=\"article\" \/>\n<meta property=\"og:title\" content=\"ORDEN DEL D\u00cdA 5\u00ba SESI\u00d3N ORDINARIA - Malarg\u00fce HCD\" \/>\n<meta property=\"og:description\" content=\"D\u00eda \u00a0\u00a0Jueves\u00a0\u00a0 16 de\u00a0 Julio \u00a0de 2020 Hora: 09:00 a) Acto de Izar la Ense\u00f1a Patria\u00a0\u00a0 a cargo\u00a0 de la Sra. Concejal Paola Fernanda JOFRE b) Homenaje de los Se\u00f1ores Concejales. c) Consideraci\u00f3n Acta Sesi\u00f3n Ordinaria N\u00ba 1036-\u201cO\u201d-2020 d) Lectura del detalle de la correspondencia recibida y emitida. e) Determinaci\u00f3n de los temas que ser\u00e1n [&hellip;]\" \/>\n<meta property=\"og:url\" content=\"https:\/\/hcd.malargue.gov.ar\/?p=20881\" \/>\n<meta property=\"og:site_name\" content=\"Malarg\u00fce HCD\" \/>\n<meta property=\"article:published_time\" content=\"2020-07-15T14:13:24+00:00\" \/>\n<meta property=\"article:modified_time\" content=\"2020-07-15T14:29:32+00:00\" \/>\n<meta property=\"og:image\" content=\"https:\/\/hcd.malargue.gov.ar\/wp-content\/uploads\/2020\/07\/JOFRE-Bandera-scaled.jpg\" \/>\n\t<meta property=\"og:image:width\" content=\"2560\" \/>\n\t<meta property=\"og:image:height\" content=\"1654\" \/>\n\t<meta property=\"og:image:type\" content=\"image\/jpeg\" \/>\n<meta name=\"author\" content=\"Belen Pedernera Ferragut\" \/>\n<meta name=\"twitter:card\" content=\"summary_large_image\" \/>\n<meta name=\"twitter:label1\" content=\"Escrito por\" \/>\n\t<meta name=\"twitter:data1\" content=\"Belen Pedernera Ferragut\" \/>\n\t<meta name=\"twitter:label2\" content=\"Tiempo de lectura\" \/>\n\t<meta name=\"twitter:data2\" content=\"3 minutos\" \/>\n<script type=\"application\/ld+json\" class=\"yoast-schema-graph\">{\"@context\":\"https:\/\/schema.org\",\"@graph\":[{\"@type\":\"WebPage\",\"@id\":\"https:\/\/hcd.malargue.gov.ar\/?p=20881\",\"url\":\"https:\/\/hcd.malargue.gov.ar\/?p=20881\",\"name\":\"ORDEN DEL D\u00cdA 5\u00ba SESI\u00d3N ORDINARIA - Malarg\u00fce HCD\",\"isPartOf\":{\"@id\":\"https:\/\/hcd.malargue.gov.ar\/#website\"},\"datePublished\":\"2020-07-15T14:13:24+00:00\",\"dateModified\":\"2020-07-15T14:29:32+00:00\",\"author\":{\"@id\":\"https:\/\/hcd.malargue.gov.ar\/#\/schema\/person\/3fd6bbab64edd703961b795156c955d0\"},\"breadcrumb\":{\"@id\":\"https:\/\/hcd.malargue.gov.ar\/?p=20881#breadcrumb\"},\"inLanguage\":\"es-AR\",\"potentialAction\":[{\"@type\":\"ReadAction\",\"target\":[\"https:\/\/hcd.malargue.gov.ar\/?p=20881\"]}]},{\"@type\":\"BreadcrumbList\",\"@id\":\"https:\/\/hcd.malargue.gov.ar\/?p=20881#breadcrumb\",\"itemListElement\":[{\"@type\":\"ListItem\",\"position\":1,\"name\":\"Inicio\",\"item\":\"https:\/\/hcd.malargue.gov.ar\/\"},{\"@type\":\"ListItem\",\"position\":2,\"name\":\"ORDEN DEL D\u00cdA 5\u00ba SESI\u00d3N ORDINARIA\"}]},{\"@type\":\"WebSite\",\"@id\":\"https:\/\/hcd.malargue.gov.ar\/#website\",\"url\":\"https:\/\/hcd.malargue.gov.ar\/\",\"name\":\"Malarg\u00fce HCD\",\"description\":\"Malarg\u00fce Mendoza Argentina\",\"potentialAction\":[{\"@type\":\"SearchAction\",\"target\":{\"@type\":\"EntryPoint\",\"urlTemplate\":\"https:\/\/hcd.malargue.gov.ar\/?s={search_term_string}\"},\"query-input\":\"required name=search_term_string\"}],\"inLanguage\":\"es-AR\"},{\"@type\":\"Person\",\"@id\":\"https:\/\/hcd.malargue.gov.ar\/#\/schema\/person\/3fd6bbab64edd703961b795156c955d0\",\"name\":\"Belen Pedernera Ferragut\",\"image\":{\"@type\":\"ImageObject\",\"inLanguage\":\"es-AR\",\"@id\":\"https:\/\/hcd.malargue.gov.ar\/#\/schema\/person\/image\/\",\"url\":\"https:\/\/secure.gravatar.com\/avatar\/1054ffab3893de4bb3eb29bdd22f7e34b8537bf5d34d9dab311818154ad5b71f?s=96&d=mm&r=g\",\"contentUrl\":\"https:\/\/secure.gravatar.com\/avatar\/1054ffab3893de4bb3eb29bdd22f7e34b8537bf5d34d9dab311818154ad5b71f?s=96&d=mm&r=g\",\"caption\":\"Belen Pedernera Ferragut\"},\"url\":\"https:\/\/hcd.malargue.gov.ar\/?author=5\"}]}<\/script>\n<!-- \/ Yoast SEO plugin. -->","yoast_head_json":{"title":"ORDEN DEL D\u00cdA 5\u00ba SESI\u00d3N ORDINARIA - Malarg\u00fce HCD","robots":{"index":"index","follow":"follow","max-snippet":"max-snippet:-1","max-image-preview":"max-image-preview:large","max-video-preview":"max-video-preview:-1"},"canonical":"https:\/\/hcd.malargue.gov.ar\/?p=20881","og_locale":"es_ES","og_type":"article","og_title":"ORDEN DEL D\u00cdA 5\u00ba SESI\u00d3N ORDINARIA - Malarg\u00fce HCD","og_description":"D\u00eda \u00a0\u00a0Jueves\u00a0\u00a0 16 de\u00a0 Julio \u00a0de 2020 Hora: 09:00 a) Acto de Izar la Ense\u00f1a Patria\u00a0\u00a0 a cargo\u00a0 de la Sra. Concejal Paola Fernanda JOFRE b) Homenaje de los Se\u00f1ores Concejales. c) Consideraci\u00f3n Acta Sesi\u00f3n Ordinaria N\u00ba 1036-\u201cO\u201d-2020 d) Lectura del detalle de la correspondencia recibida y emitida. e) Determinaci\u00f3n de los temas que ser\u00e1n [&hellip;]","og_url":"https:\/\/hcd.malargue.gov.ar\/?p=20881","og_site_name":"Malarg\u00fce HCD","article_published_time":"2020-07-15T14:13:24+00:00","article_modified_time":"2020-07-15T14:29:32+00:00","og_image":[{"width":2560,"height":1654,"url":"https:\/\/hcd.malargue.gov.ar\/wp-content\/uploads\/2020\/07\/JOFRE-Bandera-scaled.jpg","type":"image\/jpeg"}],"author":"Belen Pedernera Ferragut","twitter_card":"summary_large_image","twitter_misc":{"Escrito por":"Belen Pedernera Ferragut","Tiempo de lectura":"3 minutos"},"schema":{"@context":"https:\/\/schema.org","@graph":[{"@type":"WebPage","@id":"https:\/\/hcd.malargue.gov.ar\/?p=20881","url":"https:\/\/hcd.malargue.gov.ar\/?p=20881","name":"ORDEN DEL D\u00cdA 5\u00ba SESI\u00d3N ORDINARIA - Malarg\u00fce HCD","isPartOf":{"@id":"https:\/\/hcd.malargue.gov.ar\/#website"},"datePublished":"2020-07-15T14:13:24+00:00","dateModified":"2020-07-15T14:29:32+00:00","author":{"@id":"https:\/\/hcd.malargue.gov.ar\/#\/schema\/person\/3fd6bbab64edd703961b795156c955d0"},"breadcrumb":{"@id":"https:\/\/hcd.malargue.gov.ar\/?p=20881#breadcrumb"},"inLanguage":"es-AR","potentialAction":[{"@type":"ReadAction","target":["https:\/\/hcd.malargue.gov.ar\/?p=20881"]}]},{"@type":"BreadcrumbList","@id":"https:\/\/hcd.malargue.gov.ar\/?p=20881#breadcrumb","itemListElement":[{"@type":"ListItem","position":1,"name":"Inicio","item":"https:\/\/hcd.malargue.gov.ar\/"},{"@type":"ListItem","position":2,"name":"ORDEN DEL D\u00cdA 5\u00ba SESI\u00d3N ORDINARIA"}]},{"@type":"WebSite","@id":"https:\/\/hcd.malargue.gov.ar\/#website","url":"https:\/\/hcd.malargue.gov.ar\/","name":"Malarg\u00fce HCD","description":"Malarg\u00fce Mendoza Argentina","potentialAction":[{"@type":"SearchAction","target":{"@type":"EntryPoint","urlTemplate":"https:\/\/hcd.malargue.gov.ar\/?s={search_term_string}"},"query-input":"required name=search_term_string"}],"inLanguage":"es-AR"},{"@type":"Person","@id":"https:\/\/hcd.malargue.gov.ar\/#\/schema\/person\/3fd6bbab64edd703961b795156c955d0","name":"Belen Pedernera Ferragut","image":{"@type":"ImageObject","inLanguage":"es-AR","@id":"https:\/\/hcd.malargue.gov.ar\/#\/schema\/person\/image\/","url":"https:\/\/secure.gravatar.com\/avatar\/1054ffab3893de4bb3eb29bdd22f7e34b8537bf5d34d9dab311818154ad5b71f?s=96&d=mm&r=g","contentUrl":"https:\/\/secure.gravatar.com\/avatar\/1054ffab3893de4bb3eb29bdd22f7e34b8537bf5d34d9dab311818154ad5b71f?s=96&d=mm&r=g","caption":"Belen Pedernera Ferragut"},"url":"https:\/\/hcd.malargue.gov.ar\/?author=5"}]}},"_links":{"self":[{"href":"https:\/\/hcd.malargue.gov.ar\/index.php?rest_route=\/wp\/v2\/posts\/20881","targetHints":{"allow":["GET"]}}],"collection":[{"href":"https:\/\/hcd.malargue.gov.ar\/index.php?rest_route=\/wp\/v2\/posts"}],"about":[{"href":"https:\/\/hcd.malargue.gov.ar\/index.php?rest_route=\/wp\/v2\/types\/post"}],"author":[{"embeddable":true,"href":"https:\/\/hcd.malargue.gov.ar\/index.php?rest_route=\/wp\/v2\/users\/5"}],"replies":[{"embeddable":true,"href":"https:\/\/hcd.malargue.gov.ar\/index.php?rest_route=%2Fwp%2Fv2%2Fcomments&post=20881"}],"version-history":[{"count":0,"href":"https:\/\/hcd.malargue.gov.ar\/index.php?rest_route=\/wp\/v2\/posts\/20881\/revisions"}],"wp:featuredmedia":[{"embeddable":true,"href":"https:\/\/hcd.malargue.gov.ar\/index.php?rest_route=\/wp\/v2\/media\/20885"}],"wp:attachment":[{"href":"https:\/\/hcd.malargue.gov.ar\/index.php?rest_route=%2Fwp%2Fv2%2Fmedia&parent=20881"}],"wp:term":[{"taxonomy":"category","embeddable":true,"href":"https:\/\/hcd.malargue.gov.ar\/index.php?rest_route=%2Fwp%2Fv2%2Fcategories&post=20881"},{"taxonomy":"post_tag","embeddable":true,"href":"https:\/\/hcd.malargue.gov.ar\/index.php?rest_route=%2Fwp%2Fv2%2Ftags&post=20881"}],"curies":[{"name":"wp","href":"https:\/\/api.w.org\/{rel}","templated":true}]}}