{"id":20936,"date":"2020-07-22T00:00:46","date_gmt":"2020-07-22T03:00:46","guid":{"rendered":"https:\/\/hcd.malargue.gov.ar\/?p=20936"},"modified":"2020-07-21T10:09:12","modified_gmt":"2020-07-21T13:09:12","slug":"20936","status":"publish","type":"post","link":"https:\/\/hcd.malargue.gov.ar\/?p=20936","title":{"rendered":"22 DE JULIO- DIA INTERNACIONAL DEL TRABAJO DOMESTICO"},"content":{"rendered":"<h4><strong>Argumentos<\/strong><\/h4>\n<ul>\n<li>En la mayor parte de los casos, el trabajo dom\u00e9stico lo realizan las mujeres.<\/li>\n<li>Se trata de una labor invisible, sin reconocimiento, sin pago, con jornadas muy largas, desvalorada y oculta. Y lo m\u00e1s contradictorio es que &#8220;ni siquiera se considera trabajo, sino una obligaci\u00f3n casi natural de las mujeres&#8221;.<\/li>\n<li>Seg\u00fan la Encuesta Nacional sobre Uso de Tiempo (ENUT), mientras las mujeres dedican un promedio de 42.3 horas semanales a las actividades dom\u00e9sticas, los hombres s\u00f3lo destinan 15.2 horas.<\/li>\n<li>Seg\u00fan la misma encuesta, 87 por ciento de las mujeres y 44 por ciento de los varones se dedican a cocinar, calentar o preparar alimentos; las mujeres dedican un promedio de 9 horas y media a estas tareas cada semana, y los hombres, un promedio de tan s\u00f3lo 3 horas y 12 minutos.<\/li>\n<li>Las actividades de limpieza de la vivienda son efectuadas por 90 por ciento de las mujeres (que les dedican 9.3 horas a la semana, en promedio) y, en cambio, por 63 por ciento de los hombres (quienes les dedican, en promedio, 3.4 horas semanales).<\/li>\n<li>El 90 por ciento de las mujeres y el 56 por ciento de los hombres realizan actividades de limpieza y cuidado de ropa y de calzado (un promedio de 5.4 horas semanales en el caso de las mujeres, 1.7 horas semanales, en el de los varones).<\/li>\n<li>Las compras las realizan el 65.4 por ciento de las mujeres y el 47.5 por ciento de los hombres, en un tiempo promedio semanal de 2.7 horas y 2.3 horas, respectivamente.<\/li>\n<li>En cuanto al tiempo dedicado a los hijos, las mujeres superan por 155 millones de horas al tiempo invertido por los hombres.<\/li>\n<li>En la convivencia social, la recreaci\u00f3n, el juego, la cultura, el deporte y el uso de los medios masivos de comunicaci\u00f3n participan 13.9 por ciento de las mujeres y 18.6 por ciento de los hombres.<\/li>\n<li>En muchos pa\u00edses el trabajo dom\u00e9stico no es una variable incluida en los c\u00e1lculos del producto interno bruto (PIB), pero se estima que su valor econ\u00f3mico, en millones de pesos, equivale al 21.7 del PIB.<\/li>\n<\/ul>\n","protected":false},"excerpt":{"rendered":"<p>Argumentos En la mayor parte de los casos, el trabajo dom\u00e9stico lo realizan las mujeres. Se trata de una labor invisible, sin reconocimiento, sin pago, con jornadas muy largas, desvalorada y oculta. Y lo m\u00e1s contradictorio es que &#8220;ni siquiera se considera trabajo, sino una obligaci\u00f3n casi natural de las mujeres&#8221;. Seg\u00fan la Encuesta Nacional [&hellip;]<\/p>\n","protected":false},"author":5,"featured_media":20937,"comment_status":"closed","ping_status":"closed","sticky":false,"template":"","format":"standard","meta":{"footnotes":""},"categories":[69,52,33],"tags":[],"class_list":["post-20936","post","type-post","status-publish","format-standard","has-post-thumbnail","hentry","category-efemerides","category-gacetillas","category-prensa"],"yoast_head":"<!-- This site is optimized with the Yoast SEO plugin v19.10 - https:\/\/yoast.com\/wordpress\/plugins\/seo\/ -->\n<title>22 DE JULIO- DIA INTERNACIONAL DEL TRABAJO DOMESTICO - Malarg\u00fce HCD<\/title>\n<meta name=\"robots\" content=\"index, follow, max-snippet:-1, max-image-preview:large, max-video-preview:-1\" \/>\n<link rel=\"canonical\" href=\"https:\/\/hcd.malargue.gov.ar\/?p=20936\" \/>\n<meta property=\"og:locale\" content=\"es_ES\" \/>\n<meta property=\"og:type\" content=\"article\" \/>\n<meta property=\"og:title\" content=\"22 DE JULIO- DIA INTERNACIONAL DEL TRABAJO DOMESTICO - Malarg\u00fce HCD\" \/>\n<meta property=\"og:description\" content=\"Argumentos En la mayor parte de los casos, el trabajo dom\u00e9stico lo realizan las mujeres. Se trata de una labor invisible, sin reconocimiento, sin pago, con jornadas muy largas, desvalorada y oculta. Y lo m\u00e1s contradictorio es que &#8220;ni siquiera se considera trabajo, sino una obligaci\u00f3n casi natural de las mujeres&#8221;. Seg\u00fan la Encuesta Nacional [&hellip;]\" \/>\n<meta property=\"og:url\" content=\"https:\/\/hcd.malargue.gov.ar\/?p=20936\" \/>\n<meta property=\"og:site_name\" content=\"Malarg\u00fce HCD\" \/>\n<meta property=\"article:published_time\" content=\"2020-07-22T03:00:46+00:00\" \/>\n<meta property=\"article:modified_time\" content=\"2020-07-21T13:09:12+00:00\" \/>\n<meta property=\"og:image\" content=\"https:\/\/hcd.malargue.gov.ar\/wp-content\/uploads\/2020\/07\/dia-del-trab-domestico.jpg\" \/>\n\t<meta property=\"og:image:width\" content=\"936\" \/>\n\t<meta property=\"og:image:height\" content=\"537\" \/>\n\t<meta property=\"og:image:type\" content=\"image\/jpeg\" \/>\n<meta name=\"author\" content=\"Belen Pedernera Ferragut\" \/>\n<meta name=\"twitter:card\" content=\"summary_large_image\" \/>\n<meta name=\"twitter:label1\" content=\"Escrito por\" \/>\n\t<meta name=\"twitter:data1\" content=\"Belen Pedernera Ferragut\" \/>\n\t<meta name=\"twitter:label2\" content=\"Tiempo de lectura\" \/>\n\t<meta name=\"twitter:data2\" content=\"2 minutos\" \/>\n<script type=\"application\/ld+json\" class=\"yoast-schema-graph\">{\"@context\":\"https:\/\/schema.org\",\"@graph\":[{\"@type\":\"WebPage\",\"@id\":\"https:\/\/hcd.malargue.gov.ar\/?p=20936\",\"url\":\"https:\/\/hcd.malargue.gov.ar\/?p=20936\",\"name\":\"22 DE JULIO- DIA INTERNACIONAL DEL TRABAJO DOMESTICO - Malarg\u00fce HCD\",\"isPartOf\":{\"@id\":\"https:\/\/hcd.malargue.gov.ar\/#website\"},\"datePublished\":\"2020-07-22T03:00:46+00:00\",\"dateModified\":\"2020-07-21T13:09:12+00:00\",\"author\":{\"@id\":\"https:\/\/hcd.malargue.gov.ar\/#\/schema\/person\/3fd6bbab64edd703961b795156c955d0\"},\"breadcrumb\":{\"@id\":\"https:\/\/hcd.malargue.gov.ar\/?p=20936#breadcrumb\"},\"inLanguage\":\"es-AR\",\"potentialAction\":[{\"@type\":\"ReadAction\",\"target\":[\"https:\/\/hcd.malargue.gov.ar\/?p=20936\"]}]},{\"@type\":\"BreadcrumbList\",\"@id\":\"https:\/\/hcd.malargue.gov.ar\/?p=20936#breadcrumb\",\"itemListElement\":[{\"@type\":\"ListItem\",\"position\":1,\"name\":\"Inicio\",\"item\":\"https:\/\/hcd.malargue.gov.ar\/\"},{\"@type\":\"ListItem\",\"position\":2,\"name\":\"22 DE JULIO- DIA INTERNACIONAL DEL TRABAJO DOMESTICO\"}]},{\"@type\":\"WebSite\",\"@id\":\"https:\/\/hcd.malargue.gov.ar\/#website\",\"url\":\"https:\/\/hcd.malargue.gov.ar\/\",\"name\":\"Malarg\u00fce HCD\",\"description\":\"Malarg\u00fce Mendoza Argentina\",\"potentialAction\":[{\"@type\":\"SearchAction\",\"target\":{\"@type\":\"EntryPoint\",\"urlTemplate\":\"https:\/\/hcd.malargue.gov.ar\/?s={search_term_string}\"},\"query-input\":\"required name=search_term_string\"}],\"inLanguage\":\"es-AR\"},{\"@type\":\"Person\",\"@id\":\"https:\/\/hcd.malargue.gov.ar\/#\/schema\/person\/3fd6bbab64edd703961b795156c955d0\",\"name\":\"Belen Pedernera Ferragut\",\"image\":{\"@type\":\"ImageObject\",\"inLanguage\":\"es-AR\",\"@id\":\"https:\/\/hcd.malargue.gov.ar\/#\/schema\/person\/image\/\",\"url\":\"https:\/\/secure.gravatar.com\/avatar\/1054ffab3893de4bb3eb29bdd22f7e34b8537bf5d34d9dab311818154ad5b71f?s=96&d=mm&r=g\",\"contentUrl\":\"https:\/\/secure.gravatar.com\/avatar\/1054ffab3893de4bb3eb29bdd22f7e34b8537bf5d34d9dab311818154ad5b71f?s=96&d=mm&r=g\",\"caption\":\"Belen Pedernera Ferragut\"},\"url\":\"https:\/\/hcd.malargue.gov.ar\/?author=5\"}]}<\/script>\n<!-- \/ Yoast SEO plugin. -->","yoast_head_json":{"title":"22 DE JULIO- DIA INTERNACIONAL DEL TRABAJO DOMESTICO - Malarg\u00fce HCD","robots":{"index":"index","follow":"follow","max-snippet":"max-snippet:-1","max-image-preview":"max-image-preview:large","max-video-preview":"max-video-preview:-1"},"canonical":"https:\/\/hcd.malargue.gov.ar\/?p=20936","og_locale":"es_ES","og_type":"article","og_title":"22 DE JULIO- DIA INTERNACIONAL DEL TRABAJO DOMESTICO - Malarg\u00fce HCD","og_description":"Argumentos En la mayor parte de los casos, el trabajo dom\u00e9stico lo realizan las mujeres. Se trata de una labor invisible, sin reconocimiento, sin pago, con jornadas muy largas, desvalorada y oculta. Y lo m\u00e1s contradictorio es que &#8220;ni siquiera se considera trabajo, sino una obligaci\u00f3n casi natural de las mujeres&#8221;. Seg\u00fan la Encuesta Nacional [&hellip;]","og_url":"https:\/\/hcd.malargue.gov.ar\/?p=20936","og_site_name":"Malarg\u00fce HCD","article_published_time":"2020-07-22T03:00:46+00:00","article_modified_time":"2020-07-21T13:09:12+00:00","og_image":[{"width":936,"height":537,"url":"https:\/\/hcd.malargue.gov.ar\/wp-content\/uploads\/2020\/07\/dia-del-trab-domestico.jpg","type":"image\/jpeg"}],"author":"Belen Pedernera Ferragut","twitter_card":"summary_large_image","twitter_misc":{"Escrito por":"Belen Pedernera Ferragut","Tiempo de lectura":"2 minutos"},"schema":{"@context":"https:\/\/schema.org","@graph":[{"@type":"WebPage","@id":"https:\/\/hcd.malargue.gov.ar\/?p=20936","url":"https:\/\/hcd.malargue.gov.ar\/?p=20936","name":"22 DE JULIO- DIA INTERNACIONAL DEL TRABAJO DOMESTICO - Malarg\u00fce HCD","isPartOf":{"@id":"https:\/\/hcd.malargue.gov.ar\/#website"},"datePublished":"2020-07-22T03:00:46+00:00","dateModified":"2020-07-21T13:09:12+00:00","author":{"@id":"https:\/\/hcd.malargue.gov.ar\/#\/schema\/person\/3fd6bbab64edd703961b795156c955d0"},"breadcrumb":{"@id":"https:\/\/hcd.malargue.gov.ar\/?p=20936#breadcrumb"},"inLanguage":"es-AR","potentialAction":[{"@type":"ReadAction","target":["https:\/\/hcd.malargue.gov.ar\/?p=20936"]}]},{"@type":"BreadcrumbList","@id":"https:\/\/hcd.malargue.gov.ar\/?p=20936#breadcrumb","itemListElement":[{"@type":"ListItem","position":1,"name":"Inicio","item":"https:\/\/hcd.malargue.gov.ar\/"},{"@type":"ListItem","position":2,"name":"22 DE JULIO- DIA INTERNACIONAL DEL TRABAJO DOMESTICO"}]},{"@type":"WebSite","@id":"https:\/\/hcd.malargue.gov.ar\/#website","url":"https:\/\/hcd.malargue.gov.ar\/","name":"Malarg\u00fce HCD","description":"Malarg\u00fce Mendoza Argentina","potentialAction":[{"@type":"SearchAction","target":{"@type":"EntryPoint","urlTemplate":"https:\/\/hcd.malargue.gov.ar\/?s={search_term_string}"},"query-input":"required name=search_term_string"}],"inLanguage":"es-AR"},{"@type":"Person","@id":"https:\/\/hcd.malargue.gov.ar\/#\/schema\/person\/3fd6bbab64edd703961b795156c955d0","name":"Belen Pedernera Ferragut","image":{"@type":"ImageObject","inLanguage":"es-AR","@id":"https:\/\/hcd.malargue.gov.ar\/#\/schema\/person\/image\/","url":"https:\/\/secure.gravatar.com\/avatar\/1054ffab3893de4bb3eb29bdd22f7e34b8537bf5d34d9dab311818154ad5b71f?s=96&d=mm&r=g","contentUrl":"https:\/\/secure.gravatar.com\/avatar\/1054ffab3893de4bb3eb29bdd22f7e34b8537bf5d34d9dab311818154ad5b71f?s=96&d=mm&r=g","caption":"Belen Pedernera Ferragut"},"url":"https:\/\/hcd.malargue.gov.ar\/?author=5"}]}},"_links":{"self":[{"href":"https:\/\/hcd.malargue.gov.ar\/index.php?rest_route=\/wp\/v2\/posts\/20936","targetHints":{"allow":["GET"]}}],"collection":[{"href":"https:\/\/hcd.malargue.gov.ar\/index.php?rest_route=\/wp\/v2\/posts"}],"about":[{"href":"https:\/\/hcd.malargue.gov.ar\/index.php?rest_route=\/wp\/v2\/types\/post"}],"author":[{"embeddable":true,"href":"https:\/\/hcd.malargue.gov.ar\/index.php?rest_route=\/wp\/v2\/users\/5"}],"replies":[{"embeddable":true,"href":"https:\/\/hcd.malargue.gov.ar\/index.php?rest_route=%2Fwp%2Fv2%2Fcomments&post=20936"}],"version-history":[{"count":0,"href":"https:\/\/hcd.malargue.gov.ar\/index.php?rest_route=\/wp\/v2\/posts\/20936\/revisions"}],"wp:featuredmedia":[{"embeddable":true,"href":"https:\/\/hcd.malargue.gov.ar\/index.php?rest_route=\/wp\/v2\/media\/20937"}],"wp:attachment":[{"href":"https:\/\/hcd.malargue.gov.ar\/index.php?rest_route=%2Fwp%2Fv2%2Fmedia&parent=20936"}],"wp:term":[{"taxonomy":"category","embeddable":true,"href":"https:\/\/hcd.malargue.gov.ar\/index.php?rest_route=%2Fwp%2Fv2%2Fcategories&post=20936"},{"taxonomy":"post_tag","embeddable":true,"href":"https:\/\/hcd.malargue.gov.ar\/index.php?rest_route=%2Fwp%2Fv2%2Ftags&post=20936"}],"curies":[{"name":"wp","href":"https:\/\/api.w.org\/{rel}","templated":true}]}}