{"id":20943,"date":"2020-07-27T00:00:25","date_gmt":"2020-07-27T03:00:25","guid":{"rendered":"https:\/\/hcd.malargue.gov.ar\/?p=20943"},"modified":"2020-07-21T11:25:46","modified_gmt":"2020-07-21T14:25:46","slug":"dia-nacional-del-antropologo","status":"publish","type":"post","link":"https:\/\/hcd.malargue.gov.ar\/?p=20943","title":{"rendered":"DIA NACIONAL DEL ANTROPOLOGO"},"content":{"rendered":"<p>La fecha elegida para la celebraci\u00f3n del D\u00eda del Antrop\u00f3logo fue establecida con la finalidad de conmemorar la creaci\u00f3n de la fundaci\u00f3n del Colegio de Graduados de Antropolog\u00eda el 27 de julio de 1972.<\/p>\n<p>El t\u00e9rmino de antropolog\u00eda hace referencia a una ciencia que estudia la forma integral del ser humano utilizando diversas herramientas y gracias a los conocimientos adquiridos por las ciencias naturales y diversas ciencias sociales.<\/p>\n<p>La antropolog\u00eda realiza estudios muy amplios sobre la evoluci\u00f3n biol\u00f3gica de la especie humana, su desarrollo, las formas de vida a lo largo de la historia, la diversidad de culturas que caracterizan a la humanidad, etc.<\/p>\n<p>El origen de la antropolog\u00eda como disciplina se encuentra en la segunda mitad del siglo XIX. En ese momento gracias a la teor\u00eda de la evoluci\u00f3n, diversos campos de la sociedad comenzaron los estudios de la evoluci\u00f3n de la sociedad.<\/p>\n","protected":false},"excerpt":{"rendered":"<p>La fecha elegida para la celebraci\u00f3n del D\u00eda del Antrop\u00f3logo fue establecida con la finalidad de conmemorar la creaci\u00f3n de la fundaci\u00f3n del Colegio de Graduados de Antropolog\u00eda el 27 de julio de 1972. El t\u00e9rmino de antropolog\u00eda hace referencia a una ciencia que estudia la forma integral del ser humano utilizando diversas herramientas y [&hellip;]<\/p>\n","protected":false},"author":5,"featured_media":20944,"comment_status":"closed","ping_status":"closed","sticky":false,"template":"","format":"standard","meta":{"footnotes":""},"categories":[69,52,33],"tags":[],"class_list":["post-20943","post","type-post","status-publish","format-standard","has-post-thumbnail","hentry","category-efemerides","category-gacetillas","category-prensa"],"yoast_head":"<!-- This site is optimized with the Yoast SEO plugin v19.10 - https:\/\/yoast.com\/wordpress\/plugins\/seo\/ -->\n<title>DIA NACIONAL DEL ANTROPOLOGO - Malarg\u00fce HCD<\/title>\n<meta name=\"robots\" content=\"index, follow, max-snippet:-1, max-image-preview:large, max-video-preview:-1\" \/>\n<link rel=\"canonical\" href=\"https:\/\/hcd.malargue.gov.ar\/?p=20943\" \/>\n<meta property=\"og:locale\" content=\"es_ES\" \/>\n<meta property=\"og:type\" content=\"article\" \/>\n<meta property=\"og:title\" content=\"DIA NACIONAL DEL ANTROPOLOGO - Malarg\u00fce HCD\" \/>\n<meta property=\"og:description\" content=\"La fecha elegida para la celebraci\u00f3n del D\u00eda del Antrop\u00f3logo fue establecida con la finalidad de conmemorar la creaci\u00f3n de la fundaci\u00f3n del Colegio de Graduados de Antropolog\u00eda el 27 de julio de 1972. El t\u00e9rmino de antropolog\u00eda hace referencia a una ciencia que estudia la forma integral del ser humano utilizando diversas herramientas y [&hellip;]\" \/>\n<meta property=\"og:url\" content=\"https:\/\/hcd.malargue.gov.ar\/?p=20943\" \/>\n<meta property=\"og:site_name\" content=\"Malarg\u00fce HCD\" \/>\n<meta property=\"article:published_time\" content=\"2020-07-27T03:00:25+00:00\" \/>\n<meta property=\"article:modified_time\" content=\"2020-07-21T14:25:46+00:00\" \/>\n<meta property=\"og:image\" content=\"https:\/\/hcd.malargue.gov.ar\/wp-content\/uploads\/2020\/07\/dia-del-antropologo.jpg\" \/>\n\t<meta property=\"og:image:width\" content=\"959\" \/>\n\t<meta property=\"og:image:height\" content=\"620\" \/>\n\t<meta property=\"og:image:type\" content=\"image\/jpeg\" \/>\n<meta name=\"author\" content=\"Belen Pedernera Ferragut\" \/>\n<meta name=\"twitter:card\" content=\"summary_large_image\" \/>\n<meta name=\"twitter:label1\" content=\"Escrito por\" \/>\n\t<meta name=\"twitter:data1\" content=\"Belen Pedernera Ferragut\" \/>\n\t<meta name=\"twitter:label2\" content=\"Tiempo de lectura\" \/>\n\t<meta name=\"twitter:data2\" content=\"1 minuto\" \/>\n<script type=\"application\/ld+json\" class=\"yoast-schema-graph\">{\"@context\":\"https:\/\/schema.org\",\"@graph\":[{\"@type\":\"WebPage\",\"@id\":\"https:\/\/hcd.malargue.gov.ar\/?p=20943\",\"url\":\"https:\/\/hcd.malargue.gov.ar\/?p=20943\",\"name\":\"DIA NACIONAL DEL ANTROPOLOGO - Malarg\u00fce HCD\",\"isPartOf\":{\"@id\":\"https:\/\/hcd.malargue.gov.ar\/#website\"},\"datePublished\":\"2020-07-27T03:00:25+00:00\",\"dateModified\":\"2020-07-21T14:25:46+00:00\",\"author\":{\"@id\":\"https:\/\/hcd.malargue.gov.ar\/#\/schema\/person\/3fd6bbab64edd703961b795156c955d0\"},\"breadcrumb\":{\"@id\":\"https:\/\/hcd.malargue.gov.ar\/?p=20943#breadcrumb\"},\"inLanguage\":\"es-AR\",\"potentialAction\":[{\"@type\":\"ReadAction\",\"target\":[\"https:\/\/hcd.malargue.gov.ar\/?p=20943\"]}]},{\"@type\":\"BreadcrumbList\",\"@id\":\"https:\/\/hcd.malargue.gov.ar\/?p=20943#breadcrumb\",\"itemListElement\":[{\"@type\":\"ListItem\",\"position\":1,\"name\":\"Inicio\",\"item\":\"https:\/\/hcd.malargue.gov.ar\/\"},{\"@type\":\"ListItem\",\"position\":2,\"name\":\"DIA NACIONAL DEL ANTROPOLOGO\"}]},{\"@type\":\"WebSite\",\"@id\":\"https:\/\/hcd.malargue.gov.ar\/#website\",\"url\":\"https:\/\/hcd.malargue.gov.ar\/\",\"name\":\"Malarg\u00fce HCD\",\"description\":\"Malarg\u00fce Mendoza Argentina\",\"potentialAction\":[{\"@type\":\"SearchAction\",\"target\":{\"@type\":\"EntryPoint\",\"urlTemplate\":\"https:\/\/hcd.malargue.gov.ar\/?s={search_term_string}\"},\"query-input\":\"required name=search_term_string\"}],\"inLanguage\":\"es-AR\"},{\"@type\":\"Person\",\"@id\":\"https:\/\/hcd.malargue.gov.ar\/#\/schema\/person\/3fd6bbab64edd703961b795156c955d0\",\"name\":\"Belen Pedernera Ferragut\",\"image\":{\"@type\":\"ImageObject\",\"inLanguage\":\"es-AR\",\"@id\":\"https:\/\/hcd.malargue.gov.ar\/#\/schema\/person\/image\/\",\"url\":\"https:\/\/secure.gravatar.com\/avatar\/1054ffab3893de4bb3eb29bdd22f7e34b8537bf5d34d9dab311818154ad5b71f?s=96&d=mm&r=g\",\"contentUrl\":\"https:\/\/secure.gravatar.com\/avatar\/1054ffab3893de4bb3eb29bdd22f7e34b8537bf5d34d9dab311818154ad5b71f?s=96&d=mm&r=g\",\"caption\":\"Belen Pedernera Ferragut\"},\"url\":\"https:\/\/hcd.malargue.gov.ar\/?author=5\"}]}<\/script>\n<!-- \/ Yoast SEO plugin. -->","yoast_head_json":{"title":"DIA NACIONAL DEL ANTROPOLOGO - Malarg\u00fce HCD","robots":{"index":"index","follow":"follow","max-snippet":"max-snippet:-1","max-image-preview":"max-image-preview:large","max-video-preview":"max-video-preview:-1"},"canonical":"https:\/\/hcd.malargue.gov.ar\/?p=20943","og_locale":"es_ES","og_type":"article","og_title":"DIA NACIONAL DEL ANTROPOLOGO - Malarg\u00fce HCD","og_description":"La fecha elegida para la celebraci\u00f3n del D\u00eda del Antrop\u00f3logo fue establecida con la finalidad de conmemorar la creaci\u00f3n de la fundaci\u00f3n del Colegio de Graduados de Antropolog\u00eda el 27 de julio de 1972. El t\u00e9rmino de antropolog\u00eda hace referencia a una ciencia que estudia la forma integral del ser humano utilizando diversas herramientas y [&hellip;]","og_url":"https:\/\/hcd.malargue.gov.ar\/?p=20943","og_site_name":"Malarg\u00fce HCD","article_published_time":"2020-07-27T03:00:25+00:00","article_modified_time":"2020-07-21T14:25:46+00:00","og_image":[{"width":959,"height":620,"url":"https:\/\/hcd.malargue.gov.ar\/wp-content\/uploads\/2020\/07\/dia-del-antropologo.jpg","type":"image\/jpeg"}],"author":"Belen Pedernera Ferragut","twitter_card":"summary_large_image","twitter_misc":{"Escrito por":"Belen Pedernera Ferragut","Tiempo de lectura":"1 minuto"},"schema":{"@context":"https:\/\/schema.org","@graph":[{"@type":"WebPage","@id":"https:\/\/hcd.malargue.gov.ar\/?p=20943","url":"https:\/\/hcd.malargue.gov.ar\/?p=20943","name":"DIA NACIONAL DEL ANTROPOLOGO - Malarg\u00fce HCD","isPartOf":{"@id":"https:\/\/hcd.malargue.gov.ar\/#website"},"datePublished":"2020-07-27T03:00:25+00:00","dateModified":"2020-07-21T14:25:46+00:00","author":{"@id":"https:\/\/hcd.malargue.gov.ar\/#\/schema\/person\/3fd6bbab64edd703961b795156c955d0"},"breadcrumb":{"@id":"https:\/\/hcd.malargue.gov.ar\/?p=20943#breadcrumb"},"inLanguage":"es-AR","potentialAction":[{"@type":"ReadAction","target":["https:\/\/hcd.malargue.gov.ar\/?p=20943"]}]},{"@type":"BreadcrumbList","@id":"https:\/\/hcd.malargue.gov.ar\/?p=20943#breadcrumb","itemListElement":[{"@type":"ListItem","position":1,"name":"Inicio","item":"https:\/\/hcd.malargue.gov.ar\/"},{"@type":"ListItem","position":2,"name":"DIA NACIONAL DEL ANTROPOLOGO"}]},{"@type":"WebSite","@id":"https:\/\/hcd.malargue.gov.ar\/#website","url":"https:\/\/hcd.malargue.gov.ar\/","name":"Malarg\u00fce HCD","description":"Malarg\u00fce Mendoza Argentina","potentialAction":[{"@type":"SearchAction","target":{"@type":"EntryPoint","urlTemplate":"https:\/\/hcd.malargue.gov.ar\/?s={search_term_string}"},"query-input":"required name=search_term_string"}],"inLanguage":"es-AR"},{"@type":"Person","@id":"https:\/\/hcd.malargue.gov.ar\/#\/schema\/person\/3fd6bbab64edd703961b795156c955d0","name":"Belen Pedernera Ferragut","image":{"@type":"ImageObject","inLanguage":"es-AR","@id":"https:\/\/hcd.malargue.gov.ar\/#\/schema\/person\/image\/","url":"https:\/\/secure.gravatar.com\/avatar\/1054ffab3893de4bb3eb29bdd22f7e34b8537bf5d34d9dab311818154ad5b71f?s=96&d=mm&r=g","contentUrl":"https:\/\/secure.gravatar.com\/avatar\/1054ffab3893de4bb3eb29bdd22f7e34b8537bf5d34d9dab311818154ad5b71f?s=96&d=mm&r=g","caption":"Belen Pedernera Ferragut"},"url":"https:\/\/hcd.malargue.gov.ar\/?author=5"}]}},"_links":{"self":[{"href":"https:\/\/hcd.malargue.gov.ar\/index.php?rest_route=\/wp\/v2\/posts\/20943","targetHints":{"allow":["GET"]}}],"collection":[{"href":"https:\/\/hcd.malargue.gov.ar\/index.php?rest_route=\/wp\/v2\/posts"}],"about":[{"href":"https:\/\/hcd.malargue.gov.ar\/index.php?rest_route=\/wp\/v2\/types\/post"}],"author":[{"embeddable":true,"href":"https:\/\/hcd.malargue.gov.ar\/index.php?rest_route=\/wp\/v2\/users\/5"}],"replies":[{"embeddable":true,"href":"https:\/\/hcd.malargue.gov.ar\/index.php?rest_route=%2Fwp%2Fv2%2Fcomments&post=20943"}],"version-history":[{"count":0,"href":"https:\/\/hcd.malargue.gov.ar\/index.php?rest_route=\/wp\/v2\/posts\/20943\/revisions"}],"wp:featuredmedia":[{"embeddable":true,"href":"https:\/\/hcd.malargue.gov.ar\/index.php?rest_route=\/wp\/v2\/media\/20944"}],"wp:attachment":[{"href":"https:\/\/hcd.malargue.gov.ar\/index.php?rest_route=%2Fwp%2Fv2%2Fmedia&parent=20943"}],"wp:term":[{"taxonomy":"category","embeddable":true,"href":"https:\/\/hcd.malargue.gov.ar\/index.php?rest_route=%2Fwp%2Fv2%2Fcategories&post=20943"},{"taxonomy":"post_tag","embeddable":true,"href":"https:\/\/hcd.malargue.gov.ar\/index.php?rest_route=%2Fwp%2Fv2%2Ftags&post=20943"}],"curies":[{"name":"wp","href":"https:\/\/api.w.org\/{rel}","templated":true}]}}