{"id":20946,"date":"2020-07-29T00:00:13","date_gmt":"2020-07-29T03:00:13","guid":{"rendered":"https:\/\/hcd.malargue.gov.ar\/?p=20946"},"modified":"2020-07-22T11:44:42","modified_gmt":"2020-07-22T14:44:42","slug":"dia-de-la-cultura-nacional","status":"publish","type":"post","link":"https:\/\/hcd.malargue.gov.ar\/?p=20946","title":{"rendered":"DIA DE LA CULTURA NACIONAL"},"content":{"rendered":"<div class=\"panel-pane pane-texto\">\n<div class=\"pane-content\">\n<div class=\"\">\n<p>En 1982, un decreto presidencial instituy\u00f3 que el 29 de julio se celebra el D\u00eda de la Cultura Nacional, en conmemoraci\u00f3n de la muerte del escritor, pol\u00edtico e historiador Ricardo Rojas. As\u00ed rezaba el decreto: \u201cLa cultura, expresi\u00f3n esencial del hombre, define e identifica a los pueblos, los que trascienden merced al desarrollo, preservaci\u00f3n y difusi\u00f3n de aquella. Es conveniente determinar un d\u00eda en que deben especialmente recordarse los valores de nuestra cultura, d\u00eda en que anualmente se pueda evaluar la labor realizada en el afianzamiento y promoci\u00f3n de la Cultura Nacional\u201d.<\/p>\n<p><strong>\u00bfPor qu\u00e9 Ricardo Rojas?<\/strong><br \/>\n<img loading=\"lazy\" decoding=\"async\" class=\" wp-image-20997 alignright\" src=\"https:\/\/hcd.malargue.gov.ar\/wp-content\/uploads\/2020\/07\/rojas_ricardo-259x300.jpg\" alt=\"\" width=\"215\" height=\"249\" srcset=\"https:\/\/hcd.malargue.gov.ar\/wp-content\/uploads\/2020\/07\/rojas_ricardo-259x300.jpg 259w, https:\/\/hcd.malargue.gov.ar\/wp-content\/uploads\/2020\/07\/rojas_ricardo.jpg 340w\" sizes=\"auto, (max-width: 215px) 100vw, 215px\" \/>El mismo decreto lo explica: \u201cRicardo Rojas representa muy singularmente, en su polifac\u00e9tica y honda personalidad intelectual, diversas manifestaciones culturales y encarna una preocupaci\u00f3n argentina de preservar y difundir las caracter\u00edsticas de la cultura nacional. El primer Congreso Nacional de Directores de Cultura de la Argentina, realizado en Buenos Aires en septiembre de 1957, eligi\u00f3 su figura de hombre del interior, defensor de la esencia nacional y promotor de las letras, las artes y las ciencias evocando su memoria como orientadora en sus deliberaciones\u201d.<\/p>\n<p>Ricardo Rojas naci\u00f3 en Tucum\u00e1n en 1882. Estudi\u00f3 periodismo en Santiago del Estero y fue profesor de Literatura castellana. Entre sus logros, gan\u00f3 el Premio Nacional de Literatura y fue un hombre de ideas liberales y democr\u00e1ticas, que conoci\u00f3 la persecuci\u00f3n pol\u00edtica, por lo que tuvo una etapa de confinamiento. De esta manera, ccup\u00f3 el cargo de embajador argentino en Per\u00fa, en 1955.<\/p>\n<p>Rojas afirma en su obra \u201cLa Historia de la literatura argentina\u201d, que \u201cla argentinidad est\u00e1 constituida por un territorio, por un pueblo, por un estado, por un idioma, por un ideal que tiende cada d\u00eda a definirse mejor. Ahora mismo, con estas breves p\u00e1ginas, estamos tratando de definirlo\u201d.<\/p>\n<p>La influencia de Rojas en las nuevas generaciones argentinas es indudable y fecunda. Como intelectual multifac\u00e9tico, marc\u00f3 el agotamiento del modelo cultural de su generaci\u00f3n y postul\u00f3 una profunda renovaci\u00f3n nacional. Ello lo llev\u00f3 a reivindicar la inserci\u00f3n de la cultura en las provincias del pa\u00eds como requisito de la identidad de la naci\u00f3n. Ricardo Rojas dedic\u00f3 su vida a enaltecer el teatro y la literatura nacional argentina.<\/p>\n<p>En homenaje a su legado, todos los argentinos celebramos el D\u00eda de la Cultura Nacional todos los 29 de julio, fecha en que su cuerpo dej\u00f3 este mundo. Su recuerdo perdurar\u00e1 por los siglos de los siglos.<\/p>\n<\/div>\n<\/div>\n<\/div>\n","protected":false},"excerpt":{"rendered":"<p>En 1982, un decreto presidencial instituy\u00f3 que el 29 de julio se celebra el D\u00eda de la Cultura Nacional, en conmemoraci\u00f3n de la muerte del escritor, pol\u00edtico e historiador Ricardo Rojas. As\u00ed rezaba el decreto: \u201cLa cultura, expresi\u00f3n esencial del hombre, define e identifica a los pueblos, los que trascienden merced al desarrollo, preservaci\u00f3n y [&hellip;]<\/p>\n","protected":false},"author":5,"featured_media":20999,"comment_status":"closed","ping_status":"closed","sticky":false,"template":"","format":"standard","meta":{"footnotes":""},"categories":[69,52,33],"tags":[],"class_list":["post-20946","post","type-post","status-publish","format-standard","has-post-thumbnail","hentry","category-efemerides","category-gacetillas","category-prensa"],"yoast_head":"<!-- This site is optimized with the Yoast SEO plugin v19.10 - https:\/\/yoast.com\/wordpress\/plugins\/seo\/ -->\n<title>DIA DE LA CULTURA NACIONAL - Malarg\u00fce HCD<\/title>\n<meta name=\"robots\" content=\"index, follow, max-snippet:-1, max-image-preview:large, max-video-preview:-1\" \/>\n<link rel=\"canonical\" href=\"https:\/\/hcd.malargue.gov.ar\/?p=20946\" \/>\n<meta property=\"og:locale\" content=\"es_ES\" \/>\n<meta property=\"og:type\" content=\"article\" \/>\n<meta property=\"og:title\" content=\"DIA DE LA CULTURA NACIONAL - Malarg\u00fce HCD\" \/>\n<meta property=\"og:description\" content=\"En 1982, un decreto presidencial instituy\u00f3 que el 29 de julio se celebra el D\u00eda de la Cultura Nacional, en conmemoraci\u00f3n de la muerte del escritor, pol\u00edtico e historiador Ricardo Rojas. As\u00ed rezaba el decreto: \u201cLa cultura, expresi\u00f3n esencial del hombre, define e identifica a los pueblos, los que trascienden merced al desarrollo, preservaci\u00f3n y [&hellip;]\" \/>\n<meta property=\"og:url\" content=\"https:\/\/hcd.malargue.gov.ar\/?p=20946\" \/>\n<meta property=\"og:site_name\" content=\"Malarg\u00fce HCD\" \/>\n<meta property=\"article:published_time\" content=\"2020-07-29T03:00:13+00:00\" \/>\n<meta property=\"article:modified_time\" content=\"2020-07-22T14:44:42+00:00\" \/>\n<meta property=\"og:image\" content=\"https:\/\/hcd.malargue.gov.ar\/wp-content\/uploads\/2020\/07\/dia-de-la-cultura-argentina.jpg\" \/>\n\t<meta property=\"og:image:width\" content=\"947\" \/>\n\t<meta property=\"og:image:height\" content=\"547\" \/>\n\t<meta property=\"og:image:type\" content=\"image\/jpeg\" \/>\n<meta name=\"author\" content=\"Belen Pedernera Ferragut\" \/>\n<meta name=\"twitter:card\" content=\"summary_large_image\" \/>\n<meta name=\"twitter:label1\" content=\"Escrito por\" \/>\n\t<meta name=\"twitter:data1\" content=\"Belen Pedernera Ferragut\" \/>\n\t<meta name=\"twitter:label2\" content=\"Tiempo de lectura\" \/>\n\t<meta name=\"twitter:data2\" content=\"2 minutos\" \/>\n<script type=\"application\/ld+json\" class=\"yoast-schema-graph\">{\"@context\":\"https:\/\/schema.org\",\"@graph\":[{\"@type\":\"WebPage\",\"@id\":\"https:\/\/hcd.malargue.gov.ar\/?p=20946\",\"url\":\"https:\/\/hcd.malargue.gov.ar\/?p=20946\",\"name\":\"DIA DE LA CULTURA NACIONAL - Malarg\u00fce HCD\",\"isPartOf\":{\"@id\":\"https:\/\/hcd.malargue.gov.ar\/#website\"},\"datePublished\":\"2020-07-29T03:00:13+00:00\",\"dateModified\":\"2020-07-22T14:44:42+00:00\",\"author\":{\"@id\":\"https:\/\/hcd.malargue.gov.ar\/#\/schema\/person\/3fd6bbab64edd703961b795156c955d0\"},\"breadcrumb\":{\"@id\":\"https:\/\/hcd.malargue.gov.ar\/?p=20946#breadcrumb\"},\"inLanguage\":\"es-AR\",\"potentialAction\":[{\"@type\":\"ReadAction\",\"target\":[\"https:\/\/hcd.malargue.gov.ar\/?p=20946\"]}]},{\"@type\":\"BreadcrumbList\",\"@id\":\"https:\/\/hcd.malargue.gov.ar\/?p=20946#breadcrumb\",\"itemListElement\":[{\"@type\":\"ListItem\",\"position\":1,\"name\":\"Inicio\",\"item\":\"https:\/\/hcd.malargue.gov.ar\/\"},{\"@type\":\"ListItem\",\"position\":2,\"name\":\"DIA DE LA CULTURA NACIONAL\"}]},{\"@type\":\"WebSite\",\"@id\":\"https:\/\/hcd.malargue.gov.ar\/#website\",\"url\":\"https:\/\/hcd.malargue.gov.ar\/\",\"name\":\"Malarg\u00fce HCD\",\"description\":\"Malarg\u00fce Mendoza Argentina\",\"potentialAction\":[{\"@type\":\"SearchAction\",\"target\":{\"@type\":\"EntryPoint\",\"urlTemplate\":\"https:\/\/hcd.malargue.gov.ar\/?s={search_term_string}\"},\"query-input\":\"required name=search_term_string\"}],\"inLanguage\":\"es-AR\"},{\"@type\":\"Person\",\"@id\":\"https:\/\/hcd.malargue.gov.ar\/#\/schema\/person\/3fd6bbab64edd703961b795156c955d0\",\"name\":\"Belen Pedernera Ferragut\",\"image\":{\"@type\":\"ImageObject\",\"inLanguage\":\"es-AR\",\"@id\":\"https:\/\/hcd.malargue.gov.ar\/#\/schema\/person\/image\/\",\"url\":\"https:\/\/secure.gravatar.com\/avatar\/1054ffab3893de4bb3eb29bdd22f7e34b8537bf5d34d9dab311818154ad5b71f?s=96&d=mm&r=g\",\"contentUrl\":\"https:\/\/secure.gravatar.com\/avatar\/1054ffab3893de4bb3eb29bdd22f7e34b8537bf5d34d9dab311818154ad5b71f?s=96&d=mm&r=g\",\"caption\":\"Belen Pedernera Ferragut\"},\"url\":\"https:\/\/hcd.malargue.gov.ar\/?author=5\"}]}<\/script>\n<!-- \/ Yoast SEO plugin. -->","yoast_head_json":{"title":"DIA DE LA CULTURA NACIONAL - Malarg\u00fce HCD","robots":{"index":"index","follow":"follow","max-snippet":"max-snippet:-1","max-image-preview":"max-image-preview:large","max-video-preview":"max-video-preview:-1"},"canonical":"https:\/\/hcd.malargue.gov.ar\/?p=20946","og_locale":"es_ES","og_type":"article","og_title":"DIA DE LA CULTURA NACIONAL - Malarg\u00fce HCD","og_description":"En 1982, un decreto presidencial instituy\u00f3 que el 29 de julio se celebra el D\u00eda de la Cultura Nacional, en conmemoraci\u00f3n de la muerte del escritor, pol\u00edtico e historiador Ricardo Rojas. As\u00ed rezaba el decreto: \u201cLa cultura, expresi\u00f3n esencial del hombre, define e identifica a los pueblos, los que trascienden merced al desarrollo, preservaci\u00f3n y [&hellip;]","og_url":"https:\/\/hcd.malargue.gov.ar\/?p=20946","og_site_name":"Malarg\u00fce HCD","article_published_time":"2020-07-29T03:00:13+00:00","article_modified_time":"2020-07-22T14:44:42+00:00","og_image":[{"width":947,"height":547,"url":"https:\/\/hcd.malargue.gov.ar\/wp-content\/uploads\/2020\/07\/dia-de-la-cultura-argentina.jpg","type":"image\/jpeg"}],"author":"Belen Pedernera Ferragut","twitter_card":"summary_large_image","twitter_misc":{"Escrito por":"Belen Pedernera Ferragut","Tiempo de lectura":"2 minutos"},"schema":{"@context":"https:\/\/schema.org","@graph":[{"@type":"WebPage","@id":"https:\/\/hcd.malargue.gov.ar\/?p=20946","url":"https:\/\/hcd.malargue.gov.ar\/?p=20946","name":"DIA DE LA CULTURA NACIONAL - Malarg\u00fce HCD","isPartOf":{"@id":"https:\/\/hcd.malargue.gov.ar\/#website"},"datePublished":"2020-07-29T03:00:13+00:00","dateModified":"2020-07-22T14:44:42+00:00","author":{"@id":"https:\/\/hcd.malargue.gov.ar\/#\/schema\/person\/3fd6bbab64edd703961b795156c955d0"},"breadcrumb":{"@id":"https:\/\/hcd.malargue.gov.ar\/?p=20946#breadcrumb"},"inLanguage":"es-AR","potentialAction":[{"@type":"ReadAction","target":["https:\/\/hcd.malargue.gov.ar\/?p=20946"]}]},{"@type":"BreadcrumbList","@id":"https:\/\/hcd.malargue.gov.ar\/?p=20946#breadcrumb","itemListElement":[{"@type":"ListItem","position":1,"name":"Inicio","item":"https:\/\/hcd.malargue.gov.ar\/"},{"@type":"ListItem","position":2,"name":"DIA DE LA CULTURA NACIONAL"}]},{"@type":"WebSite","@id":"https:\/\/hcd.malargue.gov.ar\/#website","url":"https:\/\/hcd.malargue.gov.ar\/","name":"Malarg\u00fce HCD","description":"Malarg\u00fce Mendoza Argentina","potentialAction":[{"@type":"SearchAction","target":{"@type":"EntryPoint","urlTemplate":"https:\/\/hcd.malargue.gov.ar\/?s={search_term_string}"},"query-input":"required name=search_term_string"}],"inLanguage":"es-AR"},{"@type":"Person","@id":"https:\/\/hcd.malargue.gov.ar\/#\/schema\/person\/3fd6bbab64edd703961b795156c955d0","name":"Belen Pedernera Ferragut","image":{"@type":"ImageObject","inLanguage":"es-AR","@id":"https:\/\/hcd.malargue.gov.ar\/#\/schema\/person\/image\/","url":"https:\/\/secure.gravatar.com\/avatar\/1054ffab3893de4bb3eb29bdd22f7e34b8537bf5d34d9dab311818154ad5b71f?s=96&d=mm&r=g","contentUrl":"https:\/\/secure.gravatar.com\/avatar\/1054ffab3893de4bb3eb29bdd22f7e34b8537bf5d34d9dab311818154ad5b71f?s=96&d=mm&r=g","caption":"Belen Pedernera Ferragut"},"url":"https:\/\/hcd.malargue.gov.ar\/?author=5"}]}},"_links":{"self":[{"href":"https:\/\/hcd.malargue.gov.ar\/index.php?rest_route=\/wp\/v2\/posts\/20946","targetHints":{"allow":["GET"]}}],"collection":[{"href":"https:\/\/hcd.malargue.gov.ar\/index.php?rest_route=\/wp\/v2\/posts"}],"about":[{"href":"https:\/\/hcd.malargue.gov.ar\/index.php?rest_route=\/wp\/v2\/types\/post"}],"author":[{"embeddable":true,"href":"https:\/\/hcd.malargue.gov.ar\/index.php?rest_route=\/wp\/v2\/users\/5"}],"replies":[{"embeddable":true,"href":"https:\/\/hcd.malargue.gov.ar\/index.php?rest_route=%2Fwp%2Fv2%2Fcomments&post=20946"}],"version-history":[{"count":0,"href":"https:\/\/hcd.malargue.gov.ar\/index.php?rest_route=\/wp\/v2\/posts\/20946\/revisions"}],"wp:featuredmedia":[{"embeddable":true,"href":"https:\/\/hcd.malargue.gov.ar\/index.php?rest_route=\/wp\/v2\/media\/20999"}],"wp:attachment":[{"href":"https:\/\/hcd.malargue.gov.ar\/index.php?rest_route=%2Fwp%2Fv2%2Fmedia&parent=20946"}],"wp:term":[{"taxonomy":"category","embeddable":true,"href":"https:\/\/hcd.malargue.gov.ar\/index.php?rest_route=%2Fwp%2Fv2%2Fcategories&post=20946"},{"taxonomy":"post_tag","embeddable":true,"href":"https:\/\/hcd.malargue.gov.ar\/index.php?rest_route=%2Fwp%2Fv2%2Ftags&post=20946"}],"curies":[{"name":"wp","href":"https:\/\/api.w.org\/{rel}","templated":true}]}}