{"id":20966,"date":"2020-07-22T10:44:56","date_gmt":"2020-07-22T13:44:56","guid":{"rendered":"https:\/\/hcd.malargue.gov.ar\/?p=20966"},"modified":"2020-07-22T10:49:53","modified_gmt":"2020-07-22T13:49:53","slug":"orden-del-dia-6o-sesion-ordinaria-2","status":"publish","type":"post","link":"https:\/\/hcd.malargue.gov.ar\/?p=20966","title":{"rendered":"ORDEN DEL D\u00cdA 6\u00ba SESI\u00d3N ORDINARIA"},"content":{"rendered":"<h4>D\u00eda \u00a0\u00a0Jueves\u00a0\u00a0 23 de\u00a0 Julio \u00a0de 2020<a href=\"http:\/\/hcd.malargue.gov.ar\/hcdpdf\/6%20SO%20ORDEN%2023%20de%20Julio%20de%202020.pdf\"><img loading=\"lazy\" decoding=\"async\" class=\"alignright wp-image-7950\" src=\"https:\/\/hcd.malargue.gov.ar\/wp-content\/uploads\/2018\/06\/PDF-JPG-300x300.jpg\" alt=\"\" width=\"106\" height=\"106\" srcset=\"https:\/\/hcd.malargue.gov.ar\/wp-content\/uploads\/2018\/06\/PDF-JPG-300x300.jpg 300w, https:\/\/hcd.malargue.gov.ar\/wp-content\/uploads\/2018\/06\/PDF-JPG-150x150.jpg 150w, https:\/\/hcd.malargue.gov.ar\/wp-content\/uploads\/2018\/06\/PDF-JPG.jpg 512w\" sizes=\"auto, (max-width: 106px) 100vw, 106px\" \/><\/a><\/h4>\n<h4>Hora: 09:00<\/h4>\n<p><strong><em>a) Acto de Izar la Ense\u00f1a Patria\u00a0 a cargo del Sr. Concejal Andr\u00e9s RISI<\/em><\/strong><\/p>\n<p><strong><em>b) Homenaje de los Se\u00f1ores Concejales.<\/em><\/strong><\/p>\n<p><strong><em>c) Consideraci\u00f3n Acta Sesi\u00f3n Ordinaria N\u00ba 1037- \u201cO\u201d-2020 <\/em><\/strong><\/p>\n<p><strong><em>d) Lectura del detalle de la correspondencia recibida y emitida.<\/em><\/strong><\/p>\n<p><strong><em>e) Determinaci\u00f3n de los temas que ser\u00e1n incluidos en el punto Asuntos Varios y puesta a consideraci\u00f3n de mociones de tratamientos sobre tablas de diversos expedientes.<\/em><\/strong><\/p>\n<p><strong><em>f) Proyectos de los Se\u00f1ores Concejales: <\/em><\/strong><\/p>\n<ol>\n<li>Expte. N\u00ba 4.785- HC 020-2020 Proyecto de Ordenanza: Creaci\u00f3n de la Estaci\u00f3n de Control Bromatol\u00f3gico de la Municipalidad de Malarg\u00fce. (BLOQUE CAMBIA MENDOZA) Autor: Concejal Paola Lorena ROJO<\/li>\n<li>Expte. N\u00ba 4.786-HC 020-2020 Proyecto de Ordenanza: Promover el Programa Entrenemos Responsablemente en el \u00e1mbito del Departamento de Malarg\u00fce (BLOQUE CAMBIA MENDOZA) Autor: Concejal Paola Lorena Rojo<\/li>\n<li>Expte. N\u00ba 4.787-HC 020- 2020 Proyecto de Ordenanza: Estudio de caracterizaci\u00f3n ecol\u00f3gica en cuencas de r\u00edos de Malarg\u00fce (BLOQUE CAMBIA MENDOZA) Autor: Concejal Paola Lorena Rojo<\/li>\n<li>Expte. N\u00ba 4.788-HC 020-2020 Proyecto de Ordenanza: Incluir la leyenda \u201cNo a la Violencia de G\u00e9nero. Llam\u00e1 al 144 L\u00ednea Gratuita las 24 hs. Los 365 d\u00edas del a\u00f1o\u201d en impresiones de facturaci\u00f3n de servicios municipales. (BLOQUE CAMBIA MENDOZA) Autor: Concejal Daiana Varas Castro<\/li>\n<li>Expte N\u00ba 4.789-HC 019-2020 Proyecto de Ordenanza: Creaci\u00f3n del Programa de Microcr\u00e9ditos para fomentar la actividad ap\u00edcola (BLOQUE CAMBIA MENDOZA) Autor: Concejal Daiana Varas Castro.<\/li>\n<li>Expte. N\u00ba 4.790-HC 020-2020 Proyecto de Ordenanza: Bloqueo de p\u00e1ginas de contenido sexual explicito en el sistema de la Municipalidad de Malarg\u00fce (BLOQUE CAMBIA MENDOZA) Autor: Concejal Daiana Varas Castro.<\/li>\n<li>Expte. N\u00ba 4.791-HC 020-2020 Proyecto de Resoluci\u00f3n: Solicitar informe sobre terreno bald\u00edo ubicado en calle Rodolfo Alonso entre Cdte. Rodr\u00edguez y Coscoroba (BLOQUE CAMBIA MENDOZA) Autor: Concejal Luciana Andrea Villegas<\/li>\n<li>Expte. N\u00ba 4.792-HC 020-2020 Proyecto de Ordenanza: Protecci\u00f3n y mejora en el Parque del Ayer de la Ciudad de Malarg\u00fce (BLOQUE CAMBIA MENDOZA) Autor Concejal Luciana Andrea Villegas<\/li>\n<\/ol>\n<p><strong><em>g) Expedientes provenientes del Departamento Ejecutivo <\/em><\/strong><\/p>\n<p>&#8211; No Ingresados-<\/p>\n<p><strong><em>h) Despachos de las Comisiones de Trabajo:<\/em><\/strong><\/p>\n<ol>\n<li>Expte. N\u00ba 4.754-HC 018-2020 Proyecto de Resoluci\u00f3n: Solicitud de Destacamento Policial para la zona sur urbanizada de la Ciudad de Malarg\u00fce (O.P.T Y R.N y H.P.L.A.C.)<\/li>\n<li>Nota HC-43-2018 y Nota HC-33-2018 Departamento Ejecutivo, remite Organigrama 2018 (H.P.L.A.C.)<\/li>\n<li>Expte. N\u00ba 4.771-HC- 019-2020 Proyecto de Resoluci\u00f3n: Transporte p\u00fablico a parajes de la zona rural en el contexto de la Pandemia por COVID 19 (O.P.T Y R.N)<\/li>\n<li>Nota HC 345-19 C\u00e1mara de Comercio y Afines de Malarg\u00fce, manifiesta inquietud por la situaci\u00f3n de sequ\u00eda que afecta a productores ganaderos y agropecuarios de Malarg\u00fce (O.P.T Y R.N)<\/li>\n<li>Expte. N\u00ba 4.772-HC 019-2020 Proyecto de Resoluci\u00f3n: Fortalecimiento de ayudas econ\u00f3micas destinadas a becas en el contexto de la Pandemia por COVID 19 (H.P.L.A.C.)<\/li>\n<li>Expte. N\u00ba 4.740-HC 017-2020 Proyecto de Resoluci\u00f3n: Solicitud de informe de costos e ingresos de la Fiesta Nacional del Chivo-Edici\u00f3n 2020 (H.P.L.A.C.)<\/li>\n<li>Expte. N\u00ba 4.747-HC 018-2020 Proyecto de Ordenanza: Designar al Archivo Hist\u00f3rico de la Municipalidad de Malarg\u00fce \u201cRa\u00fal Becerra\u201d en reconocimiento a su trayectoria. (E.H.M.A.S Y C)<\/li>\n<li>Expte. N\u00ba 4.744-HC 017-2020 Proyecto de Resoluci\u00f3n: Reconocer la trayectoria Cultural y Art\u00edstica del Bailar\u00edn Internacional Francisco Mercado \u201cFrancisco Forquera\u201d (E.H.M.A.S Y C)<\/li>\n<li>Expte. N\u00ba 4.748 HC 018-2020 Proyecto de Resoluci\u00f3n: Reconocer al Sr. Clementino N\u00fa\u00f1ez precursor, colaborador y encargado del Archivo Hist\u00f3rico (E.H.M.A.S Y C)<\/li>\n<li>Expte N\u00ba 4.746-HC 017-2020 Proyecto de Ordenanza: Des\u00edgnese a la Sala del Archivo Hist\u00f3rico de Malarg\u00fce con el nombre de Pl\u00e1cido Jaque (E.H.M.A.S Y C)<\/li>\n<li>Expte. N\u00ba 4.741-HC 017-2020 Proyecto de Ordenanza: 70 a\u00f1os de la Segunda Fundaci\u00f3n del Departamento de Malarg\u00fce (E.H.M.A.S Y C)<\/li>\n<\/ol>\n<p><strong>i<\/strong><strong><em>) Asuntos Varios. &#8211; <\/em><\/strong><\/p>\n<p><strong><em>j) Acto de arriar el Pabell\u00f3n Nacional a cargo del concejal que lo<\/em><\/strong><strong> iz\u00f3. &#8211; <\/strong><\/p>\n<p><strong>\u00a0\u00a0\u00a0\u00a0\u00a0\u00a0\u00a0\u00a0\u00a0\u00a0\u00a0\u00a0\u00a0\u00a0\u00a0\u00a0\u00a0\u00a0\u00a0\u00a0\u00a0\u00a0\u00a0\u00a0\u00a0\u00a0\u00a0\u00a0\u00a0\u00a0\u00a0\u00a0\u00a0\u00a0\u00a0\u00a0\u00a0\u00a0\u00a0\u00a0 \u00a0\u00a0\u00a0\u00a0\u00a0\u00a0\u00a0\u00a0\u00a0\u00a0\u00a0\u00a0\u00a0\u00a0\u00a0\u00a0\u00a0\u00a0\u00a0\u00a0\u00a0\u00a0\u00a0\u00a0\u00a0\u00a0\u00a0\u00a0\u00a0\u00a0\u00a0\u00a0\u00a0\u00a0\u00a0\u00a0\u00a0\u00a0\u00a0\u00a0\u00a0\u00a0\u00a0\u00a0\u00a0\u00a0\u00a0 Presidencia H.C.D \u00a0\u00a021 \u00a0de Julio \u00a0de 2020.<\/strong><\/p>\n<p><strong>CORRESPONDENCIA\u00a0 PARA LA SESI\u00d3N <\/strong><\/p>\n<p><strong>DEL\u00a0 D\u00cdA JUEVES\u00a0 23\u00a0 de julio de 2020<\/strong><\/p>\n<p><strong>NOTAS INGRESADAS<\/strong><\/p>\n<ol>\n<li>Comisi\u00f3n Directiva Club Deportivo Malarg\u00fce eleva presentaci\u00f3n respecto a acelerar tiempos de cumplimiento de Ordenanza N\u00ba 1.985\/2019.Bloque Frente de Todos, presentan inquietudes respecto a garantizar la percepci\u00f3n del salario mensual de los empleados municipales por el mes de junio.<\/li>\n<li>Nicolas Olate y Laura Cabello, manifiestan disconformidad por funcionamiento de local de CROSSFIT en calle Uriburu, colindante a su vivienda, solicitan intervenci\u00f3n del Honorable Cuerpo.<\/li>\n<\/ol>\n","protected":false},"excerpt":{"rendered":"<p>D\u00eda \u00a0\u00a0Jueves\u00a0\u00a0 23 de\u00a0 Julio \u00a0de 2020 Hora: 09:00 a) Acto de Izar la Ense\u00f1a Patria\u00a0 a cargo del Sr. Concejal Andr\u00e9s RISI b) Homenaje de los Se\u00f1ores Concejales. c) Consideraci\u00f3n Acta Sesi\u00f3n Ordinaria N\u00ba 1037- \u201cO\u201d-2020 d) Lectura del detalle de la correspondencia recibida y emitida. e) Determinaci\u00f3n de los temas que ser\u00e1n incluidos [&hellip;]<\/p>\n","protected":false},"author":5,"featured_media":20970,"comment_status":"closed","ping_status":"closed","sticky":false,"template":"","format":"standard","meta":{"footnotes":""},"categories":[52,58,33,36],"tags":[],"class_list":["post-20966","post","type-post","status-publish","format-standard","has-post-thumbnail","hentry","category-gacetillas","category-ordinarias","category-prensa","category-sesiones"],"yoast_head":"<!-- This site is optimized with the Yoast SEO plugin v19.10 - https:\/\/yoast.com\/wordpress\/plugins\/seo\/ -->\n<title>ORDEN DEL D\u00cdA 6\u00ba SESI\u00d3N ORDINARIA - Malarg\u00fce HCD<\/title>\n<meta name=\"robots\" content=\"index, follow, max-snippet:-1, max-image-preview:large, max-video-preview:-1\" \/>\n<link rel=\"canonical\" href=\"https:\/\/hcd.malargue.gov.ar\/?p=20966\" \/>\n<meta property=\"og:locale\" content=\"es_ES\" \/>\n<meta property=\"og:type\" content=\"article\" \/>\n<meta property=\"og:title\" content=\"ORDEN DEL D\u00cdA 6\u00ba SESI\u00d3N ORDINARIA - Malarg\u00fce HCD\" \/>\n<meta property=\"og:description\" content=\"D\u00eda \u00a0\u00a0Jueves\u00a0\u00a0 23 de\u00a0 Julio \u00a0de 2020 Hora: 09:00 a) Acto de Izar la Ense\u00f1a Patria\u00a0 a cargo del Sr. Concejal Andr\u00e9s RISI b) Homenaje de los Se\u00f1ores Concejales. c) Consideraci\u00f3n Acta Sesi\u00f3n Ordinaria N\u00ba 1037- \u201cO\u201d-2020 d) Lectura del detalle de la correspondencia recibida y emitida. e) Determinaci\u00f3n de los temas que ser\u00e1n incluidos [&hellip;]\" \/>\n<meta property=\"og:url\" content=\"https:\/\/hcd.malargue.gov.ar\/?p=20966\" \/>\n<meta property=\"og:site_name\" content=\"Malarg\u00fce HCD\" \/>\n<meta property=\"article:published_time\" content=\"2020-07-22T13:44:56+00:00\" \/>\n<meta property=\"article:modified_time\" content=\"2020-07-22T13:49:53+00:00\" \/>\n<meta property=\"og:image\" content=\"https:\/\/hcd.malargue.gov.ar\/wp-content\/uploads\/2020\/07\/RISI-Bandera-scaled.jpg\" \/>\n\t<meta property=\"og:image:width\" content=\"2560\" \/>\n\t<meta property=\"og:image:height\" content=\"1888\" \/>\n\t<meta property=\"og:image:type\" content=\"image\/jpeg\" \/>\n<meta name=\"author\" content=\"Belen Pedernera Ferragut\" \/>\n<meta name=\"twitter:card\" content=\"summary_large_image\" \/>\n<meta name=\"twitter:label1\" content=\"Escrito por\" \/>\n\t<meta name=\"twitter:data1\" content=\"Belen Pedernera Ferragut\" \/>\n\t<meta name=\"twitter:label2\" content=\"Tiempo de lectura\" \/>\n\t<meta name=\"twitter:data2\" content=\"4 minutos\" \/>\n<script type=\"application\/ld+json\" class=\"yoast-schema-graph\">{\"@context\":\"https:\/\/schema.org\",\"@graph\":[{\"@type\":\"WebPage\",\"@id\":\"https:\/\/hcd.malargue.gov.ar\/?p=20966\",\"url\":\"https:\/\/hcd.malargue.gov.ar\/?p=20966\",\"name\":\"ORDEN DEL D\u00cdA 6\u00ba SESI\u00d3N ORDINARIA - Malarg\u00fce HCD\",\"isPartOf\":{\"@id\":\"https:\/\/hcd.malargue.gov.ar\/#website\"},\"datePublished\":\"2020-07-22T13:44:56+00:00\",\"dateModified\":\"2020-07-22T13:49:53+00:00\",\"author\":{\"@id\":\"https:\/\/hcd.malargue.gov.ar\/#\/schema\/person\/3fd6bbab64edd703961b795156c955d0\"},\"breadcrumb\":{\"@id\":\"https:\/\/hcd.malargue.gov.ar\/?p=20966#breadcrumb\"},\"inLanguage\":\"es-AR\",\"potentialAction\":[{\"@type\":\"ReadAction\",\"target\":[\"https:\/\/hcd.malargue.gov.ar\/?p=20966\"]}]},{\"@type\":\"BreadcrumbList\",\"@id\":\"https:\/\/hcd.malargue.gov.ar\/?p=20966#breadcrumb\",\"itemListElement\":[{\"@type\":\"ListItem\",\"position\":1,\"name\":\"Inicio\",\"item\":\"https:\/\/hcd.malargue.gov.ar\/\"},{\"@type\":\"ListItem\",\"position\":2,\"name\":\"ORDEN DEL D\u00cdA 6\u00ba SESI\u00d3N ORDINARIA\"}]},{\"@type\":\"WebSite\",\"@id\":\"https:\/\/hcd.malargue.gov.ar\/#website\",\"url\":\"https:\/\/hcd.malargue.gov.ar\/\",\"name\":\"Malarg\u00fce HCD\",\"description\":\"Malarg\u00fce Mendoza Argentina\",\"potentialAction\":[{\"@type\":\"SearchAction\",\"target\":{\"@type\":\"EntryPoint\",\"urlTemplate\":\"https:\/\/hcd.malargue.gov.ar\/?s={search_term_string}\"},\"query-input\":\"required name=search_term_string\"}],\"inLanguage\":\"es-AR\"},{\"@type\":\"Person\",\"@id\":\"https:\/\/hcd.malargue.gov.ar\/#\/schema\/person\/3fd6bbab64edd703961b795156c955d0\",\"name\":\"Belen Pedernera Ferragut\",\"image\":{\"@type\":\"ImageObject\",\"inLanguage\":\"es-AR\",\"@id\":\"https:\/\/hcd.malargue.gov.ar\/#\/schema\/person\/image\/\",\"url\":\"https:\/\/secure.gravatar.com\/avatar\/1054ffab3893de4bb3eb29bdd22f7e34b8537bf5d34d9dab311818154ad5b71f?s=96&d=mm&r=g\",\"contentUrl\":\"https:\/\/secure.gravatar.com\/avatar\/1054ffab3893de4bb3eb29bdd22f7e34b8537bf5d34d9dab311818154ad5b71f?s=96&d=mm&r=g\",\"caption\":\"Belen Pedernera Ferragut\"},\"url\":\"https:\/\/hcd.malargue.gov.ar\/?author=5\"}]}<\/script>\n<!-- \/ Yoast SEO plugin. -->","yoast_head_json":{"title":"ORDEN DEL D\u00cdA 6\u00ba SESI\u00d3N ORDINARIA - Malarg\u00fce HCD","robots":{"index":"index","follow":"follow","max-snippet":"max-snippet:-1","max-image-preview":"max-image-preview:large","max-video-preview":"max-video-preview:-1"},"canonical":"https:\/\/hcd.malargue.gov.ar\/?p=20966","og_locale":"es_ES","og_type":"article","og_title":"ORDEN DEL D\u00cdA 6\u00ba SESI\u00d3N ORDINARIA - Malarg\u00fce HCD","og_description":"D\u00eda \u00a0\u00a0Jueves\u00a0\u00a0 23 de\u00a0 Julio \u00a0de 2020 Hora: 09:00 a) Acto de Izar la Ense\u00f1a Patria\u00a0 a cargo del Sr. Concejal Andr\u00e9s RISI b) Homenaje de los Se\u00f1ores Concejales. c) Consideraci\u00f3n Acta Sesi\u00f3n Ordinaria N\u00ba 1037- \u201cO\u201d-2020 d) Lectura del detalle de la correspondencia recibida y emitida. e) Determinaci\u00f3n de los temas que ser\u00e1n incluidos [&hellip;]","og_url":"https:\/\/hcd.malargue.gov.ar\/?p=20966","og_site_name":"Malarg\u00fce HCD","article_published_time":"2020-07-22T13:44:56+00:00","article_modified_time":"2020-07-22T13:49:53+00:00","og_image":[{"width":2560,"height":1888,"url":"https:\/\/hcd.malargue.gov.ar\/wp-content\/uploads\/2020\/07\/RISI-Bandera-scaled.jpg","type":"image\/jpeg"}],"author":"Belen Pedernera Ferragut","twitter_card":"summary_large_image","twitter_misc":{"Escrito por":"Belen Pedernera Ferragut","Tiempo de lectura":"4 minutos"},"schema":{"@context":"https:\/\/schema.org","@graph":[{"@type":"WebPage","@id":"https:\/\/hcd.malargue.gov.ar\/?p=20966","url":"https:\/\/hcd.malargue.gov.ar\/?p=20966","name":"ORDEN DEL D\u00cdA 6\u00ba SESI\u00d3N ORDINARIA - Malarg\u00fce HCD","isPartOf":{"@id":"https:\/\/hcd.malargue.gov.ar\/#website"},"datePublished":"2020-07-22T13:44:56+00:00","dateModified":"2020-07-22T13:49:53+00:00","author":{"@id":"https:\/\/hcd.malargue.gov.ar\/#\/schema\/person\/3fd6bbab64edd703961b795156c955d0"},"breadcrumb":{"@id":"https:\/\/hcd.malargue.gov.ar\/?p=20966#breadcrumb"},"inLanguage":"es-AR","potentialAction":[{"@type":"ReadAction","target":["https:\/\/hcd.malargue.gov.ar\/?p=20966"]}]},{"@type":"BreadcrumbList","@id":"https:\/\/hcd.malargue.gov.ar\/?p=20966#breadcrumb","itemListElement":[{"@type":"ListItem","position":1,"name":"Inicio","item":"https:\/\/hcd.malargue.gov.ar\/"},{"@type":"ListItem","position":2,"name":"ORDEN DEL D\u00cdA 6\u00ba SESI\u00d3N ORDINARIA"}]},{"@type":"WebSite","@id":"https:\/\/hcd.malargue.gov.ar\/#website","url":"https:\/\/hcd.malargue.gov.ar\/","name":"Malarg\u00fce HCD","description":"Malarg\u00fce Mendoza Argentina","potentialAction":[{"@type":"SearchAction","target":{"@type":"EntryPoint","urlTemplate":"https:\/\/hcd.malargue.gov.ar\/?s={search_term_string}"},"query-input":"required name=search_term_string"}],"inLanguage":"es-AR"},{"@type":"Person","@id":"https:\/\/hcd.malargue.gov.ar\/#\/schema\/person\/3fd6bbab64edd703961b795156c955d0","name":"Belen Pedernera Ferragut","image":{"@type":"ImageObject","inLanguage":"es-AR","@id":"https:\/\/hcd.malargue.gov.ar\/#\/schema\/person\/image\/","url":"https:\/\/secure.gravatar.com\/avatar\/1054ffab3893de4bb3eb29bdd22f7e34b8537bf5d34d9dab311818154ad5b71f?s=96&d=mm&r=g","contentUrl":"https:\/\/secure.gravatar.com\/avatar\/1054ffab3893de4bb3eb29bdd22f7e34b8537bf5d34d9dab311818154ad5b71f?s=96&d=mm&r=g","caption":"Belen Pedernera Ferragut"},"url":"https:\/\/hcd.malargue.gov.ar\/?author=5"}]}},"_links":{"self":[{"href":"https:\/\/hcd.malargue.gov.ar\/index.php?rest_route=\/wp\/v2\/posts\/20966","targetHints":{"allow":["GET"]}}],"collection":[{"href":"https:\/\/hcd.malargue.gov.ar\/index.php?rest_route=\/wp\/v2\/posts"}],"about":[{"href":"https:\/\/hcd.malargue.gov.ar\/index.php?rest_route=\/wp\/v2\/types\/post"}],"author":[{"embeddable":true,"href":"https:\/\/hcd.malargue.gov.ar\/index.php?rest_route=\/wp\/v2\/users\/5"}],"replies":[{"embeddable":true,"href":"https:\/\/hcd.malargue.gov.ar\/index.php?rest_route=%2Fwp%2Fv2%2Fcomments&post=20966"}],"version-history":[{"count":0,"href":"https:\/\/hcd.malargue.gov.ar\/index.php?rest_route=\/wp\/v2\/posts\/20966\/revisions"}],"wp:featuredmedia":[{"embeddable":true,"href":"https:\/\/hcd.malargue.gov.ar\/index.php?rest_route=\/wp\/v2\/media\/20970"}],"wp:attachment":[{"href":"https:\/\/hcd.malargue.gov.ar\/index.php?rest_route=%2Fwp%2Fv2%2Fmedia&parent=20966"}],"wp:term":[{"taxonomy":"category","embeddable":true,"href":"https:\/\/hcd.malargue.gov.ar\/index.php?rest_route=%2Fwp%2Fv2%2Fcategories&post=20966"},{"taxonomy":"post_tag","embeddable":true,"href":"https:\/\/hcd.malargue.gov.ar\/index.php?rest_route=%2Fwp%2Fv2%2Ftags&post=20966"}],"curies":[{"name":"wp","href":"https:\/\/api.w.org\/{rel}","templated":true}]}}