{"id":21052,"date":"2020-07-24T12:19:44","date_gmt":"2020-07-24T15:19:44","guid":{"rendered":"https:\/\/hcd.malargue.gov.ar\/?p=21052"},"modified":"2020-09-04T11:30:23","modified_gmt":"2020-09-04T14:30:23","slug":"ordenanza-n-2-036-2-020","status":"publish","type":"post","link":"https:\/\/hcd.malargue.gov.ar\/?p=21052","title":{"rendered":"ORDENANZA N\u00b0 2.036\/2.020"},"content":{"rendered":"<p><strong>AUTORA:<\/strong> CONCEJAL PAOLA JOFRE<\/p>\n<p>BLOQUE FRENTE DE TODOS<a href=\"https:\/\/hcd.malargue.gov.ar\/hcdpdf\/On%20%202036%20%202020%20tapabocas%20inclusivo.pdf\"><img loading=\"lazy\" decoding=\"async\" class=\"alignright wp-image-7950\" src=\"https:\/\/hcd.malargue.gov.ar\/wp-content\/uploads\/2018\/06\/PDF-JPG-300x300.jpg\" alt=\"\" width=\"108\" height=\"108\" srcset=\"https:\/\/hcd.malargue.gov.ar\/wp-content\/uploads\/2018\/06\/PDF-JPG-300x300.jpg 300w, https:\/\/hcd.malargue.gov.ar\/wp-content\/uploads\/2018\/06\/PDF-JPG-150x150.jpg 150w, https:\/\/hcd.malargue.gov.ar\/wp-content\/uploads\/2018\/06\/PDF-JPG.jpg 512w\" sizes=\"auto, (max-width: 108px) 100vw, 108px\" \/><\/a><\/p>\n<p>VISTO: El contenido del Expediente N\u00b0 4.765-HC 019 \u2013 2.020. Bloque Frente de Todos. Proyecto de Ordenanza: Promoci\u00f3n de acciones que permitan la inclusi\u00f3n en \u00e9pocas de Pandemia por COVID -19<\/p>\n<p>La necesidad de fomentar acciones inclusivas respecto al uso obligatorio de tapabocas, que permita que las personas con discapacidad auditiva puedan comunicarse sin obst\u00e1culos.<\/p>\n<p>Y;<\/p>\n<p>CONSIDERANDO: Que, el decreto reglamentario 2.049\/2012 de la Ley N\u00b0 7.393 de superaci\u00f3n de barreras comunicacionales a trav\u00e9s del uso y reconocimiento de la Lengua de Se\u00f1as Argentina (L.S.A).<\/p>\n<p>Que, el Estado Argentino aprob\u00f3 la Convenci\u00f3n sobre los derechos de las personas con Discapacidad, mediante la Ley Nacional N\u00b0 26.378.<\/p>\n<p>Que, es responsabilidad de los Estados parte de la citada Convenci\u00f3n, generar normativas que permitan el efectivo acceso a los derechos, en este caso, de las personas sordas e hipo acusicas.<\/p>\n<p>Que el contenido de la citada Convenci\u00f3n en los art\u00edculos 2\u00b0 y 9\u00b0, define que por lenguaje se entender\u00e1, tanto el lenguaje oral como el lenguaje de se\u00f1as\u00a0 y otras formas de comunicaci\u00f3n no verbal y hace expresa referencia al tema de la accesibilidad, a fin de que las personas con discapacidad puedan vivir en forma independiente y participar plenamente de todos los aspectos de la vida y que los Estados Partes deber\u00e1n tomar las medidas pertinentes para asegurar el acceso, incluyendo la identificaci\u00f3n y la eliminaci\u00f3n de obst\u00e1culos y barreras de acceso.<\/p>\n<p>Que, toda persona tiene derecho a comunicarse con sus pares y con el medio que los rodea a trav\u00e9s de cualquier tipo de lenguaje adecuado.<\/p>\n<p>Que, en Malarg\u00fce es necesario y obligatorio que el Estado Municipal genere siempre herramientas que ayuden a la implementaci\u00f3n de medidas integradoras, para que nuestros ciudadanos con discapacidad est\u00e9n en un entorno de igualdad permanente.<\/p>\n<p>Que, tanto ni\u00f1os\/as como adultos\u00a0 con este tipo de discapacidad se han visto afectados por el uso obligatorio de tapabocas, que continuar\u00e1 en el contexto de la pandemia por Covid 19.<\/p>\n<p>Que, es oportuno concientizar en la prevenci\u00f3n, que todos debemos estar cuidados, pero no excluidos de ninguna forma.<\/p>\n<p>EL HONORABLE CONCEJO DELIBERANTE DE LA MUNICIPALIDAD DE MALARG\u00dcE EN USO DE LAS FACULTADES QUE LE SON PROPIAS<\/p>\n<p>ORDENA<\/p>\n<p>ART\u00cdCULO 1\u00ba: Promu\u00e9vase el uso de tapabocas (con visor labial), mediante un Programa que se denomine \u201cTapabocas Inclusivo\u201d, cuyo objetivo principal ser\u00e1 fortalecer las relaciones con personas con discapacidad auditiva. (Se anexa imagen)<\/p>\n<p>ARTICULO 2\u00ba: Determ\u00ednese que las personas que realicen atenci\u00f3n al p\u00fablico en Instituciones P\u00fablicas y\/o Privadas y de la actividad comercial, al menos una utilice\u00a0 el barbijo inclusivo.<\/p>\n<p>ARTICULO 3\u00ba: As\u00edgnese a las \u00c1reas de Discapacidad y Educaci\u00f3n de la\u00a0\u00a0\u00a0\u00a0\u00a0\u00a0\u00a0\u00a0 \u00a0Municipalidad de Malarg\u00fce la ejecuci\u00f3n del presente Programa teniendo en cuenta la incorporaci\u00f3n de la Asociaci\u00f3n Malarguina de Sordos, bajo acuerdo laboral, seg\u00fan relevamiento de su situaci\u00f3n socioecon\u00f3mica y a la Direcci\u00f3n de Recaudaci\u00f3n y Control para observar su cumplimiento.<\/p>\n<p>ARTICULO 4\u00ba: Fac\u00faltese al grupo preventores comunitarios dependientes de la Secretaria de Finanzas Publicas de acuerdo al Decreto Municipal N\u00b0 520\/2.020, a dar cumplimiento a la Ordenanza.<\/p>\n<p>ARTICULO 5\u00ba: Autorizase al Departamento Ejecutivo la imputaci\u00f3n de fondos a las Partidas correspondientes del Presupuesto vigente para la elaboraci\u00f3n de tapabocas con visor de labios, la promoci\u00f3n, concientizaci\u00f3n y control de su uso.<\/p>\n<p>ARTICULO 6\u00ba: Comun\u00edquese, reg\u00edstrese, c\u00famplase, publ\u00edquese, agr\u00e9guese copia de la presente en las actuaciones correspondientes y arch\u00edvese.<\/p>\n<p>DADA EN LA SALA DE SESIONES DR. RICARDO BALBIN DEL HONORABLE CONCEJO DELIBERANTE DE LA MUNICIPALIDAD DE MALARG\u00dcE A DIECISEIS D\u00cdAS DE JULIO DE DOS MIL VEINTE.<\/p>\n","protected":false},"excerpt":{"rendered":"<p>AUTORA: CONCEJAL PAOLA JOFRE BLOQUE FRENTE DE TODOS VISTO: El contenido del Expediente N\u00b0 4.765-HC 019 \u2013 2.020. Bloque Frente de Todos. Proyecto de Ordenanza: Promoci\u00f3n de acciones que permitan la inclusi\u00f3n en \u00e9pocas de Pandemia por COVID -19 La necesidad de fomentar acciones inclusivas respecto al uso obligatorio de tapabocas, que permita que las [&hellip;]<\/p>\n","protected":false},"author":5,"featured_media":21053,"comment_status":"closed","ping_status":"closed","sticky":false,"template":"","format":"standard","meta":{"footnotes":""},"categories":[52,29,48,33],"tags":[],"class_list":["post-21052","post","type-post","status-publish","format-standard","has-post-thumbnail","hentry","category-gacetillas","category-lesgilacion","category-ordenanzas-municipales","category-prensa"],"yoast_head":"<!-- This site is optimized with the Yoast SEO plugin v19.10 - https:\/\/yoast.com\/wordpress\/plugins\/seo\/ -->\n<title>ORDENANZA N\u00b0 2.036\/2.020 - Malarg\u00fce HCD<\/title>\n<meta name=\"robots\" content=\"index, follow, max-snippet:-1, max-image-preview:large, max-video-preview:-1\" \/>\n<link rel=\"canonical\" href=\"https:\/\/hcd.malargue.gov.ar\/?p=21052\" \/>\n<meta property=\"og:locale\" content=\"es_ES\" \/>\n<meta property=\"og:type\" content=\"article\" \/>\n<meta property=\"og:title\" content=\"ORDENANZA N\u00b0 2.036\/2.020 - Malarg\u00fce HCD\" \/>\n<meta property=\"og:description\" content=\"AUTORA: CONCEJAL PAOLA JOFRE BLOQUE FRENTE DE TODOS VISTO: El contenido del Expediente N\u00b0 4.765-HC 019 \u2013 2.020. Bloque Frente de Todos. Proyecto de Ordenanza: Promoci\u00f3n de acciones que permitan la inclusi\u00f3n en \u00e9pocas de Pandemia por COVID -19 La necesidad de fomentar acciones inclusivas respecto al uso obligatorio de tapabocas, que permita que las [&hellip;]\" \/>\n<meta property=\"og:url\" content=\"https:\/\/hcd.malargue.gov.ar\/?p=21052\" \/>\n<meta property=\"og:site_name\" content=\"Malarg\u00fce HCD\" \/>\n<meta property=\"article:published_time\" content=\"2020-07-24T15:19:44+00:00\" \/>\n<meta property=\"article:modified_time\" content=\"2020-09-04T14:30:23+00:00\" \/>\n<meta property=\"og:image\" content=\"https:\/\/hcd.malargue.gov.ar\/wp-content\/uploads\/2020\/07\/on-2036.jpg\" \/>\n\t<meta property=\"og:image:width\" content=\"1280\" \/>\n\t<meta property=\"og:image:height\" content=\"720\" \/>\n\t<meta property=\"og:image:type\" content=\"image\/jpeg\" \/>\n<meta name=\"author\" content=\"Belen Pedernera Ferragut\" \/>\n<meta name=\"twitter:card\" content=\"summary_large_image\" \/>\n<meta name=\"twitter:label1\" content=\"Escrito por\" \/>\n\t<meta name=\"twitter:data1\" content=\"Belen Pedernera Ferragut\" \/>\n\t<meta name=\"twitter:label2\" content=\"Tiempo de lectura\" \/>\n\t<meta name=\"twitter:data2\" content=\"3 minutos\" \/>\n<script type=\"application\/ld+json\" class=\"yoast-schema-graph\">{\"@context\":\"https:\/\/schema.org\",\"@graph\":[{\"@type\":\"WebPage\",\"@id\":\"https:\/\/hcd.malargue.gov.ar\/?p=21052\",\"url\":\"https:\/\/hcd.malargue.gov.ar\/?p=21052\",\"name\":\"ORDENANZA N\u00b0 2.036\/2.020 - Malarg\u00fce HCD\",\"isPartOf\":{\"@id\":\"https:\/\/hcd.malargue.gov.ar\/#website\"},\"datePublished\":\"2020-07-24T15:19:44+00:00\",\"dateModified\":\"2020-09-04T14:30:23+00:00\",\"author\":{\"@id\":\"https:\/\/hcd.malargue.gov.ar\/#\/schema\/person\/3fd6bbab64edd703961b795156c955d0\"},\"breadcrumb\":{\"@id\":\"https:\/\/hcd.malargue.gov.ar\/?p=21052#breadcrumb\"},\"inLanguage\":\"es-AR\",\"potentialAction\":[{\"@type\":\"ReadAction\",\"target\":[\"https:\/\/hcd.malargue.gov.ar\/?p=21052\"]}]},{\"@type\":\"BreadcrumbList\",\"@id\":\"https:\/\/hcd.malargue.gov.ar\/?p=21052#breadcrumb\",\"itemListElement\":[{\"@type\":\"ListItem\",\"position\":1,\"name\":\"Inicio\",\"item\":\"https:\/\/hcd.malargue.gov.ar\/\"},{\"@type\":\"ListItem\",\"position\":2,\"name\":\"ORDENANZA N\u00b0 2.036\/2.020\"}]},{\"@type\":\"WebSite\",\"@id\":\"https:\/\/hcd.malargue.gov.ar\/#website\",\"url\":\"https:\/\/hcd.malargue.gov.ar\/\",\"name\":\"Malarg\u00fce HCD\",\"description\":\"Malarg\u00fce Mendoza Argentina\",\"potentialAction\":[{\"@type\":\"SearchAction\",\"target\":{\"@type\":\"EntryPoint\",\"urlTemplate\":\"https:\/\/hcd.malargue.gov.ar\/?s={search_term_string}\"},\"query-input\":\"required name=search_term_string\"}],\"inLanguage\":\"es-AR\"},{\"@type\":\"Person\",\"@id\":\"https:\/\/hcd.malargue.gov.ar\/#\/schema\/person\/3fd6bbab64edd703961b795156c955d0\",\"name\":\"Belen Pedernera Ferragut\",\"image\":{\"@type\":\"ImageObject\",\"inLanguage\":\"es-AR\",\"@id\":\"https:\/\/hcd.malargue.gov.ar\/#\/schema\/person\/image\/\",\"url\":\"https:\/\/secure.gravatar.com\/avatar\/1054ffab3893de4bb3eb29bdd22f7e34b8537bf5d34d9dab311818154ad5b71f?s=96&d=mm&r=g\",\"contentUrl\":\"https:\/\/secure.gravatar.com\/avatar\/1054ffab3893de4bb3eb29bdd22f7e34b8537bf5d34d9dab311818154ad5b71f?s=96&d=mm&r=g\",\"caption\":\"Belen Pedernera Ferragut\"},\"url\":\"https:\/\/hcd.malargue.gov.ar\/?author=5\"}]}<\/script>\n<!-- \/ Yoast SEO plugin. -->","yoast_head_json":{"title":"ORDENANZA N\u00b0 2.036\/2.020 - Malarg\u00fce HCD","robots":{"index":"index","follow":"follow","max-snippet":"max-snippet:-1","max-image-preview":"max-image-preview:large","max-video-preview":"max-video-preview:-1"},"canonical":"https:\/\/hcd.malargue.gov.ar\/?p=21052","og_locale":"es_ES","og_type":"article","og_title":"ORDENANZA N\u00b0 2.036\/2.020 - Malarg\u00fce HCD","og_description":"AUTORA: CONCEJAL PAOLA JOFRE BLOQUE FRENTE DE TODOS VISTO: El contenido del Expediente N\u00b0 4.765-HC 019 \u2013 2.020. Bloque Frente de Todos. Proyecto de Ordenanza: Promoci\u00f3n de acciones que permitan la inclusi\u00f3n en \u00e9pocas de Pandemia por COVID -19 La necesidad de fomentar acciones inclusivas respecto al uso obligatorio de tapabocas, que permita que las [&hellip;]","og_url":"https:\/\/hcd.malargue.gov.ar\/?p=21052","og_site_name":"Malarg\u00fce HCD","article_published_time":"2020-07-24T15:19:44+00:00","article_modified_time":"2020-09-04T14:30:23+00:00","og_image":[{"width":1280,"height":720,"url":"https:\/\/hcd.malargue.gov.ar\/wp-content\/uploads\/2020\/07\/on-2036.jpg","type":"image\/jpeg"}],"author":"Belen Pedernera Ferragut","twitter_card":"summary_large_image","twitter_misc":{"Escrito por":"Belen Pedernera Ferragut","Tiempo de lectura":"3 minutos"},"schema":{"@context":"https:\/\/schema.org","@graph":[{"@type":"WebPage","@id":"https:\/\/hcd.malargue.gov.ar\/?p=21052","url":"https:\/\/hcd.malargue.gov.ar\/?p=21052","name":"ORDENANZA N\u00b0 2.036\/2.020 - Malarg\u00fce HCD","isPartOf":{"@id":"https:\/\/hcd.malargue.gov.ar\/#website"},"datePublished":"2020-07-24T15:19:44+00:00","dateModified":"2020-09-04T14:30:23+00:00","author":{"@id":"https:\/\/hcd.malargue.gov.ar\/#\/schema\/person\/3fd6bbab64edd703961b795156c955d0"},"breadcrumb":{"@id":"https:\/\/hcd.malargue.gov.ar\/?p=21052#breadcrumb"},"inLanguage":"es-AR","potentialAction":[{"@type":"ReadAction","target":["https:\/\/hcd.malargue.gov.ar\/?p=21052"]}]},{"@type":"BreadcrumbList","@id":"https:\/\/hcd.malargue.gov.ar\/?p=21052#breadcrumb","itemListElement":[{"@type":"ListItem","position":1,"name":"Inicio","item":"https:\/\/hcd.malargue.gov.ar\/"},{"@type":"ListItem","position":2,"name":"ORDENANZA N\u00b0 2.036\/2.020"}]},{"@type":"WebSite","@id":"https:\/\/hcd.malargue.gov.ar\/#website","url":"https:\/\/hcd.malargue.gov.ar\/","name":"Malarg\u00fce HCD","description":"Malarg\u00fce Mendoza Argentina","potentialAction":[{"@type":"SearchAction","target":{"@type":"EntryPoint","urlTemplate":"https:\/\/hcd.malargue.gov.ar\/?s={search_term_string}"},"query-input":"required name=search_term_string"}],"inLanguage":"es-AR"},{"@type":"Person","@id":"https:\/\/hcd.malargue.gov.ar\/#\/schema\/person\/3fd6bbab64edd703961b795156c955d0","name":"Belen Pedernera Ferragut","image":{"@type":"ImageObject","inLanguage":"es-AR","@id":"https:\/\/hcd.malargue.gov.ar\/#\/schema\/person\/image\/","url":"https:\/\/secure.gravatar.com\/avatar\/1054ffab3893de4bb3eb29bdd22f7e34b8537bf5d34d9dab311818154ad5b71f?s=96&d=mm&r=g","contentUrl":"https:\/\/secure.gravatar.com\/avatar\/1054ffab3893de4bb3eb29bdd22f7e34b8537bf5d34d9dab311818154ad5b71f?s=96&d=mm&r=g","caption":"Belen Pedernera Ferragut"},"url":"https:\/\/hcd.malargue.gov.ar\/?author=5"}]}},"_links":{"self":[{"href":"https:\/\/hcd.malargue.gov.ar\/index.php?rest_route=\/wp\/v2\/posts\/21052","targetHints":{"allow":["GET"]}}],"collection":[{"href":"https:\/\/hcd.malargue.gov.ar\/index.php?rest_route=\/wp\/v2\/posts"}],"about":[{"href":"https:\/\/hcd.malargue.gov.ar\/index.php?rest_route=\/wp\/v2\/types\/post"}],"author":[{"embeddable":true,"href":"https:\/\/hcd.malargue.gov.ar\/index.php?rest_route=\/wp\/v2\/users\/5"}],"replies":[{"embeddable":true,"href":"https:\/\/hcd.malargue.gov.ar\/index.php?rest_route=%2Fwp%2Fv2%2Fcomments&post=21052"}],"version-history":[{"count":0,"href":"https:\/\/hcd.malargue.gov.ar\/index.php?rest_route=\/wp\/v2\/posts\/21052\/revisions"}],"wp:featuredmedia":[{"embeddable":true,"href":"https:\/\/hcd.malargue.gov.ar\/index.php?rest_route=\/wp\/v2\/media\/21053"}],"wp:attachment":[{"href":"https:\/\/hcd.malargue.gov.ar\/index.php?rest_route=%2Fwp%2Fv2%2Fmedia&parent=21052"}],"wp:term":[{"taxonomy":"category","embeddable":true,"href":"https:\/\/hcd.malargue.gov.ar\/index.php?rest_route=%2Fwp%2Fv2%2Fcategories&post=21052"},{"taxonomy":"post_tag","embeddable":true,"href":"https:\/\/hcd.malargue.gov.ar\/index.php?rest_route=%2Fwp%2Fv2%2Ftags&post=21052"}],"curies":[{"name":"wp","href":"https:\/\/api.w.org\/{rel}","templated":true}]}}