{"id":21105,"date":"2020-07-29T10:13:29","date_gmt":"2020-07-29T13:13:29","guid":{"rendered":"https:\/\/hcd.malargue.gov.ar\/?p=21105"},"modified":"2020-07-29T10:19:11","modified_gmt":"2020-07-29T13:19:11","slug":"orden-del-dia-7o-sesion-ordinaria-2","status":"publish","type":"post","link":"https:\/\/hcd.malargue.gov.ar\/?p=21105","title":{"rendered":"ORDEN DEL D\u00cdA 7\u00ba SESI\u00d3N ORDINARIA"},"content":{"rendered":"<h5>D\u00eda \u00a0\u00a0Jueves\u00a0\u00a0 30 de Julio de 2020<\/h5>\n<h5>Hora: 09:00<a href=\"https:\/\/hcd.malargue.gov.ar\/hcdpdf\/7%20SO%20ORDEN%2030%20de%20Julio%20de%202020.pdf\"><img loading=\"lazy\" decoding=\"async\" class=\"alignright wp-image-7950\" src=\"https:\/\/hcd.malargue.gov.ar\/wp-content\/uploads\/2018\/06\/PDF-JPG-300x300.jpg\" alt=\"\" width=\"93\" height=\"93\" srcset=\"https:\/\/hcd.malargue.gov.ar\/wp-content\/uploads\/2018\/06\/PDF-JPG-300x300.jpg 300w, https:\/\/hcd.malargue.gov.ar\/wp-content\/uploads\/2018\/06\/PDF-JPG-150x150.jpg 150w, https:\/\/hcd.malargue.gov.ar\/wp-content\/uploads\/2018\/06\/PDF-JPG.jpg 512w\" sizes=\"auto, (max-width: 93px) 100vw, 93px\" \/><\/a><\/h5>\n<p><strong><em>a) Acto de Izar la Ense\u00f1a Patria\u00a0\u00a0 a cargo del Sr. Concejal Gabriel ROSAS<\/em><\/strong><\/p>\n<p><strong><em>b) Homenaje de los Se\u00f1ores Concejales.<\/em><\/strong><\/p>\n<p><strong><em>c) Consideraci\u00f3n Acta Sesi\u00f3n Ordinaria N\u00ba 1038- \u201cO\u201d-2020 y Actas Especial N\u00ba01-E-2020; Especial N\u00ba02- E-2020; Especial N\u00ba03-E-2020; Especial N\u00ba04-E-2020; Extraordinaria N\u00ba01-2020; Extraordinaria N\u00ba02-2020; Extraordinaria N\u00ba03-2020<\/em><\/strong><\/p>\n<p><strong><em>d) Lectura del detalle de la correspondencia recibida y emitida.<\/em><\/strong><\/p>\n<p><strong><em>e) Determinaci\u00f3n de los temas que ser\u00e1n incluidos en el punto Asuntos Varios y puesta a consideraci\u00f3n de mociones de tratamientos sobre tablas de diversos expedientes.<\/em><\/strong><\/p>\n<p><strong><em>f) Proyectos de los Se\u00f1ores Concejales: <\/em><\/strong><\/p>\n<ol>\n<li>Expte. N\u00ba 4.793- HC 020-2020 Proyecto de Ordenanza: Establecer estado de emergencia del Sector Tur\u00edstico del Departamento de Malarg\u00fce. (BLOQUE FRENTE DE TODOS) Autores: Concejales Daniela Favari y Silvia Correa<\/li>\n<li>Expte. N\u00ba 4.794-HC 020-2020 Proyecto de Ordenanza: Declarar la Emergencia Econ\u00f3mica Productiva, Financiera y Laboral del Sector Tur\u00edstico del Departamento (BLOQUE FRENTE CAMBIA MENDOZA) Autores: Concejales Mart\u00edn Palma; Gabriel Rosas, Paola Rojo; Daiana Varas Castro; y Luciana Villegas.<\/li>\n<li>Expte. N\u00ba 4.795-HC 020- 2020 Proyecto de Resoluci\u00f3n: Reparaci\u00f3n y puesta en valor del Hito que representa el paso de la columna del General Ram\u00f3n Freyre sobre la Ruta 222 del Departamento de Malarg\u00fce (BLOQUE FRENTE DE TODOS) Autor: Concejal Daniela Favari<\/li>\n<li>Expte. N\u00ba 4.796-HC 020-2020 Proyecto de Resoluci\u00f3n: Parquizaci\u00f3n y desarrollo de espacios verdes p\u00fablicos en los ingresos norte y sur del Departamento (ORD.N\u00ba1958\/18) (BLOQUE FRENTE CAMBIA MENDOZA) Autor: Concejal Osvaldo\u00a0 M .Palma<\/li>\n<li>Expte N\u00ba 4.797-HC 020-2020 Proyecto de Resoluci\u00f3n: Solicitar a la Direcci\u00f3n Gral. de Escuelas la creaci\u00f3n de una Escuela de Nivel Secundario en el Paraje Los Molles del Departamento de Malarg\u00fce. (BLOQUE FRENTE \u00a0CAMBIA MENDOZA) Autor: Concejal Paola L. Rojo.<\/li>\n<li>Expte. N\u00ba 4.798-HC 020-2020 Proyecto de Resoluci\u00f3n: Incorporar a la Agenda Cultural Municipal del mes de agosto, el Programa de Concientizaci\u00f3n y Educaci\u00f3n \u201cMalarg\u00fce Tierra Sanmartiniana\u201d (BLOQUE FRENTE CAMBIA MENDOZA) Autor: Concejal Paola L. Rojo<\/li>\n<li>Expte. N\u00ba 4.799-HC 021-2020 Proyecto de Ordenanza: Creaci\u00f3n del Fondo Municipal de Compensaci\u00f3n a Productores Caprinos y Ovinos de nuestro Departamento por la situaci\u00f3n de emergencia del sector. (BLOQUE FRENTE DE TODOS) Autor: Concejal Paola Jofr\u00e9<\/li>\n<li>Expte. N\u00ba 4.800-HC 021-2020 Proyecto de Resoluci\u00f3n: Solicitar al Banco Hipotecario Nacional y al Desarrollo Urban\u00edstico PRO.CRE.AR agilice proceso de adjudicaci\u00f3n y entrega de viviendas (BLOQUE FRENTE CAMBIA MENDOZA) Autores: Concejales Mart\u00edn Palma, Paola Rojo, Daiana Varas Castro Luciana Villegas y Gabriel Rosas<\/li>\n<li>Expte. N\u00ba 4.801-HC 021-2020 Proyecto de Resoluci\u00f3n: Declarar monumento natural del Departamento y de inter\u00e9s departamental la conservaci\u00f3n del gato andino (Leopardu Jacobita) (BLOQUE FRENTE CAMBIA MENDOZA) Autor: Concejal Mart\u00edn Palma<\/li>\n<li>Expte. N\u00ba 4.802-HC 021-2020 Proyecto de Resoluci\u00f3n: Repudiar las acciones del Presidente de la Naci\u00f3n Dr. Alberto Fern\u00e1ndez tras gravar el 10,5% del I.V.A. a la leche fluida y en polvo (BLOQUE FRENTE CAMBIA MENDOZA) Autor: Concejal Mart\u00edn Palma<\/li>\n<\/ol>\n<p><strong><em>g) Expedientes provenientes del Departamento Ejecutivo <\/em><\/strong><\/p>\n<p>&#8211; No Ingresados-<\/p>\n<p><strong><em>h) Despachos de las Comisiones de Trabajo:<\/em><\/strong><\/p>\n<ol>\n<li>Expte. N\u00ba 5751\/2018-0 Direcci\u00f3n de Miner\u00eda Industria y Energ\u00eda Eleva Reglamento Interno del Parque Industrial Malarg\u00fce (O.P.T Y R.N y H.P.L.A.C.)<\/li>\n<li>Expte. N\u00ba 4.759-HC-018-2020 Proyecto de Ordenanza: Impulsar la veta emprendedora de los Vecinos del Barrio Virgen de los Vientos con el prop\u00f3sito de estimular su econom\u00eda y desarrollo social. (H.P.L.A.C.)<\/li>\n<li>Expte. N\u00ba 4.780-HC 019-2020 Proyecto de Comunicaci\u00f3n: Solicitar a Direcci\u00f3n Provincial de Ganader\u00eda la designaci\u00f3n de Delegado y Veterinario para la Delegaci\u00f3n Malarg\u00fce (H.P.L.A.C.)<\/li>\n<li>Expte. N\u00ba 4.770-HC 019-2020 Proyecto de Resoluci\u00f3n: Refacci\u00f3n y reparaci\u00f3n del Sistema Cloacal del Distrito de Agua Escondida (O.P.T.R Y N y H.P.L.A.C.).<\/li>\n<li>Expte. N\u00ba 3.775-2018-0 Veterinaria y Zoonosis Ref. Modificaci\u00f3n de Ordenanza N\u00ba1754\/14 (E.H.M.A.S Y C)<\/li>\n<li>Expte. N\u00ba 4.781-HC 020-2020 Proyecto de Ordenanza Campa\u00f1a Municipal de concientizaci\u00f3n prevenci\u00f3n y lucha contra el grooming (E.H.M.A.S Y C )<\/li>\n<li>Expte. N\u00ba 4.471-HC 285-2018 Proyecto de Resoluci\u00f3n: Declarar de Inter\u00e9s Departamental la participaci\u00f3n de Escuelas N\u00ba4-018 Manuel N. Savio y N\u00ba4-138 Aborigen Americano en el Programa \u201cMendoza m\u00e1s Vos\u201d (E.H.M.A.S Y C)<\/li>\n<li>Expte. N\u00ba 4.734-HC 017-2019 Proyecto de Ordenanza: Adhesi\u00f3n a la Ley Nacional N\u00ba27.499 \u201cLey Micaela de capacitaci\u00f3n obligatoria en g\u00e9nero para todas las personas que integran los tres poderes del estado\u00b7\u201d (E.H.M.A.S Y C)<\/li>\n<li>Expte. N\u00ba 4.739-HC 017-2020 Proyecto de Ordenanza: Adherir el Departamento de Malarg\u00fce al Expte de C\u00e1mara de Diputados de la Naci\u00f3n instituyendo el a\u00f1o 2020 como \u201cA\u00f1o del Bicentenario del Fallecimiento del Gral. Manuel Belgrano\u201d (E.H.M.A.S Y C)<\/li>\n<li>Expte. N\u00ba 4.683-HC 013-2019 Proyecto de Resoluci\u00f3n: Declarar de Inter\u00e9s Departamental el Primer Torneo de Penales Australianos del Pa\u00eds a realizarse en Malarg\u00fce (E.H.M.A.S Y C)<\/li>\n<li>Expte. N\u00ba 4.506-HC 287-2018 Proyecto de Ordenanza: Concurso P\u00fablico para propuesta de Guion-S\u00edntesis Argumental-Proyecto de Puesta en Escena de Fiesta Departamental de la Vendimia. (E.H.M.A.S Y C)<\/li>\n<\/ol>\n<p><strong>i<\/strong><strong><em>) Asuntos Varios. &#8211; <\/em><\/strong><\/p>\n<p><strong><em>j) Acto de arriar el Pabell\u00f3n Nacional a cargo del concejal que lo<\/em><\/strong><strong> iz\u00f3. &#8211; <\/strong><\/p>\n<p><strong>\u00a0\u00a0\u00a0\u00a0\u00a0\u00a0\u00a0\u00a0\u00a0\u00a0\u00a0\u00a0\u00a0\u00a0\u00a0\u00a0\u00a0\u00a0\u00a0\u00a0\u00a0\u00a0\u00a0\u00a0\u00a0\u00a0\u00a0\u00a0\u00a0\u00a0\u00a0\u00a0\u00a0\u00a0\u00a0\u00a0\u00a0 \u00a0\u00a0\u00a0\u00a0\u00a0\u00a0\u00a0\u00a0\u00a0\u00a0\u00a0\u00a0\u00a0\u00a0\u00a0\u00a0\u00a0\u00a0\u00a0\u00a0\u00a0\u00a0\u00a0\u00a0\u00a0\u00a0\u00a0\u00a0\u00a0\u00a0\u00a0\u00a0\u00a0\u00a0\u00a0\u00a0\u00a0\u00a0\u00a0\u00a0\u00a0\u00a0\u00a0\u00a0\u00a0\u00a0\u00a0\u00a0\u00a0\u00a0 Presidencia H.C.D \u00a0\u00a028 de Julio de 2020.<\/strong><\/p>\n<p><strong>CORRESPONDENCIA\u00a0 PARA LA SESI\u00d3N <\/strong><\/p>\n<p><strong>DEL\u00a0 D\u00cdA JUEVES\u00a0 30\u00a0 de julio de 2020<\/strong><\/p>\n<p><strong>NOTAS INGRESADAS<\/strong><\/p>\n<ol>\n<li>Vecinos Pre-adjudicatarios de Desarrollo Urban\u00edstico PROCREAR solicitan intervenci\u00f3n a fin de regularizaci\u00f3n en la entrega de viviendas.<\/li>\n<li>Uni\u00f3n Vecinal de Colonias Pehuenche I y II, solicitan informaci\u00f3n sobre estado de Exptes. de escrituraci\u00f3n de terrenos de la zona.<\/li>\n<\/ol>\n<p>&nbsp;<\/p>\n","protected":false},"excerpt":{"rendered":"<p>D\u00eda \u00a0\u00a0Jueves\u00a0\u00a0 30 de Julio de 2020 Hora: 09:00 a) Acto de Izar la Ense\u00f1a Patria\u00a0\u00a0 a cargo del Sr. Concejal Gabriel ROSAS b) Homenaje de los Se\u00f1ores Concejales. c) Consideraci\u00f3n Acta Sesi\u00f3n Ordinaria N\u00ba 1038- \u201cO\u201d-2020 y Actas Especial N\u00ba01-E-2020; Especial N\u00ba02- E-2020; Especial N\u00ba03-E-2020; Especial N\u00ba04-E-2020; Extraordinaria N\u00ba01-2020; Extraordinaria N\u00ba02-2020; Extraordinaria N\u00ba03-2020 d) [&hellip;]<\/p>\n","protected":false},"author":5,"featured_media":21106,"comment_status":"closed","ping_status":"closed","sticky":false,"template":"","format":"standard","meta":{"footnotes":""},"categories":[52,58,33,36],"tags":[],"class_list":["post-21105","post","type-post","status-publish","format-standard","has-post-thumbnail","hentry","category-gacetillas","category-ordinarias","category-prensa","category-sesiones"],"yoast_head":"<!-- This site is optimized with the Yoast SEO plugin v19.10 - https:\/\/yoast.com\/wordpress\/plugins\/seo\/ -->\n<title>ORDEN DEL D\u00cdA 7\u00ba SESI\u00d3N ORDINARIA - Malarg\u00fce HCD<\/title>\n<meta name=\"robots\" content=\"index, follow, max-snippet:-1, max-image-preview:large, max-video-preview:-1\" \/>\n<link rel=\"canonical\" href=\"https:\/\/hcd.malargue.gov.ar\/?p=21105\" \/>\n<meta property=\"og:locale\" content=\"es_ES\" \/>\n<meta property=\"og:type\" content=\"article\" \/>\n<meta property=\"og:title\" content=\"ORDEN DEL D\u00cdA 7\u00ba SESI\u00d3N ORDINARIA - Malarg\u00fce HCD\" \/>\n<meta property=\"og:description\" content=\"D\u00eda \u00a0\u00a0Jueves\u00a0\u00a0 30 de Julio de 2020 Hora: 09:00 a) Acto de Izar la Ense\u00f1a Patria\u00a0\u00a0 a cargo del Sr. Concejal Gabriel ROSAS b) Homenaje de los Se\u00f1ores Concejales. c) Consideraci\u00f3n Acta Sesi\u00f3n Ordinaria N\u00ba 1038- \u201cO\u201d-2020 y Actas Especial N\u00ba01-E-2020; Especial N\u00ba02- E-2020; Especial N\u00ba03-E-2020; Especial N\u00ba04-E-2020; Extraordinaria N\u00ba01-2020; Extraordinaria N\u00ba02-2020; Extraordinaria N\u00ba03-2020 d) [&hellip;]\" \/>\n<meta property=\"og:url\" content=\"https:\/\/hcd.malargue.gov.ar\/?p=21105\" \/>\n<meta property=\"og:site_name\" content=\"Malarg\u00fce HCD\" \/>\n<meta property=\"article:published_time\" content=\"2020-07-29T13:13:29+00:00\" \/>\n<meta property=\"article:modified_time\" content=\"2020-07-29T13:19:11+00:00\" \/>\n<meta property=\"og:image\" content=\"https:\/\/hcd.malargue.gov.ar\/wp-content\/uploads\/2020\/07\/ROSAS-Bandera-scaled.jpg\" \/>\n\t<meta property=\"og:image:width\" content=\"2560\" \/>\n\t<meta property=\"og:image:height\" content=\"2182\" \/>\n\t<meta property=\"og:image:type\" content=\"image\/jpeg\" \/>\n<meta name=\"author\" content=\"Belen Pedernera Ferragut\" \/>\n<meta name=\"twitter:card\" content=\"summary_large_image\" \/>\n<meta name=\"twitter:label1\" content=\"Escrito por\" \/>\n\t<meta name=\"twitter:data1\" content=\"Belen Pedernera Ferragut\" \/>\n\t<meta name=\"twitter:label2\" content=\"Tiempo de lectura\" \/>\n\t<meta name=\"twitter:data2\" content=\"5 minutos\" \/>\n<script type=\"application\/ld+json\" class=\"yoast-schema-graph\">{\"@context\":\"https:\/\/schema.org\",\"@graph\":[{\"@type\":\"WebPage\",\"@id\":\"https:\/\/hcd.malargue.gov.ar\/?p=21105\",\"url\":\"https:\/\/hcd.malargue.gov.ar\/?p=21105\",\"name\":\"ORDEN DEL D\u00cdA 7\u00ba SESI\u00d3N ORDINARIA - Malarg\u00fce HCD\",\"isPartOf\":{\"@id\":\"https:\/\/hcd.malargue.gov.ar\/#website\"},\"datePublished\":\"2020-07-29T13:13:29+00:00\",\"dateModified\":\"2020-07-29T13:19:11+00:00\",\"author\":{\"@id\":\"https:\/\/hcd.malargue.gov.ar\/#\/schema\/person\/3fd6bbab64edd703961b795156c955d0\"},\"breadcrumb\":{\"@id\":\"https:\/\/hcd.malargue.gov.ar\/?p=21105#breadcrumb\"},\"inLanguage\":\"es-AR\",\"potentialAction\":[{\"@type\":\"ReadAction\",\"target\":[\"https:\/\/hcd.malargue.gov.ar\/?p=21105\"]}]},{\"@type\":\"BreadcrumbList\",\"@id\":\"https:\/\/hcd.malargue.gov.ar\/?p=21105#breadcrumb\",\"itemListElement\":[{\"@type\":\"ListItem\",\"position\":1,\"name\":\"Inicio\",\"item\":\"https:\/\/hcd.malargue.gov.ar\/\"},{\"@type\":\"ListItem\",\"position\":2,\"name\":\"ORDEN DEL D\u00cdA 7\u00ba SESI\u00d3N ORDINARIA\"}]},{\"@type\":\"WebSite\",\"@id\":\"https:\/\/hcd.malargue.gov.ar\/#website\",\"url\":\"https:\/\/hcd.malargue.gov.ar\/\",\"name\":\"Malarg\u00fce HCD\",\"description\":\"Malarg\u00fce Mendoza Argentina\",\"potentialAction\":[{\"@type\":\"SearchAction\",\"target\":{\"@type\":\"EntryPoint\",\"urlTemplate\":\"https:\/\/hcd.malargue.gov.ar\/?s={search_term_string}\"},\"query-input\":\"required name=search_term_string\"}],\"inLanguage\":\"es-AR\"},{\"@type\":\"Person\",\"@id\":\"https:\/\/hcd.malargue.gov.ar\/#\/schema\/person\/3fd6bbab64edd703961b795156c955d0\",\"name\":\"Belen Pedernera Ferragut\",\"image\":{\"@type\":\"ImageObject\",\"inLanguage\":\"es-AR\",\"@id\":\"https:\/\/hcd.malargue.gov.ar\/#\/schema\/person\/image\/\",\"url\":\"https:\/\/secure.gravatar.com\/avatar\/1054ffab3893de4bb3eb29bdd22f7e34b8537bf5d34d9dab311818154ad5b71f?s=96&d=mm&r=g\",\"contentUrl\":\"https:\/\/secure.gravatar.com\/avatar\/1054ffab3893de4bb3eb29bdd22f7e34b8537bf5d34d9dab311818154ad5b71f?s=96&d=mm&r=g\",\"caption\":\"Belen Pedernera Ferragut\"},\"url\":\"https:\/\/hcd.malargue.gov.ar\/?author=5\"}]}<\/script>\n<!-- \/ Yoast SEO plugin. -->","yoast_head_json":{"title":"ORDEN DEL D\u00cdA 7\u00ba SESI\u00d3N ORDINARIA - Malarg\u00fce HCD","robots":{"index":"index","follow":"follow","max-snippet":"max-snippet:-1","max-image-preview":"max-image-preview:large","max-video-preview":"max-video-preview:-1"},"canonical":"https:\/\/hcd.malargue.gov.ar\/?p=21105","og_locale":"es_ES","og_type":"article","og_title":"ORDEN DEL D\u00cdA 7\u00ba SESI\u00d3N ORDINARIA - Malarg\u00fce HCD","og_description":"D\u00eda \u00a0\u00a0Jueves\u00a0\u00a0 30 de Julio de 2020 Hora: 09:00 a) Acto de Izar la Ense\u00f1a Patria\u00a0\u00a0 a cargo del Sr. Concejal Gabriel ROSAS b) Homenaje de los Se\u00f1ores Concejales. c) Consideraci\u00f3n Acta Sesi\u00f3n Ordinaria N\u00ba 1038- \u201cO\u201d-2020 y Actas Especial N\u00ba01-E-2020; Especial N\u00ba02- E-2020; Especial N\u00ba03-E-2020; Especial N\u00ba04-E-2020; Extraordinaria N\u00ba01-2020; Extraordinaria N\u00ba02-2020; Extraordinaria N\u00ba03-2020 d) [&hellip;]","og_url":"https:\/\/hcd.malargue.gov.ar\/?p=21105","og_site_name":"Malarg\u00fce HCD","article_published_time":"2020-07-29T13:13:29+00:00","article_modified_time":"2020-07-29T13:19:11+00:00","og_image":[{"width":2560,"height":2182,"url":"https:\/\/hcd.malargue.gov.ar\/wp-content\/uploads\/2020\/07\/ROSAS-Bandera-scaled.jpg","type":"image\/jpeg"}],"author":"Belen Pedernera Ferragut","twitter_card":"summary_large_image","twitter_misc":{"Escrito por":"Belen Pedernera Ferragut","Tiempo de lectura":"5 minutos"},"schema":{"@context":"https:\/\/schema.org","@graph":[{"@type":"WebPage","@id":"https:\/\/hcd.malargue.gov.ar\/?p=21105","url":"https:\/\/hcd.malargue.gov.ar\/?p=21105","name":"ORDEN DEL D\u00cdA 7\u00ba SESI\u00d3N ORDINARIA - Malarg\u00fce HCD","isPartOf":{"@id":"https:\/\/hcd.malargue.gov.ar\/#website"},"datePublished":"2020-07-29T13:13:29+00:00","dateModified":"2020-07-29T13:19:11+00:00","author":{"@id":"https:\/\/hcd.malargue.gov.ar\/#\/schema\/person\/3fd6bbab64edd703961b795156c955d0"},"breadcrumb":{"@id":"https:\/\/hcd.malargue.gov.ar\/?p=21105#breadcrumb"},"inLanguage":"es-AR","potentialAction":[{"@type":"ReadAction","target":["https:\/\/hcd.malargue.gov.ar\/?p=21105"]}]},{"@type":"BreadcrumbList","@id":"https:\/\/hcd.malargue.gov.ar\/?p=21105#breadcrumb","itemListElement":[{"@type":"ListItem","position":1,"name":"Inicio","item":"https:\/\/hcd.malargue.gov.ar\/"},{"@type":"ListItem","position":2,"name":"ORDEN DEL D\u00cdA 7\u00ba SESI\u00d3N ORDINARIA"}]},{"@type":"WebSite","@id":"https:\/\/hcd.malargue.gov.ar\/#website","url":"https:\/\/hcd.malargue.gov.ar\/","name":"Malarg\u00fce HCD","description":"Malarg\u00fce Mendoza Argentina","potentialAction":[{"@type":"SearchAction","target":{"@type":"EntryPoint","urlTemplate":"https:\/\/hcd.malargue.gov.ar\/?s={search_term_string}"},"query-input":"required name=search_term_string"}],"inLanguage":"es-AR"},{"@type":"Person","@id":"https:\/\/hcd.malargue.gov.ar\/#\/schema\/person\/3fd6bbab64edd703961b795156c955d0","name":"Belen Pedernera Ferragut","image":{"@type":"ImageObject","inLanguage":"es-AR","@id":"https:\/\/hcd.malargue.gov.ar\/#\/schema\/person\/image\/","url":"https:\/\/secure.gravatar.com\/avatar\/1054ffab3893de4bb3eb29bdd22f7e34b8537bf5d34d9dab311818154ad5b71f?s=96&d=mm&r=g","contentUrl":"https:\/\/secure.gravatar.com\/avatar\/1054ffab3893de4bb3eb29bdd22f7e34b8537bf5d34d9dab311818154ad5b71f?s=96&d=mm&r=g","caption":"Belen Pedernera Ferragut"},"url":"https:\/\/hcd.malargue.gov.ar\/?author=5"}]}},"_links":{"self":[{"href":"https:\/\/hcd.malargue.gov.ar\/index.php?rest_route=\/wp\/v2\/posts\/21105","targetHints":{"allow":["GET"]}}],"collection":[{"href":"https:\/\/hcd.malargue.gov.ar\/index.php?rest_route=\/wp\/v2\/posts"}],"about":[{"href":"https:\/\/hcd.malargue.gov.ar\/index.php?rest_route=\/wp\/v2\/types\/post"}],"author":[{"embeddable":true,"href":"https:\/\/hcd.malargue.gov.ar\/index.php?rest_route=\/wp\/v2\/users\/5"}],"replies":[{"embeddable":true,"href":"https:\/\/hcd.malargue.gov.ar\/index.php?rest_route=%2Fwp%2Fv2%2Fcomments&post=21105"}],"version-history":[{"count":0,"href":"https:\/\/hcd.malargue.gov.ar\/index.php?rest_route=\/wp\/v2\/posts\/21105\/revisions"}],"wp:featuredmedia":[{"embeddable":true,"href":"https:\/\/hcd.malargue.gov.ar\/index.php?rest_route=\/wp\/v2\/media\/21106"}],"wp:attachment":[{"href":"https:\/\/hcd.malargue.gov.ar\/index.php?rest_route=%2Fwp%2Fv2%2Fmedia&parent=21105"}],"wp:term":[{"taxonomy":"category","embeddable":true,"href":"https:\/\/hcd.malargue.gov.ar\/index.php?rest_route=%2Fwp%2Fv2%2Fcategories&post=21105"},{"taxonomy":"post_tag","embeddable":true,"href":"https:\/\/hcd.malargue.gov.ar\/index.php?rest_route=%2Fwp%2Fv2%2Ftags&post=21105"}],"curies":[{"name":"wp","href":"https:\/\/api.w.org\/{rel}","templated":true}]}}