{"id":21235,"date":"2020-08-05T00:00:11","date_gmt":"2020-08-05T03:00:11","guid":{"rendered":"https:\/\/hcd.malargue.gov.ar\/?p=21235"},"modified":"2020-08-04T09:39:38","modified_gmt":"2020-08-04T12:39:38","slug":"5-de-agosto-dia-del-montanista-argentino","status":"publish","type":"post","link":"https:\/\/hcd.malargue.gov.ar\/?p=21235","title":{"rendered":"5 DE AGOSTO DIA DEL MONTA\u00d1ISTA ARGENTINO"},"content":{"rendered":"<p>En Argentina el 5 de agosto se celebra el D\u00eda del Monta\u00f1\u00e9s en concordancia con el calendario cat\u00f3lico que conmemora en ese d\u00eda, en el siglo IV, el milagro de la Virgen de las Nieves, venerada por los hombres de monta\u00f1a desde hace 1.600 a\u00f1os.<\/p>\n<blockquote><p><em>A aquellos, aventureros, apasionados de las cumbres, los paisajes, las ganas de superaci\u00f3n.<\/em><br \/>\n<em> A aquellos para quienes el alma y el espiritu son su motor de ascenso y poder alcanzar as\u00ed esa cima tan anhelada. Porque son ellos los que, a trav\u00e9s de este deporte, se enfrentan a la naturaleza m\u00e1s \u00e1spera y compleja pero tambi\u00e9n sienten como el aire de esas hermosas cumbres que atraviesan les acarician el rostro. Gracias por ser un<\/em> ejemplo de superaci\u00f3n constante, de coraje, de voluntad y esfuerzo.<\/p>\n<p><em>\u00a1Feliz dia todos los que disfrutan las monta\u00f1as malarg\u00fcinas!<\/em><\/p><\/blockquote>\n","protected":false},"excerpt":{"rendered":"<p>En Argentina el 5 de agosto se celebra el D\u00eda del Monta\u00f1\u00e9s en concordancia con el calendario cat\u00f3lico que conmemora en ese d\u00eda, en el siglo IV, el milagro de la Virgen de las Nieves, venerada por los hombres de monta\u00f1a desde hace 1.600 a\u00f1os. A aquellos, aventureros, apasionados de las cumbres, los paisajes, las [&hellip;]<\/p>\n","protected":false},"author":5,"featured_media":21236,"comment_status":"closed","ping_status":"closed","sticky":false,"template":"","format":"standard","meta":{"footnotes":""},"categories":[69,52,33],"tags":[],"class_list":["post-21235","post","type-post","status-publish","format-standard","has-post-thumbnail","hentry","category-efemerides","category-gacetillas","category-prensa"],"yoast_head":"<!-- This site is optimized with the Yoast SEO plugin v19.10 - https:\/\/yoast.com\/wordpress\/plugins\/seo\/ -->\n<title>5 DE AGOSTO DIA DEL MONTA\u00d1ISTA ARGENTINO - Malarg\u00fce HCD<\/title>\n<meta name=\"robots\" content=\"index, follow, max-snippet:-1, max-image-preview:large, max-video-preview:-1\" \/>\n<link rel=\"canonical\" href=\"https:\/\/hcd.malargue.gov.ar\/?p=21235\" \/>\n<meta property=\"og:locale\" content=\"es_ES\" \/>\n<meta property=\"og:type\" content=\"article\" \/>\n<meta property=\"og:title\" content=\"5 DE AGOSTO DIA DEL MONTA\u00d1ISTA ARGENTINO - Malarg\u00fce HCD\" \/>\n<meta property=\"og:description\" content=\"En Argentina el 5 de agosto se celebra el D\u00eda del Monta\u00f1\u00e9s en concordancia con el calendario cat\u00f3lico que conmemora en ese d\u00eda, en el siglo IV, el milagro de la Virgen de las Nieves, venerada por los hombres de monta\u00f1a desde hace 1.600 a\u00f1os. A aquellos, aventureros, apasionados de las cumbres, los paisajes, las [&hellip;]\" \/>\n<meta property=\"og:url\" content=\"https:\/\/hcd.malargue.gov.ar\/?p=21235\" \/>\n<meta property=\"og:site_name\" content=\"Malarg\u00fce HCD\" \/>\n<meta property=\"article:published_time\" content=\"2020-08-05T03:00:11+00:00\" \/>\n<meta property=\"article:modified_time\" content=\"2020-08-04T12:39:38+00:00\" \/>\n<meta property=\"og:image\" content=\"https:\/\/hcd.malargue.gov.ar\/wp-content\/uploads\/2020\/08\/dia-del-montanista.jpg\" \/>\n\t<meta property=\"og:image:width\" content=\"889\" \/>\n\t<meta property=\"og:image:height\" content=\"502\" \/>\n\t<meta property=\"og:image:type\" content=\"image\/jpeg\" \/>\n<meta name=\"author\" content=\"Belen Pedernera Ferragut\" \/>\n<meta name=\"twitter:card\" content=\"summary_large_image\" \/>\n<meta name=\"twitter:label1\" content=\"Escrito por\" \/>\n\t<meta name=\"twitter:data1\" content=\"Belen Pedernera Ferragut\" \/>\n\t<meta name=\"twitter:label2\" content=\"Tiempo de lectura\" \/>\n\t<meta name=\"twitter:data2\" content=\"1 minuto\" \/>\n<script type=\"application\/ld+json\" class=\"yoast-schema-graph\">{\"@context\":\"https:\/\/schema.org\",\"@graph\":[{\"@type\":\"WebPage\",\"@id\":\"https:\/\/hcd.malargue.gov.ar\/?p=21235\",\"url\":\"https:\/\/hcd.malargue.gov.ar\/?p=21235\",\"name\":\"5 DE AGOSTO DIA DEL MONTA\u00d1ISTA ARGENTINO - Malarg\u00fce HCD\",\"isPartOf\":{\"@id\":\"https:\/\/hcd.malargue.gov.ar\/#website\"},\"datePublished\":\"2020-08-05T03:00:11+00:00\",\"dateModified\":\"2020-08-04T12:39:38+00:00\",\"author\":{\"@id\":\"https:\/\/hcd.malargue.gov.ar\/#\/schema\/person\/3fd6bbab64edd703961b795156c955d0\"},\"breadcrumb\":{\"@id\":\"https:\/\/hcd.malargue.gov.ar\/?p=21235#breadcrumb\"},\"inLanguage\":\"es-AR\",\"potentialAction\":[{\"@type\":\"ReadAction\",\"target\":[\"https:\/\/hcd.malargue.gov.ar\/?p=21235\"]}]},{\"@type\":\"BreadcrumbList\",\"@id\":\"https:\/\/hcd.malargue.gov.ar\/?p=21235#breadcrumb\",\"itemListElement\":[{\"@type\":\"ListItem\",\"position\":1,\"name\":\"Inicio\",\"item\":\"https:\/\/hcd.malargue.gov.ar\/\"},{\"@type\":\"ListItem\",\"position\":2,\"name\":\"5 DE AGOSTO DIA DEL MONTA\u00d1ISTA ARGENTINO\"}]},{\"@type\":\"WebSite\",\"@id\":\"https:\/\/hcd.malargue.gov.ar\/#website\",\"url\":\"https:\/\/hcd.malargue.gov.ar\/\",\"name\":\"Malarg\u00fce HCD\",\"description\":\"Malarg\u00fce Mendoza Argentina\",\"potentialAction\":[{\"@type\":\"SearchAction\",\"target\":{\"@type\":\"EntryPoint\",\"urlTemplate\":\"https:\/\/hcd.malargue.gov.ar\/?s={search_term_string}\"},\"query-input\":\"required name=search_term_string\"}],\"inLanguage\":\"es-AR\"},{\"@type\":\"Person\",\"@id\":\"https:\/\/hcd.malargue.gov.ar\/#\/schema\/person\/3fd6bbab64edd703961b795156c955d0\",\"name\":\"Belen Pedernera Ferragut\",\"image\":{\"@type\":\"ImageObject\",\"inLanguage\":\"es-AR\",\"@id\":\"https:\/\/hcd.malargue.gov.ar\/#\/schema\/person\/image\/\",\"url\":\"https:\/\/secure.gravatar.com\/avatar\/1054ffab3893de4bb3eb29bdd22f7e34b8537bf5d34d9dab311818154ad5b71f?s=96&d=mm&r=g\",\"contentUrl\":\"https:\/\/secure.gravatar.com\/avatar\/1054ffab3893de4bb3eb29bdd22f7e34b8537bf5d34d9dab311818154ad5b71f?s=96&d=mm&r=g\",\"caption\":\"Belen Pedernera Ferragut\"},\"url\":\"https:\/\/hcd.malargue.gov.ar\/?author=5\"}]}<\/script>\n<!-- \/ Yoast SEO plugin. -->","yoast_head_json":{"title":"5 DE AGOSTO DIA DEL MONTA\u00d1ISTA ARGENTINO - Malarg\u00fce HCD","robots":{"index":"index","follow":"follow","max-snippet":"max-snippet:-1","max-image-preview":"max-image-preview:large","max-video-preview":"max-video-preview:-1"},"canonical":"https:\/\/hcd.malargue.gov.ar\/?p=21235","og_locale":"es_ES","og_type":"article","og_title":"5 DE AGOSTO DIA DEL MONTA\u00d1ISTA ARGENTINO - Malarg\u00fce HCD","og_description":"En Argentina el 5 de agosto se celebra el D\u00eda del Monta\u00f1\u00e9s en concordancia con el calendario cat\u00f3lico que conmemora en ese d\u00eda, en el siglo IV, el milagro de la Virgen de las Nieves, venerada por los hombres de monta\u00f1a desde hace 1.600 a\u00f1os. A aquellos, aventureros, apasionados de las cumbres, los paisajes, las [&hellip;]","og_url":"https:\/\/hcd.malargue.gov.ar\/?p=21235","og_site_name":"Malarg\u00fce HCD","article_published_time":"2020-08-05T03:00:11+00:00","article_modified_time":"2020-08-04T12:39:38+00:00","og_image":[{"width":889,"height":502,"url":"https:\/\/hcd.malargue.gov.ar\/wp-content\/uploads\/2020\/08\/dia-del-montanista.jpg","type":"image\/jpeg"}],"author":"Belen Pedernera Ferragut","twitter_card":"summary_large_image","twitter_misc":{"Escrito por":"Belen Pedernera Ferragut","Tiempo de lectura":"1 minuto"},"schema":{"@context":"https:\/\/schema.org","@graph":[{"@type":"WebPage","@id":"https:\/\/hcd.malargue.gov.ar\/?p=21235","url":"https:\/\/hcd.malargue.gov.ar\/?p=21235","name":"5 DE AGOSTO DIA DEL MONTA\u00d1ISTA ARGENTINO - Malarg\u00fce HCD","isPartOf":{"@id":"https:\/\/hcd.malargue.gov.ar\/#website"},"datePublished":"2020-08-05T03:00:11+00:00","dateModified":"2020-08-04T12:39:38+00:00","author":{"@id":"https:\/\/hcd.malargue.gov.ar\/#\/schema\/person\/3fd6bbab64edd703961b795156c955d0"},"breadcrumb":{"@id":"https:\/\/hcd.malargue.gov.ar\/?p=21235#breadcrumb"},"inLanguage":"es-AR","potentialAction":[{"@type":"ReadAction","target":["https:\/\/hcd.malargue.gov.ar\/?p=21235"]}]},{"@type":"BreadcrumbList","@id":"https:\/\/hcd.malargue.gov.ar\/?p=21235#breadcrumb","itemListElement":[{"@type":"ListItem","position":1,"name":"Inicio","item":"https:\/\/hcd.malargue.gov.ar\/"},{"@type":"ListItem","position":2,"name":"5 DE AGOSTO DIA DEL MONTA\u00d1ISTA ARGENTINO"}]},{"@type":"WebSite","@id":"https:\/\/hcd.malargue.gov.ar\/#website","url":"https:\/\/hcd.malargue.gov.ar\/","name":"Malarg\u00fce HCD","description":"Malarg\u00fce Mendoza Argentina","potentialAction":[{"@type":"SearchAction","target":{"@type":"EntryPoint","urlTemplate":"https:\/\/hcd.malargue.gov.ar\/?s={search_term_string}"},"query-input":"required name=search_term_string"}],"inLanguage":"es-AR"},{"@type":"Person","@id":"https:\/\/hcd.malargue.gov.ar\/#\/schema\/person\/3fd6bbab64edd703961b795156c955d0","name":"Belen Pedernera Ferragut","image":{"@type":"ImageObject","inLanguage":"es-AR","@id":"https:\/\/hcd.malargue.gov.ar\/#\/schema\/person\/image\/","url":"https:\/\/secure.gravatar.com\/avatar\/1054ffab3893de4bb3eb29bdd22f7e34b8537bf5d34d9dab311818154ad5b71f?s=96&d=mm&r=g","contentUrl":"https:\/\/secure.gravatar.com\/avatar\/1054ffab3893de4bb3eb29bdd22f7e34b8537bf5d34d9dab311818154ad5b71f?s=96&d=mm&r=g","caption":"Belen Pedernera Ferragut"},"url":"https:\/\/hcd.malargue.gov.ar\/?author=5"}]}},"_links":{"self":[{"href":"https:\/\/hcd.malargue.gov.ar\/index.php?rest_route=\/wp\/v2\/posts\/21235","targetHints":{"allow":["GET"]}}],"collection":[{"href":"https:\/\/hcd.malargue.gov.ar\/index.php?rest_route=\/wp\/v2\/posts"}],"about":[{"href":"https:\/\/hcd.malargue.gov.ar\/index.php?rest_route=\/wp\/v2\/types\/post"}],"author":[{"embeddable":true,"href":"https:\/\/hcd.malargue.gov.ar\/index.php?rest_route=\/wp\/v2\/users\/5"}],"replies":[{"embeddable":true,"href":"https:\/\/hcd.malargue.gov.ar\/index.php?rest_route=%2Fwp%2Fv2%2Fcomments&post=21235"}],"version-history":[{"count":0,"href":"https:\/\/hcd.malargue.gov.ar\/index.php?rest_route=\/wp\/v2\/posts\/21235\/revisions"}],"wp:featuredmedia":[{"embeddable":true,"href":"https:\/\/hcd.malargue.gov.ar\/index.php?rest_route=\/wp\/v2\/media\/21236"}],"wp:attachment":[{"href":"https:\/\/hcd.malargue.gov.ar\/index.php?rest_route=%2Fwp%2Fv2%2Fmedia&parent=21235"}],"wp:term":[{"taxonomy":"category","embeddable":true,"href":"https:\/\/hcd.malargue.gov.ar\/index.php?rest_route=%2Fwp%2Fv2%2Fcategories&post=21235"},{"taxonomy":"post_tag","embeddable":true,"href":"https:\/\/hcd.malargue.gov.ar\/index.php?rest_route=%2Fwp%2Fv2%2Ftags&post=21235"}],"curies":[{"name":"wp","href":"https:\/\/api.w.org\/{rel}","templated":true}]}}