{"id":21306,"date":"2020-08-05T12:11:57","date_gmt":"2020-08-05T15:11:57","guid":{"rendered":"https:\/\/hcd.malargue.gov.ar\/?p=21306"},"modified":"2020-09-04T11:30:13","modified_gmt":"2020-09-04T14:30:13","slug":"ordenanza-n-2-038-2-020","status":"publish","type":"post","link":"https:\/\/hcd.malargue.gov.ar\/?p=21306","title":{"rendered":"ORDENANZA N\u00b0 2.038\/2.020"},"content":{"rendered":"<p><strong>AUTORA:<\/strong> CONCEJAL PAOLA JOFRE<\/p>\n<p>BLOQUE FRENTE SOMOS MENDOZA<a href=\"https:\/\/hcd.malargue.gov.ar\/hcdpdf\/on%20%202038%20%202020%20%20ley%20micaela.pdf\"><img loading=\"lazy\" decoding=\"async\" class=\"alignright wp-image-7950\" src=\"https:\/\/hcd.malargue.gov.ar\/wp-content\/uploads\/2018\/06\/PDF-JPG-300x300.jpg\" alt=\"\" width=\"86\" height=\"86\" srcset=\"https:\/\/hcd.malargue.gov.ar\/wp-content\/uploads\/2018\/06\/PDF-JPG-300x300.jpg 300w, https:\/\/hcd.malargue.gov.ar\/wp-content\/uploads\/2018\/06\/PDF-JPG-150x150.jpg 150w, https:\/\/hcd.malargue.gov.ar\/wp-content\/uploads\/2018\/06\/PDF-JPG.jpg 512w\" sizes=\"auto, (max-width: 86px) 100vw, 86px\" \/><\/a><\/p>\n<p>VISTO: El contenido del Expediente N\u00b0 4.734 HC 017 \u2013 2.019. Bloque Frente\u00a0 Somos Mendoza. Proyecto de Ordenanza: Adhesi\u00f3n a la Ley Nacional N\u00b0 27.499 \u201cLey Micaela de capacitaci\u00f3n obligatoria en g\u00e9nero para todas las personas que integran los tres poderes del Estado\u201d.<\/p>\n<p>Que la Ley\u00a0 Provincial N\u00b0 9.196 establece en su Art\u00edculo 5\u00b0: Inv\u00edtese a los municipios a adherir a la presente Ley.<\/p>\n<p>Y;<\/p>\n<p>CONSIDERANDO: Que la Provincia de Mendoza Adhiri\u00f3 a la Ley Nacional N\u00b0 27.499 \u201cLey Micaela de capacitaci\u00f3n obligatoria en g\u00e9nero para todas las personas que integran los tres poderes del Estado\u201d. Esta Ley fue promulgada en Diciembre de 2.018 y reglamentada durante el mes de Enero de 2.019, mediante Decreto N\u00b0 38\/2.019, la iniciativa presentada en el Congreso Nacional\u00a0 estuvo motivada por el caso de femicidio de Micaela Garc\u00eda.<\/p>\n<p>Que el Senado y la C\u00e1mara de Diputados de la Provincia de Mendoza, sancionan con fuerza de Ley N\u00b0 9.196 Mendoza, el 30 de Octubre de 2.019, publicado en el Bolet\u00edn Oficial, 14 de Noviembre de 2.019.<\/p>\n<p>Que establece en el Art\u00edculo 1\u00b0 Adhi\u00e9rase a las disposiciones de la Ley Nacional N\u00ba\u00a0 27.499, sobre la capacitaci\u00f3n obligatoria en la tem\u00e1tica de g\u00e9nero y violencia contra las mujeres, para todas las personas que se desempe\u00f1en en la funci\u00f3n p\u00fablica en todos sus niveles y jerarqu\u00edas en los Poderes Ejecutivo, Legislativo y Judicial de la Provincia de Mendoza.<\/p>\n<p>Que a\u00fan sabiendo de los avances realizados en nuestra Provincia en los tres \u00e1mbitos del Gobierno Provincial (Coordinaci\u00f3n de G\u00e9nero y Diversidad del Poder Legislativo, Direcci\u00f3n de la Mujer \u201cCarmen Argibay\u201d del Poder Judicial y Direcci\u00f3n de G\u00e9nero y Diversidad del Ministerio de Salud, Desarrollo Social y Deportes del Poder Ejecutivo), pero buscando generar verdaderos cambios socio \u2013 culturales desde el Estado, necesitamos profundizar, institucionalizar categorizar y priorizar en las gestiones de Gobierno, las pol\u00edticas p\u00fablicas en torno a la lucha contra la violencia sexista y el respeto de los Derechos Humanos de las mujeres.<\/p>\n<p>Que es importante considerar la capacitaci\u00f3n, en forma obligatoria y mediante un desarrollo de programas a tal fin, para todos los Empleados Municipales en el contexto de desempe\u00f1o de sus funciones p\u00fablicas, abarcando todos sus niveles y jerarqu\u00edas.<\/p>\n<p>Que para tal fin, se realizar\u00e1n adaptaciones de materias y\/o programas o desarrollar uno propio, debiendo regirse por la normativa, recomendaciones y otras disposiciones que establecen al respecto los organismos de monitoreo de las convenciones vinculadas a la tem\u00e1tica de g\u00e9nero y violencia contra las mujeres suscriptas por el pa\u00eds y la Provincia.<\/p>\n<p>Que desde este Cuerpo Deliberativo se aprob\u00f3 la adhesi\u00f3n a la Ley Nacional N\u00b0 26.485 de Protecci\u00f3n Integral a las Mujeres, valorando la importancia de aplicar un programa centrado en la educaci\u00f3n, sensibilizaci\u00f3n y la prevenci\u00f3n que permitir\u00e1 disminuir el porcentaje, sancionar y erradicar de casos de violencia de g\u00e9nero, no s\u00f3lo a nivel intrafamiliar sino a nivel social e Institucional.<\/p>\n<p>Que la presente adhesi\u00f3n implica una respuesta para intentar eliminar la repetici\u00f3n de situaciones que son causadas tanto por la expresi\u00f3n extrema de la violencia machista en la sociedad, pero tambi\u00e9n por la falta de formaci\u00f3n en teor\u00eda de g\u00e9nero por parte de quienes imparten justicia, legislan y ejecutan a nivel municipal, en la funci\u00f3n\u00a0 p\u00fablica, en todos sus niveles y jerarqu\u00edas en los poderes Ejecutivo, Legislativo y Judicial.<\/p>\n<p>Que a su vez se deber\u00e1n prever sanciones para las personas que se nieguen sin justa causa a realizar las capacitaciones previstas. En caso de incumplimiento de la intimaci\u00f3n ser\u00e1 considerado una falta grave, que no solo dar\u00e1 lugar a sanci\u00f3n disciplinaria pertinente sino que adem\u00e1s, se har\u00e1 p\u00fablica la negativa a participar en la capacitaci\u00f3n por parte de la autoridad de aplicaci\u00f3n.<\/p>\n<p>Que los planes de capacitaci\u00f3n en la Provincia ser\u00e1n coordinados por la Direcci\u00f3n de G\u00e9nero y Diversidad\u00a0 o la Autoridad que en el futuro la reemplace.<\/p>\n<p>EL HONORABLE CONCEJO DELIBERANTE DE LA MUNICIPALIDAD DE MALARG\u00dcE EN USO DE LAS FACULTADES QUE LE SON PROPIAS<\/p>\n<p>ORDENA<\/p>\n<p>ART\u00cdCULO 1\u00b0: Adhi\u00e9rase y apl\u00edquese, la Ley N\u00b0 9.196 a trav\u00e9s de la cual la Provincia adhiri\u00f3 a la Ley Nacional N\u00b0 27.499 \u201cLey Micaela de capacitaci\u00f3n obligatoria en g\u00e9nero para todas las personas que integran los tres poderes del Estado\u201d.<\/p>\n<p>ART\u00cdCULO 2\u00b0: Rem\u00edtase copia de la presente pieza legal al Departamento ejecutivo y al Ministerio de Gobierno, Trabajo y Justicia, Direcci\u00f3n de Diversidad y G\u00e9nero de la Provincia para su conocimiento y aplicaci\u00f3n.<\/p>\n<p>ART\u00cdCULO 3\u00b0: Dif\u00fandase por todos los medios de comunicaci\u00f3n del Departamento.<\/p>\n<p>ARTICULO 4\u00b0: Comun\u00edquese, reg\u00edstrese, c\u00famplase, publ\u00edquese, agr\u00e9guese copia de la presente en las actuaciones correspondientes y arch\u00edvese.<\/p>\n<p>DADA EN LA SALA DE SESIONES DR. RICARDO BALBIN DEL HONORABLE CONCEJO DELIBERANTE DE LA MUNICIPALIDAD DE MALARG\u00dcE A TREINTA D\u00cdAS DE JULIO DE DOS MIL VEINTE.<\/p>\n","protected":false},"excerpt":{"rendered":"<p>AUTORA: CONCEJAL PAOLA JOFRE BLOQUE FRENTE SOMOS MENDOZA VISTO: El contenido del Expediente N\u00b0 4.734 HC 017 \u2013 2.019. Bloque Frente\u00a0 Somos Mendoza. Proyecto de Ordenanza: Adhesi\u00f3n a la Ley Nacional N\u00b0 27.499 \u201cLey Micaela de capacitaci\u00f3n obligatoria en g\u00e9nero para todas las personas que integran los tres poderes del Estado\u201d. Que la Ley\u00a0 Provincial [&hellip;]<\/p>\n","protected":false},"author":5,"featured_media":21308,"comment_status":"closed","ping_status":"closed","sticky":false,"template":"","format":"standard","meta":{"footnotes":""},"categories":[52,29,48,33],"tags":[],"class_list":["post-21306","post","type-post","status-publish","format-standard","has-post-thumbnail","hentry","category-gacetillas","category-lesgilacion","category-ordenanzas-municipales","category-prensa"],"yoast_head":"<!-- This site is optimized with the Yoast SEO plugin v19.10 - https:\/\/yoast.com\/wordpress\/plugins\/seo\/ -->\n<title>ORDENANZA N\u00b0 2.038\/2.020 - Malarg\u00fce HCD<\/title>\n<meta name=\"robots\" content=\"index, follow, max-snippet:-1, max-image-preview:large, max-video-preview:-1\" \/>\n<link rel=\"canonical\" href=\"https:\/\/hcd.malargue.gov.ar\/?p=21306\" \/>\n<meta property=\"og:locale\" content=\"es_ES\" \/>\n<meta property=\"og:type\" content=\"article\" \/>\n<meta property=\"og:title\" content=\"ORDENANZA N\u00b0 2.038\/2.020 - Malarg\u00fce HCD\" \/>\n<meta property=\"og:description\" content=\"AUTORA: CONCEJAL PAOLA JOFRE BLOQUE FRENTE SOMOS MENDOZA VISTO: El contenido del Expediente N\u00b0 4.734 HC 017 \u2013 2.019. Bloque Frente\u00a0 Somos Mendoza. Proyecto de Ordenanza: Adhesi\u00f3n a la Ley Nacional N\u00b0 27.499 \u201cLey Micaela de capacitaci\u00f3n obligatoria en g\u00e9nero para todas las personas que integran los tres poderes del Estado\u201d. Que la Ley\u00a0 Provincial [&hellip;]\" \/>\n<meta property=\"og:url\" content=\"https:\/\/hcd.malargue.gov.ar\/?p=21306\" \/>\n<meta property=\"og:site_name\" content=\"Malarg\u00fce HCD\" \/>\n<meta property=\"article:published_time\" content=\"2020-08-05T15:11:57+00:00\" \/>\n<meta property=\"article:modified_time\" content=\"2020-09-04T14:30:13+00:00\" \/>\n<meta property=\"og:image\" content=\"https:\/\/hcd.malargue.gov.ar\/wp-content\/uploads\/2020\/08\/ON-2038-2020.jpg\" \/>\n\t<meta property=\"og:image:width\" content=\"1280\" \/>\n\t<meta property=\"og:image:height\" content=\"720\" \/>\n\t<meta property=\"og:image:type\" content=\"image\/jpeg\" \/>\n<meta name=\"author\" content=\"Belen Pedernera Ferragut\" \/>\n<meta name=\"twitter:card\" content=\"summary_large_image\" \/>\n<meta name=\"twitter:label1\" content=\"Escrito por\" \/>\n\t<meta name=\"twitter:data1\" content=\"Belen Pedernera Ferragut\" \/>\n\t<meta name=\"twitter:label2\" content=\"Tiempo de lectura\" \/>\n\t<meta name=\"twitter:data2\" content=\"4 minutos\" \/>\n<script type=\"application\/ld+json\" class=\"yoast-schema-graph\">{\"@context\":\"https:\/\/schema.org\",\"@graph\":[{\"@type\":\"WebPage\",\"@id\":\"https:\/\/hcd.malargue.gov.ar\/?p=21306\",\"url\":\"https:\/\/hcd.malargue.gov.ar\/?p=21306\",\"name\":\"ORDENANZA N\u00b0 2.038\/2.020 - Malarg\u00fce HCD\",\"isPartOf\":{\"@id\":\"https:\/\/hcd.malargue.gov.ar\/#website\"},\"datePublished\":\"2020-08-05T15:11:57+00:00\",\"dateModified\":\"2020-09-04T14:30:13+00:00\",\"author\":{\"@id\":\"https:\/\/hcd.malargue.gov.ar\/#\/schema\/person\/3fd6bbab64edd703961b795156c955d0\"},\"breadcrumb\":{\"@id\":\"https:\/\/hcd.malargue.gov.ar\/?p=21306#breadcrumb\"},\"inLanguage\":\"es-AR\",\"potentialAction\":[{\"@type\":\"ReadAction\",\"target\":[\"https:\/\/hcd.malargue.gov.ar\/?p=21306\"]}]},{\"@type\":\"BreadcrumbList\",\"@id\":\"https:\/\/hcd.malargue.gov.ar\/?p=21306#breadcrumb\",\"itemListElement\":[{\"@type\":\"ListItem\",\"position\":1,\"name\":\"Inicio\",\"item\":\"https:\/\/hcd.malargue.gov.ar\/\"},{\"@type\":\"ListItem\",\"position\":2,\"name\":\"ORDENANZA N\u00b0 2.038\/2.020\"}]},{\"@type\":\"WebSite\",\"@id\":\"https:\/\/hcd.malargue.gov.ar\/#website\",\"url\":\"https:\/\/hcd.malargue.gov.ar\/\",\"name\":\"Malarg\u00fce HCD\",\"description\":\"Malarg\u00fce Mendoza Argentina\",\"potentialAction\":[{\"@type\":\"SearchAction\",\"target\":{\"@type\":\"EntryPoint\",\"urlTemplate\":\"https:\/\/hcd.malargue.gov.ar\/?s={search_term_string}\"},\"query-input\":\"required name=search_term_string\"}],\"inLanguage\":\"es-AR\"},{\"@type\":\"Person\",\"@id\":\"https:\/\/hcd.malargue.gov.ar\/#\/schema\/person\/3fd6bbab64edd703961b795156c955d0\",\"name\":\"Belen Pedernera Ferragut\",\"image\":{\"@type\":\"ImageObject\",\"inLanguage\":\"es-AR\",\"@id\":\"https:\/\/hcd.malargue.gov.ar\/#\/schema\/person\/image\/\",\"url\":\"https:\/\/secure.gravatar.com\/avatar\/1054ffab3893de4bb3eb29bdd22f7e34b8537bf5d34d9dab311818154ad5b71f?s=96&d=mm&r=g\",\"contentUrl\":\"https:\/\/secure.gravatar.com\/avatar\/1054ffab3893de4bb3eb29bdd22f7e34b8537bf5d34d9dab311818154ad5b71f?s=96&d=mm&r=g\",\"caption\":\"Belen Pedernera Ferragut\"},\"url\":\"https:\/\/hcd.malargue.gov.ar\/?author=5\"}]}<\/script>\n<!-- \/ Yoast SEO plugin. -->","yoast_head_json":{"title":"ORDENANZA N\u00b0 2.038\/2.020 - Malarg\u00fce HCD","robots":{"index":"index","follow":"follow","max-snippet":"max-snippet:-1","max-image-preview":"max-image-preview:large","max-video-preview":"max-video-preview:-1"},"canonical":"https:\/\/hcd.malargue.gov.ar\/?p=21306","og_locale":"es_ES","og_type":"article","og_title":"ORDENANZA N\u00b0 2.038\/2.020 - Malarg\u00fce HCD","og_description":"AUTORA: CONCEJAL PAOLA JOFRE BLOQUE FRENTE SOMOS MENDOZA VISTO: El contenido del Expediente N\u00b0 4.734 HC 017 \u2013 2.019. Bloque Frente\u00a0 Somos Mendoza. Proyecto de Ordenanza: Adhesi\u00f3n a la Ley Nacional N\u00b0 27.499 \u201cLey Micaela de capacitaci\u00f3n obligatoria en g\u00e9nero para todas las personas que integran los tres poderes del Estado\u201d. Que la Ley\u00a0 Provincial [&hellip;]","og_url":"https:\/\/hcd.malargue.gov.ar\/?p=21306","og_site_name":"Malarg\u00fce HCD","article_published_time":"2020-08-05T15:11:57+00:00","article_modified_time":"2020-09-04T14:30:13+00:00","og_image":[{"width":1280,"height":720,"url":"https:\/\/hcd.malargue.gov.ar\/wp-content\/uploads\/2020\/08\/ON-2038-2020.jpg","type":"image\/jpeg"}],"author":"Belen Pedernera Ferragut","twitter_card":"summary_large_image","twitter_misc":{"Escrito por":"Belen Pedernera Ferragut","Tiempo de lectura":"4 minutos"},"schema":{"@context":"https:\/\/schema.org","@graph":[{"@type":"WebPage","@id":"https:\/\/hcd.malargue.gov.ar\/?p=21306","url":"https:\/\/hcd.malargue.gov.ar\/?p=21306","name":"ORDENANZA N\u00b0 2.038\/2.020 - Malarg\u00fce HCD","isPartOf":{"@id":"https:\/\/hcd.malargue.gov.ar\/#website"},"datePublished":"2020-08-05T15:11:57+00:00","dateModified":"2020-09-04T14:30:13+00:00","author":{"@id":"https:\/\/hcd.malargue.gov.ar\/#\/schema\/person\/3fd6bbab64edd703961b795156c955d0"},"breadcrumb":{"@id":"https:\/\/hcd.malargue.gov.ar\/?p=21306#breadcrumb"},"inLanguage":"es-AR","potentialAction":[{"@type":"ReadAction","target":["https:\/\/hcd.malargue.gov.ar\/?p=21306"]}]},{"@type":"BreadcrumbList","@id":"https:\/\/hcd.malargue.gov.ar\/?p=21306#breadcrumb","itemListElement":[{"@type":"ListItem","position":1,"name":"Inicio","item":"https:\/\/hcd.malargue.gov.ar\/"},{"@type":"ListItem","position":2,"name":"ORDENANZA N\u00b0 2.038\/2.020"}]},{"@type":"WebSite","@id":"https:\/\/hcd.malargue.gov.ar\/#website","url":"https:\/\/hcd.malargue.gov.ar\/","name":"Malarg\u00fce HCD","description":"Malarg\u00fce Mendoza Argentina","potentialAction":[{"@type":"SearchAction","target":{"@type":"EntryPoint","urlTemplate":"https:\/\/hcd.malargue.gov.ar\/?s={search_term_string}"},"query-input":"required name=search_term_string"}],"inLanguage":"es-AR"},{"@type":"Person","@id":"https:\/\/hcd.malargue.gov.ar\/#\/schema\/person\/3fd6bbab64edd703961b795156c955d0","name":"Belen Pedernera Ferragut","image":{"@type":"ImageObject","inLanguage":"es-AR","@id":"https:\/\/hcd.malargue.gov.ar\/#\/schema\/person\/image\/","url":"https:\/\/secure.gravatar.com\/avatar\/1054ffab3893de4bb3eb29bdd22f7e34b8537bf5d34d9dab311818154ad5b71f?s=96&d=mm&r=g","contentUrl":"https:\/\/secure.gravatar.com\/avatar\/1054ffab3893de4bb3eb29bdd22f7e34b8537bf5d34d9dab311818154ad5b71f?s=96&d=mm&r=g","caption":"Belen Pedernera Ferragut"},"url":"https:\/\/hcd.malargue.gov.ar\/?author=5"}]}},"_links":{"self":[{"href":"https:\/\/hcd.malargue.gov.ar\/index.php?rest_route=\/wp\/v2\/posts\/21306","targetHints":{"allow":["GET"]}}],"collection":[{"href":"https:\/\/hcd.malargue.gov.ar\/index.php?rest_route=\/wp\/v2\/posts"}],"about":[{"href":"https:\/\/hcd.malargue.gov.ar\/index.php?rest_route=\/wp\/v2\/types\/post"}],"author":[{"embeddable":true,"href":"https:\/\/hcd.malargue.gov.ar\/index.php?rest_route=\/wp\/v2\/users\/5"}],"replies":[{"embeddable":true,"href":"https:\/\/hcd.malargue.gov.ar\/index.php?rest_route=%2Fwp%2Fv2%2Fcomments&post=21306"}],"version-history":[{"count":0,"href":"https:\/\/hcd.malargue.gov.ar\/index.php?rest_route=\/wp\/v2\/posts\/21306\/revisions"}],"wp:featuredmedia":[{"embeddable":true,"href":"https:\/\/hcd.malargue.gov.ar\/index.php?rest_route=\/wp\/v2\/media\/21308"}],"wp:attachment":[{"href":"https:\/\/hcd.malargue.gov.ar\/index.php?rest_route=%2Fwp%2Fv2%2Fmedia&parent=21306"}],"wp:term":[{"taxonomy":"category","embeddable":true,"href":"https:\/\/hcd.malargue.gov.ar\/index.php?rest_route=%2Fwp%2Fv2%2Fcategories&post=21306"},{"taxonomy":"post_tag","embeddable":true,"href":"https:\/\/hcd.malargue.gov.ar\/index.php?rest_route=%2Fwp%2Fv2%2Ftags&post=21306"}],"curies":[{"name":"wp","href":"https:\/\/api.w.org\/{rel}","templated":true}]}}