{"id":21530,"date":"2020-08-18T12:16:59","date_gmt":"2020-08-18T15:16:59","guid":{"rendered":"https:\/\/hcd.malargue.gov.ar\/?p=21530"},"modified":"2020-09-04T11:27:10","modified_gmt":"2020-09-04T14:27:10","slug":"ordenanza-n-2-045-2-020","status":"publish","type":"post","link":"https:\/\/hcd.malargue.gov.ar\/?p=21530","title":{"rendered":"ORDENANZA N\u00b0 2.045\/2.020"},"content":{"rendered":"<p><strong>AUTORA:<\/strong> CONCEJAL PAOLA ROJO<\/p>\n<p>BLOQUE FRENTE CAMBIA MENDOZA<a href=\"https:\/\/hcd.malargue.gov.ar\/hcdpdf\/On%202045%202020%20archivo%20historico%20Placido%20Jaque.pdf\"><img loading=\"lazy\" decoding=\"async\" class=\"alignright wp-image-7950\" src=\"https:\/\/hcd.malargue.gov.ar\/wp-content\/uploads\/2018\/06\/PDF-JPG-300x300.jpg\" alt=\"\" width=\"82\" height=\"82\" srcset=\"https:\/\/hcd.malargue.gov.ar\/wp-content\/uploads\/2018\/06\/PDF-JPG-300x300.jpg 300w, https:\/\/hcd.malargue.gov.ar\/wp-content\/uploads\/2018\/06\/PDF-JPG-150x150.jpg 150w, https:\/\/hcd.malargue.gov.ar\/wp-content\/uploads\/2018\/06\/PDF-JPG.jpg 512w\" sizes=\"auto, (max-width: 82px) 100vw, 82px\" \/><\/a><\/p>\n<p>VISTO: El contenido del Expediente N\u00b0 4.746 HC 017 \u2013 2.020. Boque Cambia Mendoza. Proyecto de Ordenanza: Des\u00edgnese la Sala del Archivo Hist\u00f3rico de Malarg\u00fce con el nombre de Placido Jaque.<\/p>\n<p>Su gran labor, entusiasmo y compromiso por el resguardo de valiosa documentaci\u00f3n para la historia de Malarg\u00fce, siendo responsable del control administrativo y funcional del \u00e1rea.<\/p>\n<p>Y;<\/p>\n<p>CONSIDERANDO: Que el Sr. Placido Jaque, naci\u00f3 el 04 de agosto de 1.953 en el Departamento Malarg\u00fce Mendoza, siendo hijo de Pablo Jaque Tapia y Delicia Verdugo Arroyo, hermano de Gladis, Hip\u00f3lito y Pabla Jaque.<\/p>\n<p>Que su familia constituida por Nidia P\u00e9rez Roco, su esposa y sus hijos, Flavia, Laura, Gabriela, Nidia, Brenda e Ignacio.<\/p>\n<p>Que trabaj\u00f3 cuarenta a\u00f1os en la administraci\u00f3n p\u00fablica, tales como, la Polic\u00eda de Mendoza donde se jubil\u00f3, y trece a\u00f1os en la Municipalidad de Malarg\u00fce, desde abril del a\u00f1o 2.006 a enero 2.019.<\/p>\n<p>Que adem\u00e1s, cumpli\u00f3 funciones en el archivo de contadur\u00eda municipal en horario de tarde desde el mes de mayo de 2.010 sin continuidad en el a\u00f1o 2.016.<\/p>\n<p>Que manejaba a la perfecci\u00f3n la recopilaci\u00f3n de informaci\u00f3n: rescate, cat\u00e1logo, inventario, conservaci\u00f3n, preservaci\u00f3n y restauraci\u00f3n de fondos documentales fotogr\u00e1ficos, bibliogr\u00e1ficos y patrimoniales de inter\u00e9s hist\u00f3rico del departamento de Malarg\u00fce. Rescate en diarios, revistas y otras ediciones en forma continua y permanente de informaci\u00f3n relacionadas con el Departamento. Rescate de fotograf\u00edas y documentaci\u00f3n en poder de particulares e instituciones del medio y otros Departamentos. Rescate de bienes culturales de inter\u00e9s hist\u00f3rico patrimonial. Divulgaci\u00f3n del patrimonio documental en muestras p\u00fablicas y establecimientos escolares. Intercambio de informaci\u00f3n, documentos y fotograf\u00edas con servicio hist\u00f3rico de Gendarmer\u00eda Nacional Buenos Aires y Polic\u00eda de Mendoza, Junta de Estudios hist\u00f3ricos. Entrevistas personalizadas a diferentes personajes y familiares de la historia malarg\u00fcina, entre otras.<\/p>\n<p>Que en el archivo brindaba el servicio de atenci\u00f3n al p\u00fablico, tales como investigadores, docentes, alumnos y comunidad en general. Realizando tambi\u00e9n exposiciones en distintos eventos culturales como la Feria del Libro, Bienal de Arte Esc. James W Cronin. etc.<\/p>\n<p>Que colabor\u00f3 permanentemente con el \u00e1rea de historia regional y arqueol\u00f3gica del Centro Regional de Investigaci\u00f3n y Desarrollo Cultural (C.R.I.D.C), puesta en valor la Capilla Ntra. Sra. Del Rosario, Extensi\u00f3n \u201cMemoria Joven\u201d, historia de L.V.19 Radio Malarg\u00fce, Molino y Corrales de Rufino Ortega.<\/p>\n<p>Que realiz\u00f3 varios trabajos escritos de investigaci\u00f3n de historia, entre ellos:<\/p>\n<ul>\n<li>Historia de la Polic\u00eda en el Departamento de Malarg\u00fce.<\/li>\n<li>Resumen de la Historia del Departamento de Malarg\u00fce.<\/li>\n<li>Informes policiales &#8220;Erupci\u00f3n Volc\u00e1nica de EI Descabezado 1932.<\/li>\n<li>Recopilaci\u00f3n de antecedentes policiales de &#8220;Juan Bautista Bairoletto&#8221;.<\/li>\n<li>Investigaci\u00f3n hist\u00f3rica de \u201cRosa Isabel Andino\u201dpara propuesta imposici\u00f3n de nombre a Escuela.<\/li>\n<li>Investigaci\u00f3n hist\u00f3rica de \u201cBlanca Rosa Quiroga de Merino\u201d para propuesta imposici\u00f3n de nombre a Escuela.<\/li>\n<li>Investigaci\u00f3n hist\u00f3rica de Alfredo Burhan Juri por rescate de Bomba de Combustible, reconocimiento a familia e imposici\u00f3n de nombre a paseo o calle.<\/li>\n<li>\u201cL.V.19- Grandes Cap\u00edtulos de la Radio en Malarg\u00fce\u201d \u2013 en colaboraci\u00f3n con el Profesor Sergio Eschler.<\/li>\n<li>Recopilaci\u00f3n hist\u00f3rica \u201cEl Motorazo\u201d con Profesor Sergio Eschler y Sergio H. Mart\u00ednez.<\/li>\n<li>Colaboraci\u00f3n con Profesor Sergio Eschler ensayo \u201cLos Corrales de Piedra Toba de Malarg\u00fce- La \u00daltima Estaci\u00f3n\u201d.<\/li>\n<li>Aporte al ensayo \u201cRecuerdos de Ceniza\u201d el impacto de la erupci\u00f3n del Quizap\u00fa (1.932) en Malarg\u00fce a trav\u00e9s de los testimonios orales\u201d. Prof. Ernesto Ovando.<\/li>\n<li>Colaboraci\u00f3n y aporte al proyecto del libro \u201cCultura Puestera\u201d de los profesores Francisco Parada y N\u00e9stor Mod\u00f3n.<\/li>\n<li>Aporte documental personal a organizadores del 4to. Encuentro del I.C.E.S. -profesor Ernesto Ovando- Tema \u201cVulcanolog\u00eda\u201d.<\/li>\n<\/ul>\n<p>Que presento proyectos como:<\/p>\n<ul>\n<li>\u201cDepartamento de Malal-Hue restituci\u00f3n de su nombre original\u201d<\/li>\n<li>\u201cOrganizaci\u00f3n, reglamento y pautas de funcionamiento del Archivo Hist\u00f3rico de Malarg\u00fce \u201caprobado mediante decreto 258\/2.010.<\/li>\n<li>\u201cDeclaraci\u00f3n de Patrimonio Cultural Departamental Archivo Hist\u00f3rico \u201caprobado por Resoluci\u00f3n N\u00b0.131\/2.015 del Honorable Concejo Deliberante.<\/li>\n<li>\u201cImposici\u00f3n de nombre de Blanca Rosa Quiroga al Jard\u00edn Nucleado N\u00b0 0-102\u201d aprobado por la Direcci\u00f3n General de Escuelas mediante Resoluci\u00f3n N\u00b0 0-554 del 25 de marzo del 2.010.<\/li>\n<li>Imposici\u00f3n de nombre Alfredo Juri, pionero del progreso departamental a calle o espacio p\u00fablico.<\/li>\n<li>\u201cImposici\u00f3n de nombre al instituto de Educaci\u00f3n Superior N\u00b0 9-018 Celso Alejandro Jaque de Malarg\u00fce, aprobado en noviembre de 2.011 por Resoluci\u00f3n de la autoridad competente.<\/li>\n<li>\u201cImposici\u00f3n de nombre Palma D\u00b4Angelo a centro asistencial, sala o sector del hospital Malarg\u00fce y \/o calle o paseo p\u00fablico\u201d.<\/li>\n<\/ul>\n<p>Que realiz\u00f3 diferentes cursos y capacitaciones en conservaci\u00f3n, manejo de bienes culturales, de seguridad y emergencias en museos y bibliotecas, atenci\u00f3n al cliente, primeros auxilios y en diferentes jornadas de inter\u00e9s cultural.<\/p>\n<p>Que obtuvo reconocimientos del Municipio a trav\u00e9s del C.R.I.D.C por su desinteresada labor en la conservaci\u00f3n y protecci\u00f3n del Patrimonio Cultural, noviembre de 2.011.<\/p>\n<p>Que publico el libro \u201cAll\u00e1 en el Sur\u201d. Historia del Departamento de Malarg\u00fce y la Polic\u00eda- 1882- 1992\u201d. (Editado en el 2.017) Felicitado por la destacada labor y aprobado por Resoluci\u00f3n N\u00b0 1\/2015 por la Comisi\u00f3n de Estudios Hist\u00f3ricos de la Polic\u00eda de Mendoza. Declarado de Inter\u00e9s Departamental y Provincial.<\/p>\n<p>EL HONORABLE CONCEJO DELIBERANTE DE LA MUNICIPALIDAD DE MALARG\u00dcE EN USO DE LAS FACULTADES QUE LE SON PROPIAS<\/p>\n<p>ORDENA<\/p>\n<p>ARTICULO\u00b01: Des\u00edgnese a la Sala del Archivo Hist\u00f3rico de Malarg\u00fce, con el nombre \u201cPlacido Jaque\u201d, lugar invaluable para nuestra sociedad.<\/p>\n<p>ART\u00cdCULO 2\u00b0: Col\u00f3quese la placa correspondiente en la sala de archivos, ubicada en el Archivo Hist\u00f3rico de la Municipalidad de Malarg\u00fce<\/p>\n<p>ART\u00cdCULO 3\u00b0: Autor\u00edcese al Departamento Ejecutivo, la erogaci\u00f3n de gastos para la ejecuci\u00f3n de la presente pieza legal.<\/p>\n<p>ARTICULO 4\u00b0: Comun\u00edquese, reg\u00edstrese, c\u00famplase, publ\u00edquese, agr\u00e9guese copia de la presente en las actuaciones correspondientes y arch\u00edvese.<\/p>\n<p>DADA EN LA SALA DE SESIONES DR. RICARDO BALBIN DEL HONORABLE CONCEJO DELIBERANTE DE LA MUNICIPALIDAD DE MALARG\u00dcE A SEIS D\u00cdAS DE AGOSTO DE DOS MIL VEINTE.<\/p>\n<p>&nbsp;<\/p>\n","protected":false},"excerpt":{"rendered":"<p>AUTORA: CONCEJAL PAOLA ROJO BLOQUE FRENTE CAMBIA MENDOZA VISTO: El contenido del Expediente N\u00b0 4.746 HC 017 \u2013 2.020. Boque Cambia Mendoza. Proyecto de Ordenanza: Des\u00edgnese la Sala del Archivo Hist\u00f3rico de Malarg\u00fce con el nombre de Placido Jaque. Su gran labor, entusiasmo y compromiso por el resguardo de valiosa documentaci\u00f3n para la historia de [&hellip;]<\/p>\n","protected":false},"author":5,"featured_media":21531,"comment_status":"closed","ping_status":"closed","sticky":false,"template":"","format":"standard","meta":{"footnotes":""},"categories":[52,29,48,33],"tags":[],"class_list":["post-21530","post","type-post","status-publish","format-standard","has-post-thumbnail","hentry","category-gacetillas","category-lesgilacion","category-ordenanzas-municipales","category-prensa"],"yoast_head":"<!-- This site is optimized with the Yoast SEO plugin v19.10 - https:\/\/yoast.com\/wordpress\/plugins\/seo\/ -->\n<title>ORDENANZA N\u00b0 2.045\/2.020 - Malarg\u00fce HCD<\/title>\n<meta name=\"robots\" content=\"index, follow, max-snippet:-1, max-image-preview:large, max-video-preview:-1\" \/>\n<link rel=\"canonical\" href=\"https:\/\/hcd.malargue.gov.ar\/?p=21530\" \/>\n<meta property=\"og:locale\" content=\"es_ES\" \/>\n<meta property=\"og:type\" content=\"article\" \/>\n<meta property=\"og:title\" content=\"ORDENANZA N\u00b0 2.045\/2.020 - Malarg\u00fce HCD\" \/>\n<meta property=\"og:description\" content=\"AUTORA: CONCEJAL PAOLA ROJO BLOQUE FRENTE CAMBIA MENDOZA VISTO: El contenido del Expediente N\u00b0 4.746 HC 017 \u2013 2.020. Boque Cambia Mendoza. Proyecto de Ordenanza: Des\u00edgnese la Sala del Archivo Hist\u00f3rico de Malarg\u00fce con el nombre de Placido Jaque. Su gran labor, entusiasmo y compromiso por el resguardo de valiosa documentaci\u00f3n para la historia de [&hellip;]\" \/>\n<meta property=\"og:url\" content=\"https:\/\/hcd.malargue.gov.ar\/?p=21530\" \/>\n<meta property=\"og:site_name\" content=\"Malarg\u00fce HCD\" \/>\n<meta property=\"article:published_time\" content=\"2020-08-18T15:16:59+00:00\" \/>\n<meta property=\"article:modified_time\" content=\"2020-09-04T14:27:10+00:00\" \/>\n<meta property=\"og:image\" content=\"https:\/\/hcd.malargue.gov.ar\/wp-content\/uploads\/2020\/08\/ORDENANZA-2045-2020.jpg\" \/>\n\t<meta property=\"og:image:width\" content=\"1280\" \/>\n\t<meta property=\"og:image:height\" content=\"720\" \/>\n\t<meta property=\"og:image:type\" content=\"image\/jpeg\" \/>\n<meta name=\"author\" content=\"Belen Pedernera Ferragut\" \/>\n<meta name=\"twitter:card\" content=\"summary_large_image\" \/>\n<meta name=\"twitter:label1\" content=\"Escrito por\" \/>\n\t<meta name=\"twitter:data1\" content=\"Belen Pedernera Ferragut\" \/>\n\t<meta name=\"twitter:label2\" content=\"Tiempo de lectura\" \/>\n\t<meta name=\"twitter:data2\" content=\"5 minutos\" \/>\n<script type=\"application\/ld+json\" class=\"yoast-schema-graph\">{\"@context\":\"https:\/\/schema.org\",\"@graph\":[{\"@type\":\"WebPage\",\"@id\":\"https:\/\/hcd.malargue.gov.ar\/?p=21530\",\"url\":\"https:\/\/hcd.malargue.gov.ar\/?p=21530\",\"name\":\"ORDENANZA N\u00b0 2.045\/2.020 - Malarg\u00fce HCD\",\"isPartOf\":{\"@id\":\"https:\/\/hcd.malargue.gov.ar\/#website\"},\"datePublished\":\"2020-08-18T15:16:59+00:00\",\"dateModified\":\"2020-09-04T14:27:10+00:00\",\"author\":{\"@id\":\"https:\/\/hcd.malargue.gov.ar\/#\/schema\/person\/3fd6bbab64edd703961b795156c955d0\"},\"breadcrumb\":{\"@id\":\"https:\/\/hcd.malargue.gov.ar\/?p=21530#breadcrumb\"},\"inLanguage\":\"es-AR\",\"potentialAction\":[{\"@type\":\"ReadAction\",\"target\":[\"https:\/\/hcd.malargue.gov.ar\/?p=21530\"]}]},{\"@type\":\"BreadcrumbList\",\"@id\":\"https:\/\/hcd.malargue.gov.ar\/?p=21530#breadcrumb\",\"itemListElement\":[{\"@type\":\"ListItem\",\"position\":1,\"name\":\"Inicio\",\"item\":\"https:\/\/hcd.malargue.gov.ar\/\"},{\"@type\":\"ListItem\",\"position\":2,\"name\":\"ORDENANZA N\u00b0 2.045\/2.020\"}]},{\"@type\":\"WebSite\",\"@id\":\"https:\/\/hcd.malargue.gov.ar\/#website\",\"url\":\"https:\/\/hcd.malargue.gov.ar\/\",\"name\":\"Malarg\u00fce HCD\",\"description\":\"Malarg\u00fce Mendoza Argentina\",\"potentialAction\":[{\"@type\":\"SearchAction\",\"target\":{\"@type\":\"EntryPoint\",\"urlTemplate\":\"https:\/\/hcd.malargue.gov.ar\/?s={search_term_string}\"},\"query-input\":\"required name=search_term_string\"}],\"inLanguage\":\"es-AR\"},{\"@type\":\"Person\",\"@id\":\"https:\/\/hcd.malargue.gov.ar\/#\/schema\/person\/3fd6bbab64edd703961b795156c955d0\",\"name\":\"Belen Pedernera Ferragut\",\"image\":{\"@type\":\"ImageObject\",\"inLanguage\":\"es-AR\",\"@id\":\"https:\/\/hcd.malargue.gov.ar\/#\/schema\/person\/image\/\",\"url\":\"https:\/\/secure.gravatar.com\/avatar\/1054ffab3893de4bb3eb29bdd22f7e34b8537bf5d34d9dab311818154ad5b71f?s=96&d=mm&r=g\",\"contentUrl\":\"https:\/\/secure.gravatar.com\/avatar\/1054ffab3893de4bb3eb29bdd22f7e34b8537bf5d34d9dab311818154ad5b71f?s=96&d=mm&r=g\",\"caption\":\"Belen Pedernera Ferragut\"},\"url\":\"https:\/\/hcd.malargue.gov.ar\/?author=5\"}]}<\/script>\n<!-- \/ Yoast SEO plugin. -->","yoast_head_json":{"title":"ORDENANZA N\u00b0 2.045\/2.020 - Malarg\u00fce HCD","robots":{"index":"index","follow":"follow","max-snippet":"max-snippet:-1","max-image-preview":"max-image-preview:large","max-video-preview":"max-video-preview:-1"},"canonical":"https:\/\/hcd.malargue.gov.ar\/?p=21530","og_locale":"es_ES","og_type":"article","og_title":"ORDENANZA N\u00b0 2.045\/2.020 - Malarg\u00fce HCD","og_description":"AUTORA: CONCEJAL PAOLA ROJO BLOQUE FRENTE CAMBIA MENDOZA VISTO: El contenido del Expediente N\u00b0 4.746 HC 017 \u2013 2.020. Boque Cambia Mendoza. Proyecto de Ordenanza: Des\u00edgnese la Sala del Archivo Hist\u00f3rico de Malarg\u00fce con el nombre de Placido Jaque. Su gran labor, entusiasmo y compromiso por el resguardo de valiosa documentaci\u00f3n para la historia de [&hellip;]","og_url":"https:\/\/hcd.malargue.gov.ar\/?p=21530","og_site_name":"Malarg\u00fce HCD","article_published_time":"2020-08-18T15:16:59+00:00","article_modified_time":"2020-09-04T14:27:10+00:00","og_image":[{"width":1280,"height":720,"url":"https:\/\/hcd.malargue.gov.ar\/wp-content\/uploads\/2020\/08\/ORDENANZA-2045-2020.jpg","type":"image\/jpeg"}],"author":"Belen Pedernera Ferragut","twitter_card":"summary_large_image","twitter_misc":{"Escrito por":"Belen Pedernera Ferragut","Tiempo de lectura":"5 minutos"},"schema":{"@context":"https:\/\/schema.org","@graph":[{"@type":"WebPage","@id":"https:\/\/hcd.malargue.gov.ar\/?p=21530","url":"https:\/\/hcd.malargue.gov.ar\/?p=21530","name":"ORDENANZA N\u00b0 2.045\/2.020 - Malarg\u00fce HCD","isPartOf":{"@id":"https:\/\/hcd.malargue.gov.ar\/#website"},"datePublished":"2020-08-18T15:16:59+00:00","dateModified":"2020-09-04T14:27:10+00:00","author":{"@id":"https:\/\/hcd.malargue.gov.ar\/#\/schema\/person\/3fd6bbab64edd703961b795156c955d0"},"breadcrumb":{"@id":"https:\/\/hcd.malargue.gov.ar\/?p=21530#breadcrumb"},"inLanguage":"es-AR","potentialAction":[{"@type":"ReadAction","target":["https:\/\/hcd.malargue.gov.ar\/?p=21530"]}]},{"@type":"BreadcrumbList","@id":"https:\/\/hcd.malargue.gov.ar\/?p=21530#breadcrumb","itemListElement":[{"@type":"ListItem","position":1,"name":"Inicio","item":"https:\/\/hcd.malargue.gov.ar\/"},{"@type":"ListItem","position":2,"name":"ORDENANZA N\u00b0 2.045\/2.020"}]},{"@type":"WebSite","@id":"https:\/\/hcd.malargue.gov.ar\/#website","url":"https:\/\/hcd.malargue.gov.ar\/","name":"Malarg\u00fce HCD","description":"Malarg\u00fce Mendoza Argentina","potentialAction":[{"@type":"SearchAction","target":{"@type":"EntryPoint","urlTemplate":"https:\/\/hcd.malargue.gov.ar\/?s={search_term_string}"},"query-input":"required name=search_term_string"}],"inLanguage":"es-AR"},{"@type":"Person","@id":"https:\/\/hcd.malargue.gov.ar\/#\/schema\/person\/3fd6bbab64edd703961b795156c955d0","name":"Belen Pedernera Ferragut","image":{"@type":"ImageObject","inLanguage":"es-AR","@id":"https:\/\/hcd.malargue.gov.ar\/#\/schema\/person\/image\/","url":"https:\/\/secure.gravatar.com\/avatar\/1054ffab3893de4bb3eb29bdd22f7e34b8537bf5d34d9dab311818154ad5b71f?s=96&d=mm&r=g","contentUrl":"https:\/\/secure.gravatar.com\/avatar\/1054ffab3893de4bb3eb29bdd22f7e34b8537bf5d34d9dab311818154ad5b71f?s=96&d=mm&r=g","caption":"Belen Pedernera Ferragut"},"url":"https:\/\/hcd.malargue.gov.ar\/?author=5"}]}},"_links":{"self":[{"href":"https:\/\/hcd.malargue.gov.ar\/index.php?rest_route=\/wp\/v2\/posts\/21530","targetHints":{"allow":["GET"]}}],"collection":[{"href":"https:\/\/hcd.malargue.gov.ar\/index.php?rest_route=\/wp\/v2\/posts"}],"about":[{"href":"https:\/\/hcd.malargue.gov.ar\/index.php?rest_route=\/wp\/v2\/types\/post"}],"author":[{"embeddable":true,"href":"https:\/\/hcd.malargue.gov.ar\/index.php?rest_route=\/wp\/v2\/users\/5"}],"replies":[{"embeddable":true,"href":"https:\/\/hcd.malargue.gov.ar\/index.php?rest_route=%2Fwp%2Fv2%2Fcomments&post=21530"}],"version-history":[{"count":0,"href":"https:\/\/hcd.malargue.gov.ar\/index.php?rest_route=\/wp\/v2\/posts\/21530\/revisions"}],"wp:featuredmedia":[{"embeddable":true,"href":"https:\/\/hcd.malargue.gov.ar\/index.php?rest_route=\/wp\/v2\/media\/21531"}],"wp:attachment":[{"href":"https:\/\/hcd.malargue.gov.ar\/index.php?rest_route=%2Fwp%2Fv2%2Fmedia&parent=21530"}],"wp:term":[{"taxonomy":"category","embeddable":true,"href":"https:\/\/hcd.malargue.gov.ar\/index.php?rest_route=%2Fwp%2Fv2%2Fcategories&post=21530"},{"taxonomy":"post_tag","embeddable":true,"href":"https:\/\/hcd.malargue.gov.ar\/index.php?rest_route=%2Fwp%2Fv2%2Ftags&post=21530"}],"curies":[{"name":"wp","href":"https:\/\/api.w.org\/{rel}","templated":true}]}}