{"id":21751,"date":"2020-09-17T00:00:57","date_gmt":"2020-09-17T03:00:57","guid":{"rendered":"https:\/\/hcd.malargue.gov.ar\/?p=21751"},"modified":"2020-09-04T10:32:10","modified_gmt":"2020-09-04T13:32:10","slug":"17-de-septiembre-dia-del-profesor-y-la-profesora","status":"publish","type":"post","link":"https:\/\/hcd.malargue.gov.ar\/?p=21751","title":{"rendered":"17 DE SEPTIEMBRE- DIA DEL PROFESOR Y LA PROFESORA"},"content":{"rendered":"<p><span id=\"fbPhotoSnowliftCaption\" class=\"fbPhotosPhotoCaption\" tabindex=\"0\" aria-live=\"polite\" data-ft=\"{&quot;tn&quot;:&quot;K&quot;}\"><span class=\"hasCaption\"><em>En este d\u00eda del profesor y la profesora queremos saludar afectuosamente a quienes d\u00eda a d\u00eda transmiten las ense\u00f1anzas para el aprendizaje y la formaci\u00f3n de jovenes malarg\u00fcinos, el futuro de esta sociedad.<\/em><br \/>\n<em>El compromiso con la educaci\u00f3n esta siempre vigente con los profesores, los estudiantes y toda la comunidad escolar.<\/em> <\/span><\/span><\/p>\n<h4><span id=\"fbPhotoSnowliftCaption\" class=\"fbPhotosPhotoCaption\" tabindex=\"0\" aria-live=\"polite\" data-ft=\"{&quot;tn&quot;:&quot;K&quot;}\"><span class=\"hasCaption\"><em>\u00a1Feliz Dia les desea el Honorable Concejo Deliberante!<\/em><br \/>\n<\/span><\/span><\/h4>\n","protected":false},"excerpt":{"rendered":"<p>En este d\u00eda del profesor y la profesora queremos saludar afectuosamente a quienes d\u00eda a d\u00eda transmiten las ense\u00f1anzas para el aprendizaje y la formaci\u00f3n de jovenes malarg\u00fcinos, el futuro de esta sociedad. El compromiso con la educaci\u00f3n esta siempre vigente con los profesores, los estudiantes y toda la comunidad escolar. \u00a1Feliz Dia les desea [&hellip;]<\/p>\n","protected":false},"author":5,"featured_media":21752,"comment_status":"closed","ping_status":"closed","sticky":false,"template":"","format":"standard","meta":{"footnotes":""},"categories":[69,52,33],"tags":[],"class_list":["post-21751","post","type-post","status-publish","format-standard","has-post-thumbnail","hentry","category-efemerides","category-gacetillas","category-prensa"],"yoast_head":"<!-- This site is optimized with the Yoast SEO plugin v19.10 - https:\/\/yoast.com\/wordpress\/plugins\/seo\/ -->\n<title>17 DE SEPTIEMBRE- DIA DEL PROFESOR Y LA PROFESORA - Malarg\u00fce HCD<\/title>\n<meta name=\"robots\" content=\"index, follow, max-snippet:-1, max-image-preview:large, max-video-preview:-1\" \/>\n<link rel=\"canonical\" href=\"https:\/\/hcd.malargue.gov.ar\/?p=21751\" \/>\n<meta property=\"og:locale\" content=\"es_ES\" \/>\n<meta property=\"og:type\" content=\"article\" \/>\n<meta property=\"og:title\" content=\"17 DE SEPTIEMBRE- DIA DEL PROFESOR Y LA PROFESORA - Malarg\u00fce HCD\" \/>\n<meta property=\"og:description\" content=\"En este d\u00eda del profesor y la profesora queremos saludar afectuosamente a quienes d\u00eda a d\u00eda transmiten las ense\u00f1anzas para el aprendizaje y la formaci\u00f3n de jovenes malarg\u00fcinos, el futuro de esta sociedad. El compromiso con la educaci\u00f3n esta siempre vigente con los profesores, los estudiantes y toda la comunidad escolar. \u00a1Feliz Dia les desea [&hellip;]\" \/>\n<meta property=\"og:url\" content=\"https:\/\/hcd.malargue.gov.ar\/?p=21751\" \/>\n<meta property=\"og:site_name\" content=\"Malarg\u00fce HCD\" \/>\n<meta property=\"article:published_time\" content=\"2020-09-17T03:00:57+00:00\" \/>\n<meta property=\"article:modified_time\" content=\"2020-09-04T13:32:10+00:00\" \/>\n<meta property=\"og:image\" content=\"https:\/\/hcd.malargue.gov.ar\/wp-content\/uploads\/2020\/09\/DIA-DEL-PROFESOR-Y-LA-PROFESORA.jpg\" \/>\n\t<meta property=\"og:image:width\" content=\"960\" \/>\n\t<meta property=\"og:image:height\" content=\"565\" \/>\n\t<meta property=\"og:image:type\" content=\"image\/jpeg\" \/>\n<meta name=\"author\" content=\"Belen Pedernera Ferragut\" \/>\n<meta name=\"twitter:card\" content=\"summary_large_image\" \/>\n<meta name=\"twitter:label1\" content=\"Escrito por\" \/>\n\t<meta name=\"twitter:data1\" content=\"Belen Pedernera Ferragut\" \/>\n<script type=\"application\/ld+json\" class=\"yoast-schema-graph\">{\"@context\":\"https:\/\/schema.org\",\"@graph\":[{\"@type\":\"WebPage\",\"@id\":\"https:\/\/hcd.malargue.gov.ar\/?p=21751\",\"url\":\"https:\/\/hcd.malargue.gov.ar\/?p=21751\",\"name\":\"17 DE SEPTIEMBRE- DIA DEL PROFESOR Y LA PROFESORA - Malarg\u00fce HCD\",\"isPartOf\":{\"@id\":\"https:\/\/hcd.malargue.gov.ar\/#website\"},\"datePublished\":\"2020-09-17T03:00:57+00:00\",\"dateModified\":\"2020-09-04T13:32:10+00:00\",\"author\":{\"@id\":\"https:\/\/hcd.malargue.gov.ar\/#\/schema\/person\/3fd6bbab64edd703961b795156c955d0\"},\"breadcrumb\":{\"@id\":\"https:\/\/hcd.malargue.gov.ar\/?p=21751#breadcrumb\"},\"inLanguage\":\"es-AR\",\"potentialAction\":[{\"@type\":\"ReadAction\",\"target\":[\"https:\/\/hcd.malargue.gov.ar\/?p=21751\"]}]},{\"@type\":\"BreadcrumbList\",\"@id\":\"https:\/\/hcd.malargue.gov.ar\/?p=21751#breadcrumb\",\"itemListElement\":[{\"@type\":\"ListItem\",\"position\":1,\"name\":\"Inicio\",\"item\":\"https:\/\/hcd.malargue.gov.ar\/\"},{\"@type\":\"ListItem\",\"position\":2,\"name\":\"17 DE SEPTIEMBRE- DIA DEL PROFESOR Y LA PROFESORA\"}]},{\"@type\":\"WebSite\",\"@id\":\"https:\/\/hcd.malargue.gov.ar\/#website\",\"url\":\"https:\/\/hcd.malargue.gov.ar\/\",\"name\":\"Malarg\u00fce HCD\",\"description\":\"Malarg\u00fce Mendoza Argentina\",\"potentialAction\":[{\"@type\":\"SearchAction\",\"target\":{\"@type\":\"EntryPoint\",\"urlTemplate\":\"https:\/\/hcd.malargue.gov.ar\/?s={search_term_string}\"},\"query-input\":\"required name=search_term_string\"}],\"inLanguage\":\"es-AR\"},{\"@type\":\"Person\",\"@id\":\"https:\/\/hcd.malargue.gov.ar\/#\/schema\/person\/3fd6bbab64edd703961b795156c955d0\",\"name\":\"Belen Pedernera Ferragut\",\"image\":{\"@type\":\"ImageObject\",\"inLanguage\":\"es-AR\",\"@id\":\"https:\/\/hcd.malargue.gov.ar\/#\/schema\/person\/image\/\",\"url\":\"https:\/\/secure.gravatar.com\/avatar\/1054ffab3893de4bb3eb29bdd22f7e34b8537bf5d34d9dab311818154ad5b71f?s=96&d=mm&r=g\",\"contentUrl\":\"https:\/\/secure.gravatar.com\/avatar\/1054ffab3893de4bb3eb29bdd22f7e34b8537bf5d34d9dab311818154ad5b71f?s=96&d=mm&r=g\",\"caption\":\"Belen Pedernera Ferragut\"},\"url\":\"https:\/\/hcd.malargue.gov.ar\/?author=5\"}]}<\/script>\n<!-- \/ Yoast SEO plugin. -->","yoast_head_json":{"title":"17 DE SEPTIEMBRE- DIA DEL PROFESOR Y LA PROFESORA - Malarg\u00fce HCD","robots":{"index":"index","follow":"follow","max-snippet":"max-snippet:-1","max-image-preview":"max-image-preview:large","max-video-preview":"max-video-preview:-1"},"canonical":"https:\/\/hcd.malargue.gov.ar\/?p=21751","og_locale":"es_ES","og_type":"article","og_title":"17 DE SEPTIEMBRE- DIA DEL PROFESOR Y LA PROFESORA - Malarg\u00fce HCD","og_description":"En este d\u00eda del profesor y la profesora queremos saludar afectuosamente a quienes d\u00eda a d\u00eda transmiten las ense\u00f1anzas para el aprendizaje y la formaci\u00f3n de jovenes malarg\u00fcinos, el futuro de esta sociedad. El compromiso con la educaci\u00f3n esta siempre vigente con los profesores, los estudiantes y toda la comunidad escolar. \u00a1Feliz Dia les desea [&hellip;]","og_url":"https:\/\/hcd.malargue.gov.ar\/?p=21751","og_site_name":"Malarg\u00fce HCD","article_published_time":"2020-09-17T03:00:57+00:00","article_modified_time":"2020-09-04T13:32:10+00:00","og_image":[{"width":960,"height":565,"url":"https:\/\/hcd.malargue.gov.ar\/wp-content\/uploads\/2020\/09\/DIA-DEL-PROFESOR-Y-LA-PROFESORA.jpg","type":"image\/jpeg"}],"author":"Belen Pedernera Ferragut","twitter_card":"summary_large_image","twitter_misc":{"Escrito por":"Belen Pedernera Ferragut"},"schema":{"@context":"https:\/\/schema.org","@graph":[{"@type":"WebPage","@id":"https:\/\/hcd.malargue.gov.ar\/?p=21751","url":"https:\/\/hcd.malargue.gov.ar\/?p=21751","name":"17 DE SEPTIEMBRE- DIA DEL PROFESOR Y LA PROFESORA - Malarg\u00fce HCD","isPartOf":{"@id":"https:\/\/hcd.malargue.gov.ar\/#website"},"datePublished":"2020-09-17T03:00:57+00:00","dateModified":"2020-09-04T13:32:10+00:00","author":{"@id":"https:\/\/hcd.malargue.gov.ar\/#\/schema\/person\/3fd6bbab64edd703961b795156c955d0"},"breadcrumb":{"@id":"https:\/\/hcd.malargue.gov.ar\/?p=21751#breadcrumb"},"inLanguage":"es-AR","potentialAction":[{"@type":"ReadAction","target":["https:\/\/hcd.malargue.gov.ar\/?p=21751"]}]},{"@type":"BreadcrumbList","@id":"https:\/\/hcd.malargue.gov.ar\/?p=21751#breadcrumb","itemListElement":[{"@type":"ListItem","position":1,"name":"Inicio","item":"https:\/\/hcd.malargue.gov.ar\/"},{"@type":"ListItem","position":2,"name":"17 DE SEPTIEMBRE- DIA DEL PROFESOR Y LA PROFESORA"}]},{"@type":"WebSite","@id":"https:\/\/hcd.malargue.gov.ar\/#website","url":"https:\/\/hcd.malargue.gov.ar\/","name":"Malarg\u00fce HCD","description":"Malarg\u00fce Mendoza Argentina","potentialAction":[{"@type":"SearchAction","target":{"@type":"EntryPoint","urlTemplate":"https:\/\/hcd.malargue.gov.ar\/?s={search_term_string}"},"query-input":"required name=search_term_string"}],"inLanguage":"es-AR"},{"@type":"Person","@id":"https:\/\/hcd.malargue.gov.ar\/#\/schema\/person\/3fd6bbab64edd703961b795156c955d0","name":"Belen Pedernera Ferragut","image":{"@type":"ImageObject","inLanguage":"es-AR","@id":"https:\/\/hcd.malargue.gov.ar\/#\/schema\/person\/image\/","url":"https:\/\/secure.gravatar.com\/avatar\/1054ffab3893de4bb3eb29bdd22f7e34b8537bf5d34d9dab311818154ad5b71f?s=96&d=mm&r=g","contentUrl":"https:\/\/secure.gravatar.com\/avatar\/1054ffab3893de4bb3eb29bdd22f7e34b8537bf5d34d9dab311818154ad5b71f?s=96&d=mm&r=g","caption":"Belen Pedernera Ferragut"},"url":"https:\/\/hcd.malargue.gov.ar\/?author=5"}]}},"_links":{"self":[{"href":"https:\/\/hcd.malargue.gov.ar\/index.php?rest_route=\/wp\/v2\/posts\/21751","targetHints":{"allow":["GET"]}}],"collection":[{"href":"https:\/\/hcd.malargue.gov.ar\/index.php?rest_route=\/wp\/v2\/posts"}],"about":[{"href":"https:\/\/hcd.malargue.gov.ar\/index.php?rest_route=\/wp\/v2\/types\/post"}],"author":[{"embeddable":true,"href":"https:\/\/hcd.malargue.gov.ar\/index.php?rest_route=\/wp\/v2\/users\/5"}],"replies":[{"embeddable":true,"href":"https:\/\/hcd.malargue.gov.ar\/index.php?rest_route=%2Fwp%2Fv2%2Fcomments&post=21751"}],"version-history":[{"count":0,"href":"https:\/\/hcd.malargue.gov.ar\/index.php?rest_route=\/wp\/v2\/posts\/21751\/revisions"}],"wp:featuredmedia":[{"embeddable":true,"href":"https:\/\/hcd.malargue.gov.ar\/index.php?rest_route=\/wp\/v2\/media\/21752"}],"wp:attachment":[{"href":"https:\/\/hcd.malargue.gov.ar\/index.php?rest_route=%2Fwp%2Fv2%2Fmedia&parent=21751"}],"wp:term":[{"taxonomy":"category","embeddable":true,"href":"https:\/\/hcd.malargue.gov.ar\/index.php?rest_route=%2Fwp%2Fv2%2Fcategories&post=21751"},{"taxonomy":"post_tag","embeddable":true,"href":"https:\/\/hcd.malargue.gov.ar\/index.php?rest_route=%2Fwp%2Fv2%2Ftags&post=21751"}],"curies":[{"name":"wp","href":"https:\/\/api.w.org\/{rel}","templated":true}]}}