{"id":21957,"date":"2020-10-16T00:00:33","date_gmt":"2020-10-16T03:00:33","guid":{"rendered":"https:\/\/hcd.malargue.gov.ar\/?p=21957"},"modified":"2020-09-16T10:44:37","modified_gmt":"2020-09-16T13:44:37","slug":"21957","status":"publish","type":"post","link":"https:\/\/hcd.malargue.gov.ar\/?p=21957","title":{"rendered":"DIA MUNDIAL DE LA ALIMENTACION- 16 DE OCTUBRE"},"content":{"rendered":"<p>El D\u00eda Mundial de la Alimentaci\u00f3n se celebra el 16 de octubre de cada a\u00f1o.\u200b Fue proclamado en 1979 por la Organizaci\u00f3n de las Naciones Unidas para la Agricultura y la Alimentaci\u00f3n (FAO).\u200b Su finalidad es concientizar a los pueblos del mundo sobre el problema alimentario mundial y fortalecer la solidaridad en la lucha contra el hambre, la desnutrici\u00f3n y la pobreza.<\/p>\n<p><em><strong>La FAO estableci\u00f3 como objetivos para esta celebraci\u00f3n:<\/strong><\/em><\/p>\n<ul>\n<li><em>Estimular una mayor atenci\u00f3n a la producci\u00f3n agr\u00edcola en todos los pa\u00edses y un mayor esfuerzo nacional, bilateral, multilateral y no gubernamental a ese fin.<\/em><\/li>\n<li><em>Estimular la cooperaci\u00f3n econ\u00f3mica y t\u00e9cnica entre pa\u00edses en desarrollo.<\/em><\/li>\n<li><em>Promover la participaci\u00f3n de las poblaciones rurales, especialmente de las mujeres y de los grupos menos privilegiados, en las decisiones y actividades que afectan a sus condiciones de vida.<\/em><\/li>\n<li><em>Aumentar la conciencia p\u00fablica de la naturaleza del problema del hambre en el mundo.<\/em><\/li>\n<li><em>Promover la transferencia de tecnolog\u00edas al mundo en desarrollo.<\/em><\/li>\n<li><em>Fomentar todav\u00eda m\u00e1s el sentido de solidaridad nacional e internacional en la lucha contra el hambre, la malnutrici\u00f3n, la pobreza, se\u00f1alar a la atenci\u00f3n los \u00e9xitos conseguidos en materia de desarrollo alimentario y agr\u00edcola.<\/em><\/li>\n<\/ul>\n","protected":false},"excerpt":{"rendered":"<p>El D\u00eda Mundial de la Alimentaci\u00f3n se celebra el 16 de octubre de cada a\u00f1o.\u200b Fue proclamado en 1979 por la Organizaci\u00f3n de las Naciones Unidas para la Agricultura y la Alimentaci\u00f3n (FAO).\u200b Su finalidad es concientizar a los pueblos del mundo sobre el problema alimentario mundial y fortalecer la solidaridad en la lucha contra [&hellip;]<\/p>\n","protected":false},"author":5,"featured_media":21958,"comment_status":"closed","ping_status":"closed","sticky":false,"template":"","format":"standard","meta":{"footnotes":""},"categories":[69,52,33],"tags":[],"class_list":["post-21957","post","type-post","status-publish","format-standard","has-post-thumbnail","hentry","category-efemerides","category-gacetillas","category-prensa"],"yoast_head":"<!-- This site is optimized with the Yoast SEO plugin v19.10 - https:\/\/yoast.com\/wordpress\/plugins\/seo\/ -->\n<title>DIA MUNDIAL DE LA ALIMENTACION- 16 DE OCTUBRE - Malarg\u00fce HCD<\/title>\n<meta name=\"robots\" content=\"index, follow, max-snippet:-1, max-image-preview:large, max-video-preview:-1\" \/>\n<link rel=\"canonical\" href=\"https:\/\/hcd.malargue.gov.ar\/?p=21957\" \/>\n<meta property=\"og:locale\" content=\"es_ES\" \/>\n<meta property=\"og:type\" content=\"article\" \/>\n<meta property=\"og:title\" content=\"DIA MUNDIAL DE LA ALIMENTACION- 16 DE OCTUBRE - Malarg\u00fce HCD\" \/>\n<meta property=\"og:description\" content=\"El D\u00eda Mundial de la Alimentaci\u00f3n se celebra el 16 de octubre de cada a\u00f1o.\u200b Fue proclamado en 1979 por la Organizaci\u00f3n de las Naciones Unidas para la Agricultura y la Alimentaci\u00f3n (FAO).\u200b Su finalidad es concientizar a los pueblos del mundo sobre el problema alimentario mundial y fortalecer la solidaridad en la lucha contra [&hellip;]\" \/>\n<meta property=\"og:url\" content=\"https:\/\/hcd.malargue.gov.ar\/?p=21957\" \/>\n<meta property=\"og:site_name\" content=\"Malarg\u00fce HCD\" \/>\n<meta property=\"article:published_time\" content=\"2020-10-16T03:00:33+00:00\" \/>\n<meta property=\"article:modified_time\" content=\"2020-09-16T13:44:37+00:00\" \/>\n<meta property=\"og:image\" content=\"https:\/\/hcd.malargue.gov.ar\/wp-content\/uploads\/2020\/09\/DIA-MUNDIAL-DE-LA-ALIMENTACION.jpg\" \/>\n\t<meta property=\"og:image:width\" content=\"931\" \/>\n\t<meta property=\"og:image:height\" content=\"518\" \/>\n\t<meta property=\"og:image:type\" content=\"image\/jpeg\" \/>\n<meta name=\"author\" content=\"Belen Pedernera Ferragut\" \/>\n<meta name=\"twitter:card\" content=\"summary_large_image\" \/>\n<meta name=\"twitter:label1\" content=\"Escrito por\" \/>\n\t<meta name=\"twitter:data1\" content=\"Belen Pedernera Ferragut\" \/>\n\t<meta name=\"twitter:label2\" content=\"Tiempo de lectura\" \/>\n\t<meta name=\"twitter:data2\" content=\"1 minuto\" \/>\n<script type=\"application\/ld+json\" class=\"yoast-schema-graph\">{\"@context\":\"https:\/\/schema.org\",\"@graph\":[{\"@type\":\"WebPage\",\"@id\":\"https:\/\/hcd.malargue.gov.ar\/?p=21957\",\"url\":\"https:\/\/hcd.malargue.gov.ar\/?p=21957\",\"name\":\"DIA MUNDIAL DE LA ALIMENTACION- 16 DE OCTUBRE - Malarg\u00fce HCD\",\"isPartOf\":{\"@id\":\"https:\/\/hcd.malargue.gov.ar\/#website\"},\"datePublished\":\"2020-10-16T03:00:33+00:00\",\"dateModified\":\"2020-09-16T13:44:37+00:00\",\"author\":{\"@id\":\"https:\/\/hcd.malargue.gov.ar\/#\/schema\/person\/3fd6bbab64edd703961b795156c955d0\"},\"breadcrumb\":{\"@id\":\"https:\/\/hcd.malargue.gov.ar\/?p=21957#breadcrumb\"},\"inLanguage\":\"es-AR\",\"potentialAction\":[{\"@type\":\"ReadAction\",\"target\":[\"https:\/\/hcd.malargue.gov.ar\/?p=21957\"]}]},{\"@type\":\"BreadcrumbList\",\"@id\":\"https:\/\/hcd.malargue.gov.ar\/?p=21957#breadcrumb\",\"itemListElement\":[{\"@type\":\"ListItem\",\"position\":1,\"name\":\"Inicio\",\"item\":\"https:\/\/hcd.malargue.gov.ar\/\"},{\"@type\":\"ListItem\",\"position\":2,\"name\":\"DIA MUNDIAL DE LA ALIMENTACION- 16 DE OCTUBRE\"}]},{\"@type\":\"WebSite\",\"@id\":\"https:\/\/hcd.malargue.gov.ar\/#website\",\"url\":\"https:\/\/hcd.malargue.gov.ar\/\",\"name\":\"Malarg\u00fce HCD\",\"description\":\"Malarg\u00fce Mendoza Argentina\",\"potentialAction\":[{\"@type\":\"SearchAction\",\"target\":{\"@type\":\"EntryPoint\",\"urlTemplate\":\"https:\/\/hcd.malargue.gov.ar\/?s={search_term_string}\"},\"query-input\":\"required name=search_term_string\"}],\"inLanguage\":\"es-AR\"},{\"@type\":\"Person\",\"@id\":\"https:\/\/hcd.malargue.gov.ar\/#\/schema\/person\/3fd6bbab64edd703961b795156c955d0\",\"name\":\"Belen Pedernera Ferragut\",\"image\":{\"@type\":\"ImageObject\",\"inLanguage\":\"es-AR\",\"@id\":\"https:\/\/hcd.malargue.gov.ar\/#\/schema\/person\/image\/\",\"url\":\"https:\/\/secure.gravatar.com\/avatar\/1054ffab3893de4bb3eb29bdd22f7e34b8537bf5d34d9dab311818154ad5b71f?s=96&d=mm&r=g\",\"contentUrl\":\"https:\/\/secure.gravatar.com\/avatar\/1054ffab3893de4bb3eb29bdd22f7e34b8537bf5d34d9dab311818154ad5b71f?s=96&d=mm&r=g\",\"caption\":\"Belen Pedernera Ferragut\"},\"url\":\"https:\/\/hcd.malargue.gov.ar\/?author=5\"}]}<\/script>\n<!-- \/ Yoast SEO plugin. -->","yoast_head_json":{"title":"DIA MUNDIAL DE LA ALIMENTACION- 16 DE OCTUBRE - Malarg\u00fce HCD","robots":{"index":"index","follow":"follow","max-snippet":"max-snippet:-1","max-image-preview":"max-image-preview:large","max-video-preview":"max-video-preview:-1"},"canonical":"https:\/\/hcd.malargue.gov.ar\/?p=21957","og_locale":"es_ES","og_type":"article","og_title":"DIA MUNDIAL DE LA ALIMENTACION- 16 DE OCTUBRE - Malarg\u00fce HCD","og_description":"El D\u00eda Mundial de la Alimentaci\u00f3n se celebra el 16 de octubre de cada a\u00f1o.\u200b Fue proclamado en 1979 por la Organizaci\u00f3n de las Naciones Unidas para la Agricultura y la Alimentaci\u00f3n (FAO).\u200b Su finalidad es concientizar a los pueblos del mundo sobre el problema alimentario mundial y fortalecer la solidaridad en la lucha contra [&hellip;]","og_url":"https:\/\/hcd.malargue.gov.ar\/?p=21957","og_site_name":"Malarg\u00fce HCD","article_published_time":"2020-10-16T03:00:33+00:00","article_modified_time":"2020-09-16T13:44:37+00:00","og_image":[{"width":931,"height":518,"url":"https:\/\/hcd.malargue.gov.ar\/wp-content\/uploads\/2020\/09\/DIA-MUNDIAL-DE-LA-ALIMENTACION.jpg","type":"image\/jpeg"}],"author":"Belen Pedernera Ferragut","twitter_card":"summary_large_image","twitter_misc":{"Escrito por":"Belen Pedernera Ferragut","Tiempo de lectura":"1 minuto"},"schema":{"@context":"https:\/\/schema.org","@graph":[{"@type":"WebPage","@id":"https:\/\/hcd.malargue.gov.ar\/?p=21957","url":"https:\/\/hcd.malargue.gov.ar\/?p=21957","name":"DIA MUNDIAL DE LA ALIMENTACION- 16 DE OCTUBRE - Malarg\u00fce HCD","isPartOf":{"@id":"https:\/\/hcd.malargue.gov.ar\/#website"},"datePublished":"2020-10-16T03:00:33+00:00","dateModified":"2020-09-16T13:44:37+00:00","author":{"@id":"https:\/\/hcd.malargue.gov.ar\/#\/schema\/person\/3fd6bbab64edd703961b795156c955d0"},"breadcrumb":{"@id":"https:\/\/hcd.malargue.gov.ar\/?p=21957#breadcrumb"},"inLanguage":"es-AR","potentialAction":[{"@type":"ReadAction","target":["https:\/\/hcd.malargue.gov.ar\/?p=21957"]}]},{"@type":"BreadcrumbList","@id":"https:\/\/hcd.malargue.gov.ar\/?p=21957#breadcrumb","itemListElement":[{"@type":"ListItem","position":1,"name":"Inicio","item":"https:\/\/hcd.malargue.gov.ar\/"},{"@type":"ListItem","position":2,"name":"DIA MUNDIAL DE LA ALIMENTACION- 16 DE OCTUBRE"}]},{"@type":"WebSite","@id":"https:\/\/hcd.malargue.gov.ar\/#website","url":"https:\/\/hcd.malargue.gov.ar\/","name":"Malarg\u00fce HCD","description":"Malarg\u00fce Mendoza Argentina","potentialAction":[{"@type":"SearchAction","target":{"@type":"EntryPoint","urlTemplate":"https:\/\/hcd.malargue.gov.ar\/?s={search_term_string}"},"query-input":"required name=search_term_string"}],"inLanguage":"es-AR"},{"@type":"Person","@id":"https:\/\/hcd.malargue.gov.ar\/#\/schema\/person\/3fd6bbab64edd703961b795156c955d0","name":"Belen Pedernera Ferragut","image":{"@type":"ImageObject","inLanguage":"es-AR","@id":"https:\/\/hcd.malargue.gov.ar\/#\/schema\/person\/image\/","url":"https:\/\/secure.gravatar.com\/avatar\/1054ffab3893de4bb3eb29bdd22f7e34b8537bf5d34d9dab311818154ad5b71f?s=96&d=mm&r=g","contentUrl":"https:\/\/secure.gravatar.com\/avatar\/1054ffab3893de4bb3eb29bdd22f7e34b8537bf5d34d9dab311818154ad5b71f?s=96&d=mm&r=g","caption":"Belen Pedernera Ferragut"},"url":"https:\/\/hcd.malargue.gov.ar\/?author=5"}]}},"_links":{"self":[{"href":"https:\/\/hcd.malargue.gov.ar\/index.php?rest_route=\/wp\/v2\/posts\/21957","targetHints":{"allow":["GET"]}}],"collection":[{"href":"https:\/\/hcd.malargue.gov.ar\/index.php?rest_route=\/wp\/v2\/posts"}],"about":[{"href":"https:\/\/hcd.malargue.gov.ar\/index.php?rest_route=\/wp\/v2\/types\/post"}],"author":[{"embeddable":true,"href":"https:\/\/hcd.malargue.gov.ar\/index.php?rest_route=\/wp\/v2\/users\/5"}],"replies":[{"embeddable":true,"href":"https:\/\/hcd.malargue.gov.ar\/index.php?rest_route=%2Fwp%2Fv2%2Fcomments&post=21957"}],"version-history":[{"count":0,"href":"https:\/\/hcd.malargue.gov.ar\/index.php?rest_route=\/wp\/v2\/posts\/21957\/revisions"}],"wp:featuredmedia":[{"embeddable":true,"href":"https:\/\/hcd.malargue.gov.ar\/index.php?rest_route=\/wp\/v2\/media\/21958"}],"wp:attachment":[{"href":"https:\/\/hcd.malargue.gov.ar\/index.php?rest_route=%2Fwp%2Fv2%2Fmedia&parent=21957"}],"wp:term":[{"taxonomy":"category","embeddable":true,"href":"https:\/\/hcd.malargue.gov.ar\/index.php?rest_route=%2Fwp%2Fv2%2Fcategories&post=21957"},{"taxonomy":"post_tag","embeddable":true,"href":"https:\/\/hcd.malargue.gov.ar\/index.php?rest_route=%2Fwp%2Fv2%2Ftags&post=21957"}],"curies":[{"name":"wp","href":"https:\/\/api.w.org\/{rel}","templated":true}]}}