{"id":22185,"date":"2020-09-30T09:20:17","date_gmt":"2020-09-30T12:20:17","guid":{"rendered":"https:\/\/hcd.malargue.gov.ar\/?p=22185"},"modified":"2020-09-30T09:20:17","modified_gmt":"2020-09-30T12:20:17","slug":"orden-del-dia-16o-sesion-ordinaria-2","status":"publish","type":"post","link":"https:\/\/hcd.malargue.gov.ar\/?p=22185","title":{"rendered":"ORDEN DEL D\u00cdA 16\u00ba SESI\u00d3N ORDINARIA"},"content":{"rendered":"<h5>D\u00eda \u00a0\u00a0Jueves\u00a0 01 de Octubre \u00a0de 2020<\/h5>\n<h5>Hora: 09:00 <a href=\"http:\/\/hcd.malargue.gov.ar\/hcdpdf\/16%20SO%20ORDEN%2001%20de%20Octubre%20de%202020.pdf\"><img loading=\"lazy\" decoding=\"async\" class=\"alignright wp-image-7950\" src=\"https:\/\/hcd.malargue.gov.ar\/wp-content\/uploads\/2018\/06\/PDF-JPG-300x300.jpg\" alt=\"\" width=\"96\" height=\"96\" srcset=\"https:\/\/hcd.malargue.gov.ar\/wp-content\/uploads\/2018\/06\/PDF-JPG-300x300.jpg 300w, https:\/\/hcd.malargue.gov.ar\/wp-content\/uploads\/2018\/06\/PDF-JPG-150x150.jpg 150w, https:\/\/hcd.malargue.gov.ar\/wp-content\/uploads\/2018\/06\/PDF-JPG.jpg 512w\" sizes=\"auto, (max-width: 96px) 100vw, 96px\" \/><\/a><\/h5>\n<p><strong><em>a) Acto de Izar la Ense\u00f1a Patria\u00a0\u00a0 a cargo del Sr. Concejal Gabriel ROSAS <\/em><\/strong><\/p>\n<p><strong><em>b) Homenaje de los Se\u00f1ores Concejales.<\/em><\/strong><\/p>\n<p><strong><em>c) Consideraci\u00f3n Acta Sesi\u00f3n Ordinaria N\u00ba 1047- \u201cO\u201d-2020.-<\/em><\/strong><\/p>\n<p><strong><em>d) Lectura del detalle de la correspondencia recibida y emitida.<\/em><\/strong><\/p>\n<p><strong><em>e) Determinaci\u00f3n de los temas que ser\u00e1n incluidos en el punto Asuntos Varios y puesta a consideraci\u00f3n de mociones de tratamientos sobre tablas de diversos expedientes.<\/em><\/strong><\/p>\n<p><strong><em>f) Proyectos de los Se\u00f1ores Concejales: <\/em><\/strong><\/p>\n<ol>\n<li>Expte. N\u00ba 4.860-HC 025-2020 Proyecto de Resoluci\u00f3n: Solicitar al Departamento Ejecutivo informe sobre tierras municipales. (BLOQUE FRENTE DE TODOS) Autores: Concejales Silvia Correa y Daniela Favari<\/li>\n<li>Expte. N\u00ba 4.861-HC 025-2020 Proyecto de Declaraci\u00f3n: Declarar de Inter\u00e9s Departamental \u201cLas Aventuras del Chivo y la Vizcacha\u201d programa virtual e infantil (BLOQUE FRENTE CAMBIA MENDOZA) Autores: Concejales Mart\u00edn Palma, Luciana Villegas, Gabriel Rosas, Lorena Rojo y Daiana Varas Castro<\/li>\n<li>Expte. N\u00ba 4.862-HC 025-2020 Proyecto de Resoluci\u00f3n: Solicitar a Legisladores Nacionales por Mendoza gestiones ante Agencia de Administraci\u00f3n de Bienes del Estado y Administraci\u00f3n de Infraestructuras Ferroviarias S.E. para brindar a la Municipalidad de Malarg\u00fce la posesi\u00f3n Dominial de tierras donde se ubican Barrios Ferrocarril y Carbometal. (BLOQUE FRENTE CAMBIA MENDOZA) Autor: Concejal Mart\u00edn Palma.<\/li>\n<li>Expte. N\u00ba 4.863-HC 025-2020 Proyecto de Declaraci\u00f3n: Declarar de Inter\u00e9s Departamental, Educativo y Ambiental el Proyecto de Botellas de Amor desarrollados por alumnos de las Escuelas N\u00ba4-190 Dr. James W.Cronin y PS 208 Instituto Secundario Malarg\u00fce .(BLOQUE FRENTE CAMBIA MENDOZA) Autor: Concejal Daiana Varas Castro<\/li>\n<li>Expte. N\u00ba 4.864-HC 025-2020 Proyecto de Declaraci\u00f3n: Declarar de Inter\u00e9s Departamental las Jornadas de Concientizaci\u00f3n y Sensibilizaci\u00f3n sobre las Dificultades Espec\u00edficas del Aprendizaje (DEA) en ni\u00f1os, j\u00f3venes y adultos a realizarse en Octubre (BLOQUE FRENTE CAMBIA MENDOZA) Autores: Concejales Daiana Varas Castro, Luciana Villegas y Paola Rojo<\/li>\n<li>Expte N\u00ba 4.865-HC 025-2020 Proyecto de Ordenanza: Reconocer a deportistas del Departamento de alto rendimiento en todas las disciplinas a trav\u00e9s de diferentes beneficios (BLOQUE FRENTE CAMBIA MENDOZA) Autor: Concejal Paola Rojo<\/li>\n<li>Expte. N\u00ba 4.866-HC 026-2020 Proyecto de Resoluci\u00f3n: Adherir a la Ley N\u00ba 9244 de la Provincia de Mendoza \u201cCreaci\u00f3n del Programa de Prevenci\u00f3n y Abordaje de la Violencia en el \u00e1mbito de las instituciones deportivas (BLOQUE FRENTE CAMBIA MENDOZA) Autores: Concejales Paola Rojo, Luciana Villegas y Daiana Varas Castro<\/li>\n<li>Expte. N\u00ba4.867-HC 026-2020 Proyecto de Ordenanza: Adjudicaci\u00f3n de terreno para construcci\u00f3n de edificio de la Tecnicatura Superior en Conservaci\u00f3n de la Naturaleza Sede Malarg\u00fce dependiente del IEF 9-016 Dr. Jorge Coll (BLOQUE FRENTE DE TODOS ) Autores: Concejales Andr\u00e9s Risi, Jos\u00e9 Barro, Paola Jofr\u00e9 y Silvia Correa.<\/li>\n<li>Expte. N\u00ba 4.868-HC 026-2020 Proyecto de Resoluci\u00f3n: Solicitar al Departamento Ejecutivo informe sobre la metodolog\u00eda en la elaboraci\u00f3n del Plan de Ordenamiento Territorial (BLOQUE FRENTE DE TODOS) Autores: Concejales Andr\u00e9s Risi, Jos\u00e9 Barro, Paola Jofr\u00e9, Silvia Correa y Daniela Favari<\/li>\n<li>Expte.N\u00ba 4.869-HC 026-2020 Proyecto de Ordenanza: Donaci\u00f3n de Terreno para la construcci\u00f3n del edificio de la Escuela Secundaria N\u00ba 4-206 Mapu Mahuida de Bardas Blancas (BLOQUE FRENTE DE TODOS) Autores: Concejales Andr\u00e9s Risi, Jos\u00e9 Barro, Paola Jofr\u00e9 y Silvia Correa.<\/li>\n<li>Expte.N\u00ba 4.870-HC 026-2020 Proyecto de Resoluci\u00f3n: Reiterar solicitud de revisi\u00f3n de concesi\u00f3n a ECOGAS Malarg\u00fce (BLOQUE FRENTE CAMBIA MENDOZA) Autores: Concejales Paola Rojo, Daiana Varas Castro, Luciana Villegas y Mart\u00edn Palma<\/li>\n<li>Expte. N\u00ba 4.871-HC 026-2020 Proyecto de Resoluci\u00f3n: Adherir al Proyecto de Ley de Ficha Limpia (BLOQUE FRENTE CAMBIA MENDOZA) Autores: Concejales Paola Rojo, Daiana Varas Castro, Luciana Villegas y Mart\u00edn Palma<\/li>\n<li>Expte. N\u00ba 4.872-HC 026-2020 Proyecto de Ordenanza: Subsidio a la Semana Educativa, Estudiantil denominada \u201cTOKI\u201d de la Escuela N\u00ba4-138 Aborigen Americano. (BLOQUE FRENTE DE TODOS) Autores: Concejales Andr\u00e9s Risi, Jos\u00e9 Barro, Paola Jofr\u00e9 y Silvia Correa<\/li>\n<\/ol>\n<p><strong><em>g) Expedientes provenientes del Departamento Ejecutivo <\/em><\/strong><\/p>\n<ol>\n<li>Expte. N\u00ba 3677\/2020-0 Directora de Recursos Humanos- Eleva Proyecto de modificaci\u00f3n Ordenanza 1551\/2011 \u201cSalud para mi Familia\u201d<\/li>\n<\/ol>\n<p><strong><em>h) Despachos de las Comisiones de Trabajo:<\/em><\/strong><\/p>\n<ol>\n<li>Expte. N\u00ba 4.852-HC 024-2020 Proyecto de Resoluci\u00f3n: Implementar el Programa \u201cPaseos Virtuales\u201d en locales p\u00fablicos y privados con atenci\u00f3n al p\u00fablico a fin de promocionar atractivos tur\u00edsticos. (O.P.T Y R.N)<\/li>\n<li>Expte. N\u00ba 4.791-HC020-2020 Proyecto de Resoluci\u00f3n: Solicitar informe sobre terreno bald\u00edo\u00a0\u00a0 ubicado en calle Rodolfo Alonso entre Cdte. Rodr\u00edguez y Coscoroba (E.H.M.A.S Y C, O.P.T Y R.N y H.P.L.A.C.)<\/li>\n<li>Expte. N\u00ba 4.835-HC 023-2020 Proyecto de Ordenanza. Relevamiento, erradicaci\u00f3n, forestaci\u00f3n y mantenimiento de \u00e1rboles en puestos y parajes de la zona rural (O.P.T Y R.N y H.P.L.A.C.)<\/li>\n<li>Expte. N\u00ba 4.787-HC 020-2020 Proyecto de Ordenanza: Estudio de caracterizaci\u00f3n ecol\u00f3gica en cuencas de r\u00edos de Malarg\u00fce (O.P.T Y R.N y H.P.L.A.C)<\/li>\n<li>Expte. N\u00ba 4.803-HC 021-2020 Proyecto de Ordenanza Se\u00f1al\u00e9tica, prevenci\u00f3n y asistencia en Violencia de G\u00e9nero (E.H.M.A.S Y C y H.P.L.A.C.)<\/li>\n<li>Expte. N\u00ba 4.824-HC 022-2020 Proyecto de Ordenanza: Adherir a la Ley Provincial \u201cPrograma Provincial de Donaci\u00f3n de Plasma COVID 19\u201d (H.P.L.A.C.)<\/li>\n<li>Expte. N\u00ba 4.795-HC 020-2020 Proyecto de Resoluci\u00f3n: Reparaci\u00f3n y puesta en valor del Hito que representa el paso de la columna del General Ram\u00f3n Freyre sobre la Ruta 222 del Departamento de Malarg\u00fce (E.H.M.A.S Y C; O.P.T Y R.N y H.P.L.A.C.)<\/li>\n<li>Expte. N\u00ba 4.808-HC 021-2020 Proyecto de Resoluci\u00f3n: Solicitar a la Direcci\u00f3n Provincial de Vialidad la reparaci\u00f3n de carpeta asf\u00e1ltica en ingreso a Paraje La Junta y el dique derivador Blas Brisoli (O.P.T Y R.N y H.P.L.A.C.)<\/li>\n<li>Expte. N\u00ba 4.820-HC 022-2020 Proyecto de Resoluci\u00f3n: Declarar de Inter\u00e9s Departamental la participaci\u00f3n de la Dra. Lorena Itat\u00ed Ib\u00e1\u00f1ez en la formulaci\u00f3n de un f\u00e1rmaco vinculado al tratamiento del COVID 19 (E.H.M.A.S Y C Y H.P.L.A.C.)<\/li>\n<li>Expte. N\u00ba 4.834-HC 023-2020 Proyecto de Resoluci\u00f3n: Pedido de Informe- Programa Municipal Igualando Futuro (H.P.L.A.C.)<\/li>\n<li>Expte. N\u00ba 4.821-HC 022-2020 Proyecto de Resoluci\u00f3n: Pedido de Informe sobre estado de revista de agentes municipales de distintas \u00e1reas. (H.P.L.A.C.)<\/li>\n<\/ol>\n<p><strong>i<\/strong><strong><em>) Asuntos Varios. &#8211; <\/em><\/strong><\/p>\n<p><strong><em>j) Acto de arriar el Pabell\u00f3n Nacional a cargo del concejal que lo<\/em><\/strong><strong> iz\u00f3. &#8211; <\/strong><strong>\u00a0\u00a0\u00a0\u00a0\u00a0\u00a0\u00a0\u00a0\u00a0\u00a0\u00a0\u00a0\u00a0\u00a0\u00a0\u00a0\u00a0\u00a0\u00a0\u00a0\u00a0\u00a0\u00a0\u00a0\u00a0\u00a0\u00a0\u00a0 \u00a0\u00a0\u00a0\u00a0\u00a0\u00a0\u00a0\u00a0\u00a0\u00a0\u00a0\u00a0\u00a0\u00a0\u00a0\u00a0\u00a0\u00a0\u00a0\u00a0\u00a0\u00a0\u00a0\u00a0\u00a0\u00a0\u00a0\u00a0\u00a0\u00a0\u00a0\u00a0\u00a0\u00a0\u00a0\u00a0\u00a0\u00a0\u00a0\u00a0\u00a0\u00a0\u00a0\u00a0\u00a0\u00a0\u00a0 <\/strong><\/p>\n<p><strong>\u00a0\u00a0\u00a0\u00a0\u00a0\u00a0\u00a0\u00a0\u00a0\u00a0\u00a0\u00a0\u00a0\u00a0\u00a0\u00a0\u00a0\u00a0\u00a0\u00a0\u00a0\u00a0\u00a0\u00a0\u00a0\u00a0\u00a0\u00a0\u00a0\u00a0\u00a0\u00a0\u00a0\u00a0\u00a0\u00a0\u00a0\u00a0\u00a0\u00a0\u00a0\u00a0\u00a0\u00a0\u00a0\u00a0\u00a0\u00a0\u00a0\u00a0\u00a0\u00a0\u00a0\u00a0\u00a0\u00a0\u00a0\u00a0\u00a0\u00a0\u00a0\u00a0\u00a0\u00a0\u00a0\u00a0\u00a0\u00a0\u00a0\u00a0\u00a0\u00a0\u00a0\u00a0\u00a0\u00a0\u00a0\u00a0\u00a0\u00a0\u00a0\u00a0\u00a0\u00a0\u00a0\u00a0\u00a0\u00a0\u00a0 Presidencia H.C.D \u00a0\u00a029 \u00a0de Setiembre de 2020.-<\/strong><\/p>\n<p><strong>CORRESPONDENCIA\u00a0 PARA LA SESI\u00d3N<\/strong><\/p>\n<p><strong>Del d\u00eda Jueves 01 de Octubre de 2020<\/strong><\/p>\n<p><strong>NOTAS INGRESADAS<\/strong><\/p>\n<p>1.Sra. Marianela In\u00e9s Barrera y Ezequiel S\u00e1nchez por Uni\u00f3n Vecinal Barrio Virgen de los Vientos, solicitan hacer uso de Banca del Ciudadano a fin de exponer inquietudes de los vecinos.<\/p>\n<p>2.Vecinos de Barrio Virgen de los Vientos, solicitan se concrete la red de gas natural y manifiestan descontento con puesto de Control Covid ubicado en ingreso al barrio y otras inquietudes.<\/p>\n<p>3.C\u00e1mara de Comercio y Afines eleva Acta Acuerdo por el Desarrollo del Nodo Intermodal Log\u00edstico La Junta en rechazo al Proyecto Area de Servicios Log\u00edsticos de San Rafael Distrito El Sosneado.<\/p>\n<p><strong>NOTAS EMITIDAS<\/strong><\/p>\n<p>1.Al Sr. Presidente Honorable C\u00e1mara de Senadores de la Pcia. remitiendo copia de Comunicaci\u00f3n N\u00ba 472\/2020, solicitando se acompa\u00f1e proyecto de ley de creaci\u00f3n de fondo solidario para trabajadores de la cultura.<\/p>\n<p>2.A la C\u00e1mara de Comercio y Afines, C\u00e1mara Joven, Asociaci\u00f3n Sanmartiniana, Direcci\u00f3n General de Escuelas y Legisladores Provinciales por el Cuarto Distrito Electoral, remitiendo copia de Resoluci\u00f3n N\u00ba 218\/2020 solicitando incorporar en la agenda cultural municipal de agosto el Programa de Concientizaci\u00f3n y Educaci\u00f3n \u201cMalarg\u00fce Tierra Sanmartiniana\u201d.<\/p>\n<p>3.Al Sr. Presidente de la Empresa Mendocina de Energ\u00eda, remitiendo copia de Resoluci\u00f3n N\u00ba 215\/2020 solicitando tarifa diferencial de Energ\u00eda El\u00e9ctrica a Pie de Presa de Portezuelo del Viento.<\/p>\n<p>4.Al Sr. Director de Cultura y Coordinador de Promoci\u00f3n e Investigaci\u00f3n Patrimonial, remitiendo copia de Resoluci\u00f3n N\u00ba 212\/2020 declarando de Inter\u00e9s Departamental el ciclo de programas testimoniales Huellas Malarg\u00fcinas \u2013 Declarar Patrimonio Cultural Inmaterial del Departamento a las Cantoras Populares Malarg\u00fcinas.<\/p>\n<p>5.Al Congreso de la Naci\u00f3n remitiendo copia de Resoluci\u00f3n N\u00ba 220\/2020 solicitando pr\u00f3rroga de 10 a\u00f1os del beneficio de tarifa diferenciada de gas para el Departamento.<\/p>\n<p>6.Al Sr. Director de Turismo, Coordinador de Unidad de Deporte de Alto Rendimiento, Coordinador de Deporte Social y Rural, Presidente de EMETUR, C\u00e1mara de Comercio y Gastronom\u00eda y AMATUR, remitiendo copia de Resoluci\u00f3n N\u00ba 222\/2020, declarando al Departamento de Malarg\u00fce como Ciudad Runner.<\/p>\n<p>7.Al Sr. Intendente Municipal, remitiendo antecedentes de presentaci\u00f3n HC 166\/20 Sres Nicol\u00e1s Olate y Laura Cabello por ruidos molestos ocasionador por gimnasio Crossfit.<\/p>\n<p>8.A Direcci\u00f3n de Recursos Naturales Renovables y Legisladores Provinciales por el Cuarto Distrito Electoral, remitiendo copia de Resoluci\u00f3n N\u00ba 234\/2020 declarando Monumento Natural y de Inter\u00e9s Departamental la conservaci\u00f3n del Gato Andino.<\/p>\n<p>9.A Escuela N\u00ba 4-018 Manuel N. Savio y Subdelegaci\u00f3n Gral De Escuelas, remitiendo copia de Declaraci\u00f3n N\u00ba 278\/2020 declarando de Inter\u00e9s Departamental el Proyecto Recreo Activo.<\/p>\n<p>10.Al Sr. Gobernador de la Provincia, Ministerio de Salud, Desarrollo Social y Deportes, Coordinaci\u00f3n Administrativa Hospital Malarg\u00fce y Legisladores Provinciales por el Cuarto Distrito Electoral, remitiendo copia de Resoluci\u00f3n N\u00ba 242\/2020 solicitando urgente intervenci\u00f3n a fin de solucionar problem\u00e1tica del Hospital Malarg\u00fce.<\/p>\n","protected":false},"excerpt":{"rendered":"<p>D\u00eda \u00a0\u00a0Jueves\u00a0 01 de Octubre \u00a0de 2020 Hora: 09:00 a) Acto de Izar la Ense\u00f1a Patria\u00a0\u00a0 a cargo del Sr. Concejal Gabriel ROSAS b) Homenaje de los Se\u00f1ores Concejales. c) Consideraci\u00f3n Acta Sesi\u00f3n Ordinaria N\u00ba 1047- \u201cO\u201d-2020.- d) Lectura del detalle de la correspondencia recibida y emitida. e) Determinaci\u00f3n de los temas que ser\u00e1n incluidos [&hellip;]<\/p>\n","protected":false},"author":5,"featured_media":22186,"comment_status":"closed","ping_status":"closed","sticky":false,"template":"","format":"standard","meta":{"footnotes":""},"categories":[52,58,33,36],"tags":[],"class_list":["post-22185","post","type-post","status-publish","format-standard","has-post-thumbnail","hentry","category-gacetillas","category-ordinarias","category-prensa","category-sesiones"],"yoast_head":"<!-- This site is optimized with the Yoast SEO plugin v19.10 - https:\/\/yoast.com\/wordpress\/plugins\/seo\/ -->\n<title>ORDEN DEL D\u00cdA 16\u00ba SESI\u00d3N ORDINARIA - Malarg\u00fce HCD<\/title>\n<meta name=\"robots\" content=\"index, follow, max-snippet:-1, max-image-preview:large, max-video-preview:-1\" \/>\n<link rel=\"canonical\" href=\"https:\/\/hcd.malargue.gov.ar\/?p=22185\" \/>\n<meta property=\"og:locale\" content=\"es_ES\" \/>\n<meta property=\"og:type\" content=\"article\" \/>\n<meta property=\"og:title\" content=\"ORDEN DEL D\u00cdA 16\u00ba SESI\u00d3N ORDINARIA - Malarg\u00fce HCD\" \/>\n<meta property=\"og:description\" content=\"D\u00eda \u00a0\u00a0Jueves\u00a0 01 de Octubre \u00a0de 2020 Hora: 09:00 a) Acto de Izar la Ense\u00f1a Patria\u00a0\u00a0 a cargo del Sr. Concejal Gabriel ROSAS b) Homenaje de los Se\u00f1ores Concejales. c) Consideraci\u00f3n Acta Sesi\u00f3n Ordinaria N\u00ba 1047- \u201cO\u201d-2020.- d) Lectura del detalle de la correspondencia recibida y emitida. e) Determinaci\u00f3n de los temas que ser\u00e1n incluidos [&hellip;]\" \/>\n<meta property=\"og:url\" content=\"https:\/\/hcd.malargue.gov.ar\/?p=22185\" \/>\n<meta property=\"og:site_name\" content=\"Malarg\u00fce HCD\" \/>\n<meta property=\"article:published_time\" content=\"2020-09-30T12:20:17+00:00\" \/>\n<meta property=\"og:image\" content=\"https:\/\/hcd.malargue.gov.ar\/wp-content\/uploads\/2020\/09\/ROSAS-Bandera-scaled.jpg\" \/>\n\t<meta property=\"og:image:width\" content=\"2560\" \/>\n\t<meta property=\"og:image:height\" content=\"2182\" \/>\n\t<meta property=\"og:image:type\" content=\"image\/jpeg\" \/>\n<meta name=\"author\" content=\"Belen Pedernera Ferragut\" \/>\n<meta name=\"twitter:card\" content=\"summary_large_image\" \/>\n<meta name=\"twitter:label1\" content=\"Escrito por\" \/>\n\t<meta name=\"twitter:data1\" content=\"Belen Pedernera Ferragut\" \/>\n\t<meta name=\"twitter:label2\" content=\"Tiempo de lectura\" \/>\n\t<meta name=\"twitter:data2\" content=\"8 minutos\" \/>\n<script type=\"application\/ld+json\" class=\"yoast-schema-graph\">{\"@context\":\"https:\/\/schema.org\",\"@graph\":[{\"@type\":\"WebPage\",\"@id\":\"https:\/\/hcd.malargue.gov.ar\/?p=22185\",\"url\":\"https:\/\/hcd.malargue.gov.ar\/?p=22185\",\"name\":\"ORDEN DEL D\u00cdA 16\u00ba SESI\u00d3N ORDINARIA - Malarg\u00fce HCD\",\"isPartOf\":{\"@id\":\"https:\/\/hcd.malargue.gov.ar\/#website\"},\"datePublished\":\"2020-09-30T12:20:17+00:00\",\"dateModified\":\"2020-09-30T12:20:17+00:00\",\"author\":{\"@id\":\"https:\/\/hcd.malargue.gov.ar\/#\/schema\/person\/3fd6bbab64edd703961b795156c955d0\"},\"breadcrumb\":{\"@id\":\"https:\/\/hcd.malargue.gov.ar\/?p=22185#breadcrumb\"},\"inLanguage\":\"es-AR\",\"potentialAction\":[{\"@type\":\"ReadAction\",\"target\":[\"https:\/\/hcd.malargue.gov.ar\/?p=22185\"]}]},{\"@type\":\"BreadcrumbList\",\"@id\":\"https:\/\/hcd.malargue.gov.ar\/?p=22185#breadcrumb\",\"itemListElement\":[{\"@type\":\"ListItem\",\"position\":1,\"name\":\"Inicio\",\"item\":\"https:\/\/hcd.malargue.gov.ar\/\"},{\"@type\":\"ListItem\",\"position\":2,\"name\":\"ORDEN DEL D\u00cdA 16\u00ba SESI\u00d3N ORDINARIA\"}]},{\"@type\":\"WebSite\",\"@id\":\"https:\/\/hcd.malargue.gov.ar\/#website\",\"url\":\"https:\/\/hcd.malargue.gov.ar\/\",\"name\":\"Malarg\u00fce HCD\",\"description\":\"Malarg\u00fce Mendoza Argentina\",\"potentialAction\":[{\"@type\":\"SearchAction\",\"target\":{\"@type\":\"EntryPoint\",\"urlTemplate\":\"https:\/\/hcd.malargue.gov.ar\/?s={search_term_string}\"},\"query-input\":\"required name=search_term_string\"}],\"inLanguage\":\"es-AR\"},{\"@type\":\"Person\",\"@id\":\"https:\/\/hcd.malargue.gov.ar\/#\/schema\/person\/3fd6bbab64edd703961b795156c955d0\",\"name\":\"Belen Pedernera Ferragut\",\"image\":{\"@type\":\"ImageObject\",\"inLanguage\":\"es-AR\",\"@id\":\"https:\/\/hcd.malargue.gov.ar\/#\/schema\/person\/image\/\",\"url\":\"https:\/\/secure.gravatar.com\/avatar\/1054ffab3893de4bb3eb29bdd22f7e34b8537bf5d34d9dab311818154ad5b71f?s=96&d=mm&r=g\",\"contentUrl\":\"https:\/\/secure.gravatar.com\/avatar\/1054ffab3893de4bb3eb29bdd22f7e34b8537bf5d34d9dab311818154ad5b71f?s=96&d=mm&r=g\",\"caption\":\"Belen Pedernera Ferragut\"},\"url\":\"https:\/\/hcd.malargue.gov.ar\/?author=5\"}]}<\/script>\n<!-- \/ Yoast SEO plugin. -->","yoast_head_json":{"title":"ORDEN DEL D\u00cdA 16\u00ba SESI\u00d3N ORDINARIA - Malarg\u00fce HCD","robots":{"index":"index","follow":"follow","max-snippet":"max-snippet:-1","max-image-preview":"max-image-preview:large","max-video-preview":"max-video-preview:-1"},"canonical":"https:\/\/hcd.malargue.gov.ar\/?p=22185","og_locale":"es_ES","og_type":"article","og_title":"ORDEN DEL D\u00cdA 16\u00ba SESI\u00d3N ORDINARIA - Malarg\u00fce HCD","og_description":"D\u00eda \u00a0\u00a0Jueves\u00a0 01 de Octubre \u00a0de 2020 Hora: 09:00 a) Acto de Izar la Ense\u00f1a Patria\u00a0\u00a0 a cargo del Sr. Concejal Gabriel ROSAS b) Homenaje de los Se\u00f1ores Concejales. c) Consideraci\u00f3n Acta Sesi\u00f3n Ordinaria N\u00ba 1047- \u201cO\u201d-2020.- d) Lectura del detalle de la correspondencia recibida y emitida. e) Determinaci\u00f3n de los temas que ser\u00e1n incluidos [&hellip;]","og_url":"https:\/\/hcd.malargue.gov.ar\/?p=22185","og_site_name":"Malarg\u00fce HCD","article_published_time":"2020-09-30T12:20:17+00:00","og_image":[{"width":2560,"height":2182,"url":"https:\/\/hcd.malargue.gov.ar\/wp-content\/uploads\/2020\/09\/ROSAS-Bandera-scaled.jpg","type":"image\/jpeg"}],"author":"Belen Pedernera Ferragut","twitter_card":"summary_large_image","twitter_misc":{"Escrito por":"Belen Pedernera Ferragut","Tiempo de lectura":"8 minutos"},"schema":{"@context":"https:\/\/schema.org","@graph":[{"@type":"WebPage","@id":"https:\/\/hcd.malargue.gov.ar\/?p=22185","url":"https:\/\/hcd.malargue.gov.ar\/?p=22185","name":"ORDEN DEL D\u00cdA 16\u00ba SESI\u00d3N ORDINARIA - Malarg\u00fce HCD","isPartOf":{"@id":"https:\/\/hcd.malargue.gov.ar\/#website"},"datePublished":"2020-09-30T12:20:17+00:00","dateModified":"2020-09-30T12:20:17+00:00","author":{"@id":"https:\/\/hcd.malargue.gov.ar\/#\/schema\/person\/3fd6bbab64edd703961b795156c955d0"},"breadcrumb":{"@id":"https:\/\/hcd.malargue.gov.ar\/?p=22185#breadcrumb"},"inLanguage":"es-AR","potentialAction":[{"@type":"ReadAction","target":["https:\/\/hcd.malargue.gov.ar\/?p=22185"]}]},{"@type":"BreadcrumbList","@id":"https:\/\/hcd.malargue.gov.ar\/?p=22185#breadcrumb","itemListElement":[{"@type":"ListItem","position":1,"name":"Inicio","item":"https:\/\/hcd.malargue.gov.ar\/"},{"@type":"ListItem","position":2,"name":"ORDEN DEL D\u00cdA 16\u00ba SESI\u00d3N ORDINARIA"}]},{"@type":"WebSite","@id":"https:\/\/hcd.malargue.gov.ar\/#website","url":"https:\/\/hcd.malargue.gov.ar\/","name":"Malarg\u00fce HCD","description":"Malarg\u00fce Mendoza Argentina","potentialAction":[{"@type":"SearchAction","target":{"@type":"EntryPoint","urlTemplate":"https:\/\/hcd.malargue.gov.ar\/?s={search_term_string}"},"query-input":"required name=search_term_string"}],"inLanguage":"es-AR"},{"@type":"Person","@id":"https:\/\/hcd.malargue.gov.ar\/#\/schema\/person\/3fd6bbab64edd703961b795156c955d0","name":"Belen Pedernera Ferragut","image":{"@type":"ImageObject","inLanguage":"es-AR","@id":"https:\/\/hcd.malargue.gov.ar\/#\/schema\/person\/image\/","url":"https:\/\/secure.gravatar.com\/avatar\/1054ffab3893de4bb3eb29bdd22f7e34b8537bf5d34d9dab311818154ad5b71f?s=96&d=mm&r=g","contentUrl":"https:\/\/secure.gravatar.com\/avatar\/1054ffab3893de4bb3eb29bdd22f7e34b8537bf5d34d9dab311818154ad5b71f?s=96&d=mm&r=g","caption":"Belen Pedernera Ferragut"},"url":"https:\/\/hcd.malargue.gov.ar\/?author=5"}]}},"_links":{"self":[{"href":"https:\/\/hcd.malargue.gov.ar\/index.php?rest_route=\/wp\/v2\/posts\/22185","targetHints":{"allow":["GET"]}}],"collection":[{"href":"https:\/\/hcd.malargue.gov.ar\/index.php?rest_route=\/wp\/v2\/posts"}],"about":[{"href":"https:\/\/hcd.malargue.gov.ar\/index.php?rest_route=\/wp\/v2\/types\/post"}],"author":[{"embeddable":true,"href":"https:\/\/hcd.malargue.gov.ar\/index.php?rest_route=\/wp\/v2\/users\/5"}],"replies":[{"embeddable":true,"href":"https:\/\/hcd.malargue.gov.ar\/index.php?rest_route=%2Fwp%2Fv2%2Fcomments&post=22185"}],"version-history":[{"count":0,"href":"https:\/\/hcd.malargue.gov.ar\/index.php?rest_route=\/wp\/v2\/posts\/22185\/revisions"}],"wp:featuredmedia":[{"embeddable":true,"href":"https:\/\/hcd.malargue.gov.ar\/index.php?rest_route=\/wp\/v2\/media\/22186"}],"wp:attachment":[{"href":"https:\/\/hcd.malargue.gov.ar\/index.php?rest_route=%2Fwp%2Fv2%2Fmedia&parent=22185"}],"wp:term":[{"taxonomy":"category","embeddable":true,"href":"https:\/\/hcd.malargue.gov.ar\/index.php?rest_route=%2Fwp%2Fv2%2Fcategories&post=22185"},{"taxonomy":"post_tag","embeddable":true,"href":"https:\/\/hcd.malargue.gov.ar\/index.php?rest_route=%2Fwp%2Fv2%2Ftags&post=22185"}],"curies":[{"name":"wp","href":"https:\/\/api.w.org\/{rel}","templated":true}]}}