{"id":22318,"date":"2020-10-13T09:40:52","date_gmt":"2020-10-13T12:40:52","guid":{"rendered":"https:\/\/hcd.malargue.gov.ar\/?p=22318"},"modified":"2020-10-13T09:44:28","modified_gmt":"2020-10-13T12:44:28","slug":"declaracion-n-279-2-020","status":"publish","type":"post","link":"https:\/\/hcd.malargue.gov.ar\/?p=22318","title":{"rendered":"DECLARACI\u00d3N N\u00b0 279\/2.020"},"content":{"rendered":"<p><strong>AUTORA:<\/strong> CONCEJAL PAOLA ROJO<a href=\"https:\/\/hcd.malargue.gov.ar\/hcdpdf\/Decla%20279%202020%20semana%20de%20la%20inclusion%20usa%20el%20amor%20como%20un%20puente.pdf\"><img loading=\"lazy\" decoding=\"async\" class=\"alignright wp-image-7950\" src=\"https:\/\/hcd.malargue.gov.ar\/wp-content\/uploads\/2018\/06\/PDF-JPG-300x300.jpg\" alt=\"\" width=\"94\" height=\"94\" srcset=\"https:\/\/hcd.malargue.gov.ar\/wp-content\/uploads\/2018\/06\/PDF-JPG-300x300.jpg 300w, https:\/\/hcd.malargue.gov.ar\/wp-content\/uploads\/2018\/06\/PDF-JPG-150x150.jpg 150w, https:\/\/hcd.malargue.gov.ar\/wp-content\/uploads\/2018\/06\/PDF-JPG.jpg 512w\" sizes=\"auto, (max-width: 94px) 100vw, 94px\" \/><\/a><\/p>\n<p>BLOQUE FRENTE CAMBIA MENDOZA<\/p>\n<p>VISTO: El contenido del Expediente N\u00b0 4.873 HC 026 \u2013 2.020. Bloque Frente Cambia Mendoza. Proyecto de Declaraci\u00f3n: Declarar de Inter\u00e9s Departamental la Semana de la Inclusi\u00f3n, Cruzada por la Inclusi\u00f3n Educativa \u201cUsa el amor como un puente\u201d en memoria de la Profesora Susana Yelacich, de la Escuela Dr. Juan Maur\u00edn Navarro.<\/p>\n<p>El presente proyecto surge a partir de la necesidad de crear conciencia sobre la importancia de la Inclusi\u00f3n Educativa en la comunidad del Departamento de Malarg\u00fce, y desarrolla apertura hacia la sociedad por parte de la instituci\u00f3n y quienes la conforman.<\/p>\n<p>Y;<\/p>\n<p>CONSIDERANDO: Que se pretende informar y dar a conocer a trav\u00e9s de la difusi\u00f3n digital y medios de comunicaci\u00f3n el modo de trabajo de los distintos servicios que brinda esta Instituci\u00f3n a la sociedad.<\/p>\n<p>Que la Escuela N\u00b0 2-030 &#8220;Dr. Juan Maur\u00edn Navarro&#8221; fue creada el 16 de septiembre de 1974, para atender a ni\u00f1os con trastornos de aprendizaje, previa realizaci\u00f3n por parte de la docente Violeta Aguilar de un diagn\u00f3stico en escuelas comunes sobre los alumnos con reiteradas repitencias.<\/p>\n<p>Que su objetivo Institucional se basa en conformar un equipo s\u00f3lido para brindar a los alumnos oportunidades y herramientas para su desarrollo integral, contribuyendo al desarrollo de sus capacidades y al reconocimiento y control de sus emociones a partir de la planificaci\u00f3n centrada en la persona destacando la participaci\u00f3n de la familia<\/p>\n<p>Que la Escuela N\u00b0 2-030 &#8220;Dr. Juan Maur\u00edn Navarro\u201d atiende ni\u00f1os con diferentes capacidades intelectuales, es por ello que en busca de resaltar y promocionar su misi\u00f3n institucional design\u00f3 Semana de la Inclusi\u00f3n Educativa al programa de actividades que convoca a todos los niveles y modalidades del sistema educativo y que, este a\u00f1o propone que durante la semana del 5 al 9 de octubre se realicen diferentes actividades que promuevan y concienticen sobre la inclusi\u00f3n educativa en nuestro Departamento.<\/p>\n<p>Que hablar de inclusi\u00f3n educativa implica fomentar y trabajar en la empat\u00eda, tolerancia, respeto, solidaridad, aceptaci\u00f3n, compromiso bas\u00e1ndonos en el amor, una condici\u00f3n y acci\u00f3n para el bien del pr\u00f3jimo que transforma y mejora la sociedad.<\/p>\n<p>Que cada acci\u00f3n que conlleve a una inclusi\u00f3n educativa debe fomentar lazos, redes y construir \u201cpuentes\u201d.<\/p>\n<p>Que cada actividad propuesta es en memoria de la Profesora Susana Yelacich, una Trabajadora de la Educaci\u00f3n, que represent\u00f3 en acci\u00f3n a la Educaci\u00f3n Especial en nuestra provincia, desde diferentes \u00e1mbitos<\/p>\n<p>EL HONORABLE CONCEJO DELIBERANTE DE LA MUNICIPALIDAD DE MALARG\u00dcE EN USO DE LAS FACULTADES QUE LE SON PROPIAS<\/p>\n<p>DECLARA<\/p>\n<p>ARTICULO 1\u00b0: Declarar de Inter\u00e9s Departamental la Semana de la Inclusi\u00f3n 2020, Cruzada por la Inclusi\u00f3n Educativa \u201cUsa el amor como un puente\u201d en memoria de la Profesora Susana Yelacich, realizada por la Escuela N\u00b0 2-030, Dr. Juan Maur\u00edn Navarro.<\/p>\n<p>ART\u00cdCULO 2\u00b0: Valorar las actividades que se llevar\u00e1n a cabo durante esta semana pretendiendo promocionar su cultura inclusiva. Entendiendo que la inclusi\u00f3n educativa es parte de la inclusi\u00f3n social, siendo:<\/p>\n<ul>\n<li>Presentaci\u00f3n del proyecto a la se\u00f1ora supervisora Nora L\u00f3pez por el equipo directivo.<\/li>\n<li>Creaci\u00f3n de la p\u00e1gina oficial de la instituci\u00f3n en Facebook.<\/li>\n<li>Entrega de las propuestas a los directivos de cada comunidad educativa para su participaci\u00f3n.<\/li>\n<li>Presentaci\u00f3n de actividades ante autoridades de Direcci\u00f3n General de Escuelas, Educaci\u00f3n Especial y del orden, Honorable Concejo Deliberante y Oficina de la Legislatura Provincial en Malarg\u00fce.<\/li>\n<li>Elaboraci\u00f3n y presentaci\u00f3n del video publicitario anticipando la Semana de la Inclusi\u00f3n Educativa y sus actividades.<\/li>\n<li>Organizaci\u00f3n de un sorteo por las redes sociales de un cuadro donado por etiquetar a tres amigos participando de: #CRUZADA POR LA INCLUSI\u00d3N EDUCATIVA, \u201cEL AMOR COMO PUENTE\u201d en Memoria de la Profesora Susana Yelacich<\/li>\n<\/ul>\n<p>ART\u00cdCULO 3\u00b0: Enviar copia de la presente pieza legal a:<\/p>\n<ul>\n<li>Departamento Ejecutivo y \u00e1reas competentes<\/li>\n<li>Subdelegada Administrativa Sur de la Direcci\u00f3n General de Escuelas de Malarg\u00fce.<\/li>\n<li>Supervisora de Educaci\u00f3n Especial Secci\u00f3n N\u00ba3.<\/li>\n<li>Directora de la Escuela N\u00b0 2-030 &#8220;Dr. Juan Maur\u00edn Navarro&#8221;.<\/li>\n<\/ul>\n<p>ARTICULO 4\u00b0: Difundir a trav\u00e9s del \u00c1rea de Prensa del Honorable Concejo Deliberante, y Prensa Municipal.<\/p>\n<p>ARTICULO 5\u00b0: Comun\u00edquese, reg\u00edstrese, agr\u00e9guese copia de la presente en las actuaciones correspondientes y arch\u00edvese.<\/p>\n<p>DADA EN LA SALA DE SESIONES DR. RICARDO BALBIN DEL HONORABLE CONCEJO DELIBERANTE DE LA MUNICIPALIDAD DE MALARG\u00dcE A UN D\u00cdA DE OCTUBRE DE DOS MIL VEINTE.<\/p>\n","protected":false},"excerpt":{"rendered":"<p>AUTORA: CONCEJAL PAOLA ROJO BLOQUE FRENTE CAMBIA MENDOZA VISTO: El contenido del Expediente N\u00b0 4.873 HC 026 \u2013 2.020. Bloque Frente Cambia Mendoza. Proyecto de Declaraci\u00f3n: Declarar de Inter\u00e9s Departamental la Semana de la Inclusi\u00f3n, Cruzada por la Inclusi\u00f3n Educativa \u201cUsa el amor como un puente\u201d en memoria de la Profesora Susana Yelacich, de la [&hellip;]<\/p>\n","protected":false},"author":5,"featured_media":22319,"comment_status":"closed","ping_status":"closed","sticky":false,"template":"","format":"standard","meta":{"footnotes":""},"categories":[46,52,29,33],"tags":[],"class_list":["post-22318","post","type-post","status-publish","format-standard","has-post-thumbnail","hentry","category-declaraciones","category-gacetillas","category-lesgilacion","category-prensa"],"yoast_head":"<!-- This site is optimized with the Yoast SEO plugin v19.10 - https:\/\/yoast.com\/wordpress\/plugins\/seo\/ -->\n<title>DECLARACI\u00d3N N\u00b0 279\/2.020 - Malarg\u00fce HCD<\/title>\n<meta name=\"robots\" content=\"index, follow, max-snippet:-1, max-image-preview:large, max-video-preview:-1\" \/>\n<link rel=\"canonical\" href=\"https:\/\/hcd.malargue.gov.ar\/?p=22318\" \/>\n<meta property=\"og:locale\" content=\"es_ES\" \/>\n<meta property=\"og:type\" content=\"article\" \/>\n<meta property=\"og:title\" content=\"DECLARACI\u00d3N N\u00b0 279\/2.020 - Malarg\u00fce HCD\" \/>\n<meta property=\"og:description\" content=\"AUTORA: CONCEJAL PAOLA ROJO BLOQUE FRENTE CAMBIA MENDOZA VISTO: El contenido del Expediente N\u00b0 4.873 HC 026 \u2013 2.020. Bloque Frente Cambia Mendoza. Proyecto de Declaraci\u00f3n: Declarar de Inter\u00e9s Departamental la Semana de la Inclusi\u00f3n, Cruzada por la Inclusi\u00f3n Educativa \u201cUsa el amor como un puente\u201d en memoria de la Profesora Susana Yelacich, de la [&hellip;]\" \/>\n<meta property=\"og:url\" content=\"https:\/\/hcd.malargue.gov.ar\/?p=22318\" \/>\n<meta property=\"og:site_name\" content=\"Malarg\u00fce HCD\" \/>\n<meta property=\"article:published_time\" content=\"2020-10-13T12:40:52+00:00\" \/>\n<meta property=\"article:modified_time\" content=\"2020-10-13T12:44:28+00:00\" \/>\n<meta property=\"og:image\" content=\"https:\/\/hcd.malargue.gov.ar\/wp-content\/uploads\/2020\/10\/decla-279-2020-.jpg\" \/>\n\t<meta property=\"og:image:width\" content=\"1280\" \/>\n\t<meta property=\"og:image:height\" content=\"720\" \/>\n\t<meta property=\"og:image:type\" content=\"image\/jpeg\" \/>\n<meta name=\"author\" content=\"Belen Pedernera Ferragut\" \/>\n<meta name=\"twitter:card\" content=\"summary_large_image\" \/>\n<meta name=\"twitter:label1\" content=\"Escrito por\" \/>\n\t<meta name=\"twitter:data1\" content=\"Belen Pedernera Ferragut\" \/>\n\t<meta name=\"twitter:label2\" content=\"Tiempo de lectura\" \/>\n\t<meta name=\"twitter:data2\" content=\"4 minutos\" \/>\n<script type=\"application\/ld+json\" class=\"yoast-schema-graph\">{\"@context\":\"https:\/\/schema.org\",\"@graph\":[{\"@type\":\"WebPage\",\"@id\":\"https:\/\/hcd.malargue.gov.ar\/?p=22318\",\"url\":\"https:\/\/hcd.malargue.gov.ar\/?p=22318\",\"name\":\"DECLARACI\u00d3N N\u00b0 279\/2.020 - Malarg\u00fce HCD\",\"isPartOf\":{\"@id\":\"https:\/\/hcd.malargue.gov.ar\/#website\"},\"datePublished\":\"2020-10-13T12:40:52+00:00\",\"dateModified\":\"2020-10-13T12:44:28+00:00\",\"author\":{\"@id\":\"https:\/\/hcd.malargue.gov.ar\/#\/schema\/person\/3fd6bbab64edd703961b795156c955d0\"},\"breadcrumb\":{\"@id\":\"https:\/\/hcd.malargue.gov.ar\/?p=22318#breadcrumb\"},\"inLanguage\":\"es-AR\",\"potentialAction\":[{\"@type\":\"ReadAction\",\"target\":[\"https:\/\/hcd.malargue.gov.ar\/?p=22318\"]}]},{\"@type\":\"BreadcrumbList\",\"@id\":\"https:\/\/hcd.malargue.gov.ar\/?p=22318#breadcrumb\",\"itemListElement\":[{\"@type\":\"ListItem\",\"position\":1,\"name\":\"Inicio\",\"item\":\"https:\/\/hcd.malargue.gov.ar\/\"},{\"@type\":\"ListItem\",\"position\":2,\"name\":\"DECLARACI\u00d3N N\u00b0 279\/2.020\"}]},{\"@type\":\"WebSite\",\"@id\":\"https:\/\/hcd.malargue.gov.ar\/#website\",\"url\":\"https:\/\/hcd.malargue.gov.ar\/\",\"name\":\"Malarg\u00fce HCD\",\"description\":\"Malarg\u00fce Mendoza Argentina\",\"potentialAction\":[{\"@type\":\"SearchAction\",\"target\":{\"@type\":\"EntryPoint\",\"urlTemplate\":\"https:\/\/hcd.malargue.gov.ar\/?s={search_term_string}\"},\"query-input\":\"required name=search_term_string\"}],\"inLanguage\":\"es-AR\"},{\"@type\":\"Person\",\"@id\":\"https:\/\/hcd.malargue.gov.ar\/#\/schema\/person\/3fd6bbab64edd703961b795156c955d0\",\"name\":\"Belen Pedernera Ferragut\",\"image\":{\"@type\":\"ImageObject\",\"inLanguage\":\"es-AR\",\"@id\":\"https:\/\/hcd.malargue.gov.ar\/#\/schema\/person\/image\/\",\"url\":\"https:\/\/secure.gravatar.com\/avatar\/1054ffab3893de4bb3eb29bdd22f7e34b8537bf5d34d9dab311818154ad5b71f?s=96&d=mm&r=g\",\"contentUrl\":\"https:\/\/secure.gravatar.com\/avatar\/1054ffab3893de4bb3eb29bdd22f7e34b8537bf5d34d9dab311818154ad5b71f?s=96&d=mm&r=g\",\"caption\":\"Belen Pedernera Ferragut\"},\"url\":\"https:\/\/hcd.malargue.gov.ar\/?author=5\"}]}<\/script>\n<!-- \/ Yoast SEO plugin. -->","yoast_head_json":{"title":"DECLARACI\u00d3N N\u00b0 279\/2.020 - Malarg\u00fce HCD","robots":{"index":"index","follow":"follow","max-snippet":"max-snippet:-1","max-image-preview":"max-image-preview:large","max-video-preview":"max-video-preview:-1"},"canonical":"https:\/\/hcd.malargue.gov.ar\/?p=22318","og_locale":"es_ES","og_type":"article","og_title":"DECLARACI\u00d3N N\u00b0 279\/2.020 - Malarg\u00fce HCD","og_description":"AUTORA: CONCEJAL PAOLA ROJO BLOQUE FRENTE CAMBIA MENDOZA VISTO: El contenido del Expediente N\u00b0 4.873 HC 026 \u2013 2.020. Bloque Frente Cambia Mendoza. Proyecto de Declaraci\u00f3n: Declarar de Inter\u00e9s Departamental la Semana de la Inclusi\u00f3n, Cruzada por la Inclusi\u00f3n Educativa \u201cUsa el amor como un puente\u201d en memoria de la Profesora Susana Yelacich, de la [&hellip;]","og_url":"https:\/\/hcd.malargue.gov.ar\/?p=22318","og_site_name":"Malarg\u00fce HCD","article_published_time":"2020-10-13T12:40:52+00:00","article_modified_time":"2020-10-13T12:44:28+00:00","og_image":[{"width":1280,"height":720,"url":"https:\/\/hcd.malargue.gov.ar\/wp-content\/uploads\/2020\/10\/decla-279-2020-.jpg","type":"image\/jpeg"}],"author":"Belen Pedernera Ferragut","twitter_card":"summary_large_image","twitter_misc":{"Escrito por":"Belen Pedernera Ferragut","Tiempo de lectura":"4 minutos"},"schema":{"@context":"https:\/\/schema.org","@graph":[{"@type":"WebPage","@id":"https:\/\/hcd.malargue.gov.ar\/?p=22318","url":"https:\/\/hcd.malargue.gov.ar\/?p=22318","name":"DECLARACI\u00d3N N\u00b0 279\/2.020 - Malarg\u00fce HCD","isPartOf":{"@id":"https:\/\/hcd.malargue.gov.ar\/#website"},"datePublished":"2020-10-13T12:40:52+00:00","dateModified":"2020-10-13T12:44:28+00:00","author":{"@id":"https:\/\/hcd.malargue.gov.ar\/#\/schema\/person\/3fd6bbab64edd703961b795156c955d0"},"breadcrumb":{"@id":"https:\/\/hcd.malargue.gov.ar\/?p=22318#breadcrumb"},"inLanguage":"es-AR","potentialAction":[{"@type":"ReadAction","target":["https:\/\/hcd.malargue.gov.ar\/?p=22318"]}]},{"@type":"BreadcrumbList","@id":"https:\/\/hcd.malargue.gov.ar\/?p=22318#breadcrumb","itemListElement":[{"@type":"ListItem","position":1,"name":"Inicio","item":"https:\/\/hcd.malargue.gov.ar\/"},{"@type":"ListItem","position":2,"name":"DECLARACI\u00d3N N\u00b0 279\/2.020"}]},{"@type":"WebSite","@id":"https:\/\/hcd.malargue.gov.ar\/#website","url":"https:\/\/hcd.malargue.gov.ar\/","name":"Malarg\u00fce HCD","description":"Malarg\u00fce Mendoza Argentina","potentialAction":[{"@type":"SearchAction","target":{"@type":"EntryPoint","urlTemplate":"https:\/\/hcd.malargue.gov.ar\/?s={search_term_string}"},"query-input":"required name=search_term_string"}],"inLanguage":"es-AR"},{"@type":"Person","@id":"https:\/\/hcd.malargue.gov.ar\/#\/schema\/person\/3fd6bbab64edd703961b795156c955d0","name":"Belen Pedernera Ferragut","image":{"@type":"ImageObject","inLanguage":"es-AR","@id":"https:\/\/hcd.malargue.gov.ar\/#\/schema\/person\/image\/","url":"https:\/\/secure.gravatar.com\/avatar\/1054ffab3893de4bb3eb29bdd22f7e34b8537bf5d34d9dab311818154ad5b71f?s=96&d=mm&r=g","contentUrl":"https:\/\/secure.gravatar.com\/avatar\/1054ffab3893de4bb3eb29bdd22f7e34b8537bf5d34d9dab311818154ad5b71f?s=96&d=mm&r=g","caption":"Belen Pedernera Ferragut"},"url":"https:\/\/hcd.malargue.gov.ar\/?author=5"}]}},"_links":{"self":[{"href":"https:\/\/hcd.malargue.gov.ar\/index.php?rest_route=\/wp\/v2\/posts\/22318","targetHints":{"allow":["GET"]}}],"collection":[{"href":"https:\/\/hcd.malargue.gov.ar\/index.php?rest_route=\/wp\/v2\/posts"}],"about":[{"href":"https:\/\/hcd.malargue.gov.ar\/index.php?rest_route=\/wp\/v2\/types\/post"}],"author":[{"embeddable":true,"href":"https:\/\/hcd.malargue.gov.ar\/index.php?rest_route=\/wp\/v2\/users\/5"}],"replies":[{"embeddable":true,"href":"https:\/\/hcd.malargue.gov.ar\/index.php?rest_route=%2Fwp%2Fv2%2Fcomments&post=22318"}],"version-history":[{"count":0,"href":"https:\/\/hcd.malargue.gov.ar\/index.php?rest_route=\/wp\/v2\/posts\/22318\/revisions"}],"wp:featuredmedia":[{"embeddable":true,"href":"https:\/\/hcd.malargue.gov.ar\/index.php?rest_route=\/wp\/v2\/media\/22319"}],"wp:attachment":[{"href":"https:\/\/hcd.malargue.gov.ar\/index.php?rest_route=%2Fwp%2Fv2%2Fmedia&parent=22318"}],"wp:term":[{"taxonomy":"category","embeddable":true,"href":"https:\/\/hcd.malargue.gov.ar\/index.php?rest_route=%2Fwp%2Fv2%2Fcategories&post=22318"},{"taxonomy":"post_tag","embeddable":true,"href":"https:\/\/hcd.malargue.gov.ar\/index.php?rest_route=%2Fwp%2Fv2%2Ftags&post=22318"}],"curies":[{"name":"wp","href":"https:\/\/api.w.org\/{rel}","templated":true}]}}