{"id":22369,"date":"2020-10-14T09:07:38","date_gmt":"2020-10-14T12:07:38","guid":{"rendered":"https:\/\/hcd.malargue.gov.ar\/?p=22369"},"modified":"2020-10-14T09:08:07","modified_gmt":"2020-10-14T12:08:07","slug":"declaracion-n-281-2-020","status":"publish","type":"post","link":"https:\/\/hcd.malargue.gov.ar\/?p=22369","title":{"rendered":"DECLARACI\u00d3N N\u00b0 281\/2.020"},"content":{"rendered":"<p><strong>AUTORES:<\/strong> CONCEJALES PAOLA ROJO, GABRIEL ROSAS, DAIANA VARAS, MARTIN PALMA Y LUCIANA VILLEGAS<a href=\"https:\/\/hcd.malargue.gov.ar\/hcdpdf\/decla%20281%202020%20Las%20Aventuras%20del%20Chivo%20y%20la%20Vizcacha.pdf\"><img loading=\"lazy\" decoding=\"async\" class=\"alignright wp-image-7950\" src=\"https:\/\/hcd.malargue.gov.ar\/wp-content\/uploads\/2018\/06\/PDF-JPG-300x300.jpg\" alt=\"\" width=\"91\" height=\"91\" srcset=\"https:\/\/hcd.malargue.gov.ar\/wp-content\/uploads\/2018\/06\/PDF-JPG-300x300.jpg 300w, https:\/\/hcd.malargue.gov.ar\/wp-content\/uploads\/2018\/06\/PDF-JPG-150x150.jpg 150w, https:\/\/hcd.malargue.gov.ar\/wp-content\/uploads\/2018\/06\/PDF-JPG.jpg 512w\" sizes=\"auto, (max-width: 91px) 100vw, 91px\" \/><\/a><\/p>\n<p>BLOQUE FRENTE CAMBIA MENDOZA<\/p>\n<p>VISTO: El contenido del Expte. N\u00b0 4.861-HC-025-2.020.Bloque\u00a0 Frente Cambia Mendoza. \u00a0\u00a0\u00a0\u00a0\u00a0 Proyecto de Declaraci\u00f3n: \u00a0Declarar de Inter\u00e9s Departamental \u201cLas Aventuras del\u00a0 Chivo y la Vizcacha\u201d, programa virtual e infantil.<\/p>\n<p>Las nuevas formas de comunicaci\u00f3n implementadas por causa la pandemia, y la necesidad de generar actividades recreativas para los ni\u00f1os a trav\u00e9s del arte.<\/p>\n<p>y;<\/p>\n<p>CONSIDERANDO: Que dicho Programa surge con la intenci\u00f3n de\u00a0 apoyar a los \u00a0\u00a0\u00a0\u00a0\u00a0\u00a0\u00a0\u00a0\u00a0\u00a0 ni\u00f1os de la zona rural y urbana, \u00a0en estos tiempos\u00a0 de pandemia, a trav\u00e9s\u00a0 de la \u00a0\u00a0\u00a0 actividad antes mencionada, de car\u00e1cter creativa\/educativa, fortaleciendo as\u00ed los \u00a0\u00a0\u00a0\u00a0\u00a0 valores en nuestra sociedad\u00a0 por medio del arte, la participaci\u00f3n activa e interacci\u00f3n \u00a0\u00a0 virtual.<\/p>\n<p>Que dicha actividad consta del personaje principal, el CHIVO quien \u00a0es amigo de la \u00a0\u00a0\u00a0\u00a0\u00a0\u00a0 VIZCACHA en donde ambos muestran diferentes Parajes tur\u00edsticos de Malarg\u00fce.<\/p>\n<p>Que al utilizar a dichos personajes, se reivindica\u00a0 a la fauna Provincial y \u00a0 aut\u00f3noma, \u00a0\u00a0\u00a0\u00a0\u00a0 permitiendo con ello que los m\u00e1s peque\u00f1os conozcan parte de esta, referente\u00a0 al lugar en donde viven.<\/p>\n<p>Que esta actividad cuenta con la informaci\u00f3n\u00a0 tur\u00edstica del Departamento, lo que facilita a los ni\u00f1os conocer el sitio en donde\u00a0 habitan\u00a0 y sus vastos recursos.<\/p>\n<p>Que adem\u00e1s incluye entre las actividades, la presentaci\u00f3n de distintos ni\u00f1os \u00a0\u00a0\u00a0\u00a0\u00a0\u00a0\u00a0 malarg\u00fcinos los cuales sumaron al concurso de \u201cMi peque\u00f1o gran talento\u201d, en \u00a0\u00a0\u00a0\u00a0\u00a0\u00a0 donde muestran las habilidades art\u00edsticas que poseen.<\/p>\n<p>Que la estimulaci\u00f3n art\u00edstica conlleva numerosos beneficios en el aprendizaje de los \u00a0\u00a0\u00a0\u00a0\u00a0 ni\u00f1os y se pueden conseguir importantes desarrollos personales, acad\u00e9micos y en su \u00a0\u00a0\u00a0\u00a0\u00a0\u00a0\u00a0\u00a0\u00a0\u00a0 vida social, siendo esto un aporte a la ense\u00f1anza emocional y social sobre todo en \u00a0\u00a0\u00a0\u00a0\u00a0 tiempos de pandemia.<\/p>\n<p>Que los talleres de car\u00e1cter solidario son un medio de ayuda y atenci\u00f3n a las \u00a0\u00a0\u00a0\u00a0\u00a0\u00a0 familias en general, que colaboran en la contenci\u00f3n de los ni\u00f1os.<\/p>\n<p>Que es una actividad inclusiva, ya que facilita el acceso a ni\u00f1os con diferentes \u00a0\u00a0\u00a0 realidades, acercando los medios necesarios para que todos puedan\u00a0\u00a0 participar.<\/p>\n<p>Que es de suma importancia brinda la oportunidad de sumar agrupaciones sociales y \u00a0\u00a0\u00a0\u00a0\u00a0 particulares que trabajen en pos del bien de la ni\u00f1ez.<\/p>\n<p>EL HONORABLE CONCEJO DELIBERANTE DE LA MUNICIPALIDAD DE MALARGUE EN USO DE LAS FACULTADES QUE SON PROPIAS:<\/p>\n<p>DECLARA<\/p>\n<p>ART\u00cdCULO 1\u00b0: Declarar \u00a0de Inter\u00e9s Municipal, Comunitario y Cultural, \u201cLAS \u00a0 AVENTURAS DEL CHIVO Y LA VIZCACHA\u201d.<\/p>\n<p>ARTICULO \u00a02\u00b0: Destacar por el trabajo did\u00e1ctico realizado a los docentes Marisa Eraso y \u00a0\u00a0\u00a0\u00a0\u00a0\u00a0\u00a0 Mauro Pav\u00e9z, autores de dicho programa.<\/p>\n<p>ARTICULO 3\u00b0: Realizar\u00a0 entrega de certificado en reconocimiento a todos los ni\u00f1os que \u00a0\u00a0\u00a0\u00a0\u00a0\u00a0\u00a0\u00a0\u00a0 participaron\u00a0 para revalidar as\u00ed\u00a0 su actuaci\u00f3n.<\/p>\n<p>ARTICULO 4\u00b0: Comun\u00edquese, reg\u00edstrese, agr\u00e9guese copia de la presente en las actuaciones \u00a0\u00a0\u00a0\u00a0\u00a0\u00a0\u00a0\u00a0\u00a0\u00a0\u00a0 correspondientes y arch\u00edvese.<\/p>\n<p>DADA EN LA SALA DE SESIONES DR. RICARDO BALBIN DEL HONORABLE CONCEJO DELIBERANTE DE LA MUNICIPALIDAD DE MALARG\u00dcE A OCHO D\u00cdAS DE OCTUBRE DE DOS MIL VEINTE.<\/p>\n<p>&nbsp;<\/p>\n","protected":false},"excerpt":{"rendered":"<p>AUTORES: CONCEJALES PAOLA ROJO, GABRIEL ROSAS, DAIANA VARAS, MARTIN PALMA Y LUCIANA VILLEGAS BLOQUE FRENTE CAMBIA MENDOZA VISTO: El contenido del Expte. N\u00b0 4.861-HC-025-2.020.Bloque\u00a0 Frente Cambia Mendoza. \u00a0\u00a0\u00a0\u00a0\u00a0 Proyecto de Declaraci\u00f3n: \u00a0Declarar de Inter\u00e9s Departamental \u201cLas Aventuras del\u00a0 Chivo y la Vizcacha\u201d, programa virtual e infantil. Las nuevas formas de comunicaci\u00f3n implementadas por causa la [&hellip;]<\/p>\n","protected":false},"author":5,"featured_media":22373,"comment_status":"closed","ping_status":"closed","sticky":false,"template":"","format":"standard","meta":{"footnotes":""},"categories":[46,52,29,33],"tags":[],"class_list":["post-22369","post","type-post","status-publish","format-standard","has-post-thumbnail","hentry","category-declaraciones","category-gacetillas","category-lesgilacion","category-prensa"],"yoast_head":"<!-- This site is optimized with the Yoast SEO plugin v19.10 - https:\/\/yoast.com\/wordpress\/plugins\/seo\/ -->\n<title>DECLARACI\u00d3N N\u00b0 281\/2.020 - Malarg\u00fce HCD<\/title>\n<meta name=\"robots\" content=\"index, follow, max-snippet:-1, max-image-preview:large, max-video-preview:-1\" \/>\n<link rel=\"canonical\" href=\"https:\/\/hcd.malargue.gov.ar\/?p=22369\" \/>\n<meta property=\"og:locale\" content=\"es_ES\" \/>\n<meta property=\"og:type\" content=\"article\" \/>\n<meta property=\"og:title\" content=\"DECLARACI\u00d3N N\u00b0 281\/2.020 - Malarg\u00fce HCD\" \/>\n<meta property=\"og:description\" content=\"AUTORES: CONCEJALES PAOLA ROJO, GABRIEL ROSAS, DAIANA VARAS, MARTIN PALMA Y LUCIANA VILLEGAS BLOQUE FRENTE CAMBIA MENDOZA VISTO: El contenido del Expte. N\u00b0 4.861-HC-025-2.020.Bloque\u00a0 Frente Cambia Mendoza. \u00a0\u00a0\u00a0\u00a0\u00a0 Proyecto de Declaraci\u00f3n: \u00a0Declarar de Inter\u00e9s Departamental \u201cLas Aventuras del\u00a0 Chivo y la Vizcacha\u201d, programa virtual e infantil. Las nuevas formas de comunicaci\u00f3n implementadas por causa la [&hellip;]\" \/>\n<meta property=\"og:url\" content=\"https:\/\/hcd.malargue.gov.ar\/?p=22369\" \/>\n<meta property=\"og:site_name\" content=\"Malarg\u00fce HCD\" \/>\n<meta property=\"article:published_time\" content=\"2020-10-14T12:07:38+00:00\" \/>\n<meta property=\"article:modified_time\" content=\"2020-10-14T12:08:07+00:00\" \/>\n<meta property=\"og:image\" content=\"https:\/\/hcd.malargue.gov.ar\/wp-content\/uploads\/2020\/10\/DECLA-281-2020.jpg\" \/>\n\t<meta property=\"og:image:width\" content=\"1280\" \/>\n\t<meta property=\"og:image:height\" content=\"720\" \/>\n\t<meta property=\"og:image:type\" content=\"image\/jpeg\" \/>\n<meta name=\"author\" content=\"Belen Pedernera Ferragut\" \/>\n<meta name=\"twitter:card\" content=\"summary_large_image\" \/>\n<meta name=\"twitter:label1\" content=\"Escrito por\" \/>\n\t<meta name=\"twitter:data1\" content=\"Belen Pedernera Ferragut\" \/>\n\t<meta name=\"twitter:label2\" content=\"Tiempo de lectura\" \/>\n\t<meta name=\"twitter:data2\" content=\"3 minutos\" \/>\n<script type=\"application\/ld+json\" class=\"yoast-schema-graph\">{\"@context\":\"https:\/\/schema.org\",\"@graph\":[{\"@type\":\"WebPage\",\"@id\":\"https:\/\/hcd.malargue.gov.ar\/?p=22369\",\"url\":\"https:\/\/hcd.malargue.gov.ar\/?p=22369\",\"name\":\"DECLARACI\u00d3N N\u00b0 281\/2.020 - Malarg\u00fce HCD\",\"isPartOf\":{\"@id\":\"https:\/\/hcd.malargue.gov.ar\/#website\"},\"datePublished\":\"2020-10-14T12:07:38+00:00\",\"dateModified\":\"2020-10-14T12:08:07+00:00\",\"author\":{\"@id\":\"https:\/\/hcd.malargue.gov.ar\/#\/schema\/person\/3fd6bbab64edd703961b795156c955d0\"},\"breadcrumb\":{\"@id\":\"https:\/\/hcd.malargue.gov.ar\/?p=22369#breadcrumb\"},\"inLanguage\":\"es-AR\",\"potentialAction\":[{\"@type\":\"ReadAction\",\"target\":[\"https:\/\/hcd.malargue.gov.ar\/?p=22369\"]}]},{\"@type\":\"BreadcrumbList\",\"@id\":\"https:\/\/hcd.malargue.gov.ar\/?p=22369#breadcrumb\",\"itemListElement\":[{\"@type\":\"ListItem\",\"position\":1,\"name\":\"Inicio\",\"item\":\"https:\/\/hcd.malargue.gov.ar\/\"},{\"@type\":\"ListItem\",\"position\":2,\"name\":\"DECLARACI\u00d3N N\u00b0 281\/2.020\"}]},{\"@type\":\"WebSite\",\"@id\":\"https:\/\/hcd.malargue.gov.ar\/#website\",\"url\":\"https:\/\/hcd.malargue.gov.ar\/\",\"name\":\"Malarg\u00fce HCD\",\"description\":\"Malarg\u00fce Mendoza Argentina\",\"potentialAction\":[{\"@type\":\"SearchAction\",\"target\":{\"@type\":\"EntryPoint\",\"urlTemplate\":\"https:\/\/hcd.malargue.gov.ar\/?s={search_term_string}\"},\"query-input\":\"required name=search_term_string\"}],\"inLanguage\":\"es-AR\"},{\"@type\":\"Person\",\"@id\":\"https:\/\/hcd.malargue.gov.ar\/#\/schema\/person\/3fd6bbab64edd703961b795156c955d0\",\"name\":\"Belen Pedernera Ferragut\",\"image\":{\"@type\":\"ImageObject\",\"inLanguage\":\"es-AR\",\"@id\":\"https:\/\/hcd.malargue.gov.ar\/#\/schema\/person\/image\/\",\"url\":\"https:\/\/secure.gravatar.com\/avatar\/1054ffab3893de4bb3eb29bdd22f7e34b8537bf5d34d9dab311818154ad5b71f?s=96&d=mm&r=g\",\"contentUrl\":\"https:\/\/secure.gravatar.com\/avatar\/1054ffab3893de4bb3eb29bdd22f7e34b8537bf5d34d9dab311818154ad5b71f?s=96&d=mm&r=g\",\"caption\":\"Belen Pedernera Ferragut\"},\"url\":\"https:\/\/hcd.malargue.gov.ar\/?author=5\"}]}<\/script>\n<!-- \/ Yoast SEO plugin. -->","yoast_head_json":{"title":"DECLARACI\u00d3N N\u00b0 281\/2.020 - Malarg\u00fce HCD","robots":{"index":"index","follow":"follow","max-snippet":"max-snippet:-1","max-image-preview":"max-image-preview:large","max-video-preview":"max-video-preview:-1"},"canonical":"https:\/\/hcd.malargue.gov.ar\/?p=22369","og_locale":"es_ES","og_type":"article","og_title":"DECLARACI\u00d3N N\u00b0 281\/2.020 - Malarg\u00fce HCD","og_description":"AUTORES: CONCEJALES PAOLA ROJO, GABRIEL ROSAS, DAIANA VARAS, MARTIN PALMA Y LUCIANA VILLEGAS BLOQUE FRENTE CAMBIA MENDOZA VISTO: El contenido del Expte. N\u00b0 4.861-HC-025-2.020.Bloque\u00a0 Frente Cambia Mendoza. \u00a0\u00a0\u00a0\u00a0\u00a0 Proyecto de Declaraci\u00f3n: \u00a0Declarar de Inter\u00e9s Departamental \u201cLas Aventuras del\u00a0 Chivo y la Vizcacha\u201d, programa virtual e infantil. Las nuevas formas de comunicaci\u00f3n implementadas por causa la [&hellip;]","og_url":"https:\/\/hcd.malargue.gov.ar\/?p=22369","og_site_name":"Malarg\u00fce HCD","article_published_time":"2020-10-14T12:07:38+00:00","article_modified_time":"2020-10-14T12:08:07+00:00","og_image":[{"width":1280,"height":720,"url":"https:\/\/hcd.malargue.gov.ar\/wp-content\/uploads\/2020\/10\/DECLA-281-2020.jpg","type":"image\/jpeg"}],"author":"Belen Pedernera Ferragut","twitter_card":"summary_large_image","twitter_misc":{"Escrito por":"Belen Pedernera Ferragut","Tiempo de lectura":"3 minutos"},"schema":{"@context":"https:\/\/schema.org","@graph":[{"@type":"WebPage","@id":"https:\/\/hcd.malargue.gov.ar\/?p=22369","url":"https:\/\/hcd.malargue.gov.ar\/?p=22369","name":"DECLARACI\u00d3N N\u00b0 281\/2.020 - Malarg\u00fce HCD","isPartOf":{"@id":"https:\/\/hcd.malargue.gov.ar\/#website"},"datePublished":"2020-10-14T12:07:38+00:00","dateModified":"2020-10-14T12:08:07+00:00","author":{"@id":"https:\/\/hcd.malargue.gov.ar\/#\/schema\/person\/3fd6bbab64edd703961b795156c955d0"},"breadcrumb":{"@id":"https:\/\/hcd.malargue.gov.ar\/?p=22369#breadcrumb"},"inLanguage":"es-AR","potentialAction":[{"@type":"ReadAction","target":["https:\/\/hcd.malargue.gov.ar\/?p=22369"]}]},{"@type":"BreadcrumbList","@id":"https:\/\/hcd.malargue.gov.ar\/?p=22369#breadcrumb","itemListElement":[{"@type":"ListItem","position":1,"name":"Inicio","item":"https:\/\/hcd.malargue.gov.ar\/"},{"@type":"ListItem","position":2,"name":"DECLARACI\u00d3N N\u00b0 281\/2.020"}]},{"@type":"WebSite","@id":"https:\/\/hcd.malargue.gov.ar\/#website","url":"https:\/\/hcd.malargue.gov.ar\/","name":"Malarg\u00fce HCD","description":"Malarg\u00fce Mendoza Argentina","potentialAction":[{"@type":"SearchAction","target":{"@type":"EntryPoint","urlTemplate":"https:\/\/hcd.malargue.gov.ar\/?s={search_term_string}"},"query-input":"required name=search_term_string"}],"inLanguage":"es-AR"},{"@type":"Person","@id":"https:\/\/hcd.malargue.gov.ar\/#\/schema\/person\/3fd6bbab64edd703961b795156c955d0","name":"Belen Pedernera Ferragut","image":{"@type":"ImageObject","inLanguage":"es-AR","@id":"https:\/\/hcd.malargue.gov.ar\/#\/schema\/person\/image\/","url":"https:\/\/secure.gravatar.com\/avatar\/1054ffab3893de4bb3eb29bdd22f7e34b8537bf5d34d9dab311818154ad5b71f?s=96&d=mm&r=g","contentUrl":"https:\/\/secure.gravatar.com\/avatar\/1054ffab3893de4bb3eb29bdd22f7e34b8537bf5d34d9dab311818154ad5b71f?s=96&d=mm&r=g","caption":"Belen Pedernera Ferragut"},"url":"https:\/\/hcd.malargue.gov.ar\/?author=5"}]}},"_links":{"self":[{"href":"https:\/\/hcd.malargue.gov.ar\/index.php?rest_route=\/wp\/v2\/posts\/22369","targetHints":{"allow":["GET"]}}],"collection":[{"href":"https:\/\/hcd.malargue.gov.ar\/index.php?rest_route=\/wp\/v2\/posts"}],"about":[{"href":"https:\/\/hcd.malargue.gov.ar\/index.php?rest_route=\/wp\/v2\/types\/post"}],"author":[{"embeddable":true,"href":"https:\/\/hcd.malargue.gov.ar\/index.php?rest_route=\/wp\/v2\/users\/5"}],"replies":[{"embeddable":true,"href":"https:\/\/hcd.malargue.gov.ar\/index.php?rest_route=%2Fwp%2Fv2%2Fcomments&post=22369"}],"version-history":[{"count":0,"href":"https:\/\/hcd.malargue.gov.ar\/index.php?rest_route=\/wp\/v2\/posts\/22369\/revisions"}],"wp:featuredmedia":[{"embeddable":true,"href":"https:\/\/hcd.malargue.gov.ar\/index.php?rest_route=\/wp\/v2\/media\/22373"}],"wp:attachment":[{"href":"https:\/\/hcd.malargue.gov.ar\/index.php?rest_route=%2Fwp%2Fv2%2Fmedia&parent=22369"}],"wp:term":[{"taxonomy":"category","embeddable":true,"href":"https:\/\/hcd.malargue.gov.ar\/index.php?rest_route=%2Fwp%2Fv2%2Fcategories&post=22369"},{"taxonomy":"post_tag","embeddable":true,"href":"https:\/\/hcd.malargue.gov.ar\/index.php?rest_route=%2Fwp%2Fv2%2Ftags&post=22369"}],"curies":[{"name":"wp","href":"https:\/\/api.w.org\/{rel}","templated":true}]}}