{"id":22391,"date":"2020-10-14T10:17:49","date_gmt":"2020-10-14T13:17:49","guid":{"rendered":"https:\/\/hcd.malargue.gov.ar\/?p=22391"},"modified":"2020-10-14T10:17:49","modified_gmt":"2020-10-14T13:17:49","slug":"ordenanza-n-2-059-2-020","status":"publish","type":"post","link":"https:\/\/hcd.malargue.gov.ar\/?p=22391","title":{"rendered":"ORDENANZA N\u00b0 2.059\/2.020"},"content":{"rendered":"<p><strong>AUTOR:<\/strong> CONCEJAL ANDRES RISI<\/p>\n<p>BLOQUE FRENTE DE TODOS<a href=\"http:\/\/hcd.malargue.gov.ar\/hcdpdf\/on%202059%202020%20senda%20de%20la%20diversidad.pdf\"><img loading=\"lazy\" decoding=\"async\" class=\"alignright wp-image-7950\" src=\"https:\/\/hcd.malargue.gov.ar\/wp-content\/uploads\/2018\/06\/PDF-JPG-300x300.jpg\" alt=\"\" width=\"95\" height=\"95\" srcset=\"https:\/\/hcd.malargue.gov.ar\/wp-content\/uploads\/2018\/06\/PDF-JPG-300x300.jpg 300w, https:\/\/hcd.malargue.gov.ar\/wp-content\/uploads\/2018\/06\/PDF-JPG-150x150.jpg 150w, https:\/\/hcd.malargue.gov.ar\/wp-content\/uploads\/2018\/06\/PDF-JPG.jpg 512w\" sizes=\"auto, (max-width: 95px) 100vw, 95px\" \/><\/a><\/p>\n<p>VISTO: El contenido del Expte. N\u00b0 4.809-HC-021-2.020.Bloque Frente de Todos. Proyecto de Ordenanza: Creaci\u00f3n\u00a0 de una\u00a0 senda peatonal con los colores de la Diversidad llamada \u2013\u201cSenda de la Diversidad\u201d.<\/p>\n<p>La necesidad de visibilizar la lucha en la promoci\u00f3n de la igualdad y el respeto de la\u00a0 diversidad afectivo-sexual del colectivo LGBT+ y aportar a la promoci\u00f3n del respeto<\/p>\n<p>y,<\/p>\n<p>CONSIDERANDO:Que nuestro Departamento tendr\u00eda su primera senda peatonal con los\u00a0 colores de la bandera de la Diversidad, que se emplazar\u00eda en la intersecci\u00f3n de las \u00a0\u00a0 calles Avenida San Martin esquina Fray Luis Inalic\u00e1n con el objetivo de visibilizar la \u00a0 lucha del colectivo LGBT+, fomentar la inclusi\u00f3n y promover los derechos \u00a0 universales.<\/p>\n<p>Que la senda peatonal de la diversidad busca generar conciencia ciudadana sobre la \u00a0\u00a0\u00a0\u00a0\u00a0\u00a0 igualdad de los derechos y oportunidades, en profundo respeto a la diversidad sexual.<\/p>\n<p>Que la socializaci\u00f3n quedar\u00eda representada en uno de los lugares m\u00e1s transitados \u00a0\u00a0\u00a0\u00a0\u00a0\u00a0\u00a0\u00a0\u00a0\u00a0\u00a0 de la Ciudad, recordando que la lucha por los derechos debe ser permanente, trabajada en conjunto y dentro de una pol\u00edtica de Estado transversal.<\/p>\n<p>Que la Semana del Orgullo surgi\u00f3 por los disturbios de Stonewall Inn de 1959, en el \u00a0\u00a0\u00a0\u00a0\u00a0 que las personas de la poblaci\u00f3n LGBT+ decidieron empezar a reclamar por el respeto \u00a0\u00a0 a sus derechos, empezando una larga historia de luchas a nivel mundial.<\/p>\n<p>Que estos colores representan uno de los s\u00edmbolos m\u00e1s significativos del colectivo \u00a0\u00a0\u00a0\u00a0\u00a0\u00a0\u00a0\u00a0 LGBTIQ+ (Lesbianas, Gays, Bisexuales, Transg\u00e9nero, Intersex y Queer). Tanto \u00a0\u00a0\u00a0\u00a0\u00a0\u00a0 miembros de la comunidad como otras personas e instituciones a favor de los derechos del colectivo la han utilizado para apoyar sus reivindicaciones. La cre\u00f3 el \u00a0 activista y dise\u00f1ador Gilbert Baker y se us\u00f3 por primera vez en 1978 en el Festival \u00a0\u00a0\u00a0\u00a0\u00a0\u00a0\u00a0\u00a0\u00a0\u00a0\u00a0 del orgullo gay de San Francisco (Estados Unidos). Fue un encargo del primer pol\u00edtico \u00a0 abiertamente homosexual de los Estados Unidos, Harvey Milk. Desde entonces, la \u00a0\u00a0\u00a0\u00a0\u00a0\u00a0 bandera se ha convertido en una insignia del colectivo.<\/p>\n<p>Que para entender el significado de los colores, nos tenemos que remontar a la \u00a0\u00a0 bandera original de Baker donde cada uno simboliza un concepto que el dise\u00f1ador \u00a0\u00a0\u00a0\u00a0 consideraba importante para el colectivo LGBTIQ+: el rosa representa la sexualidad; \u00a0\u00a0\u00a0\u00a0\u00a0\u00a0\u00a0\u00a0\u00a0\u00a0 el rojo la vida; el naranja la salud; el amarillo el sol; el verde la naturaleza; el turquesa \u00a0\u00a0\u00a0\u00a0\u00a0 la magia y el arte; el azul o \u00edndigo la armon\u00eda y la serenidad; y el violeta el esp\u00edritu.<\/p>\n<p>Que cada individuo es \u00fanico, original e irrepetible, con caracter\u00edsticas \u00fanicas que lo \u00a0\u00a0\u00a0\u00a0\u00a0\u00a0 hace ser quien es, con personalidad, estilo de vida, etnia, edad, cultura, g\u00e9nero, \u00a0\u00a0 orientaci\u00f3n sexual, formando parte de una sociedad donde el respeto a los dem\u00e1s es \u00a0\u00a0\u00a0\u00a0 esencial, pues representa valorar, tolerar las diferencias y comprender que ellas nos \u00a0\u00a0\u00a0\u00a0\u00a0 hacen crecer a todos.<\/p>\n<p>Que esta iniciativa tiene precedente en ciudades de nuestra provincia como Godoy \u00a0\u00a0\u00a0\u00a0\u00a0\u00a0\u00a0\u00a0 Cruz, entre otras tantas de nuestro pa\u00eds.<\/p>\n<p>EL HONORABLE CONCEJO DELIBERANTE DEL DEPARTAMENTO DE MALARGUE EN USO DE LAS FACULTADES QUE LE SON PROPIAS<\/p>\n<p>ORDENA<\/p>\n<p>ART\u00cdCULO 1\u00ba: Autor\u00edcese la creaci\u00f3n\u00a0 de una senda\u00a0 peatonal con los colores de la Diversidad en la intersecci\u00f3n de calles Fray Luis Inalic\u00e1n y Avenida San Mart\u00edn, trazando\u00a0 los\u00a0 colores respectivos.<\/p>\n<p>ART\u00cdCULO 2\u00ba: Imp\u00fatese los \u00a0gastos \u00a0que demande la aplicaci\u00f3n de la presente norma a la partida correspondiente del Presupuesto vigente.<\/p>\n<p>ART\u00cdCULO 3\u00ba: Inv\u00edtese a quienes quieran\u00a0 sumarse a la realizaci\u00f3n de dicha senda o realizar donaci\u00f3n de insumos para la misma.<\/p>\n<p>ARTICULO 4\u00b0: Rem\u00edtase copia de la presente\u00a0 pieza legal a la Oficina\u00a0 que corresponda\u00a0 a trav\u00e9s del Departamento\u00a0 Ejecutivo.<\/p>\n<p>ART\u00cdCULO 5\u00ba: Comun\u00edquese, reg\u00edstrese, c\u00famplase, publ\u00edquese, agr\u00e9guese copia de la \u00a0 presente en las actuaciones correspondientes y\u00a0 arch\u00edvese.<\/p>\n<p>DADA EN LA SALA DE SESIONES DR. RICARDO BALBIN DEL HONORABLE CONCEJO DELIBERANTE DE LA MUNICIPALIDAD DE MALARG\u00dcE\u00a0 A OCHO D\u00cdAS DE OCTUBRE DE DOS MIL VEINTE<\/p>\n","protected":false},"excerpt":{"rendered":"<p>AUTOR: CONCEJAL ANDRES RISI BLOQUE FRENTE DE TODOS VISTO: El contenido del Expte. N\u00b0 4.809-HC-021-2.020.Bloque Frente de Todos. Proyecto de Ordenanza: Creaci\u00f3n\u00a0 de una\u00a0 senda peatonal con los colores de la Diversidad llamada \u2013\u201cSenda de la Diversidad\u201d. La necesidad de visibilizar la lucha en la promoci\u00f3n de la igualdad y el respeto de la\u00a0 diversidad [&hellip;]<\/p>\n","protected":false},"author":5,"featured_media":22392,"comment_status":"closed","ping_status":"closed","sticky":false,"template":"","format":"standard","meta":{"footnotes":""},"categories":[52,29,48,33],"tags":[],"class_list":["post-22391","post","type-post","status-publish","format-standard","has-post-thumbnail","hentry","category-gacetillas","category-lesgilacion","category-ordenanzas-municipales","category-prensa"],"yoast_head":"<!-- This site is optimized with the Yoast SEO plugin v19.10 - https:\/\/yoast.com\/wordpress\/plugins\/seo\/ -->\n<title>ORDENANZA N\u00b0 2.059\/2.020 - Malarg\u00fce HCD<\/title>\n<meta name=\"robots\" content=\"index, follow, max-snippet:-1, max-image-preview:large, max-video-preview:-1\" \/>\n<link rel=\"canonical\" href=\"https:\/\/hcd.malargue.gov.ar\/?p=22391\" \/>\n<meta property=\"og:locale\" content=\"es_ES\" \/>\n<meta property=\"og:type\" content=\"article\" \/>\n<meta property=\"og:title\" content=\"ORDENANZA N\u00b0 2.059\/2.020 - Malarg\u00fce HCD\" \/>\n<meta property=\"og:description\" content=\"AUTOR: CONCEJAL ANDRES RISI BLOQUE FRENTE DE TODOS VISTO: El contenido del Expte. N\u00b0 4.809-HC-021-2.020.Bloque Frente de Todos. Proyecto de Ordenanza: Creaci\u00f3n\u00a0 de una\u00a0 senda peatonal con los colores de la Diversidad llamada \u2013\u201cSenda de la Diversidad\u201d. La necesidad de visibilizar la lucha en la promoci\u00f3n de la igualdad y el respeto de la\u00a0 diversidad [&hellip;]\" \/>\n<meta property=\"og:url\" content=\"https:\/\/hcd.malargue.gov.ar\/?p=22391\" \/>\n<meta property=\"og:site_name\" content=\"Malarg\u00fce HCD\" \/>\n<meta property=\"article:published_time\" content=\"2020-10-14T13:17:49+00:00\" \/>\n<meta property=\"og:image\" content=\"https:\/\/hcd.malargue.gov.ar\/wp-content\/uploads\/2020\/10\/on-2059-2020.jpg\" \/>\n\t<meta property=\"og:image:width\" content=\"1280\" \/>\n\t<meta property=\"og:image:height\" content=\"720\" \/>\n\t<meta property=\"og:image:type\" content=\"image\/jpeg\" \/>\n<meta name=\"author\" content=\"Belen Pedernera Ferragut\" \/>\n<meta name=\"twitter:card\" content=\"summary_large_image\" \/>\n<meta name=\"twitter:label1\" content=\"Escrito por\" \/>\n\t<meta name=\"twitter:data1\" content=\"Belen Pedernera Ferragut\" \/>\n\t<meta name=\"twitter:label2\" content=\"Tiempo de lectura\" \/>\n\t<meta name=\"twitter:data2\" content=\"3 minutos\" \/>\n<script type=\"application\/ld+json\" class=\"yoast-schema-graph\">{\"@context\":\"https:\/\/schema.org\",\"@graph\":[{\"@type\":\"WebPage\",\"@id\":\"https:\/\/hcd.malargue.gov.ar\/?p=22391\",\"url\":\"https:\/\/hcd.malargue.gov.ar\/?p=22391\",\"name\":\"ORDENANZA N\u00b0 2.059\/2.020 - Malarg\u00fce HCD\",\"isPartOf\":{\"@id\":\"https:\/\/hcd.malargue.gov.ar\/#website\"},\"datePublished\":\"2020-10-14T13:17:49+00:00\",\"dateModified\":\"2020-10-14T13:17:49+00:00\",\"author\":{\"@id\":\"https:\/\/hcd.malargue.gov.ar\/#\/schema\/person\/3fd6bbab64edd703961b795156c955d0\"},\"breadcrumb\":{\"@id\":\"https:\/\/hcd.malargue.gov.ar\/?p=22391#breadcrumb\"},\"inLanguage\":\"es-AR\",\"potentialAction\":[{\"@type\":\"ReadAction\",\"target\":[\"https:\/\/hcd.malargue.gov.ar\/?p=22391\"]}]},{\"@type\":\"BreadcrumbList\",\"@id\":\"https:\/\/hcd.malargue.gov.ar\/?p=22391#breadcrumb\",\"itemListElement\":[{\"@type\":\"ListItem\",\"position\":1,\"name\":\"Inicio\",\"item\":\"https:\/\/hcd.malargue.gov.ar\/\"},{\"@type\":\"ListItem\",\"position\":2,\"name\":\"ORDENANZA N\u00b0 2.059\/2.020\"}]},{\"@type\":\"WebSite\",\"@id\":\"https:\/\/hcd.malargue.gov.ar\/#website\",\"url\":\"https:\/\/hcd.malargue.gov.ar\/\",\"name\":\"Malarg\u00fce HCD\",\"description\":\"Malarg\u00fce Mendoza Argentina\",\"potentialAction\":[{\"@type\":\"SearchAction\",\"target\":{\"@type\":\"EntryPoint\",\"urlTemplate\":\"https:\/\/hcd.malargue.gov.ar\/?s={search_term_string}\"},\"query-input\":\"required name=search_term_string\"}],\"inLanguage\":\"es-AR\"},{\"@type\":\"Person\",\"@id\":\"https:\/\/hcd.malargue.gov.ar\/#\/schema\/person\/3fd6bbab64edd703961b795156c955d0\",\"name\":\"Belen Pedernera Ferragut\",\"image\":{\"@type\":\"ImageObject\",\"inLanguage\":\"es-AR\",\"@id\":\"https:\/\/hcd.malargue.gov.ar\/#\/schema\/person\/image\/\",\"url\":\"https:\/\/secure.gravatar.com\/avatar\/1054ffab3893de4bb3eb29bdd22f7e34b8537bf5d34d9dab311818154ad5b71f?s=96&d=mm&r=g\",\"contentUrl\":\"https:\/\/secure.gravatar.com\/avatar\/1054ffab3893de4bb3eb29bdd22f7e34b8537bf5d34d9dab311818154ad5b71f?s=96&d=mm&r=g\",\"caption\":\"Belen Pedernera Ferragut\"},\"url\":\"https:\/\/hcd.malargue.gov.ar\/?author=5\"}]}<\/script>\n<!-- \/ Yoast SEO plugin. -->","yoast_head_json":{"title":"ORDENANZA N\u00b0 2.059\/2.020 - Malarg\u00fce HCD","robots":{"index":"index","follow":"follow","max-snippet":"max-snippet:-1","max-image-preview":"max-image-preview:large","max-video-preview":"max-video-preview:-1"},"canonical":"https:\/\/hcd.malargue.gov.ar\/?p=22391","og_locale":"es_ES","og_type":"article","og_title":"ORDENANZA N\u00b0 2.059\/2.020 - Malarg\u00fce HCD","og_description":"AUTOR: CONCEJAL ANDRES RISI BLOQUE FRENTE DE TODOS VISTO: El contenido del Expte. N\u00b0 4.809-HC-021-2.020.Bloque Frente de Todos. Proyecto de Ordenanza: Creaci\u00f3n\u00a0 de una\u00a0 senda peatonal con los colores de la Diversidad llamada \u2013\u201cSenda de la Diversidad\u201d. La necesidad de visibilizar la lucha en la promoci\u00f3n de la igualdad y el respeto de la\u00a0 diversidad [&hellip;]","og_url":"https:\/\/hcd.malargue.gov.ar\/?p=22391","og_site_name":"Malarg\u00fce HCD","article_published_time":"2020-10-14T13:17:49+00:00","og_image":[{"width":1280,"height":720,"url":"https:\/\/hcd.malargue.gov.ar\/wp-content\/uploads\/2020\/10\/on-2059-2020.jpg","type":"image\/jpeg"}],"author":"Belen Pedernera Ferragut","twitter_card":"summary_large_image","twitter_misc":{"Escrito por":"Belen Pedernera Ferragut","Tiempo de lectura":"3 minutos"},"schema":{"@context":"https:\/\/schema.org","@graph":[{"@type":"WebPage","@id":"https:\/\/hcd.malargue.gov.ar\/?p=22391","url":"https:\/\/hcd.malargue.gov.ar\/?p=22391","name":"ORDENANZA N\u00b0 2.059\/2.020 - Malarg\u00fce HCD","isPartOf":{"@id":"https:\/\/hcd.malargue.gov.ar\/#website"},"datePublished":"2020-10-14T13:17:49+00:00","dateModified":"2020-10-14T13:17:49+00:00","author":{"@id":"https:\/\/hcd.malargue.gov.ar\/#\/schema\/person\/3fd6bbab64edd703961b795156c955d0"},"breadcrumb":{"@id":"https:\/\/hcd.malargue.gov.ar\/?p=22391#breadcrumb"},"inLanguage":"es-AR","potentialAction":[{"@type":"ReadAction","target":["https:\/\/hcd.malargue.gov.ar\/?p=22391"]}]},{"@type":"BreadcrumbList","@id":"https:\/\/hcd.malargue.gov.ar\/?p=22391#breadcrumb","itemListElement":[{"@type":"ListItem","position":1,"name":"Inicio","item":"https:\/\/hcd.malargue.gov.ar\/"},{"@type":"ListItem","position":2,"name":"ORDENANZA N\u00b0 2.059\/2.020"}]},{"@type":"WebSite","@id":"https:\/\/hcd.malargue.gov.ar\/#website","url":"https:\/\/hcd.malargue.gov.ar\/","name":"Malarg\u00fce HCD","description":"Malarg\u00fce Mendoza Argentina","potentialAction":[{"@type":"SearchAction","target":{"@type":"EntryPoint","urlTemplate":"https:\/\/hcd.malargue.gov.ar\/?s={search_term_string}"},"query-input":"required name=search_term_string"}],"inLanguage":"es-AR"},{"@type":"Person","@id":"https:\/\/hcd.malargue.gov.ar\/#\/schema\/person\/3fd6bbab64edd703961b795156c955d0","name":"Belen Pedernera Ferragut","image":{"@type":"ImageObject","inLanguage":"es-AR","@id":"https:\/\/hcd.malargue.gov.ar\/#\/schema\/person\/image\/","url":"https:\/\/secure.gravatar.com\/avatar\/1054ffab3893de4bb3eb29bdd22f7e34b8537bf5d34d9dab311818154ad5b71f?s=96&d=mm&r=g","contentUrl":"https:\/\/secure.gravatar.com\/avatar\/1054ffab3893de4bb3eb29bdd22f7e34b8537bf5d34d9dab311818154ad5b71f?s=96&d=mm&r=g","caption":"Belen Pedernera Ferragut"},"url":"https:\/\/hcd.malargue.gov.ar\/?author=5"}]}},"_links":{"self":[{"href":"https:\/\/hcd.malargue.gov.ar\/index.php?rest_route=\/wp\/v2\/posts\/22391","targetHints":{"allow":["GET"]}}],"collection":[{"href":"https:\/\/hcd.malargue.gov.ar\/index.php?rest_route=\/wp\/v2\/posts"}],"about":[{"href":"https:\/\/hcd.malargue.gov.ar\/index.php?rest_route=\/wp\/v2\/types\/post"}],"author":[{"embeddable":true,"href":"https:\/\/hcd.malargue.gov.ar\/index.php?rest_route=\/wp\/v2\/users\/5"}],"replies":[{"embeddable":true,"href":"https:\/\/hcd.malargue.gov.ar\/index.php?rest_route=%2Fwp%2Fv2%2Fcomments&post=22391"}],"version-history":[{"count":0,"href":"https:\/\/hcd.malargue.gov.ar\/index.php?rest_route=\/wp\/v2\/posts\/22391\/revisions"}],"wp:featuredmedia":[{"embeddable":true,"href":"https:\/\/hcd.malargue.gov.ar\/index.php?rest_route=\/wp\/v2\/media\/22392"}],"wp:attachment":[{"href":"https:\/\/hcd.malargue.gov.ar\/index.php?rest_route=%2Fwp%2Fv2%2Fmedia&parent=22391"}],"wp:term":[{"taxonomy":"category","embeddable":true,"href":"https:\/\/hcd.malargue.gov.ar\/index.php?rest_route=%2Fwp%2Fv2%2Fcategories&post=22391"},{"taxonomy":"post_tag","embeddable":true,"href":"https:\/\/hcd.malargue.gov.ar\/index.php?rest_route=%2Fwp%2Fv2%2Ftags&post=22391"}],"curies":[{"name":"wp","href":"https:\/\/api.w.org\/{rel}","templated":true}]}}