{"id":22483,"date":"2020-11-20T00:00:22","date_gmt":"2020-11-20T03:00:22","guid":{"rendered":"https:\/\/hcd.malargue.gov.ar\/?p=22483"},"modified":"2020-11-10T10:17:06","modified_gmt":"2020-11-10T13:17:06","slug":"dia-de-la-soberania-nacional","status":"publish","type":"post","link":"https:\/\/hcd.malargue.gov.ar\/?p=22483","title":{"rendered":"D\u00eda de la Soberan\u00eda Nacional"},"content":{"rendered":"<p>El 20 de noviembre se celebra el D\u00eda de la Soberan\u00eda Nacional, en conmemoraci\u00f3n de la batalla de Vuelta de Obligado de 1845. En aquel entonces, los heroicos soldados argentinos, en inferioridad de condiciones, resistieron la invasi\u00f3n del ej\u00e9rcito anglo-franc\u00e9s, el m\u00e1s poderoso del mundo. La fecha fue instaurada por pedido del historiador Jos\u00e9 Mar\u00eda Rosa y se oficializ\u00f3 por medio de la Ley N\u00b0 20.770, en 1974.<\/p>\n<h5 class=\"subtitulo-novedades\"><em>Batalla de la Vuelta de Obligado<\/em><\/h5>\n<p><em>Con la finalidad de colonizar territorios de nuestro pa\u00eds, durante 1845 Francia e Inglaterra emprendieron una ofensiva con una flota de 95 nav\u00edos de carga, repletos de productos para ser colocados en la provincia de Corrientes y en el Paraguay.<\/em><\/p>\n<p><em>El pueblo argentino no deseaba volver a ser una colonia, por lo que el Gobierno de Juan Manuel de Rosas, respaldado desde el exilio por el general Jos\u00e9 de San Mart\u00edn, prepar\u00f3 una resistencia.<\/em><\/p>\n<p><em>Los invasores quer\u00edan entrar por el Paran\u00e1, pero las tropas nacionales, al mando de Lucio Mansilla, se anticiparon en un estrecho recodo de ese r\u00edo: la Vuelta de Obligado. El n\u00famero de fuerzas enemigas superaba ampliamente en cantidad y modernidad de su armamento a las argentinas, que sin embargo no se amedrentaron y batallaron durante siete horas. De este modo, lograron que las tropas adversarias no pudieran ocupar las costas, objetivo necesario para poder adentrarse en el territorio argentino.<\/em><\/p>\n<p><em>Esta heroica resistencia, as\u00ed como tambi\u00e9n el esp\u00edritu de lucha nacional se conoci\u00f3 en toda Europa y qued\u00f3 inscripto en nuestra historia como un\u00a0<strong>s\u00edmbolo de independencia, libertad y unidad nacional.<\/strong><\/em><\/p>\n<p><em>El enfrentamiento de la Vuelta de Obligado fue el primero de otros tres enfrentamientos; el del paraje Tonelero, el combate de San Lorenzo, donde el general Jos\u00e9 de San Mart\u00edn derrot\u00f3 a los espa\u00f1oles con los Granaderos, y por \u00faltimo, Quebracho, sitio donde los patriotas ca\u00f1onearon a los invasores.<\/em><\/p>\n<p><em>El mejor homenaje que podemos realizar es\u00a0<strong>retomar el legado de los hombres y mujeres que lucharon para construir nuestra Naci\u00f3n,\u00a0<\/strong>entendiendo que esta batalla tambi\u00e9n tiene como escenario los aspectos econ\u00f3micos, pol\u00edticos y culturales.<\/em><\/p>\n","protected":false},"excerpt":{"rendered":"<p>El 20 de noviembre se celebra el D\u00eda de la Soberan\u00eda Nacional, en conmemoraci\u00f3n de la batalla de Vuelta de Obligado de 1845. En aquel entonces, los heroicos soldados argentinos, en inferioridad de condiciones, resistieron la invasi\u00f3n del ej\u00e9rcito anglo-franc\u00e9s, el m\u00e1s poderoso del mundo. La fecha fue instaurada por pedido del historiador Jos\u00e9 Mar\u00eda [&hellip;]<\/p>\n","protected":false},"author":5,"featured_media":22485,"comment_status":"closed","ping_status":"closed","sticky":false,"template":"","format":"standard","meta":{"footnotes":""},"categories":[69,52,33],"tags":[],"class_list":["post-22483","post","type-post","status-publish","format-standard","has-post-thumbnail","hentry","category-efemerides","category-gacetillas","category-prensa"],"yoast_head":"<!-- This site is optimized with the Yoast SEO plugin v19.10 - https:\/\/yoast.com\/wordpress\/plugins\/seo\/ -->\n<title>D\u00eda de la Soberan\u00eda Nacional - Malarg\u00fce HCD<\/title>\n<meta name=\"robots\" content=\"index, follow, max-snippet:-1, max-image-preview:large, max-video-preview:-1\" \/>\n<link rel=\"canonical\" href=\"https:\/\/hcd.malargue.gov.ar\/?p=22483\" \/>\n<meta property=\"og:locale\" content=\"es_ES\" \/>\n<meta property=\"og:type\" content=\"article\" \/>\n<meta property=\"og:title\" content=\"D\u00eda de la Soberan\u00eda Nacional - Malarg\u00fce HCD\" \/>\n<meta property=\"og:description\" content=\"El 20 de noviembre se celebra el D\u00eda de la Soberan\u00eda Nacional, en conmemoraci\u00f3n de la batalla de Vuelta de Obligado de 1845. En aquel entonces, los heroicos soldados argentinos, en inferioridad de condiciones, resistieron la invasi\u00f3n del ej\u00e9rcito anglo-franc\u00e9s, el m\u00e1s poderoso del mundo. La fecha fue instaurada por pedido del historiador Jos\u00e9 Mar\u00eda [&hellip;]\" \/>\n<meta property=\"og:url\" content=\"https:\/\/hcd.malargue.gov.ar\/?p=22483\" \/>\n<meta property=\"og:site_name\" content=\"Malarg\u00fce HCD\" \/>\n<meta property=\"article:published_time\" content=\"2020-11-20T03:00:22+00:00\" \/>\n<meta property=\"article:modified_time\" content=\"2020-11-10T13:17:06+00:00\" \/>\n<meta property=\"og:image\" content=\"https:\/\/hcd.malargue.gov.ar\/wp-content\/uploads\/2020\/11\/dia-de-la-soberania-nacional.jpg\" \/>\n\t<meta property=\"og:image:width\" content=\"857\" \/>\n\t<meta property=\"og:image:height\" content=\"607\" \/>\n\t<meta property=\"og:image:type\" content=\"image\/jpeg\" \/>\n<meta name=\"author\" content=\"Belen Pedernera Ferragut\" \/>\n<meta name=\"twitter:card\" content=\"summary_large_image\" \/>\n<meta name=\"twitter:label1\" content=\"Escrito por\" \/>\n\t<meta name=\"twitter:data1\" content=\"Belen Pedernera Ferragut\" \/>\n\t<meta name=\"twitter:label2\" content=\"Tiempo de lectura\" \/>\n\t<meta name=\"twitter:data2\" content=\"2 minutos\" \/>\n<script type=\"application\/ld+json\" class=\"yoast-schema-graph\">{\"@context\":\"https:\/\/schema.org\",\"@graph\":[{\"@type\":\"WebPage\",\"@id\":\"https:\/\/hcd.malargue.gov.ar\/?p=22483\",\"url\":\"https:\/\/hcd.malargue.gov.ar\/?p=22483\",\"name\":\"D\u00eda de la Soberan\u00eda Nacional - Malarg\u00fce HCD\",\"isPartOf\":{\"@id\":\"https:\/\/hcd.malargue.gov.ar\/#website\"},\"datePublished\":\"2020-11-20T03:00:22+00:00\",\"dateModified\":\"2020-11-10T13:17:06+00:00\",\"author\":{\"@id\":\"https:\/\/hcd.malargue.gov.ar\/#\/schema\/person\/3fd6bbab64edd703961b795156c955d0\"},\"breadcrumb\":{\"@id\":\"https:\/\/hcd.malargue.gov.ar\/?p=22483#breadcrumb\"},\"inLanguage\":\"es-AR\",\"potentialAction\":[{\"@type\":\"ReadAction\",\"target\":[\"https:\/\/hcd.malargue.gov.ar\/?p=22483\"]}]},{\"@type\":\"BreadcrumbList\",\"@id\":\"https:\/\/hcd.malargue.gov.ar\/?p=22483#breadcrumb\",\"itemListElement\":[{\"@type\":\"ListItem\",\"position\":1,\"name\":\"Inicio\",\"item\":\"https:\/\/hcd.malargue.gov.ar\/\"},{\"@type\":\"ListItem\",\"position\":2,\"name\":\"D\u00eda de la Soberan\u00eda Nacional\"}]},{\"@type\":\"WebSite\",\"@id\":\"https:\/\/hcd.malargue.gov.ar\/#website\",\"url\":\"https:\/\/hcd.malargue.gov.ar\/\",\"name\":\"Malarg\u00fce HCD\",\"description\":\"Malarg\u00fce Mendoza Argentina\",\"potentialAction\":[{\"@type\":\"SearchAction\",\"target\":{\"@type\":\"EntryPoint\",\"urlTemplate\":\"https:\/\/hcd.malargue.gov.ar\/?s={search_term_string}\"},\"query-input\":\"required name=search_term_string\"}],\"inLanguage\":\"es-AR\"},{\"@type\":\"Person\",\"@id\":\"https:\/\/hcd.malargue.gov.ar\/#\/schema\/person\/3fd6bbab64edd703961b795156c955d0\",\"name\":\"Belen Pedernera Ferragut\",\"image\":{\"@type\":\"ImageObject\",\"inLanguage\":\"es-AR\",\"@id\":\"https:\/\/hcd.malargue.gov.ar\/#\/schema\/person\/image\/\",\"url\":\"https:\/\/secure.gravatar.com\/avatar\/1054ffab3893de4bb3eb29bdd22f7e34b8537bf5d34d9dab311818154ad5b71f?s=96&d=mm&r=g\",\"contentUrl\":\"https:\/\/secure.gravatar.com\/avatar\/1054ffab3893de4bb3eb29bdd22f7e34b8537bf5d34d9dab311818154ad5b71f?s=96&d=mm&r=g\",\"caption\":\"Belen Pedernera Ferragut\"},\"url\":\"https:\/\/hcd.malargue.gov.ar\/?author=5\"}]}<\/script>\n<!-- \/ Yoast SEO plugin. -->","yoast_head_json":{"title":"D\u00eda de la Soberan\u00eda Nacional - Malarg\u00fce HCD","robots":{"index":"index","follow":"follow","max-snippet":"max-snippet:-1","max-image-preview":"max-image-preview:large","max-video-preview":"max-video-preview:-1"},"canonical":"https:\/\/hcd.malargue.gov.ar\/?p=22483","og_locale":"es_ES","og_type":"article","og_title":"D\u00eda de la Soberan\u00eda Nacional - Malarg\u00fce HCD","og_description":"El 20 de noviembre se celebra el D\u00eda de la Soberan\u00eda Nacional, en conmemoraci\u00f3n de la batalla de Vuelta de Obligado de 1845. En aquel entonces, los heroicos soldados argentinos, en inferioridad de condiciones, resistieron la invasi\u00f3n del ej\u00e9rcito anglo-franc\u00e9s, el m\u00e1s poderoso del mundo. La fecha fue instaurada por pedido del historiador Jos\u00e9 Mar\u00eda [&hellip;]","og_url":"https:\/\/hcd.malargue.gov.ar\/?p=22483","og_site_name":"Malarg\u00fce HCD","article_published_time":"2020-11-20T03:00:22+00:00","article_modified_time":"2020-11-10T13:17:06+00:00","og_image":[{"width":857,"height":607,"url":"https:\/\/hcd.malargue.gov.ar\/wp-content\/uploads\/2020\/11\/dia-de-la-soberania-nacional.jpg","type":"image\/jpeg"}],"author":"Belen Pedernera Ferragut","twitter_card":"summary_large_image","twitter_misc":{"Escrito por":"Belen Pedernera Ferragut","Tiempo de lectura":"2 minutos"},"schema":{"@context":"https:\/\/schema.org","@graph":[{"@type":"WebPage","@id":"https:\/\/hcd.malargue.gov.ar\/?p=22483","url":"https:\/\/hcd.malargue.gov.ar\/?p=22483","name":"D\u00eda de la Soberan\u00eda Nacional - Malarg\u00fce HCD","isPartOf":{"@id":"https:\/\/hcd.malargue.gov.ar\/#website"},"datePublished":"2020-11-20T03:00:22+00:00","dateModified":"2020-11-10T13:17:06+00:00","author":{"@id":"https:\/\/hcd.malargue.gov.ar\/#\/schema\/person\/3fd6bbab64edd703961b795156c955d0"},"breadcrumb":{"@id":"https:\/\/hcd.malargue.gov.ar\/?p=22483#breadcrumb"},"inLanguage":"es-AR","potentialAction":[{"@type":"ReadAction","target":["https:\/\/hcd.malargue.gov.ar\/?p=22483"]}]},{"@type":"BreadcrumbList","@id":"https:\/\/hcd.malargue.gov.ar\/?p=22483#breadcrumb","itemListElement":[{"@type":"ListItem","position":1,"name":"Inicio","item":"https:\/\/hcd.malargue.gov.ar\/"},{"@type":"ListItem","position":2,"name":"D\u00eda de la Soberan\u00eda Nacional"}]},{"@type":"WebSite","@id":"https:\/\/hcd.malargue.gov.ar\/#website","url":"https:\/\/hcd.malargue.gov.ar\/","name":"Malarg\u00fce HCD","description":"Malarg\u00fce Mendoza Argentina","potentialAction":[{"@type":"SearchAction","target":{"@type":"EntryPoint","urlTemplate":"https:\/\/hcd.malargue.gov.ar\/?s={search_term_string}"},"query-input":"required name=search_term_string"}],"inLanguage":"es-AR"},{"@type":"Person","@id":"https:\/\/hcd.malargue.gov.ar\/#\/schema\/person\/3fd6bbab64edd703961b795156c955d0","name":"Belen Pedernera Ferragut","image":{"@type":"ImageObject","inLanguage":"es-AR","@id":"https:\/\/hcd.malargue.gov.ar\/#\/schema\/person\/image\/","url":"https:\/\/secure.gravatar.com\/avatar\/1054ffab3893de4bb3eb29bdd22f7e34b8537bf5d34d9dab311818154ad5b71f?s=96&d=mm&r=g","contentUrl":"https:\/\/secure.gravatar.com\/avatar\/1054ffab3893de4bb3eb29bdd22f7e34b8537bf5d34d9dab311818154ad5b71f?s=96&d=mm&r=g","caption":"Belen Pedernera Ferragut"},"url":"https:\/\/hcd.malargue.gov.ar\/?author=5"}]}},"_links":{"self":[{"href":"https:\/\/hcd.malargue.gov.ar\/index.php?rest_route=\/wp\/v2\/posts\/22483","targetHints":{"allow":["GET"]}}],"collection":[{"href":"https:\/\/hcd.malargue.gov.ar\/index.php?rest_route=\/wp\/v2\/posts"}],"about":[{"href":"https:\/\/hcd.malargue.gov.ar\/index.php?rest_route=\/wp\/v2\/types\/post"}],"author":[{"embeddable":true,"href":"https:\/\/hcd.malargue.gov.ar\/index.php?rest_route=\/wp\/v2\/users\/5"}],"replies":[{"embeddable":true,"href":"https:\/\/hcd.malargue.gov.ar\/index.php?rest_route=%2Fwp%2Fv2%2Fcomments&post=22483"}],"version-history":[{"count":0,"href":"https:\/\/hcd.malargue.gov.ar\/index.php?rest_route=\/wp\/v2\/posts\/22483\/revisions"}],"wp:featuredmedia":[{"embeddable":true,"href":"https:\/\/hcd.malargue.gov.ar\/index.php?rest_route=\/wp\/v2\/media\/22485"}],"wp:attachment":[{"href":"https:\/\/hcd.malargue.gov.ar\/index.php?rest_route=%2Fwp%2Fv2%2Fmedia&parent=22483"}],"wp:term":[{"taxonomy":"category","embeddable":true,"href":"https:\/\/hcd.malargue.gov.ar\/index.php?rest_route=%2Fwp%2Fv2%2Fcategories&post=22483"},{"taxonomy":"post_tag","embeddable":true,"href":"https:\/\/hcd.malargue.gov.ar\/index.php?rest_route=%2Fwp%2Fv2%2Ftags&post=22483"}],"curies":[{"name":"wp","href":"https:\/\/api.w.org\/{rel}","templated":true}]}}