{"id":22687,"date":"2020-11-27T09:48:34","date_gmt":"2020-11-27T12:48:34","guid":{"rendered":"https:\/\/hcd.malargue.gov.ar\/?p=22687"},"modified":"2020-11-27T09:48:34","modified_gmt":"2020-11-27T12:48:34","slug":"resolucion-n-347-2-020","status":"publish","type":"post","link":"https:\/\/hcd.malargue.gov.ar\/?p=22687","title":{"rendered":"RESOLUCI\u00d3N N\u00b0 347\/2.020"},"content":{"rendered":"<p><strong>AUTORA:<\/strong> CONCEJAL DAIANA VARAS<\/p>\n<p>BLOQUE FRENTE CAMBIA MENDOZA<a href=\"https:\/\/hcd.malargue.gov.ar\/hcdpdf\/Rn%20347%202020%20declarar%20de%20interes%20guia%20buenas%20practicas%20obstetricas.pdf\"><img loading=\"lazy\" decoding=\"async\" class=\"alignright wp-image-7950\" src=\"https:\/\/hcd.malargue.gov.ar\/wp-content\/uploads\/2018\/06\/PDF-JPG-300x300.jpg\" alt=\"\" width=\"88\" height=\"88\" srcset=\"https:\/\/hcd.malargue.gov.ar\/wp-content\/uploads\/2018\/06\/PDF-JPG-300x300.jpg 300w, https:\/\/hcd.malargue.gov.ar\/wp-content\/uploads\/2018\/06\/PDF-JPG-150x150.jpg 150w, https:\/\/hcd.malargue.gov.ar\/wp-content\/uploads\/2018\/06\/PDF-JPG.jpg 512w\" sizes=\"auto, (max-width: 88px) 100vw, 88px\" \/><\/a><\/p>\n<p>VISTO: El contenido del Expediente N\u00b0 4.836 HC 023 \u2013 2.020. Bloque Frente Cambia Mendoza. Proyecto de Resoluci\u00f3n: Declarar de Inter\u00e9s Departamental, Social y Educativo la Gu\u00eda de Buenas Practicas Obst\u00e9tricas con perspectiva de G\u00e9nero y Diversidad.<\/p>\n<p>Que la Direcci\u00f3n de G\u00e9nero y Diversidad de la Provincia de Mendoza ha elaborado una Gu\u00eda de buenas pr\u00e1cticas obst\u00e9tricas para las maternidades p\u00fablicas y privadas.<\/p>\n<p>y;<\/p>\n<p>CONSIDERANDO: Que la mencionada gu\u00eda constituye una pol\u00edtica p\u00fablica sin precedentes a nivel provincial y nacional.<\/p>\n<p>Que la Argentina aprob\u00f3 en el a\u00f1o 2004 la Ley N\u00b0 25.929 sobre Derechos de Padres e Hijos durante el Proceso de Nacimiento, a la cual la Provincia de Mendoza adhiri\u00f3 en el a\u00f1o 2.009.<\/p>\n<p>Que \u201cParto respetado\u201d hace referencia a una modalidad de atenci\u00f3n caracterizada por el respeto a los derechos de los padres y los ni\u00f1os en el momento del nacimiento, en consonancia con las necesidades y deseos de la familia que va a dar a luz.<\/p>\n<p>Que es preciso continuar trabajando en los \u00e1mbitos p\u00fablico y privado para poner en primer plano los derechos de la mujer y sus familias en el momento del embarazo, el parto y el puerperio<\/p>\n<p>Que desde el a\u00f1o 2009 nuestro pa\u00eds cuenta tambi\u00e9n con la Ley N\u00b0 26.485, &#8220;Ley de protecci\u00f3n integral para prevenir, sancionar y erradicar la violencia contra las mujeres en los \u00e1mbitos en que desarrollen sus relaciones interpersonales&#8221; promulgada el 1 de abril de 2009, la cual define en su Art\u00edculo 6\u00b0que: \u201ce) Violencia obst\u00e9trica: aquella que ejerce el personal de salud sobre el cuerpo y los procesos reproductivos de las mujeres, expresada en un trato deshumanizado, un abuso de medicalizaci\u00f3n y patologizaci\u00f3n de los procesos naturales, de conformidad con la Ley 25.929.\u201d<\/p>\n<p>Que esta gu\u00eda es una herramienta fundamental para prevenir la violencia obst\u00e9trica.<\/p>\n<p>Que los Derechos Sexuales y Reproductivos son Derechos Humanos y por lo tanto es el Estado el responsable de resguardarlos.<\/p>\n<p>EL HONORABLE CONCEJO DELIBERANTE DE LA MUNICIPALIDAD DE MALARG\u00dcE EN USO DE LAS FACULTADES QUE LE SON PROPIAS<\/p>\n<p>RESUELVE<\/p>\n<p>ART\u00cdCULO 1\u00b0: Declarar de Inter\u00e9s Departamental, Social y Educativo la Gu\u00eda de Buenas Practicas Obst\u00e9tricas con perspectiva de G\u00e9nero y Diversidad, dise\u00f1ada por la Direcci\u00f3n de G\u00e9nero y Diversidad de la Provincia de Mendoza.<\/p>\n<p>ART\u00cdCULO 2\u00b0: Elevar copia de la presente pieza legal a: Direcci\u00f3n del Hospital Malarg\u00fce, \u00c1rea Departamental de Salud Malarg\u00fce, OSEP Delegaci\u00f3n Malarg\u00fce, Cl\u00ednica del Sur, Obras Sociales, Mutuales del Departamento y Direcci\u00f3n de G\u00e9nero y Diversidad de la Provincia de Mendoza.<\/p>\n<p>ART\u00cdCULO 3\u00b0: Comun\u00edquese, reg\u00edstrese, agr\u00e9guese copia de la presente en las actuaciones\u00a0 \u00a0\u00a0\u00a0\u00a0\u00a0\u00a0\u00a0\u00a0 correspondientes y arch\u00edvese.<\/p>\n<p>DADA EN LA SALA DE SESIONES DR. RICARDO BALBIN DEL HONORABLE CONCEJO DELIBERANTE DE LA MUNICIPALIDAD DE MALARG\u00dcE A DIECINUEVE D\u00cdAS DE NOVIEMBRE DE DOS MIL VEINTE<\/p>\n<p>&nbsp;<\/p>\n<p>&nbsp;<\/p>\n<p>&nbsp;<\/p>\n<p>&nbsp;<\/p>\n<p>&nbsp;<\/p>\n","protected":false},"excerpt":{"rendered":"<p>AUTORA: CONCEJAL DAIANA VARAS BLOQUE FRENTE CAMBIA MENDOZA VISTO: El contenido del Expediente N\u00b0 4.836 HC 023 \u2013 2.020. Bloque Frente Cambia Mendoza. Proyecto de Resoluci\u00f3n: Declarar de Inter\u00e9s Departamental, Social y Educativo la Gu\u00eda de Buenas Practicas Obst\u00e9tricas con perspectiva de G\u00e9nero y Diversidad. Que la Direcci\u00f3n de G\u00e9nero y Diversidad de la Provincia [&hellip;]<\/p>\n","protected":false},"author":5,"featured_media":22688,"comment_status":"closed","ping_status":"closed","sticky":false,"template":"","format":"standard","meta":{"footnotes":""},"categories":[52,29,33,51],"tags":[],"class_list":["post-22687","post","type-post","status-publish","format-standard","has-post-thumbnail","hentry","category-gacetillas","category-lesgilacion","category-prensa","category-resoluciones"],"yoast_head":"<!-- This site is optimized with the Yoast SEO plugin v19.10 - https:\/\/yoast.com\/wordpress\/plugins\/seo\/ -->\n<title>RESOLUCI\u00d3N N\u00b0 347\/2.020 - Malarg\u00fce HCD<\/title>\n<meta name=\"robots\" content=\"index, follow, max-snippet:-1, max-image-preview:large, max-video-preview:-1\" \/>\n<link rel=\"canonical\" href=\"https:\/\/hcd.malargue.gov.ar\/?p=22687\" \/>\n<meta property=\"og:locale\" content=\"es_ES\" \/>\n<meta property=\"og:type\" content=\"article\" \/>\n<meta property=\"og:title\" content=\"RESOLUCI\u00d3N N\u00b0 347\/2.020 - Malarg\u00fce HCD\" \/>\n<meta property=\"og:description\" content=\"AUTORA: CONCEJAL DAIANA VARAS BLOQUE FRENTE CAMBIA MENDOZA VISTO: El contenido del Expediente N\u00b0 4.836 HC 023 \u2013 2.020. Bloque Frente Cambia Mendoza. Proyecto de Resoluci\u00f3n: Declarar de Inter\u00e9s Departamental, Social y Educativo la Gu\u00eda de Buenas Practicas Obst\u00e9tricas con perspectiva de G\u00e9nero y Diversidad. Que la Direcci\u00f3n de G\u00e9nero y Diversidad de la Provincia [&hellip;]\" \/>\n<meta property=\"og:url\" content=\"https:\/\/hcd.malargue.gov.ar\/?p=22687\" \/>\n<meta property=\"og:site_name\" content=\"Malarg\u00fce HCD\" \/>\n<meta property=\"article:published_time\" content=\"2020-11-27T12:48:34+00:00\" \/>\n<meta property=\"og:image\" content=\"https:\/\/hcd.malargue.gov.ar\/wp-content\/uploads\/2020\/11\/resolucion-347-2020.jpg\" \/>\n\t<meta property=\"og:image:width\" content=\"1280\" \/>\n\t<meta property=\"og:image:height\" content=\"720\" \/>\n\t<meta property=\"og:image:type\" content=\"image\/jpeg\" \/>\n<meta name=\"author\" content=\"Belen Pedernera Ferragut\" \/>\n<meta name=\"twitter:card\" content=\"summary_large_image\" \/>\n<meta name=\"twitter:label1\" content=\"Escrito por\" \/>\n\t<meta name=\"twitter:data1\" content=\"Belen Pedernera Ferragut\" \/>\n\t<meta name=\"twitter:label2\" content=\"Tiempo de lectura\" \/>\n\t<meta name=\"twitter:data2\" content=\"3 minutos\" \/>\n<script type=\"application\/ld+json\" class=\"yoast-schema-graph\">{\"@context\":\"https:\/\/schema.org\",\"@graph\":[{\"@type\":\"WebPage\",\"@id\":\"https:\/\/hcd.malargue.gov.ar\/?p=22687\",\"url\":\"https:\/\/hcd.malargue.gov.ar\/?p=22687\",\"name\":\"RESOLUCI\u00d3N N\u00b0 347\/2.020 - Malarg\u00fce HCD\",\"isPartOf\":{\"@id\":\"https:\/\/hcd.malargue.gov.ar\/#website\"},\"datePublished\":\"2020-11-27T12:48:34+00:00\",\"dateModified\":\"2020-11-27T12:48:34+00:00\",\"author\":{\"@id\":\"https:\/\/hcd.malargue.gov.ar\/#\/schema\/person\/3fd6bbab64edd703961b795156c955d0\"},\"breadcrumb\":{\"@id\":\"https:\/\/hcd.malargue.gov.ar\/?p=22687#breadcrumb\"},\"inLanguage\":\"es-AR\",\"potentialAction\":[{\"@type\":\"ReadAction\",\"target\":[\"https:\/\/hcd.malargue.gov.ar\/?p=22687\"]}]},{\"@type\":\"BreadcrumbList\",\"@id\":\"https:\/\/hcd.malargue.gov.ar\/?p=22687#breadcrumb\",\"itemListElement\":[{\"@type\":\"ListItem\",\"position\":1,\"name\":\"Inicio\",\"item\":\"https:\/\/hcd.malargue.gov.ar\/\"},{\"@type\":\"ListItem\",\"position\":2,\"name\":\"RESOLUCI\u00d3N N\u00b0 347\/2.020\"}]},{\"@type\":\"WebSite\",\"@id\":\"https:\/\/hcd.malargue.gov.ar\/#website\",\"url\":\"https:\/\/hcd.malargue.gov.ar\/\",\"name\":\"Malarg\u00fce HCD\",\"description\":\"Malarg\u00fce Mendoza Argentina\",\"potentialAction\":[{\"@type\":\"SearchAction\",\"target\":{\"@type\":\"EntryPoint\",\"urlTemplate\":\"https:\/\/hcd.malargue.gov.ar\/?s={search_term_string}\"},\"query-input\":\"required name=search_term_string\"}],\"inLanguage\":\"es-AR\"},{\"@type\":\"Person\",\"@id\":\"https:\/\/hcd.malargue.gov.ar\/#\/schema\/person\/3fd6bbab64edd703961b795156c955d0\",\"name\":\"Belen Pedernera Ferragut\",\"image\":{\"@type\":\"ImageObject\",\"inLanguage\":\"es-AR\",\"@id\":\"https:\/\/hcd.malargue.gov.ar\/#\/schema\/person\/image\/\",\"url\":\"https:\/\/secure.gravatar.com\/avatar\/1054ffab3893de4bb3eb29bdd22f7e34b8537bf5d34d9dab311818154ad5b71f?s=96&d=mm&r=g\",\"contentUrl\":\"https:\/\/secure.gravatar.com\/avatar\/1054ffab3893de4bb3eb29bdd22f7e34b8537bf5d34d9dab311818154ad5b71f?s=96&d=mm&r=g\",\"caption\":\"Belen Pedernera Ferragut\"},\"url\":\"https:\/\/hcd.malargue.gov.ar\/?author=5\"}]}<\/script>\n<!-- \/ Yoast SEO plugin. -->","yoast_head_json":{"title":"RESOLUCI\u00d3N N\u00b0 347\/2.020 - Malarg\u00fce HCD","robots":{"index":"index","follow":"follow","max-snippet":"max-snippet:-1","max-image-preview":"max-image-preview:large","max-video-preview":"max-video-preview:-1"},"canonical":"https:\/\/hcd.malargue.gov.ar\/?p=22687","og_locale":"es_ES","og_type":"article","og_title":"RESOLUCI\u00d3N N\u00b0 347\/2.020 - Malarg\u00fce HCD","og_description":"AUTORA: CONCEJAL DAIANA VARAS BLOQUE FRENTE CAMBIA MENDOZA VISTO: El contenido del Expediente N\u00b0 4.836 HC 023 \u2013 2.020. Bloque Frente Cambia Mendoza. Proyecto de Resoluci\u00f3n: Declarar de Inter\u00e9s Departamental, Social y Educativo la Gu\u00eda de Buenas Practicas Obst\u00e9tricas con perspectiva de G\u00e9nero y Diversidad. Que la Direcci\u00f3n de G\u00e9nero y Diversidad de la Provincia [&hellip;]","og_url":"https:\/\/hcd.malargue.gov.ar\/?p=22687","og_site_name":"Malarg\u00fce HCD","article_published_time":"2020-11-27T12:48:34+00:00","og_image":[{"width":1280,"height":720,"url":"https:\/\/hcd.malargue.gov.ar\/wp-content\/uploads\/2020\/11\/resolucion-347-2020.jpg","type":"image\/jpeg"}],"author":"Belen Pedernera Ferragut","twitter_card":"summary_large_image","twitter_misc":{"Escrito por":"Belen Pedernera Ferragut","Tiempo de lectura":"3 minutos"},"schema":{"@context":"https:\/\/schema.org","@graph":[{"@type":"WebPage","@id":"https:\/\/hcd.malargue.gov.ar\/?p=22687","url":"https:\/\/hcd.malargue.gov.ar\/?p=22687","name":"RESOLUCI\u00d3N N\u00b0 347\/2.020 - Malarg\u00fce HCD","isPartOf":{"@id":"https:\/\/hcd.malargue.gov.ar\/#website"},"datePublished":"2020-11-27T12:48:34+00:00","dateModified":"2020-11-27T12:48:34+00:00","author":{"@id":"https:\/\/hcd.malargue.gov.ar\/#\/schema\/person\/3fd6bbab64edd703961b795156c955d0"},"breadcrumb":{"@id":"https:\/\/hcd.malargue.gov.ar\/?p=22687#breadcrumb"},"inLanguage":"es-AR","potentialAction":[{"@type":"ReadAction","target":["https:\/\/hcd.malargue.gov.ar\/?p=22687"]}]},{"@type":"BreadcrumbList","@id":"https:\/\/hcd.malargue.gov.ar\/?p=22687#breadcrumb","itemListElement":[{"@type":"ListItem","position":1,"name":"Inicio","item":"https:\/\/hcd.malargue.gov.ar\/"},{"@type":"ListItem","position":2,"name":"RESOLUCI\u00d3N N\u00b0 347\/2.020"}]},{"@type":"WebSite","@id":"https:\/\/hcd.malargue.gov.ar\/#website","url":"https:\/\/hcd.malargue.gov.ar\/","name":"Malarg\u00fce HCD","description":"Malarg\u00fce Mendoza Argentina","potentialAction":[{"@type":"SearchAction","target":{"@type":"EntryPoint","urlTemplate":"https:\/\/hcd.malargue.gov.ar\/?s={search_term_string}"},"query-input":"required name=search_term_string"}],"inLanguage":"es-AR"},{"@type":"Person","@id":"https:\/\/hcd.malargue.gov.ar\/#\/schema\/person\/3fd6bbab64edd703961b795156c955d0","name":"Belen Pedernera Ferragut","image":{"@type":"ImageObject","inLanguage":"es-AR","@id":"https:\/\/hcd.malargue.gov.ar\/#\/schema\/person\/image\/","url":"https:\/\/secure.gravatar.com\/avatar\/1054ffab3893de4bb3eb29bdd22f7e34b8537bf5d34d9dab311818154ad5b71f?s=96&d=mm&r=g","contentUrl":"https:\/\/secure.gravatar.com\/avatar\/1054ffab3893de4bb3eb29bdd22f7e34b8537bf5d34d9dab311818154ad5b71f?s=96&d=mm&r=g","caption":"Belen Pedernera Ferragut"},"url":"https:\/\/hcd.malargue.gov.ar\/?author=5"}]}},"_links":{"self":[{"href":"https:\/\/hcd.malargue.gov.ar\/index.php?rest_route=\/wp\/v2\/posts\/22687","targetHints":{"allow":["GET"]}}],"collection":[{"href":"https:\/\/hcd.malargue.gov.ar\/index.php?rest_route=\/wp\/v2\/posts"}],"about":[{"href":"https:\/\/hcd.malargue.gov.ar\/index.php?rest_route=\/wp\/v2\/types\/post"}],"author":[{"embeddable":true,"href":"https:\/\/hcd.malargue.gov.ar\/index.php?rest_route=\/wp\/v2\/users\/5"}],"replies":[{"embeddable":true,"href":"https:\/\/hcd.malargue.gov.ar\/index.php?rest_route=%2Fwp%2Fv2%2Fcomments&post=22687"}],"version-history":[{"count":0,"href":"https:\/\/hcd.malargue.gov.ar\/index.php?rest_route=\/wp\/v2\/posts\/22687\/revisions"}],"wp:featuredmedia":[{"embeddable":true,"href":"https:\/\/hcd.malargue.gov.ar\/index.php?rest_route=\/wp\/v2\/media\/22688"}],"wp:attachment":[{"href":"https:\/\/hcd.malargue.gov.ar\/index.php?rest_route=%2Fwp%2Fv2%2Fmedia&parent=22687"}],"wp:term":[{"taxonomy":"category","embeddable":true,"href":"https:\/\/hcd.malargue.gov.ar\/index.php?rest_route=%2Fwp%2Fv2%2Fcategories&post=22687"},{"taxonomy":"post_tag","embeddable":true,"href":"https:\/\/hcd.malargue.gov.ar\/index.php?rest_route=%2Fwp%2Fv2%2Ftags&post=22687"}],"curies":[{"name":"wp","href":"https:\/\/api.w.org\/{rel}","templated":true}]}}