{"id":22803,"date":"2020-12-04T13:20:24","date_gmt":"2020-12-04T16:20:24","guid":{"rendered":"https:\/\/hcd.malargue.gov.ar\/?p=22803"},"modified":"2020-12-04T13:20:24","modified_gmt":"2020-12-04T16:20:24","slug":"orden-del-dia-2-sesion-extraordinaria-9-12-2020","status":"publish","type":"post","link":"https:\/\/hcd.malargue.gov.ar\/?p=22803","title":{"rendered":"ORDEN DEL DIA 2\u00b0 SESI\u00d3N EXTRAORDINARIA 9-12-2020"},"content":{"rendered":"<p>D\u00eda Mi\u00e9rcoles \u00a009 de Diciembre \u00a0\u00a0\u00a0de 2020.-<\/p>\n<p>Hora: \u00a009:00<\/p>\n<p><strong><em>a)Acto de Izar la Ense\u00f1a Patria a cargo de la \u00a0 Concejal Silvia Beatriz CORREA<\/em><\/strong><\/p>\n<p><strong><em>c) Homenaje de los Se\u00f1ores concejales. &#8211;<\/em><\/strong><\/p>\n<p><strong><em>d)Expedientes provenientes del Departamento Ejecutivo:<\/em><\/strong><\/p>\n<ol>\n<li>Expte N\u00ba 4633\/ 2020-0 Director de Catastro y Obras Privadas. Eleva Proyecto de Ordenanza : \u201cRegularizaci\u00f3n dominial urbana mediante venta Fracci\u00f3n F\u201d<\/li>\n<\/ol>\n<p><strong><em>d) Acto de arriar el Pabell\u00f3n Nacional a cargo del concejal que lo iz\u00f3. &#8211;<\/em><\/strong><\/p>\n<p>&nbsp;<\/p>\n<p>Presidencia H.C.D.\u00a0 04 de Diciembre de 2020.<\/p>\n","protected":false},"excerpt":{"rendered":"<p>D\u00eda Mi\u00e9rcoles \u00a009 de Diciembre \u00a0\u00a0\u00a0de 2020.- Hora: \u00a009:00 a)Acto de Izar la Ense\u00f1a Patria a cargo de la \u00a0 Concejal Silvia Beatriz CORREA c) Homenaje de los Se\u00f1ores concejales. &#8211; d)Expedientes provenientes del Departamento Ejecutivo: Expte N\u00ba 4633\/ 2020-0 Director de Catastro y Obras Privadas. Eleva Proyecto de Ordenanza : \u201cRegularizaci\u00f3n dominial urbana mediante [&hellip;]<\/p>\n","protected":false},"author":5,"featured_media":20798,"comment_status":"closed","ping_status":"closed","sticky":false,"template":"","format":"standard","meta":{"footnotes":""},"categories":[57,52,33,36],"tags":[],"class_list":["post-22803","post","type-post","status-publish","format-standard","has-post-thumbnail","hentry","category-extraordinarias","category-gacetillas","category-prensa","category-sesiones"],"yoast_head":"<!-- This site is optimized with the Yoast SEO plugin v19.10 - https:\/\/yoast.com\/wordpress\/plugins\/seo\/ -->\n<title>ORDEN DEL DIA 2\u00b0 SESI\u00d3N EXTRAORDINARIA 9-12-2020 - Malarg\u00fce HCD<\/title>\n<meta name=\"robots\" content=\"index, follow, max-snippet:-1, max-image-preview:large, max-video-preview:-1\" \/>\n<link rel=\"canonical\" href=\"https:\/\/hcd.malargue.gov.ar\/?p=22803\" \/>\n<meta property=\"og:locale\" content=\"es_ES\" \/>\n<meta property=\"og:type\" content=\"article\" \/>\n<meta property=\"og:title\" content=\"ORDEN DEL DIA 2\u00b0 SESI\u00d3N EXTRAORDINARIA 9-12-2020 - Malarg\u00fce HCD\" \/>\n<meta property=\"og:description\" content=\"D\u00eda Mi\u00e9rcoles \u00a009 de Diciembre \u00a0\u00a0\u00a0de 2020.- Hora: \u00a009:00 a)Acto de Izar la Ense\u00f1a Patria a cargo de la \u00a0 Concejal Silvia Beatriz CORREA c) Homenaje de los Se\u00f1ores concejales. &#8211; d)Expedientes provenientes del Departamento Ejecutivo: Expte N\u00ba 4633\/ 2020-0 Director de Catastro y Obras Privadas. Eleva Proyecto de Ordenanza : \u201cRegularizaci\u00f3n dominial urbana mediante [&hellip;]\" \/>\n<meta property=\"og:url\" content=\"https:\/\/hcd.malargue.gov.ar\/?p=22803\" \/>\n<meta property=\"og:site_name\" content=\"Malarg\u00fce HCD\" \/>\n<meta property=\"article:published_time\" content=\"2020-12-04T16:20:24+00:00\" \/>\n<meta property=\"og:image\" content=\"https:\/\/hcd.malargue.gov.ar\/wp-content\/uploads\/2020\/01\/SESION-EXTRAORDINARIA.jpg\" \/>\n\t<meta property=\"og:image:width\" content=\"1263\" \/>\n\t<meta property=\"og:image:height\" content=\"598\" \/>\n\t<meta property=\"og:image:type\" content=\"image\/jpeg\" \/>\n<meta name=\"author\" content=\"Belen Pedernera Ferragut\" \/>\n<meta name=\"twitter:card\" content=\"summary_large_image\" \/>\n<meta name=\"twitter:label1\" content=\"Escrito por\" \/>\n\t<meta name=\"twitter:data1\" content=\"Belen Pedernera Ferragut\" \/>\n<script type=\"application\/ld+json\" class=\"yoast-schema-graph\">{\"@context\":\"https:\/\/schema.org\",\"@graph\":[{\"@type\":\"WebPage\",\"@id\":\"https:\/\/hcd.malargue.gov.ar\/?p=22803\",\"url\":\"https:\/\/hcd.malargue.gov.ar\/?p=22803\",\"name\":\"ORDEN DEL DIA 2\u00b0 SESI\u00d3N EXTRAORDINARIA 9-12-2020 - Malarg\u00fce HCD\",\"isPartOf\":{\"@id\":\"https:\/\/hcd.malargue.gov.ar\/#website\"},\"datePublished\":\"2020-12-04T16:20:24+00:00\",\"dateModified\":\"2020-12-04T16:20:24+00:00\",\"author\":{\"@id\":\"https:\/\/hcd.malargue.gov.ar\/#\/schema\/person\/3fd6bbab64edd703961b795156c955d0\"},\"breadcrumb\":{\"@id\":\"https:\/\/hcd.malargue.gov.ar\/?p=22803#breadcrumb\"},\"inLanguage\":\"es-AR\",\"potentialAction\":[{\"@type\":\"ReadAction\",\"target\":[\"https:\/\/hcd.malargue.gov.ar\/?p=22803\"]}]},{\"@type\":\"BreadcrumbList\",\"@id\":\"https:\/\/hcd.malargue.gov.ar\/?p=22803#breadcrumb\",\"itemListElement\":[{\"@type\":\"ListItem\",\"position\":1,\"name\":\"Inicio\",\"item\":\"https:\/\/hcd.malargue.gov.ar\/\"},{\"@type\":\"ListItem\",\"position\":2,\"name\":\"ORDEN DEL DIA 2\u00b0 SESI\u00d3N EXTRAORDINARIA 9-12-2020\"}]},{\"@type\":\"WebSite\",\"@id\":\"https:\/\/hcd.malargue.gov.ar\/#website\",\"url\":\"https:\/\/hcd.malargue.gov.ar\/\",\"name\":\"Malarg\u00fce HCD\",\"description\":\"Malarg\u00fce Mendoza Argentina\",\"potentialAction\":[{\"@type\":\"SearchAction\",\"target\":{\"@type\":\"EntryPoint\",\"urlTemplate\":\"https:\/\/hcd.malargue.gov.ar\/?s={search_term_string}\"},\"query-input\":\"required name=search_term_string\"}],\"inLanguage\":\"es-AR\"},{\"@type\":\"Person\",\"@id\":\"https:\/\/hcd.malargue.gov.ar\/#\/schema\/person\/3fd6bbab64edd703961b795156c955d0\",\"name\":\"Belen Pedernera Ferragut\",\"image\":{\"@type\":\"ImageObject\",\"inLanguage\":\"es-AR\",\"@id\":\"https:\/\/hcd.malargue.gov.ar\/#\/schema\/person\/image\/\",\"url\":\"https:\/\/secure.gravatar.com\/avatar\/1054ffab3893de4bb3eb29bdd22f7e34b8537bf5d34d9dab311818154ad5b71f?s=96&d=mm&r=g\",\"contentUrl\":\"https:\/\/secure.gravatar.com\/avatar\/1054ffab3893de4bb3eb29bdd22f7e34b8537bf5d34d9dab311818154ad5b71f?s=96&d=mm&r=g\",\"caption\":\"Belen Pedernera Ferragut\"},\"url\":\"https:\/\/hcd.malargue.gov.ar\/?author=5\"}]}<\/script>\n<!-- \/ Yoast SEO plugin. -->","yoast_head_json":{"title":"ORDEN DEL DIA 2\u00b0 SESI\u00d3N EXTRAORDINARIA 9-12-2020 - Malarg\u00fce HCD","robots":{"index":"index","follow":"follow","max-snippet":"max-snippet:-1","max-image-preview":"max-image-preview:large","max-video-preview":"max-video-preview:-1"},"canonical":"https:\/\/hcd.malargue.gov.ar\/?p=22803","og_locale":"es_ES","og_type":"article","og_title":"ORDEN DEL DIA 2\u00b0 SESI\u00d3N EXTRAORDINARIA 9-12-2020 - Malarg\u00fce HCD","og_description":"D\u00eda Mi\u00e9rcoles \u00a009 de Diciembre \u00a0\u00a0\u00a0de 2020.- Hora: \u00a009:00 a)Acto de Izar la Ense\u00f1a Patria a cargo de la \u00a0 Concejal Silvia Beatriz CORREA c) Homenaje de los Se\u00f1ores concejales. &#8211; d)Expedientes provenientes del Departamento Ejecutivo: Expte N\u00ba 4633\/ 2020-0 Director de Catastro y Obras Privadas. Eleva Proyecto de Ordenanza : \u201cRegularizaci\u00f3n dominial urbana mediante [&hellip;]","og_url":"https:\/\/hcd.malargue.gov.ar\/?p=22803","og_site_name":"Malarg\u00fce HCD","article_published_time":"2020-12-04T16:20:24+00:00","og_image":[{"width":1263,"height":598,"url":"https:\/\/hcd.malargue.gov.ar\/wp-content\/uploads\/2020\/01\/SESION-EXTRAORDINARIA.jpg","type":"image\/jpeg"}],"author":"Belen Pedernera Ferragut","twitter_card":"summary_large_image","twitter_misc":{"Escrito por":"Belen Pedernera Ferragut"},"schema":{"@context":"https:\/\/schema.org","@graph":[{"@type":"WebPage","@id":"https:\/\/hcd.malargue.gov.ar\/?p=22803","url":"https:\/\/hcd.malargue.gov.ar\/?p=22803","name":"ORDEN DEL DIA 2\u00b0 SESI\u00d3N EXTRAORDINARIA 9-12-2020 - Malarg\u00fce HCD","isPartOf":{"@id":"https:\/\/hcd.malargue.gov.ar\/#website"},"datePublished":"2020-12-04T16:20:24+00:00","dateModified":"2020-12-04T16:20:24+00:00","author":{"@id":"https:\/\/hcd.malargue.gov.ar\/#\/schema\/person\/3fd6bbab64edd703961b795156c955d0"},"breadcrumb":{"@id":"https:\/\/hcd.malargue.gov.ar\/?p=22803#breadcrumb"},"inLanguage":"es-AR","potentialAction":[{"@type":"ReadAction","target":["https:\/\/hcd.malargue.gov.ar\/?p=22803"]}]},{"@type":"BreadcrumbList","@id":"https:\/\/hcd.malargue.gov.ar\/?p=22803#breadcrumb","itemListElement":[{"@type":"ListItem","position":1,"name":"Inicio","item":"https:\/\/hcd.malargue.gov.ar\/"},{"@type":"ListItem","position":2,"name":"ORDEN DEL DIA 2\u00b0 SESI\u00d3N EXTRAORDINARIA 9-12-2020"}]},{"@type":"WebSite","@id":"https:\/\/hcd.malargue.gov.ar\/#website","url":"https:\/\/hcd.malargue.gov.ar\/","name":"Malarg\u00fce HCD","description":"Malarg\u00fce Mendoza Argentina","potentialAction":[{"@type":"SearchAction","target":{"@type":"EntryPoint","urlTemplate":"https:\/\/hcd.malargue.gov.ar\/?s={search_term_string}"},"query-input":"required name=search_term_string"}],"inLanguage":"es-AR"},{"@type":"Person","@id":"https:\/\/hcd.malargue.gov.ar\/#\/schema\/person\/3fd6bbab64edd703961b795156c955d0","name":"Belen Pedernera Ferragut","image":{"@type":"ImageObject","inLanguage":"es-AR","@id":"https:\/\/hcd.malargue.gov.ar\/#\/schema\/person\/image\/","url":"https:\/\/secure.gravatar.com\/avatar\/1054ffab3893de4bb3eb29bdd22f7e34b8537bf5d34d9dab311818154ad5b71f?s=96&d=mm&r=g","contentUrl":"https:\/\/secure.gravatar.com\/avatar\/1054ffab3893de4bb3eb29bdd22f7e34b8537bf5d34d9dab311818154ad5b71f?s=96&d=mm&r=g","caption":"Belen Pedernera Ferragut"},"url":"https:\/\/hcd.malargue.gov.ar\/?author=5"}]}},"_links":{"self":[{"href":"https:\/\/hcd.malargue.gov.ar\/index.php?rest_route=\/wp\/v2\/posts\/22803","targetHints":{"allow":["GET"]}}],"collection":[{"href":"https:\/\/hcd.malargue.gov.ar\/index.php?rest_route=\/wp\/v2\/posts"}],"about":[{"href":"https:\/\/hcd.malargue.gov.ar\/index.php?rest_route=\/wp\/v2\/types\/post"}],"author":[{"embeddable":true,"href":"https:\/\/hcd.malargue.gov.ar\/index.php?rest_route=\/wp\/v2\/users\/5"}],"replies":[{"embeddable":true,"href":"https:\/\/hcd.malargue.gov.ar\/index.php?rest_route=%2Fwp%2Fv2%2Fcomments&post=22803"}],"version-history":[{"count":0,"href":"https:\/\/hcd.malargue.gov.ar\/index.php?rest_route=\/wp\/v2\/posts\/22803\/revisions"}],"wp:featuredmedia":[{"embeddable":true,"href":"https:\/\/hcd.malargue.gov.ar\/index.php?rest_route=\/wp\/v2\/media\/20798"}],"wp:attachment":[{"href":"https:\/\/hcd.malargue.gov.ar\/index.php?rest_route=%2Fwp%2Fv2%2Fmedia&parent=22803"}],"wp:term":[{"taxonomy":"category","embeddable":true,"href":"https:\/\/hcd.malargue.gov.ar\/index.php?rest_route=%2Fwp%2Fv2%2Fcategories&post=22803"},{"taxonomy":"post_tag","embeddable":true,"href":"https:\/\/hcd.malargue.gov.ar\/index.php?rest_route=%2Fwp%2Fv2%2Ftags&post=22803"}],"curies":[{"name":"wp","href":"https:\/\/api.w.org\/{rel}","templated":true}]}}