{"id":22830,"date":"2020-12-10T08:31:44","date_gmt":"2020-12-10T11:31:44","guid":{"rendered":"https:\/\/hcd.malargue.gov.ar\/?p=22830"},"modified":"2020-12-10T08:31:44","modified_gmt":"2020-12-10T11:31:44","slug":"dia-de-la-democracia-argentina","status":"publish","type":"post","link":"https:\/\/hcd.malargue.gov.ar\/?p=22830","title":{"rendered":"DIA DE LA DEMOCRACIA ARGENTINA"},"content":{"rendered":"<p>El D\u00eda de la Democracia fue establecido a trav\u00e9s de la Ley N.\u00ba 26.323 (sancionada el 22 de noviembre de 2007 y promulgada de hecho el 17 diciembre del mismo a\u00f1o) en recordaci\u00f3n de la asunci\u00f3n del Presidente Ra\u00fal Alfons\u00edn, cuando se restituy\u00f3 en la Argentina el r\u00e9gimen democr\u00e1tico y el Estado de Derecho, el 10 de diciembre de 1983.<\/p>\n<p>El 30 de octubre de 1983, Ra\u00fal Alfons\u00edn resultaba electo Presidente. Estas elecciones marcaban el retorno a la Democracia, luego de 7 a\u00f1os de dictadura c\u00edvico militar, cerrando as\u00ed una de las etapas m\u00e1s oscuras y sangrientas de la historia argentina.<\/p>\n<p>Apenas asume el 10 de diciembre de 1983, Alfons\u00edn no tarda en cumplir su promesa electoral y env\u00eda al Congreso la Ley N.\u00ba 23.040, que deroga la Ley de Autoamnist\u00eda N\u00ba 22.924 de la Dictadura y que se aprueba una semana despu\u00e9s, convirti\u00e9ndose as\u00ed en la primera Ley aprobada en Democracia luego de la dictadura c\u00edvico militar.<\/p>\n<p>La recuperaci\u00f3n de la Democracia fue posible gracias a un conjunto variado de actores y organizaciones, entre ellos, los partidos pol\u00edticos tradicionales, sectores del movimiento obrero organizado y organismos de defensa de los Derechos Humanos, que articularon, progresivamente, la lucha contra la dictadura militar.<\/p>\n","protected":false},"excerpt":{"rendered":"<p>El D\u00eda de la Democracia fue establecido a trav\u00e9s de la Ley N.\u00ba 26.323 (sancionada el 22 de noviembre de 2007 y promulgada de hecho el 17 diciembre del mismo a\u00f1o) en recordaci\u00f3n de la asunci\u00f3n del Presidente Ra\u00fal Alfons\u00edn, cuando se restituy\u00f3 en la Argentina el r\u00e9gimen democr\u00e1tico y el Estado de Derecho, el [&hellip;]<\/p>\n","protected":false},"author":5,"featured_media":22831,"comment_status":"closed","ping_status":"closed","sticky":false,"template":"","format":"standard","meta":{"footnotes":""},"categories":[69,52,33],"tags":[],"class_list":["post-22830","post","type-post","status-publish","format-standard","has-post-thumbnail","hentry","category-efemerides","category-gacetillas","category-prensa"],"yoast_head":"<!-- This site is optimized with the Yoast SEO plugin v19.10 - https:\/\/yoast.com\/wordpress\/plugins\/seo\/ -->\n<title>DIA DE LA DEMOCRACIA ARGENTINA - Malarg\u00fce HCD<\/title>\n<meta name=\"robots\" content=\"index, follow, max-snippet:-1, max-image-preview:large, max-video-preview:-1\" \/>\n<link rel=\"canonical\" href=\"https:\/\/hcd.malargue.gov.ar\/?p=22830\" \/>\n<meta property=\"og:locale\" content=\"es_ES\" \/>\n<meta property=\"og:type\" content=\"article\" \/>\n<meta property=\"og:title\" content=\"DIA DE LA DEMOCRACIA ARGENTINA - Malarg\u00fce HCD\" \/>\n<meta property=\"og:description\" content=\"El D\u00eda de la Democracia fue establecido a trav\u00e9s de la Ley N.\u00ba 26.323 (sancionada el 22 de noviembre de 2007 y promulgada de hecho el 17 diciembre del mismo a\u00f1o) en recordaci\u00f3n de la asunci\u00f3n del Presidente Ra\u00fal Alfons\u00edn, cuando se restituy\u00f3 en la Argentina el r\u00e9gimen democr\u00e1tico y el Estado de Derecho, el [&hellip;]\" \/>\n<meta property=\"og:url\" content=\"https:\/\/hcd.malargue.gov.ar\/?p=22830\" \/>\n<meta property=\"og:site_name\" content=\"Malarg\u00fce HCD\" \/>\n<meta property=\"article:published_time\" content=\"2020-12-10T11:31:44+00:00\" \/>\n<meta property=\"og:image\" content=\"https:\/\/hcd.malargue.gov.ar\/wp-content\/uploads\/2020\/12\/DEMOCRACIA.jpg\" \/>\n\t<meta property=\"og:image:width\" content=\"851\" \/>\n\t<meta property=\"og:image:height\" content=\"586\" \/>\n\t<meta property=\"og:image:type\" content=\"image\/jpeg\" \/>\n<meta name=\"author\" content=\"Belen Pedernera Ferragut\" \/>\n<meta name=\"twitter:card\" content=\"summary_large_image\" \/>\n<meta name=\"twitter:label1\" content=\"Escrito por\" \/>\n\t<meta name=\"twitter:data1\" content=\"Belen Pedernera Ferragut\" \/>\n\t<meta name=\"twitter:label2\" content=\"Tiempo de lectura\" \/>\n\t<meta name=\"twitter:data2\" content=\"1 minuto\" \/>\n<script type=\"application\/ld+json\" class=\"yoast-schema-graph\">{\"@context\":\"https:\/\/schema.org\",\"@graph\":[{\"@type\":\"WebPage\",\"@id\":\"https:\/\/hcd.malargue.gov.ar\/?p=22830\",\"url\":\"https:\/\/hcd.malargue.gov.ar\/?p=22830\",\"name\":\"DIA DE LA DEMOCRACIA ARGENTINA - Malarg\u00fce HCD\",\"isPartOf\":{\"@id\":\"https:\/\/hcd.malargue.gov.ar\/#website\"},\"datePublished\":\"2020-12-10T11:31:44+00:00\",\"dateModified\":\"2020-12-10T11:31:44+00:00\",\"author\":{\"@id\":\"https:\/\/hcd.malargue.gov.ar\/#\/schema\/person\/3fd6bbab64edd703961b795156c955d0\"},\"breadcrumb\":{\"@id\":\"https:\/\/hcd.malargue.gov.ar\/?p=22830#breadcrumb\"},\"inLanguage\":\"es-AR\",\"potentialAction\":[{\"@type\":\"ReadAction\",\"target\":[\"https:\/\/hcd.malargue.gov.ar\/?p=22830\"]}]},{\"@type\":\"BreadcrumbList\",\"@id\":\"https:\/\/hcd.malargue.gov.ar\/?p=22830#breadcrumb\",\"itemListElement\":[{\"@type\":\"ListItem\",\"position\":1,\"name\":\"Inicio\",\"item\":\"https:\/\/hcd.malargue.gov.ar\/\"},{\"@type\":\"ListItem\",\"position\":2,\"name\":\"DIA DE LA DEMOCRACIA ARGENTINA\"}]},{\"@type\":\"WebSite\",\"@id\":\"https:\/\/hcd.malargue.gov.ar\/#website\",\"url\":\"https:\/\/hcd.malargue.gov.ar\/\",\"name\":\"Malarg\u00fce HCD\",\"description\":\"Malarg\u00fce Mendoza Argentina\",\"potentialAction\":[{\"@type\":\"SearchAction\",\"target\":{\"@type\":\"EntryPoint\",\"urlTemplate\":\"https:\/\/hcd.malargue.gov.ar\/?s={search_term_string}\"},\"query-input\":\"required name=search_term_string\"}],\"inLanguage\":\"es-AR\"},{\"@type\":\"Person\",\"@id\":\"https:\/\/hcd.malargue.gov.ar\/#\/schema\/person\/3fd6bbab64edd703961b795156c955d0\",\"name\":\"Belen Pedernera Ferragut\",\"image\":{\"@type\":\"ImageObject\",\"inLanguage\":\"es-AR\",\"@id\":\"https:\/\/hcd.malargue.gov.ar\/#\/schema\/person\/image\/\",\"url\":\"https:\/\/secure.gravatar.com\/avatar\/1054ffab3893de4bb3eb29bdd22f7e34b8537bf5d34d9dab311818154ad5b71f?s=96&d=mm&r=g\",\"contentUrl\":\"https:\/\/secure.gravatar.com\/avatar\/1054ffab3893de4bb3eb29bdd22f7e34b8537bf5d34d9dab311818154ad5b71f?s=96&d=mm&r=g\",\"caption\":\"Belen Pedernera Ferragut\"},\"url\":\"https:\/\/hcd.malargue.gov.ar\/?author=5\"}]}<\/script>\n<!-- \/ Yoast SEO plugin. -->","yoast_head_json":{"title":"DIA DE LA DEMOCRACIA ARGENTINA - Malarg\u00fce HCD","robots":{"index":"index","follow":"follow","max-snippet":"max-snippet:-1","max-image-preview":"max-image-preview:large","max-video-preview":"max-video-preview:-1"},"canonical":"https:\/\/hcd.malargue.gov.ar\/?p=22830","og_locale":"es_ES","og_type":"article","og_title":"DIA DE LA DEMOCRACIA ARGENTINA - Malarg\u00fce HCD","og_description":"El D\u00eda de la Democracia fue establecido a trav\u00e9s de la Ley N.\u00ba 26.323 (sancionada el 22 de noviembre de 2007 y promulgada de hecho el 17 diciembre del mismo a\u00f1o) en recordaci\u00f3n de la asunci\u00f3n del Presidente Ra\u00fal Alfons\u00edn, cuando se restituy\u00f3 en la Argentina el r\u00e9gimen democr\u00e1tico y el Estado de Derecho, el [&hellip;]","og_url":"https:\/\/hcd.malargue.gov.ar\/?p=22830","og_site_name":"Malarg\u00fce HCD","article_published_time":"2020-12-10T11:31:44+00:00","og_image":[{"width":851,"height":586,"url":"https:\/\/hcd.malargue.gov.ar\/wp-content\/uploads\/2020\/12\/DEMOCRACIA.jpg","type":"image\/jpeg"}],"author":"Belen Pedernera Ferragut","twitter_card":"summary_large_image","twitter_misc":{"Escrito por":"Belen Pedernera Ferragut","Tiempo de lectura":"1 minuto"},"schema":{"@context":"https:\/\/schema.org","@graph":[{"@type":"WebPage","@id":"https:\/\/hcd.malargue.gov.ar\/?p=22830","url":"https:\/\/hcd.malargue.gov.ar\/?p=22830","name":"DIA DE LA DEMOCRACIA ARGENTINA - Malarg\u00fce HCD","isPartOf":{"@id":"https:\/\/hcd.malargue.gov.ar\/#website"},"datePublished":"2020-12-10T11:31:44+00:00","dateModified":"2020-12-10T11:31:44+00:00","author":{"@id":"https:\/\/hcd.malargue.gov.ar\/#\/schema\/person\/3fd6bbab64edd703961b795156c955d0"},"breadcrumb":{"@id":"https:\/\/hcd.malargue.gov.ar\/?p=22830#breadcrumb"},"inLanguage":"es-AR","potentialAction":[{"@type":"ReadAction","target":["https:\/\/hcd.malargue.gov.ar\/?p=22830"]}]},{"@type":"BreadcrumbList","@id":"https:\/\/hcd.malargue.gov.ar\/?p=22830#breadcrumb","itemListElement":[{"@type":"ListItem","position":1,"name":"Inicio","item":"https:\/\/hcd.malargue.gov.ar\/"},{"@type":"ListItem","position":2,"name":"DIA DE LA DEMOCRACIA ARGENTINA"}]},{"@type":"WebSite","@id":"https:\/\/hcd.malargue.gov.ar\/#website","url":"https:\/\/hcd.malargue.gov.ar\/","name":"Malarg\u00fce HCD","description":"Malarg\u00fce Mendoza Argentina","potentialAction":[{"@type":"SearchAction","target":{"@type":"EntryPoint","urlTemplate":"https:\/\/hcd.malargue.gov.ar\/?s={search_term_string}"},"query-input":"required name=search_term_string"}],"inLanguage":"es-AR"},{"@type":"Person","@id":"https:\/\/hcd.malargue.gov.ar\/#\/schema\/person\/3fd6bbab64edd703961b795156c955d0","name":"Belen Pedernera Ferragut","image":{"@type":"ImageObject","inLanguage":"es-AR","@id":"https:\/\/hcd.malargue.gov.ar\/#\/schema\/person\/image\/","url":"https:\/\/secure.gravatar.com\/avatar\/1054ffab3893de4bb3eb29bdd22f7e34b8537bf5d34d9dab311818154ad5b71f?s=96&d=mm&r=g","contentUrl":"https:\/\/secure.gravatar.com\/avatar\/1054ffab3893de4bb3eb29bdd22f7e34b8537bf5d34d9dab311818154ad5b71f?s=96&d=mm&r=g","caption":"Belen Pedernera Ferragut"},"url":"https:\/\/hcd.malargue.gov.ar\/?author=5"}]}},"_links":{"self":[{"href":"https:\/\/hcd.malargue.gov.ar\/index.php?rest_route=\/wp\/v2\/posts\/22830","targetHints":{"allow":["GET"]}}],"collection":[{"href":"https:\/\/hcd.malargue.gov.ar\/index.php?rest_route=\/wp\/v2\/posts"}],"about":[{"href":"https:\/\/hcd.malargue.gov.ar\/index.php?rest_route=\/wp\/v2\/types\/post"}],"author":[{"embeddable":true,"href":"https:\/\/hcd.malargue.gov.ar\/index.php?rest_route=\/wp\/v2\/users\/5"}],"replies":[{"embeddable":true,"href":"https:\/\/hcd.malargue.gov.ar\/index.php?rest_route=%2Fwp%2Fv2%2Fcomments&post=22830"}],"version-history":[{"count":0,"href":"https:\/\/hcd.malargue.gov.ar\/index.php?rest_route=\/wp\/v2\/posts\/22830\/revisions"}],"wp:featuredmedia":[{"embeddable":true,"href":"https:\/\/hcd.malargue.gov.ar\/index.php?rest_route=\/wp\/v2\/media\/22831"}],"wp:attachment":[{"href":"https:\/\/hcd.malargue.gov.ar\/index.php?rest_route=%2Fwp%2Fv2%2Fmedia&parent=22830"}],"wp:term":[{"taxonomy":"category","embeddable":true,"href":"https:\/\/hcd.malargue.gov.ar\/index.php?rest_route=%2Fwp%2Fv2%2Fcategories&post=22830"},{"taxonomy":"post_tag","embeddable":true,"href":"https:\/\/hcd.malargue.gov.ar\/index.php?rest_route=%2Fwp%2Fv2%2Ftags&post=22830"}],"curies":[{"name":"wp","href":"https:\/\/api.w.org\/{rel}","templated":true}]}}