{"id":22895,"date":"2020-12-15T09:48:13","date_gmt":"2020-12-15T12:48:13","guid":{"rendered":"https:\/\/hcd.malargue.gov.ar\/?p=22895"},"modified":"2020-12-15T09:48:13","modified_gmt":"2020-12-15T12:48:13","slug":"ordenanza-n-2-076-2-020","status":"publish","type":"post","link":"https:\/\/hcd.malargue.gov.ar\/?p=22895","title":{"rendered":"ORDENANZA N\u00b0 2.076\/2.020"},"content":{"rendered":"<p>VISTO: El Expte. N\u00b0 4.343-2.020-0.Direcci\u00f3n\u00a0 Asesor\u00eda Letrada. Dra. D\u00e9bora Ferrero. Proyecto de Ordenanza: \u201cCreaci\u00f3n Parque Agrario Malarg\u00fce\u201d.<a href=\"https:\/\/hcd.malargue.gov.ar\/hcdpdf\/on%202076%202020%20parque%20agrario.pdf\"><img loading=\"lazy\" decoding=\"async\" class=\"alignright wp-image-7950\" src=\"https:\/\/hcd.malargue.gov.ar\/wp-content\/uploads\/2018\/06\/PDF-JPG-300x300.jpg\" alt=\"\" width=\"105\" height=\"105\" srcset=\"https:\/\/hcd.malargue.gov.ar\/wp-content\/uploads\/2018\/06\/PDF-JPG-300x300.jpg 300w, https:\/\/hcd.malargue.gov.ar\/wp-content\/uploads\/2018\/06\/PDF-JPG-150x150.jpg 150w, https:\/\/hcd.malargue.gov.ar\/wp-content\/uploads\/2018\/06\/PDF-JPG.jpg 512w\" sizes=\"auto, (max-width: 105px) 100vw, 105px\" \/><\/a><\/p>\n<p>Que\u00a0 es propicio promover\u00a0 la creaci\u00f3n de un espacio definido como Parque \u00a0 Agrario\u00a0 Malarg\u00fce, con caracter\u00edsticas que hagan\u00a0 eficiente\u00a0 la localizaci\u00f3n\u00a0 de\u00a0 la\u00a0\u00a0 actividad\u00a0 agropecuaria, a fin de brindar herramientas de desarrollo para los agricultores\u00a0 locales, estimulando\u00a0 al sector privado a realizar\u00a0 inversiones que deriven en la toma de mano de obra local.<\/p>\n<p>y;<\/p>\n<p>CONSIDERANDO: Que la creaci\u00f3n de un Parque Agrario es una de las figuras m\u00e1s \u00a0 adecuadas a fin de poder\u00a0 construir\u00a0 sistemas\u00a0 agroalimentario a escala local-\u00a0\u00a0 regional ya que\u00a0 aborda el territorio de manera sistem\u00e1tica, tomando en \u00a0 consideraci\u00f3n los aspectos tanto econ\u00f3micos como ecol\u00f3gicos, culturales y \u00a0\u00a0\u00a0\u00a0\u00a0\u00a0\u00a0\u00a0\u00a0\u00a0\u00a0 sociales del territorio sobre el que se asienta, conteniendo un potencial \u00a0\u00a0\u00a0 transformador\u00a0 para el Departamento de Malarg\u00fce.<\/p>\n<p>Que la Municipalidad de Malarg\u00fce, tiene\u00a0 en su activo tierras que hoy\u00a0 est\u00e1n\u00a0\u00a0 incultas, tierras de gran riqueza en su\u00a0 composici\u00f3n de minerales, aptas para\u00a0 el \u00a0 cultivo.<\/p>\n<p>Que las mismas se\u00a0 ubican en la zona de Ca\u00f1ada Colorada, inscriptas registralmente \u00a0\u00a0\u00a0\u00a0\u00a0 en la Matr\u00edcula del Folio Real N\u00b0 4.051\/19, Asiento A-1, con una\u00a0 superficie seg\u00fan \u00a0\u00a0 T\u00edtulo de 51.284 Has. (1.059M\u00b2)<\/p>\n<p>Que los Parques Agrarios se presentan como una herramienta de gesti\u00f3n para consolidar y desarrollar la base territorial, conteniendo en forma impl\u00edcita una voluntad de ordenar un espacio, protegiendo los valores naturales y paisaj\u00edsticos, impulsando a la vez la actividad agr\u00edcola combinada con el uso social del territorio.<\/p>\n<p>Que dicho instrumento\u00a0 de concertaci\u00f3n de estrategias de protecci\u00f3n\u00a0 y gesti\u00f3n, \u00a0 implica la voluntad\u00a0 de intervenir\u00a0 en su cuidado, impulsando\u00a0 iniciativas de\u00a0 \u00a0\u00a0\u00a0 dinamizaci\u00f3n y fomento de su potencial\u00a0 econ\u00f3mico, ambiental y social.<\/p>\n<p>Que dicha figura ordena, protege y gestiona el espacio agrario y\u00a0 cuyos\u00a0 objetivos \u00a0 son fortalecer la actividad de las fincas agr\u00edcolas del\u00a0 Departamento de Malarg\u00fce.<\/p>\n<p>Que a trav\u00e9s de estos espacios se fomenta\u00a0 el desarrollo de una\u00a0 agricultura viable\u00a0\u00a0 tanto\u00a0 econ\u00f3mica\u00a0 como ambiental, mejorando la\u00a0 competitividad y la \u00a0\u00a0\u00a0 innovaci\u00f3n del sector agrario.<\/p>\n<p>Que el\u00a0 objetivo de ello es celebrar\u00a0 Contratos de Arrendamientos\u00a0 Rurales en ambas \u00a0\u00a0\u00a0\u00a0\u00a0 tierras, para que los agricultores locales y\/o for\u00e1neos al Departamento de Malarg\u00fce, \u00a0\u00a0 que presenten\u00a0 proyectos de\u00a0 explotaci\u00f3n agr\u00edcola puedan desarrollar los mismos, \u00a0\u00a0\u00a0\u00a0\u00a0\u00a0\u00a0\u00a0\u00a0 utilizando\u00a0 mano de obra local y generando\u00a0 la distribuci\u00f3n de recursos a la comuna \u00a0\u00a0\u00a0\u00a0\u00a0\u00a0\u00a0\u00a0\u00a0\u00a0 y a la poblaci\u00f3n de Malarg\u00fce.<\/p>\n<p>Que es primordial\u00a0 para el Departamento Ejecutivo Municipal tomar medidas en pos \u00a0\u00a0\u00a0\u00a0\u00a0 del desarrollo de la actividad econ\u00f3mica local\u00a0 a fin de mejorar la calidad de vida de \u00a0\u00a0\u00a0\u00a0 los malarg\u00fcinos.<\/p>\n<p>Que\u00a0 dichas medidas deben ser compatibles con la conservaci\u00f3n de los recursos\u00a0 naturales y esto condiciona que la viabilidad de las\u00a0 explotaciones\u00a0 agrarias no sea\u00a0 a \u00a0\u00a0\u00a0\u00a0\u00a0\u00a0\u00a0 costa\u00a0 del\u00a0 agotamiento de los recursos\u00a0 naturales.<\/p>\n<p>Que en este sentido, se realizar\u00e1\u00a0 un Plan Formativo para que las fincas agrarias del \u00a0\u00a0\u00a0\u00a0\u00a0\u00a0 Parque\u00a0 mejoren\u00a0 sus manejos y mantengan\u00a0 los cuadros\u00a0 aptos y\u00a0 f\u00e9rtiles para las plantaciones\u00a0 que se cultiven.<\/p>\n<p>Que de esta manera, el Parque Agrario es una figura de protecci\u00f3n territorial\u00a0 que se \u00a0\u00a0\u00a0\u00a0\u00a0 aplica en las Ciudades que apuestan por\u00a0 poner en valor\u00a0 las\u00a0 producciones agr\u00edcolas \u00a0\u00a0\u00a0 del entorno.<\/p>\n<p>Que se plantea como una herramienta\u00a0 de gesti\u00f3n para el\u00a0 ordenamiento y desarrollo \u00a0\u00a0\u00a0\u00a0\u00a0 del territorio, como objeto principal, es consolidar\u00a0 el espacio agr\u00edcola, \u00a0\u00a0 constituyendo\u00a0 a su viabilidad econ\u00f3mica. Incorporando\u00a0 al\u00a0 sistema\u00a0 productivo \u00a0\u00a0\u00a0\u00a0\u00a0\u00a0\u00a0\u00a0\u00a0 tierras que hoy est\u00e1n\u00a0 totalmente incultas.<\/p>\n<p>Que como objetivo espec\u00edfico, se reconoce\u00a0 su importancia\u00a0 como\u00a0 fuente de\u00a0 \u00a0\u00a0\u00a0\u00a0\u00a0 abastecimiento\u00a0 alimentario, el\u00a0 incremento\u00a0 del empleo\u00a0 rural, el\u00a0 impulso a los \u00a0\u00a0\u00a0\u00a0 sistemas de producci\u00f3n y comercializaci\u00f3n adecuados a las\u00a0 necesidades\u00a0 de \u00a0\u00a0\u00a0\u00a0\u00a0 mercado, la modernizaci\u00f3n de las\u00a0 explotaciones\u00a0 agrarias\u00a0 con vista\u00a0 a su\u00a0 viabilidad \u00a0\u00a0\u00a0\u00a0\u00a0\u00a0 empresarial; el fomento\u00a0 del\u00a0 relevo generacional; entre otros.<\/p>\n<p>Que resulta\u00a0 una tarea necesaria\u00a0 proponer lineamientos para la\u00a0 gesti\u00f3n e implementaci\u00f3n de la figura Parque Agrario,\u00a0 anclados\u00a0 por otra parte en la tradici\u00f3n \u00a0\u00a0\u00a0\u00a0 del Departamento de Malarg\u00fce.<\/p>\n<p>Que se trata de una propuesta de actuaci\u00f3n en el espacio productivo rural que pone\u00a0 de manifiesto la voluntad de preservar\u00a0 los valores ambientales del Departamento de\u00a0 Malarg\u00fce y de potenciar las funciones que le\u00a0 son propias, en otros t\u00e9rminos, como elemento\u00a0 equilibrador ambiental, econ\u00f3mico y territorial.<\/p>\n<p>Que la propuesta de Creaci\u00f3n de Parque Agrario se enmarca en\u00a0 concordancia\u00a0 con\u00a0 el Plan de Ordenamiento Territorial que\u00a0 demandar\u00e1 la\u00a0 aplicaci\u00f3n de instrumentos adecuados.<\/p>\n<p>Que a fin que dicho\u00a0 Parque Agrario cumpla con el objetivo de gesti\u00f3n del\u00a0 territorio productivo, se deben\u00a0 definir instrumentos\u00a0 fundamentales para garantizar \u00a0 la estabilidad, promover el desarrollo y posibilitar su dinamizaci\u00f3n.<\/p>\n<p>Que se debe delimitar el \u00e1mbito territorial del Parque Agrario, a la superficie indicada precedentemente, definiendo los lineamientos generales, que cada \u00a0\u00a0 agricultor debe cumplir para poder ingresar al mismo, suscribiendo con el \u00a0\u00a0\u00a0\u00a0\u00a0\u00a0\u00a0 Municipio un Contrato de\u00a0 Arrendamientos Rurales, que en ning\u00fan caso podr\u00e1 superar \u00a0\u00a0\u00a0\u00a0 los diez a\u00f1os de duraci\u00f3n, pudiendo ser renovados.<\/p>\n<p>Que la gesti\u00f3n del Parque Agrario tiene que ser conservadora en la protecci\u00f3n de sus \u00a0\u00a0\u00a0\u00a0 valores productivos, ecol\u00f3gicos y culturales.<\/p>\n<p>Que ser\u00e1 objetivo del Parque Agrario consolidar y desarrollar la base territorial y \u00a0\u00a0\u00a0\u00a0\u00a0\u00a0\u00a0\u00a0\u00a0\u00a0 facilitar la continuidad de la actividad agraria, impulsando herramientas que permitan preservar sus valores productivos, hist\u00f3ricos y de identidad local.<\/p>\n<p>Que los proyectos a presentar por los agricultores interesados, deben versar sobre el \u00a0\u00a0\u00a0\u00a0\u00a0\u00a0 desarrollo de una agricultura sostenible, integrada por el territorio y en armon\u00eda con \u00a0\u00a0\u00a0\u00a0 el medio natural.<\/p>\n<p>Que se pretende promocionar un sistema de producci\u00f3n y comercializaci\u00f3n que \u00a0 favorezca el incremente de las rentas generadas, por las explotaciones agrarias.<\/p>\n<p>Que los proyectos dados por los agricultores, ser\u00e1n analizados en cuanto a su \u00a0\u00a0\u00a0\u00a0\u00a0 viabilidad por el Departamento Ejecutivo Municipal, a fin de otorgar mediante un \u00a0 Contrato de\u00a0 Arrendamientos Rurales, las hect\u00e1reas que el proyecto amerite para su \u00a0\u00a0\u00a0 concreci\u00f3n.<\/p>\n<p>Que dichos proyectos de gesti\u00f3n de suelos permitir\u00e1n obtener la creaci\u00f3n de un \u00a0 espacio de desarrollo, bajo un adecuado mecanismo de gesti\u00f3n, que involucre al Estado Municipal, los productores y otras organizaciones y actores sociales del \u00e1rea.<\/p>\n<p>Que es objeto de dicha Ordenanza conseguir un espacio de calidad integrado en el \u00a0\u00a0\u00a0\u00a0\u00a0\u00a0\u00a0\u00a0 territorio y en armon\u00eda con el medio ambiente, brindado herramientas de desarrollo \u00a0\u00a0\u00a0\u00a0\u00a0\u00a0 para los agricultores locales.<\/p>\n<p>Que\u00a0 as\u00ed mismo se propone la creaci\u00f3n de un corredor verde a realizarse por los \u00a0 agricultores que resulten beneficiarios.<\/p>\n<p>EL HONORABLE CONCEJO DELIBERANTE DE LA MUNICIPALIDAD DE MALARG\u00dcE EN USO DE LAS FACULTADES QUE LE SON PROPIAS<\/p>\n<p>ORDENA<\/p>\n<p>ARTICULO\u00a0 1\u00b0: Crease la figura del Parque Agrario Malarg\u00fce, en la Zona de Ca\u00f1ada \u00a0\u00a0 Colorada, perteneciente a la Municipalidad de Malarg\u00fce, inscripto en Matr\u00edcula N\u00b0 4051\/19, Asiento A-1, superficie total cultivable abarcada, incluida zona de \u00a0 conflictos: 3.649 has. LIMITES: Norte: Estancia La Bandera. Sur: R\u00edo Malarg\u00fce, \u00a0\u00a0\u00a0\u00a0\u00a0\u00a0\u00a0\u00a0\u00a0\u00a0 Este: Terreno de la Municipalidad de Malarg\u00fce, Ruta Nacional N\u00b0 40 y cortina \u00a0\u00a0\u00a0\u00a0\u00a0\u00a0\u00a0\u00a0\u00a0\u00a0\u00a0 forestal calle de por medio, Oeste: Terreno de la Municipalidad de Malarg\u00fce.<\/p>\n<p>ARTICULO 2\u00b0:Autorizase al Departamento Ejecutivo a elaborar las correspondientes piezas \u00a0\u00a0\u00a0 legales, bajo la figura de Contratos \u00a0\u00a0\u00a0 de Arrendamientos Rurales, por un plazo que en \u00a0\u00a0\u00a0 ning\u00fan caso pueda superar los diez a\u00f1os con posibilidad de renovaci\u00f3n. El plazo de duraci\u00f3n deber\u00e1 estar directamente relacionado, con el plan de inversi\u00f3n \u00a0\u00a0\u00a0\u00a0\u00a0\u00a0\u00a0 a realizar por parte del Agricultor solicitante, siendo un requisito indispensable la \u00a0\u00a0\u00a0\u00a0\u00a0\u00a0\u00a0\u00a0\u00a0\u00a0\u00a0 presentaci\u00f3n y aptitud t\u00e9cnica del proyecto agr\u00edcola.<\/p>\n<p>ARTICULO\u00a0 3\u00b0: Establecer como exigencia imprescindible la toma de mano de obra local \u00a0\u00a0\u00a0\u00a0\u00a0\u00a0\u00a0 y compre malarg\u00fcino, seg\u00fan Ordenanza N\u00b0 1.776\/2.015 y Resoluci\u00f3n N\u00b0 107\/2.016.<\/p>\n<p>ARTICULO\u00a0 4\u00b0: Comun\u00edquese, reg\u00edstrese, c\u00famplase, publ\u00edquese, agr\u00e9guese copia de la presente en las actuaciones\u00a0 correspondientes y arch\u00edvese.<\/p>\n<p>DADA EN LA SALA DE SESIONES DR. RICARDO BALBIN DEL HONORABLE CONCEJO DELIBERANTE DE LA MUNICIPALIDAD DE MALARG\u00dcE A\u00a0 NUEVE D\u00cdAS DE DICIEMBRE DE DOS\u00a0 MIL VEINTE<\/p>\n","protected":false},"excerpt":{"rendered":"<p>VISTO: El Expte. N\u00b0 4.343-2.020-0.Direcci\u00f3n\u00a0 Asesor\u00eda Letrada. Dra. D\u00e9bora Ferrero. Proyecto de Ordenanza: \u201cCreaci\u00f3n Parque Agrario Malarg\u00fce\u201d. Que\u00a0 es propicio promover\u00a0 la creaci\u00f3n de un espacio definido como Parque \u00a0 Agrario\u00a0 Malarg\u00fce, con caracter\u00edsticas que hagan\u00a0 eficiente\u00a0 la localizaci\u00f3n\u00a0 de\u00a0 la\u00a0\u00a0 actividad\u00a0 agropecuaria, a fin de brindar herramientas de desarrollo para los agricultores\u00a0 locales, estimulando\u00a0 [&hellip;]<\/p>\n","protected":false},"author":5,"featured_media":22896,"comment_status":"closed","ping_status":"closed","sticky":false,"template":"","format":"standard","meta":{"footnotes":""},"categories":[52,29,48,33],"tags":[],"class_list":["post-22895","post","type-post","status-publish","format-standard","has-post-thumbnail","hentry","category-gacetillas","category-lesgilacion","category-ordenanzas-municipales","category-prensa"],"yoast_head":"<!-- This site is optimized with the Yoast SEO plugin v19.10 - https:\/\/yoast.com\/wordpress\/plugins\/seo\/ -->\n<title>ORDENANZA N\u00b0 2.076\/2.020 - Malarg\u00fce HCD<\/title>\n<meta name=\"robots\" content=\"index, follow, max-snippet:-1, max-image-preview:large, max-video-preview:-1\" \/>\n<link rel=\"canonical\" href=\"https:\/\/hcd.malargue.gov.ar\/?p=22895\" \/>\n<meta property=\"og:locale\" content=\"es_ES\" \/>\n<meta property=\"og:type\" content=\"article\" \/>\n<meta property=\"og:title\" content=\"ORDENANZA N\u00b0 2.076\/2.020 - Malarg\u00fce HCD\" \/>\n<meta property=\"og:description\" content=\"VISTO: El Expte. N\u00b0 4.343-2.020-0.Direcci\u00f3n\u00a0 Asesor\u00eda Letrada. Dra. D\u00e9bora Ferrero. Proyecto de Ordenanza: \u201cCreaci\u00f3n Parque Agrario Malarg\u00fce\u201d. Que\u00a0 es propicio promover\u00a0 la creaci\u00f3n de un espacio definido como Parque \u00a0 Agrario\u00a0 Malarg\u00fce, con caracter\u00edsticas que hagan\u00a0 eficiente\u00a0 la localizaci\u00f3n\u00a0 de\u00a0 la\u00a0\u00a0 actividad\u00a0 agropecuaria, a fin de brindar herramientas de desarrollo para los agricultores\u00a0 locales, estimulando\u00a0 [&hellip;]\" \/>\n<meta property=\"og:url\" content=\"https:\/\/hcd.malargue.gov.ar\/?p=22895\" \/>\n<meta property=\"og:site_name\" content=\"Malarg\u00fce HCD\" \/>\n<meta property=\"article:published_time\" content=\"2020-12-15T12:48:13+00:00\" \/>\n<meta property=\"og:image\" content=\"https:\/\/hcd.malargue.gov.ar\/wp-content\/uploads\/2020\/12\/On-2076-2020.jpg\" \/>\n\t<meta property=\"og:image:width\" content=\"1280\" \/>\n\t<meta property=\"og:image:height\" content=\"720\" \/>\n\t<meta property=\"og:image:type\" content=\"image\/jpeg\" \/>\n<meta name=\"author\" content=\"Belen Pedernera Ferragut\" \/>\n<meta name=\"twitter:card\" content=\"summary_large_image\" \/>\n<meta name=\"twitter:label1\" content=\"Escrito por\" \/>\n\t<meta name=\"twitter:data1\" content=\"Belen Pedernera Ferragut\" \/>\n\t<meta name=\"twitter:label2\" content=\"Tiempo de lectura\" \/>\n\t<meta name=\"twitter:data2\" content=\"7 minutos\" \/>\n<script type=\"application\/ld+json\" class=\"yoast-schema-graph\">{\"@context\":\"https:\/\/schema.org\",\"@graph\":[{\"@type\":\"WebPage\",\"@id\":\"https:\/\/hcd.malargue.gov.ar\/?p=22895\",\"url\":\"https:\/\/hcd.malargue.gov.ar\/?p=22895\",\"name\":\"ORDENANZA N\u00b0 2.076\/2.020 - Malarg\u00fce HCD\",\"isPartOf\":{\"@id\":\"https:\/\/hcd.malargue.gov.ar\/#website\"},\"datePublished\":\"2020-12-15T12:48:13+00:00\",\"dateModified\":\"2020-12-15T12:48:13+00:00\",\"author\":{\"@id\":\"https:\/\/hcd.malargue.gov.ar\/#\/schema\/person\/3fd6bbab64edd703961b795156c955d0\"},\"breadcrumb\":{\"@id\":\"https:\/\/hcd.malargue.gov.ar\/?p=22895#breadcrumb\"},\"inLanguage\":\"es-AR\",\"potentialAction\":[{\"@type\":\"ReadAction\",\"target\":[\"https:\/\/hcd.malargue.gov.ar\/?p=22895\"]}]},{\"@type\":\"BreadcrumbList\",\"@id\":\"https:\/\/hcd.malargue.gov.ar\/?p=22895#breadcrumb\",\"itemListElement\":[{\"@type\":\"ListItem\",\"position\":1,\"name\":\"Inicio\",\"item\":\"https:\/\/hcd.malargue.gov.ar\/\"},{\"@type\":\"ListItem\",\"position\":2,\"name\":\"ORDENANZA N\u00b0 2.076\/2.020\"}]},{\"@type\":\"WebSite\",\"@id\":\"https:\/\/hcd.malargue.gov.ar\/#website\",\"url\":\"https:\/\/hcd.malargue.gov.ar\/\",\"name\":\"Malarg\u00fce HCD\",\"description\":\"Malarg\u00fce Mendoza Argentina\",\"potentialAction\":[{\"@type\":\"SearchAction\",\"target\":{\"@type\":\"EntryPoint\",\"urlTemplate\":\"https:\/\/hcd.malargue.gov.ar\/?s={search_term_string}\"},\"query-input\":\"required name=search_term_string\"}],\"inLanguage\":\"es-AR\"},{\"@type\":\"Person\",\"@id\":\"https:\/\/hcd.malargue.gov.ar\/#\/schema\/person\/3fd6bbab64edd703961b795156c955d0\",\"name\":\"Belen Pedernera Ferragut\",\"image\":{\"@type\":\"ImageObject\",\"inLanguage\":\"es-AR\",\"@id\":\"https:\/\/hcd.malargue.gov.ar\/#\/schema\/person\/image\/\",\"url\":\"https:\/\/secure.gravatar.com\/avatar\/1054ffab3893de4bb3eb29bdd22f7e34b8537bf5d34d9dab311818154ad5b71f?s=96&d=mm&r=g\",\"contentUrl\":\"https:\/\/secure.gravatar.com\/avatar\/1054ffab3893de4bb3eb29bdd22f7e34b8537bf5d34d9dab311818154ad5b71f?s=96&d=mm&r=g\",\"caption\":\"Belen Pedernera Ferragut\"},\"url\":\"https:\/\/hcd.malargue.gov.ar\/?author=5\"}]}<\/script>\n<!-- \/ Yoast SEO plugin. -->","yoast_head_json":{"title":"ORDENANZA N\u00b0 2.076\/2.020 - Malarg\u00fce HCD","robots":{"index":"index","follow":"follow","max-snippet":"max-snippet:-1","max-image-preview":"max-image-preview:large","max-video-preview":"max-video-preview:-1"},"canonical":"https:\/\/hcd.malargue.gov.ar\/?p=22895","og_locale":"es_ES","og_type":"article","og_title":"ORDENANZA N\u00b0 2.076\/2.020 - Malarg\u00fce HCD","og_description":"VISTO: El Expte. N\u00b0 4.343-2.020-0.Direcci\u00f3n\u00a0 Asesor\u00eda Letrada. Dra. D\u00e9bora Ferrero. Proyecto de Ordenanza: \u201cCreaci\u00f3n Parque Agrario Malarg\u00fce\u201d. Que\u00a0 es propicio promover\u00a0 la creaci\u00f3n de un espacio definido como Parque \u00a0 Agrario\u00a0 Malarg\u00fce, con caracter\u00edsticas que hagan\u00a0 eficiente\u00a0 la localizaci\u00f3n\u00a0 de\u00a0 la\u00a0\u00a0 actividad\u00a0 agropecuaria, a fin de brindar herramientas de desarrollo para los agricultores\u00a0 locales, estimulando\u00a0 [&hellip;]","og_url":"https:\/\/hcd.malargue.gov.ar\/?p=22895","og_site_name":"Malarg\u00fce HCD","article_published_time":"2020-12-15T12:48:13+00:00","og_image":[{"width":1280,"height":720,"url":"https:\/\/hcd.malargue.gov.ar\/wp-content\/uploads\/2020\/12\/On-2076-2020.jpg","type":"image\/jpeg"}],"author":"Belen Pedernera Ferragut","twitter_card":"summary_large_image","twitter_misc":{"Escrito por":"Belen Pedernera Ferragut","Tiempo de lectura":"7 minutos"},"schema":{"@context":"https:\/\/schema.org","@graph":[{"@type":"WebPage","@id":"https:\/\/hcd.malargue.gov.ar\/?p=22895","url":"https:\/\/hcd.malargue.gov.ar\/?p=22895","name":"ORDENANZA N\u00b0 2.076\/2.020 - Malarg\u00fce HCD","isPartOf":{"@id":"https:\/\/hcd.malargue.gov.ar\/#website"},"datePublished":"2020-12-15T12:48:13+00:00","dateModified":"2020-12-15T12:48:13+00:00","author":{"@id":"https:\/\/hcd.malargue.gov.ar\/#\/schema\/person\/3fd6bbab64edd703961b795156c955d0"},"breadcrumb":{"@id":"https:\/\/hcd.malargue.gov.ar\/?p=22895#breadcrumb"},"inLanguage":"es-AR","potentialAction":[{"@type":"ReadAction","target":["https:\/\/hcd.malargue.gov.ar\/?p=22895"]}]},{"@type":"BreadcrumbList","@id":"https:\/\/hcd.malargue.gov.ar\/?p=22895#breadcrumb","itemListElement":[{"@type":"ListItem","position":1,"name":"Inicio","item":"https:\/\/hcd.malargue.gov.ar\/"},{"@type":"ListItem","position":2,"name":"ORDENANZA N\u00b0 2.076\/2.020"}]},{"@type":"WebSite","@id":"https:\/\/hcd.malargue.gov.ar\/#website","url":"https:\/\/hcd.malargue.gov.ar\/","name":"Malarg\u00fce HCD","description":"Malarg\u00fce Mendoza Argentina","potentialAction":[{"@type":"SearchAction","target":{"@type":"EntryPoint","urlTemplate":"https:\/\/hcd.malargue.gov.ar\/?s={search_term_string}"},"query-input":"required name=search_term_string"}],"inLanguage":"es-AR"},{"@type":"Person","@id":"https:\/\/hcd.malargue.gov.ar\/#\/schema\/person\/3fd6bbab64edd703961b795156c955d0","name":"Belen Pedernera Ferragut","image":{"@type":"ImageObject","inLanguage":"es-AR","@id":"https:\/\/hcd.malargue.gov.ar\/#\/schema\/person\/image\/","url":"https:\/\/secure.gravatar.com\/avatar\/1054ffab3893de4bb3eb29bdd22f7e34b8537bf5d34d9dab311818154ad5b71f?s=96&d=mm&r=g","contentUrl":"https:\/\/secure.gravatar.com\/avatar\/1054ffab3893de4bb3eb29bdd22f7e34b8537bf5d34d9dab311818154ad5b71f?s=96&d=mm&r=g","caption":"Belen Pedernera Ferragut"},"url":"https:\/\/hcd.malargue.gov.ar\/?author=5"}]}},"_links":{"self":[{"href":"https:\/\/hcd.malargue.gov.ar\/index.php?rest_route=\/wp\/v2\/posts\/22895","targetHints":{"allow":["GET"]}}],"collection":[{"href":"https:\/\/hcd.malargue.gov.ar\/index.php?rest_route=\/wp\/v2\/posts"}],"about":[{"href":"https:\/\/hcd.malargue.gov.ar\/index.php?rest_route=\/wp\/v2\/types\/post"}],"author":[{"embeddable":true,"href":"https:\/\/hcd.malargue.gov.ar\/index.php?rest_route=\/wp\/v2\/users\/5"}],"replies":[{"embeddable":true,"href":"https:\/\/hcd.malargue.gov.ar\/index.php?rest_route=%2Fwp%2Fv2%2Fcomments&post=22895"}],"version-history":[{"count":0,"href":"https:\/\/hcd.malargue.gov.ar\/index.php?rest_route=\/wp\/v2\/posts\/22895\/revisions"}],"wp:featuredmedia":[{"embeddable":true,"href":"https:\/\/hcd.malargue.gov.ar\/index.php?rest_route=\/wp\/v2\/media\/22896"}],"wp:attachment":[{"href":"https:\/\/hcd.malargue.gov.ar\/index.php?rest_route=%2Fwp%2Fv2%2Fmedia&parent=22895"}],"wp:term":[{"taxonomy":"category","embeddable":true,"href":"https:\/\/hcd.malargue.gov.ar\/index.php?rest_route=%2Fwp%2Fv2%2Fcategories&post=22895"},{"taxonomy":"post_tag","embeddable":true,"href":"https:\/\/hcd.malargue.gov.ar\/index.php?rest_route=%2Fwp%2Fv2%2Ftags&post=22895"}],"curies":[{"name":"wp","href":"https:\/\/api.w.org\/{rel}","templated":true}]}}