{"id":22956,"date":"2021-01-11T09:12:57","date_gmt":"2021-01-11T12:12:57","guid":{"rendered":"https:\/\/hcd.malargue.gov.ar\/?p=22956"},"modified":"2021-01-11T09:25:06","modified_gmt":"2021-01-11T12:25:06","slug":"dio-inicio-la-4o-sesion-extraordinaria","status":"publish","type":"post","link":"https:\/\/hcd.malargue.gov.ar\/?p=22956","title":{"rendered":"DI\u00d3 INICIO LA 4\u00ba SESI\u00d3N EXTRAORDINARIA"},"content":{"rendered":"<h6>SESI\u00d3N EXTRAORDINARIA\u2013 8 de ENERO 2021<\/h6>\n<h6>Presidiendo la Sesi\u00f3n:\u00a0 Vicepresidente Primera Concejal Paola Rojo (Bloque Frente Cambia Mendoza)<\/h6>\n<h6>Concejales Presentes: Daiana Varas,\u00a0 Luciana Villegas, Gabriel Rosas (virtual) (Bloque Frente Cambia Mendoza), Paola Jofre,\u00a0 Silvia Correa, Andres Risi (Bloque Frente de Todos).<\/h6>\n<p>A las : hs de este viernes 8 de enero, dio inici\u00f3 el <a href=\"https:\/\/hcd.malargue.gov.ar\/2021\/01\/07\/orden-del-dia-4-sesion-extraordinaria-8-01-2021\/\">Orden del Dia de la Sesi\u00f3n convocada.<\/a><\/p>\n<p>Luego del punto homenaje de los Sres Concejales; y continuando con el cumplimiento del Orden del D\u00eda, se di\u00f3 lectura al punto <strong><em>c)<\/em> Expedientes provenientes del Departamento Ejecutivo<\/strong>, y seguidamente los Concejales aprobaron la moci\u00f3n presentada por la Edil Jofre, para que el Cuerpo se constituyera en Comisi\u00f3n para el tratamiento del <em><strong>Expte N\u00ba 4339\/\/ 2020-0 Direcci\u00f3n de Catastro y Obras Privadas Eleva Proyecto de Ordenanza: \u201cRegularizaci\u00f3n Dominial Urbana mediante venta\u201d<\/strong><\/em><\/p>\n<p>Sesi\u00f3n en Vivo: <a href=\"https:\/\/www.youtube.com\/watch?v=Ilx95BYIrjc\">https:\/\/www.youtube.com\/watch?v=Ilx95BYIrjc<\/a><\/p>\n<p>&nbsp;<\/p>\n","protected":false},"excerpt":{"rendered":"<p>SESI\u00d3N EXTRAORDINARIA\u2013 8 de ENERO 2021 Presidiendo la Sesi\u00f3n:\u00a0 Vicepresidente Primera Concejal Paola Rojo (Bloque Frente Cambia Mendoza) Concejales Presentes: Daiana Varas,\u00a0 Luciana Villegas, Gabriel Rosas (virtual) (Bloque Frente Cambia Mendoza), Paola Jofre,\u00a0 Silvia Correa, Andres Risi (Bloque Frente de Todos). A las : hs de este viernes 8 de enero, dio inici\u00f3 el Orden [&hellip;]<\/p>\n","protected":false},"author":5,"featured_media":22960,"comment_status":"closed","ping_status":"closed","sticky":false,"template":"","format":"standard","meta":{"footnotes":""},"categories":[57,52,33,36],"tags":[],"class_list":["post-22956","post","type-post","status-publish","format-standard","has-post-thumbnail","hentry","category-extraordinarias","category-gacetillas","category-prensa","category-sesiones"],"yoast_head":"<!-- This site is optimized with the Yoast SEO plugin v19.10 - https:\/\/yoast.com\/wordpress\/plugins\/seo\/ -->\n<title>DI\u00d3 INICIO LA 4\u00ba SESI\u00d3N EXTRAORDINARIA - Malarg\u00fce HCD<\/title>\n<meta name=\"robots\" content=\"index, follow, max-snippet:-1, max-image-preview:large, max-video-preview:-1\" \/>\n<link rel=\"canonical\" href=\"https:\/\/hcd.malargue.gov.ar\/?p=22956\" \/>\n<meta property=\"og:locale\" content=\"es_ES\" \/>\n<meta property=\"og:type\" content=\"article\" \/>\n<meta property=\"og:title\" content=\"DI\u00d3 INICIO LA 4\u00ba SESI\u00d3N EXTRAORDINARIA - Malarg\u00fce HCD\" \/>\n<meta property=\"og:description\" content=\"SESI\u00d3N EXTRAORDINARIA\u2013 8 de ENERO 2021 Presidiendo la Sesi\u00f3n:\u00a0 Vicepresidente Primera Concejal Paola Rojo (Bloque Frente Cambia Mendoza) Concejales Presentes: Daiana Varas,\u00a0 Luciana Villegas, Gabriel Rosas (virtual) (Bloque Frente Cambia Mendoza), Paola Jofre,\u00a0 Silvia Correa, Andres Risi (Bloque Frente de Todos). A las : hs de este viernes 8 de enero, dio inici\u00f3 el Orden [&hellip;]\" \/>\n<meta property=\"og:url\" content=\"https:\/\/hcd.malargue.gov.ar\/?p=22956\" \/>\n<meta property=\"og:site_name\" content=\"Malarg\u00fce HCD\" \/>\n<meta property=\"article:published_time\" content=\"2021-01-11T12:12:57+00:00\" \/>\n<meta property=\"article:modified_time\" content=\"2021-01-11T12:25:06+00:00\" \/>\n<meta property=\"og:image\" content=\"https:\/\/hcd.malargue.gov.ar\/wp-content\/uploads\/2021\/01\/SESION.jpg\" \/>\n\t<meta property=\"og:image:width\" content=\"1077\" \/>\n\t<meta property=\"og:image:height\" content=\"658\" \/>\n\t<meta property=\"og:image:type\" content=\"image\/jpeg\" \/>\n<meta name=\"author\" content=\"Belen Pedernera Ferragut\" \/>\n<meta name=\"twitter:card\" content=\"summary_large_image\" \/>\n<meta name=\"twitter:label1\" content=\"Escrito por\" \/>\n\t<meta name=\"twitter:data1\" content=\"Belen Pedernera Ferragut\" \/>\n\t<meta name=\"twitter:label2\" content=\"Tiempo de lectura\" \/>\n\t<meta name=\"twitter:data2\" content=\"1 minuto\" \/>\n<script type=\"application\/ld+json\" class=\"yoast-schema-graph\">{\"@context\":\"https:\/\/schema.org\",\"@graph\":[{\"@type\":\"WebPage\",\"@id\":\"https:\/\/hcd.malargue.gov.ar\/?p=22956\",\"url\":\"https:\/\/hcd.malargue.gov.ar\/?p=22956\",\"name\":\"DI\u00d3 INICIO LA 4\u00ba SESI\u00d3N EXTRAORDINARIA - Malarg\u00fce HCD\",\"isPartOf\":{\"@id\":\"https:\/\/hcd.malargue.gov.ar\/#website\"},\"datePublished\":\"2021-01-11T12:12:57+00:00\",\"dateModified\":\"2021-01-11T12:25:06+00:00\",\"author\":{\"@id\":\"https:\/\/hcd.malargue.gov.ar\/#\/schema\/person\/3fd6bbab64edd703961b795156c955d0\"},\"breadcrumb\":{\"@id\":\"https:\/\/hcd.malargue.gov.ar\/?p=22956#breadcrumb\"},\"inLanguage\":\"es-AR\",\"potentialAction\":[{\"@type\":\"ReadAction\",\"target\":[\"https:\/\/hcd.malargue.gov.ar\/?p=22956\"]}]},{\"@type\":\"BreadcrumbList\",\"@id\":\"https:\/\/hcd.malargue.gov.ar\/?p=22956#breadcrumb\",\"itemListElement\":[{\"@type\":\"ListItem\",\"position\":1,\"name\":\"Inicio\",\"item\":\"https:\/\/hcd.malargue.gov.ar\/\"},{\"@type\":\"ListItem\",\"position\":2,\"name\":\"DI\u00d3 INICIO LA 4\u00ba SESI\u00d3N EXTRAORDINARIA\"}]},{\"@type\":\"WebSite\",\"@id\":\"https:\/\/hcd.malargue.gov.ar\/#website\",\"url\":\"https:\/\/hcd.malargue.gov.ar\/\",\"name\":\"Malarg\u00fce HCD\",\"description\":\"Malarg\u00fce Mendoza Argentina\",\"potentialAction\":[{\"@type\":\"SearchAction\",\"target\":{\"@type\":\"EntryPoint\",\"urlTemplate\":\"https:\/\/hcd.malargue.gov.ar\/?s={search_term_string}\"},\"query-input\":\"required name=search_term_string\"}],\"inLanguage\":\"es-AR\"},{\"@type\":\"Person\",\"@id\":\"https:\/\/hcd.malargue.gov.ar\/#\/schema\/person\/3fd6bbab64edd703961b795156c955d0\",\"name\":\"Belen Pedernera Ferragut\",\"image\":{\"@type\":\"ImageObject\",\"inLanguage\":\"es-AR\",\"@id\":\"https:\/\/hcd.malargue.gov.ar\/#\/schema\/person\/image\/\",\"url\":\"https:\/\/secure.gravatar.com\/avatar\/1054ffab3893de4bb3eb29bdd22f7e34b8537bf5d34d9dab311818154ad5b71f?s=96&d=mm&r=g\",\"contentUrl\":\"https:\/\/secure.gravatar.com\/avatar\/1054ffab3893de4bb3eb29bdd22f7e34b8537bf5d34d9dab311818154ad5b71f?s=96&d=mm&r=g\",\"caption\":\"Belen Pedernera Ferragut\"},\"url\":\"https:\/\/hcd.malargue.gov.ar\/?author=5\"}]}<\/script>\n<!-- \/ Yoast SEO plugin. -->","yoast_head_json":{"title":"DI\u00d3 INICIO LA 4\u00ba SESI\u00d3N EXTRAORDINARIA - Malarg\u00fce HCD","robots":{"index":"index","follow":"follow","max-snippet":"max-snippet:-1","max-image-preview":"max-image-preview:large","max-video-preview":"max-video-preview:-1"},"canonical":"https:\/\/hcd.malargue.gov.ar\/?p=22956","og_locale":"es_ES","og_type":"article","og_title":"DI\u00d3 INICIO LA 4\u00ba SESI\u00d3N EXTRAORDINARIA - Malarg\u00fce HCD","og_description":"SESI\u00d3N EXTRAORDINARIA\u2013 8 de ENERO 2021 Presidiendo la Sesi\u00f3n:\u00a0 Vicepresidente Primera Concejal Paola Rojo (Bloque Frente Cambia Mendoza) Concejales Presentes: Daiana Varas,\u00a0 Luciana Villegas, Gabriel Rosas (virtual) (Bloque Frente Cambia Mendoza), Paola Jofre,\u00a0 Silvia Correa, Andres Risi (Bloque Frente de Todos). A las : hs de este viernes 8 de enero, dio inici\u00f3 el Orden [&hellip;]","og_url":"https:\/\/hcd.malargue.gov.ar\/?p=22956","og_site_name":"Malarg\u00fce HCD","article_published_time":"2021-01-11T12:12:57+00:00","article_modified_time":"2021-01-11T12:25:06+00:00","og_image":[{"width":1077,"height":658,"url":"https:\/\/hcd.malargue.gov.ar\/wp-content\/uploads\/2021\/01\/SESION.jpg","type":"image\/jpeg"}],"author":"Belen Pedernera Ferragut","twitter_card":"summary_large_image","twitter_misc":{"Escrito por":"Belen Pedernera Ferragut","Tiempo de lectura":"1 minuto"},"schema":{"@context":"https:\/\/schema.org","@graph":[{"@type":"WebPage","@id":"https:\/\/hcd.malargue.gov.ar\/?p=22956","url":"https:\/\/hcd.malargue.gov.ar\/?p=22956","name":"DI\u00d3 INICIO LA 4\u00ba SESI\u00d3N EXTRAORDINARIA - Malarg\u00fce HCD","isPartOf":{"@id":"https:\/\/hcd.malargue.gov.ar\/#website"},"datePublished":"2021-01-11T12:12:57+00:00","dateModified":"2021-01-11T12:25:06+00:00","author":{"@id":"https:\/\/hcd.malargue.gov.ar\/#\/schema\/person\/3fd6bbab64edd703961b795156c955d0"},"breadcrumb":{"@id":"https:\/\/hcd.malargue.gov.ar\/?p=22956#breadcrumb"},"inLanguage":"es-AR","potentialAction":[{"@type":"ReadAction","target":["https:\/\/hcd.malargue.gov.ar\/?p=22956"]}]},{"@type":"BreadcrumbList","@id":"https:\/\/hcd.malargue.gov.ar\/?p=22956#breadcrumb","itemListElement":[{"@type":"ListItem","position":1,"name":"Inicio","item":"https:\/\/hcd.malargue.gov.ar\/"},{"@type":"ListItem","position":2,"name":"DI\u00d3 INICIO LA 4\u00ba SESI\u00d3N EXTRAORDINARIA"}]},{"@type":"WebSite","@id":"https:\/\/hcd.malargue.gov.ar\/#website","url":"https:\/\/hcd.malargue.gov.ar\/","name":"Malarg\u00fce HCD","description":"Malarg\u00fce Mendoza Argentina","potentialAction":[{"@type":"SearchAction","target":{"@type":"EntryPoint","urlTemplate":"https:\/\/hcd.malargue.gov.ar\/?s={search_term_string}"},"query-input":"required name=search_term_string"}],"inLanguage":"es-AR"},{"@type":"Person","@id":"https:\/\/hcd.malargue.gov.ar\/#\/schema\/person\/3fd6bbab64edd703961b795156c955d0","name":"Belen Pedernera Ferragut","image":{"@type":"ImageObject","inLanguage":"es-AR","@id":"https:\/\/hcd.malargue.gov.ar\/#\/schema\/person\/image\/","url":"https:\/\/secure.gravatar.com\/avatar\/1054ffab3893de4bb3eb29bdd22f7e34b8537bf5d34d9dab311818154ad5b71f?s=96&d=mm&r=g","contentUrl":"https:\/\/secure.gravatar.com\/avatar\/1054ffab3893de4bb3eb29bdd22f7e34b8537bf5d34d9dab311818154ad5b71f?s=96&d=mm&r=g","caption":"Belen Pedernera Ferragut"},"url":"https:\/\/hcd.malargue.gov.ar\/?author=5"}]}},"_links":{"self":[{"href":"https:\/\/hcd.malargue.gov.ar\/index.php?rest_route=\/wp\/v2\/posts\/22956","targetHints":{"allow":["GET"]}}],"collection":[{"href":"https:\/\/hcd.malargue.gov.ar\/index.php?rest_route=\/wp\/v2\/posts"}],"about":[{"href":"https:\/\/hcd.malargue.gov.ar\/index.php?rest_route=\/wp\/v2\/types\/post"}],"author":[{"embeddable":true,"href":"https:\/\/hcd.malargue.gov.ar\/index.php?rest_route=\/wp\/v2\/users\/5"}],"replies":[{"embeddable":true,"href":"https:\/\/hcd.malargue.gov.ar\/index.php?rest_route=%2Fwp%2Fv2%2Fcomments&post=22956"}],"version-history":[{"count":0,"href":"https:\/\/hcd.malargue.gov.ar\/index.php?rest_route=\/wp\/v2\/posts\/22956\/revisions"}],"wp:featuredmedia":[{"embeddable":true,"href":"https:\/\/hcd.malargue.gov.ar\/index.php?rest_route=\/wp\/v2\/media\/22960"}],"wp:attachment":[{"href":"https:\/\/hcd.malargue.gov.ar\/index.php?rest_route=%2Fwp%2Fv2%2Fmedia&parent=22956"}],"wp:term":[{"taxonomy":"category","embeddable":true,"href":"https:\/\/hcd.malargue.gov.ar\/index.php?rest_route=%2Fwp%2Fv2%2Fcategories&post=22956"},{"taxonomy":"post_tag","embeddable":true,"href":"https:\/\/hcd.malargue.gov.ar\/index.php?rest_route=%2Fwp%2Fv2%2Ftags&post=22956"}],"curies":[{"name":"wp","href":"https:\/\/api.w.org\/{rel}","templated":true}]}}