{"id":23256,"date":"2021-02-24T12:50:08","date_gmt":"2021-02-24T15:50:08","guid":{"rendered":"https:\/\/hcd.malargue.gov.ar\/?p=23256"},"modified":"2021-02-24T12:59:09","modified_gmt":"2021-02-24T15:59:09","slug":"orden-del-dia-sesion-preparatoria-eleccion-de-autoridades-periodo-2021","status":"publish","type":"post","link":"https:\/\/hcd.malargue.gov.ar\/?p=23256","title":{"rendered":"ORDEN DEL DIA SESION PREPARATORIA- ELECCI\u00d3N DE AUTORIDADES \u2013 PERIODO 2021"},"content":{"rendered":"<h5>D\u00eda Viernes 26 de Febrero de 2021.-<\/h5>\n<h5>Hora: 10:00<a href=\"http:\/\/hcd.malargue.gov.ar\/hcdpdf\/ORDEN%20ELECCIONES%202021.pdf\"><img loading=\"lazy\" decoding=\"async\" class=\"alignright wp-image-7950\" src=\"https:\/\/hcd.malargue.gov.ar\/wp-content\/uploads\/2018\/06\/PDF-JPG-300x300.jpg\" alt=\"\" width=\"103\" height=\"103\" srcset=\"https:\/\/hcd.malargue.gov.ar\/wp-content\/uploads\/2018\/06\/PDF-JPG-300x300.jpg 300w, https:\/\/hcd.malargue.gov.ar\/wp-content\/uploads\/2018\/06\/PDF-JPG-150x150.jpg 150w, https:\/\/hcd.malargue.gov.ar\/wp-content\/uploads\/2018\/06\/PDF-JPG.jpg 512w\" sizes=\"auto, (max-width: 103px) 100vw, 103px\" \/><\/a><\/h5>\n<p><strong><em>a) Acto de Izar la Ense\u00f1a Patria\u00a0 a cargo del Sr. Presidente del Honorable Concejo Deliberante. <\/em><\/strong><\/p>\n<p><strong><em>b) Himno Nacional Argentino. <\/em><\/strong><\/p>\n<p><strong><em>c) Lectura y puesta a consideraci\u00f3n de la Resoluci\u00f3n de Presidencia N\u00ba011\/2021 <\/em><\/strong><\/p>\n<p><strong><em>d) Elecci\u00f3n de Autoridades del Honorable Cuerpo Per\u00edodo 2021.-<\/em><\/strong><\/p>\n<p><strong><em>e) Determinaci\u00f3n d\u00eda y hora de las Sesiones Ordinarias Per\u00edodo 2021.<\/em><\/strong><\/p>\n<p><strong><em>f) Acto de arriar el Pabell\u00f3n Nacional a cargo del Presidente electo del Honorable <\/em><\/strong><strong><em>Concejo Deliberante. &#8211; \u00a0<\/em><\/strong><\/p>\n<p><strong>\u00a0<\/strong><\/p>\n<p><strong>\u00a0\u00a0\u00a0\u00a0\u00a0\u00a0\u00a0\u00a0\u00a0\u00a0\u00a0\u00a0\u00a0\u00a0\u00a0\u00a0\u00a0\u00a0\u00a0\u00a0\u00a0\u00a0\u00a0\u00a0\u00a0\u00a0\u00a0\u00a0\u00a0\u00a0\u00a0\u00a0\u00a0\u00a0\u00a0\u00a0\u00a0\u00a0\u00a0\u00a0 \u00a0\u00a0\u00a0\u00a0\u00a0\u00a0\u00a0\u00a0\u00a0\u00a0\u00a0\u00a0\u00a0\u00a0\u00a0\u00a0\u00a0\u00a0\u00a0\u00a0\u00a0\u00a0\u00a0\u00a0\u00a0\u00a0\u00a0\u00a0\u00a0\u00a0\u00a0\u00a0\u00a0\u00a0\u00a0\u00a0\u00a0\u00a0\u00a0\u00a0\u00a0\u00a0\u00a0\u00a0\u00a0\u00a0\u00a0 <\/strong><strong>Presidencia H.C.D\u00a0\u00a0 24 \u00a0\u00a0de Febrero de 2021.-<\/strong><\/p>\n","protected":false},"excerpt":{"rendered":"<p>D\u00eda Viernes 26 de Febrero de 2021.- Hora: 10:00 a) Acto de Izar la Ense\u00f1a Patria\u00a0 a cargo del Sr. Presidente del Honorable Concejo Deliberante. b) Himno Nacional Argentino. c) Lectura y puesta a consideraci\u00f3n de la Resoluci\u00f3n de Presidencia N\u00ba011\/2021 d) Elecci\u00f3n de Autoridades del Honorable Cuerpo Per\u00edodo 2021.- e) Determinaci\u00f3n d\u00eda y hora [&hellip;]<\/p>\n","protected":false},"author":5,"featured_media":23257,"comment_status":"closed","ping_status":"closed","sticky":false,"template":"","format":"standard","meta":{"footnotes":""},"categories":[28,52,32,33,59,36],"tags":[],"class_list":["post-23256","post","type-post","status-publish","format-standard","has-post-thumbnail","hentry","category-autoridades","category-gacetillas","category-institucionales","category-prensa","category-preparatorias","category-sesiones"],"yoast_head":"<!-- This site is optimized with the Yoast SEO plugin v19.10 - https:\/\/yoast.com\/wordpress\/plugins\/seo\/ -->\n<title>ORDEN DEL DIA SESION PREPARATORIA- ELECCI\u00d3N DE AUTORIDADES \u2013 PERIODO 2021 - Malarg\u00fce HCD<\/title>\n<meta name=\"robots\" content=\"index, follow, max-snippet:-1, max-image-preview:large, max-video-preview:-1\" \/>\n<link rel=\"canonical\" href=\"https:\/\/hcd.malargue.gov.ar\/?p=23256\" \/>\n<meta property=\"og:locale\" content=\"es_ES\" \/>\n<meta property=\"og:type\" content=\"article\" \/>\n<meta property=\"og:title\" content=\"ORDEN DEL DIA SESION PREPARATORIA- ELECCI\u00d3N DE AUTORIDADES \u2013 PERIODO 2021 - Malarg\u00fce HCD\" \/>\n<meta property=\"og:description\" content=\"D\u00eda Viernes 26 de Febrero de 2021.- Hora: 10:00 a) Acto de Izar la Ense\u00f1a Patria\u00a0 a cargo del Sr. Presidente del Honorable Concejo Deliberante. b) Himno Nacional Argentino. c) Lectura y puesta a consideraci\u00f3n de la Resoluci\u00f3n de Presidencia N\u00ba011\/2021 d) Elecci\u00f3n de Autoridades del Honorable Cuerpo Per\u00edodo 2021.- e) Determinaci\u00f3n d\u00eda y hora [&hellip;]\" \/>\n<meta property=\"og:url\" content=\"https:\/\/hcd.malargue.gov.ar\/?p=23256\" \/>\n<meta property=\"og:site_name\" content=\"Malarg\u00fce HCD\" \/>\n<meta property=\"article:published_time\" content=\"2021-02-24T15:50:08+00:00\" \/>\n<meta property=\"article:modified_time\" content=\"2021-02-24T15:59:09+00:00\" \/>\n<meta property=\"og:image\" content=\"https:\/\/hcd.malargue.gov.ar\/wp-content\/uploads\/2021\/02\/2014-3.jpg\" \/>\n\t<meta property=\"og:image:width\" content=\"2560\" \/>\n\t<meta property=\"og:image:height\" content=\"1920\" \/>\n\t<meta property=\"og:image:type\" content=\"image\/jpeg\" \/>\n<meta name=\"author\" content=\"Belen Pedernera Ferragut\" \/>\n<meta name=\"twitter:card\" content=\"summary_large_image\" \/>\n<meta name=\"twitter:label1\" content=\"Escrito por\" \/>\n\t<meta name=\"twitter:data1\" content=\"Belen Pedernera Ferragut\" \/>\n<script type=\"application\/ld+json\" class=\"yoast-schema-graph\">{\"@context\":\"https:\/\/schema.org\",\"@graph\":[{\"@type\":\"WebPage\",\"@id\":\"https:\/\/hcd.malargue.gov.ar\/?p=23256\",\"url\":\"https:\/\/hcd.malargue.gov.ar\/?p=23256\",\"name\":\"ORDEN DEL DIA SESION PREPARATORIA- ELECCI\u00d3N DE AUTORIDADES \u2013 PERIODO 2021 - Malarg\u00fce HCD\",\"isPartOf\":{\"@id\":\"https:\/\/hcd.malargue.gov.ar\/#website\"},\"datePublished\":\"2021-02-24T15:50:08+00:00\",\"dateModified\":\"2021-02-24T15:59:09+00:00\",\"author\":{\"@id\":\"https:\/\/hcd.malargue.gov.ar\/#\/schema\/person\/3fd6bbab64edd703961b795156c955d0\"},\"breadcrumb\":{\"@id\":\"https:\/\/hcd.malargue.gov.ar\/?p=23256#breadcrumb\"},\"inLanguage\":\"es-AR\",\"potentialAction\":[{\"@type\":\"ReadAction\",\"target\":[\"https:\/\/hcd.malargue.gov.ar\/?p=23256\"]}]},{\"@type\":\"BreadcrumbList\",\"@id\":\"https:\/\/hcd.malargue.gov.ar\/?p=23256#breadcrumb\",\"itemListElement\":[{\"@type\":\"ListItem\",\"position\":1,\"name\":\"Inicio\",\"item\":\"https:\/\/hcd.malargue.gov.ar\/\"},{\"@type\":\"ListItem\",\"position\":2,\"name\":\"ORDEN DEL DIA SESION PREPARATORIA- ELECCI\u00d3N DE AUTORIDADES \u2013 PERIODO 2021\"}]},{\"@type\":\"WebSite\",\"@id\":\"https:\/\/hcd.malargue.gov.ar\/#website\",\"url\":\"https:\/\/hcd.malargue.gov.ar\/\",\"name\":\"Malarg\u00fce HCD\",\"description\":\"Malarg\u00fce Mendoza Argentina\",\"potentialAction\":[{\"@type\":\"SearchAction\",\"target\":{\"@type\":\"EntryPoint\",\"urlTemplate\":\"https:\/\/hcd.malargue.gov.ar\/?s={search_term_string}\"},\"query-input\":\"required name=search_term_string\"}],\"inLanguage\":\"es-AR\"},{\"@type\":\"Person\",\"@id\":\"https:\/\/hcd.malargue.gov.ar\/#\/schema\/person\/3fd6bbab64edd703961b795156c955d0\",\"name\":\"Belen Pedernera Ferragut\",\"image\":{\"@type\":\"ImageObject\",\"inLanguage\":\"es-AR\",\"@id\":\"https:\/\/hcd.malargue.gov.ar\/#\/schema\/person\/image\/\",\"url\":\"https:\/\/secure.gravatar.com\/avatar\/1054ffab3893de4bb3eb29bdd22f7e34b8537bf5d34d9dab311818154ad5b71f?s=96&d=mm&r=g\",\"contentUrl\":\"https:\/\/secure.gravatar.com\/avatar\/1054ffab3893de4bb3eb29bdd22f7e34b8537bf5d34d9dab311818154ad5b71f?s=96&d=mm&r=g\",\"caption\":\"Belen Pedernera Ferragut\"},\"url\":\"https:\/\/hcd.malargue.gov.ar\/?author=5\"}]}<\/script>\n<!-- \/ Yoast SEO plugin. -->","yoast_head_json":{"title":"ORDEN DEL DIA SESION PREPARATORIA- ELECCI\u00d3N DE AUTORIDADES \u2013 PERIODO 2021 - Malarg\u00fce HCD","robots":{"index":"index","follow":"follow","max-snippet":"max-snippet:-1","max-image-preview":"max-image-preview:large","max-video-preview":"max-video-preview:-1"},"canonical":"https:\/\/hcd.malargue.gov.ar\/?p=23256","og_locale":"es_ES","og_type":"article","og_title":"ORDEN DEL DIA SESION PREPARATORIA- ELECCI\u00d3N DE AUTORIDADES \u2013 PERIODO 2021 - Malarg\u00fce HCD","og_description":"D\u00eda Viernes 26 de Febrero de 2021.- Hora: 10:00 a) Acto de Izar la Ense\u00f1a Patria\u00a0 a cargo del Sr. Presidente del Honorable Concejo Deliberante. b) Himno Nacional Argentino. c) Lectura y puesta a consideraci\u00f3n de la Resoluci\u00f3n de Presidencia N\u00ba011\/2021 d) Elecci\u00f3n de Autoridades del Honorable Cuerpo Per\u00edodo 2021.- e) Determinaci\u00f3n d\u00eda y hora [&hellip;]","og_url":"https:\/\/hcd.malargue.gov.ar\/?p=23256","og_site_name":"Malarg\u00fce HCD","article_published_time":"2021-02-24T15:50:08+00:00","article_modified_time":"2021-02-24T15:59:09+00:00","og_image":[{"width":2560,"height":1920,"url":"https:\/\/hcd.malargue.gov.ar\/wp-content\/uploads\/2021\/02\/2014-3.jpg","type":"image\/jpeg"}],"author":"Belen Pedernera Ferragut","twitter_card":"summary_large_image","twitter_misc":{"Escrito por":"Belen Pedernera Ferragut"},"schema":{"@context":"https:\/\/schema.org","@graph":[{"@type":"WebPage","@id":"https:\/\/hcd.malargue.gov.ar\/?p=23256","url":"https:\/\/hcd.malargue.gov.ar\/?p=23256","name":"ORDEN DEL DIA SESION PREPARATORIA- ELECCI\u00d3N DE AUTORIDADES \u2013 PERIODO 2021 - Malarg\u00fce HCD","isPartOf":{"@id":"https:\/\/hcd.malargue.gov.ar\/#website"},"datePublished":"2021-02-24T15:50:08+00:00","dateModified":"2021-02-24T15:59:09+00:00","author":{"@id":"https:\/\/hcd.malargue.gov.ar\/#\/schema\/person\/3fd6bbab64edd703961b795156c955d0"},"breadcrumb":{"@id":"https:\/\/hcd.malargue.gov.ar\/?p=23256#breadcrumb"},"inLanguage":"es-AR","potentialAction":[{"@type":"ReadAction","target":["https:\/\/hcd.malargue.gov.ar\/?p=23256"]}]},{"@type":"BreadcrumbList","@id":"https:\/\/hcd.malargue.gov.ar\/?p=23256#breadcrumb","itemListElement":[{"@type":"ListItem","position":1,"name":"Inicio","item":"https:\/\/hcd.malargue.gov.ar\/"},{"@type":"ListItem","position":2,"name":"ORDEN DEL DIA SESION PREPARATORIA- ELECCI\u00d3N DE AUTORIDADES \u2013 PERIODO 2021"}]},{"@type":"WebSite","@id":"https:\/\/hcd.malargue.gov.ar\/#website","url":"https:\/\/hcd.malargue.gov.ar\/","name":"Malarg\u00fce HCD","description":"Malarg\u00fce Mendoza Argentina","potentialAction":[{"@type":"SearchAction","target":{"@type":"EntryPoint","urlTemplate":"https:\/\/hcd.malargue.gov.ar\/?s={search_term_string}"},"query-input":"required name=search_term_string"}],"inLanguage":"es-AR"},{"@type":"Person","@id":"https:\/\/hcd.malargue.gov.ar\/#\/schema\/person\/3fd6bbab64edd703961b795156c955d0","name":"Belen Pedernera Ferragut","image":{"@type":"ImageObject","inLanguage":"es-AR","@id":"https:\/\/hcd.malargue.gov.ar\/#\/schema\/person\/image\/","url":"https:\/\/secure.gravatar.com\/avatar\/1054ffab3893de4bb3eb29bdd22f7e34b8537bf5d34d9dab311818154ad5b71f?s=96&d=mm&r=g","contentUrl":"https:\/\/secure.gravatar.com\/avatar\/1054ffab3893de4bb3eb29bdd22f7e34b8537bf5d34d9dab311818154ad5b71f?s=96&d=mm&r=g","caption":"Belen Pedernera Ferragut"},"url":"https:\/\/hcd.malargue.gov.ar\/?author=5"}]}},"_links":{"self":[{"href":"https:\/\/hcd.malargue.gov.ar\/index.php?rest_route=\/wp\/v2\/posts\/23256","targetHints":{"allow":["GET"]}}],"collection":[{"href":"https:\/\/hcd.malargue.gov.ar\/index.php?rest_route=\/wp\/v2\/posts"}],"about":[{"href":"https:\/\/hcd.malargue.gov.ar\/index.php?rest_route=\/wp\/v2\/types\/post"}],"author":[{"embeddable":true,"href":"https:\/\/hcd.malargue.gov.ar\/index.php?rest_route=\/wp\/v2\/users\/5"}],"replies":[{"embeddable":true,"href":"https:\/\/hcd.malargue.gov.ar\/index.php?rest_route=%2Fwp%2Fv2%2Fcomments&post=23256"}],"version-history":[{"count":0,"href":"https:\/\/hcd.malargue.gov.ar\/index.php?rest_route=\/wp\/v2\/posts\/23256\/revisions"}],"wp:featuredmedia":[{"embeddable":true,"href":"https:\/\/hcd.malargue.gov.ar\/index.php?rest_route=\/wp\/v2\/media\/23257"}],"wp:attachment":[{"href":"https:\/\/hcd.malargue.gov.ar\/index.php?rest_route=%2Fwp%2Fv2%2Fmedia&parent=23256"}],"wp:term":[{"taxonomy":"category","embeddable":true,"href":"https:\/\/hcd.malargue.gov.ar\/index.php?rest_route=%2Fwp%2Fv2%2Fcategories&post=23256"},{"taxonomy":"post_tag","embeddable":true,"href":"https:\/\/hcd.malargue.gov.ar\/index.php?rest_route=%2Fwp%2Fv2%2Ftags&post=23256"}],"curies":[{"name":"wp","href":"https:\/\/api.w.org\/{rel}","templated":true}]}}