{"id":23364,"date":"2021-03-03T09:39:20","date_gmt":"2021-03-03T12:39:20","guid":{"rendered":"https:\/\/hcd.malargue.gov.ar\/?p=23364"},"modified":"2021-03-03T09:44:29","modified_gmt":"2021-03-03T12:44:29","slug":"orden-del-dia-1o-sesion-ordinaria-2021","status":"publish","type":"post","link":"https:\/\/hcd.malargue.gov.ar\/?p=23364","title":{"rendered":"ORDEN DEL D\u00cdA 1\u00ba SESI\u00d3N ORDINARIA 2021"},"content":{"rendered":"<h5>D\u00eda \u00a0\u00a0Jueves\u00a0\u00a0 04 \u00a0\u00a0de Marzo de 2021<\/h5>\n<h5>Hora: 09:00<a href=\"http:\/\/hcd.malargue.gov.ar\/hcdpdf\/1%20ORDEN%2004%20de%20Marzo%202021.pdf\"><img loading=\"lazy\" decoding=\"async\" class=\"alignright wp-image-7950\" src=\"https:\/\/hcd.malargue.gov.ar\/wp-content\/uploads\/2018\/06\/PDF-JPG-300x300.jpg\" alt=\"\" width=\"79\" height=\"79\" srcset=\"https:\/\/hcd.malargue.gov.ar\/wp-content\/uploads\/2018\/06\/PDF-JPG-300x300.jpg 300w, https:\/\/hcd.malargue.gov.ar\/wp-content\/uploads\/2018\/06\/PDF-JPG-150x150.jpg 150w, https:\/\/hcd.malargue.gov.ar\/wp-content\/uploads\/2018\/06\/PDF-JPG.jpg 512w\" sizes=\"auto, (max-width: 79px) 100vw, 79px\" \/><\/a><\/h5>\n<p><strong><em>a) Acto de Izar\u00a0 la Ense\u00f1a Patria\u00a0\u00a0 a cargo\u00a0 del \u00a0 Concejal Jos\u00e9 BARRO<\/em><\/strong><\/p>\n<p><strong><em>b) Homenaje de los Se\u00f1ores Concejales.<\/em><\/strong><\/p>\n<p><strong><em>c) Consideraci\u00f3n Actas: Ordinaria N\u00ba 1052- \u201cO\u201d-2020, Especial N\u00ba06- \u201cE\u201d-2020; Extraordinaria N\u00ba 01-2020-21; Extraordinaria N\u00ba 02-2020-21; Extraordinaria N\u00ba 03-2020-21; Extraordinaria N\u00ba04-2020-21; Extraordinaria N\u00ba05-2020-21; Extraordinaria N\u00ba 06-2020-21; Acta Secreta 01\/2021 y Preparatoria 2021.-<\/em><\/strong><\/p>\n<p><strong><em>d) Conformaci\u00f3n Comisiones permanentes del Honorable Cuerpo. <\/em><\/strong><\/p>\n<p><strong><em>e) Determinaci\u00f3n de los Bloques que har\u00e1n uso de la palabra en fechas Patrias. <\/em><\/strong><\/p>\n<p><strong><em>f) Lectura del detalle de la correspondencia recibida y emitida.<\/em><\/strong><\/p>\n<p><strong><em>g) Determinaci\u00f3n de los temas que ser\u00e1n incluidos en el punto Asuntos Varios y puesta a consideraci\u00f3n de mociones de tratamientos sobre tablas de diversos expedientes.<\/em><\/strong><\/p>\n<p><strong><em>d) Proyectos de los Se\u00f1ores Concejales: <\/em><\/strong><\/p>\n<ol>\n<li>Expte N\u00ba 4.888-HC 027-2020 Proyecto de Resoluci\u00f3n: Solicitar la excepci\u00f3n del pago a la Familia S\u00e1nchez, por el secuestro de cabras pre\u00f1adas sobre la Ruta 40, a la Direcci\u00f3n de Ganader\u00eda de la Provincia. (BLOQUE FRENTE DE TODOS) Autores: Concejales Daniela Favari, Andr\u00e9s Risi<\/li>\n<li>Expte N\u00ba 4.890-HC 027-2020 Proyecto de Resoluci\u00f3n: Solicitar informe a la Direcci\u00f3n Provincial de Minas por extracci\u00f3n de material \u00e1rido sobre margen mendocino del R\u00edo Barrancas (BLOQUE FRENTE DE TODOS) Autor: Concejal Jos\u00e9 Barro<\/li>\n<li>Expte N\u00ba 4.891-HC 028-2020 Proyecto de Ordenanza: Creaci\u00f3n del Programa Municipal \u201cTierra, Techo, Trabajo en Malarg\u00fce\u201d (BLOQUE FRENTE DE TODOS) Autores: Concejales Andr\u00e9s Risi, Jos\u00e9 Barro, Paola Jofr\u00e9, Daniela Favari y Silvia Correa<\/li>\n<li>Expte N\u00ba 4.892-HC 028-2021 Proyecto de Ordenanza: Creaci\u00f3n de Fondo Especial de Asistencia para Productores caprinos y ovinos del Departamento de Malarg\u00fce (BLOQUE FRENTE DE TODOS) Autores: Concejales Jos\u00e9 Barro y Silvia B. Correa<\/li>\n<li>Expte N\u00ba4.893-HC 028-2021 Proyecto de Resoluci\u00f3n: Solicitar a las Autoridades Departamentales, provinciales y Nacionales del Programa de Atenci\u00f3n M\u00e9dica Integral PAMI mejoras edilicias, atenci\u00f3n al p\u00fablico, en Delegaci\u00f3n PAMI Malarg\u00fce. (BLOQUE CAMBIA MENDOZA) Autores: Concejales Mart\u00edn Palma, Daiana Varas y Luciana Villegas<\/li>\n<li>Expte N\u00ba4.894HC 028- 2021 Proyecto de Resoluci\u00f3n: Solicitar al Departamento Ejecutivo informe sobre la situaci\u00f3n del parque automotor municipal. (BLOQUE FRENTE DE TODOS) Autores: Concejales Paola Jofr\u00e9 y Andr\u00e9s Risi<\/li>\n<li>Expte N\u00ba4.895-HC 028-2021 Proyecto de Resoluci\u00f3n: Convocar a Autoridades de EDEMSA para informar respecto a la interrupci\u00f3n del suministro el\u00e9ctrico los d\u00edas 13 y 14 de febrero del corriente a\u00f1o. (BLOQUE FRENTE DE TODOS) Autores: Concejales Daniela Favari, Andr\u00e9s Risi y Paola Jofr\u00e9<\/li>\n<li>Expte N\u00ba 4.896-HC 028-2021 Proyecto de Resoluci\u00f3n: Solicitar al Departamento Ejecutivo fecha de firma de Convenio con el Mtrio. De Obras P\u00fablicas de la Naci\u00f3n por el Sistema Integral de Recolecci\u00f3n y Tratamiento de Efluentes Cloacales de la Ciudad de Malarg\u00fce (BLOQUE FRENTE DE TODOS) Autores: Concejales Paola Jofr\u00e9, Daniela Favari, Andr\u00e9s Risi, Jos\u00e9 Barro y Silvia Correa.<\/li>\n<\/ol>\n<p><strong><em>i) Expedientes provenientes del Departamento Ejecutivo <\/em><\/strong><\/p>\n<p>&#8211; No Ingresados-<\/p>\n<p><strong><em>j) Despachos de las Comisiones de Trabajo:<\/em><\/strong><\/p>\n<p><strong>\u00a0<\/strong>\u00a0\u00a0\u00a0\u00a0\u00a0 &#8211; No Ingresados-<\/p>\n<p><strong>k<\/strong><strong><em>) Asuntos Varios. &#8211; <\/em><\/strong><\/p>\n<p><strong><em>l) Acto de arriar el Pabell\u00f3n Nacional a cargo del concejal que lo <\/em><\/strong><strong>iz\u00f3. &#8211; <\/strong><\/p>\n<p><strong>\u00a0\u00a0\u00a0\u00a0\u00a0\u00a0\u00a0\u00a0\u00a0\u00a0\u00a0\u00a0\u00a0\u00a0\u00a0\u00a0\u00a0\u00a0\u00a0\u00a0 \u00a0\u00a0\u00a0\u00a0\u00a0\u00a0\u00a0\u00a0\u00a0\u00a0\u00a0\u00a0\u00a0\u00a0\u00a0\u00a0\u00a0\u00a0\u00a0\u00a0\u00a0\u00a0\u00a0\u00a0\u00a0\u00a0\u00a0\u00a0\u00a0\u00a0\u00a0\u00a0\u00a0\u00a0\u00a0\u00a0\u00a0\u00a0\u00a0\u00a0\u00a0\u00a0\u00a0\u00a0\u00a0\u00a0\u00a0\u00a0\u00a0\u00a0\u00a0\u00a0\u00a0\u00a0\u00a0\u00a0\u00a0\u00a0\u00a0\u00a0\u00a0\u00a0\u00a0\u00a0\u00a0\u00a0\u00a0 Presidencia H.C.D \u00a0\u00a002 \u00a0\u00a0\u00a0de Marzo \u00a0\u00a0de 2021.- <\/strong><\/p>\n<p>&nbsp;<\/p>\n<p><strong>CORRESPONDENCIA\u00a0 PARA LA SESI\u00d3N<\/strong><\/p>\n<p><strong>Del d\u00eda Jueves 04 de Marzo de 2.021.<\/strong><\/p>\n<p><strong>NOTAS INGRESADAS<\/strong><\/p>\n<ol>\n<li>Sres. Juan Carlos Salvadores y Mar\u00eda Mercedes Alarc\u00f3n, informan respecto a reiterados cortes de suministro de agua por parte de AySAM en su domicilio de calle Santa Cruz y Milagro de los Andes.<\/li>\n<li>Ing. Jorge Fernandez Jefe de Zona Departamento Gral. de Irrigaci\u00f3n, se pone a disposici\u00f3n para concretar reuni\u00f3n a fin de informar sobre manejo del recurso h\u00eddrico de los Arroyos El Chacay y La Bebida y Plan de Contingencia por crecidas en periodo estival.<\/li>\n<li>Sres. Claudia Suarez y Miguel Angel Roble, solicitan autorizaci\u00f3n para ingreso y retiro de materiales de la cubierta sanitaria como sustento diario de la familia.<\/li>\n<li>Concejales del Bloque Frente de Todos, informan asistencia de ciudadanos solicitando autorizaci\u00f3n para ingresar a la Cubierta Sanitaria, solicitan se transmita al Ejecutivo Municipal las funciones conferidas en el Art. 105 Inc8 de la Ley Org\u00e1nica de Municipalidades, en pos de la convivencia democr\u00e1tica.<\/li>\n<li>Concejal Paola Rojo, solicita se autorice la realizaci\u00f3n de charla informativa sobre COVID 19 para el personal del Honorable Cuerpo\u00a0 desde el Area de Seguridad e Higiene y Salud Ocupacional.<\/li>\n<li>Lic. Daniel Guerrero Of. Pcpal. Encargado de la Unidad de Cuerpos Especiales Delegaci\u00f3n Malarg\u00fce remite copia certificada del Contrato de Comodato de la vivienda ubicada en Barrio Grassi.<\/li>\n<li>Consejo Ap\u00edcola Malarg\u00fce, informa n\u00f3mina de autoridades de la Instituci\u00f3n para conocimiento.<\/li>\n<li>Lic. Juan Manuel Ojeda, Intendente Municipal, remite copia de dictamen emanado de Asesoria Letrada referido a Expte. N\u00ba 184\/2021, solicitud de informe.<\/li>\n<li>Lic. Juliana Benegas eleva informe t\u00e9cnico sobre relevamiento de condiciones edilicias y seguridad del edificio del Honorable Concejo Deliberante, con sugerencias para su consideraci\u00f3n.<\/li>\n<li>Vecinos de Colonia H\u00edpica, informan detalle de familias sin relevar por lo que las tareas no se han cumplido y\/o no han finalizado,\u00a0 por lo que se solicita se arbitren los medios a fin de llevar tranquilidad a los vecinos, al ser reconocidos como ocupantes y obtener el servicio de agua potable.<\/li>\n<li>Lic. Juan Manuel Ojeda, Intendente Municipal, informa que el d\u00eda 11 de marzo asistir\u00e1 al Honorable Concejo Deliberante a brindar el Informe Anual de Gesti\u00f3n 2020.-<\/li>\n<\/ol>\n<p><strong>NOTAS EMITIDAS<\/strong><\/p>\n<ol>\n<li>Al Sr. Intendente Municipal, solicitando reuni\u00f3n referido a la puesta en vigencia de la Ordenanza N\u00ba 2.025\/2019 sobre reglamento de funcionamiento y operaci\u00f3n del Parque Industrial Malarg\u00fce.<\/li>\n<li>Al Sr. Jefe Zona de Riego Departamento Gral. de Irrigaci\u00f3n, solicitando reuni\u00f3n a fin de informa respecto al manejo del recurso h\u00eddrico de los Arroyos El Chacay y La Bebida.<\/li>\n<li>Al Sr. Intendente Municipal, respuesta a solicitud de informe sobre bienes Ex Fabrica Grassi<\/li>\n<\/ol>\n","protected":false},"excerpt":{"rendered":"<p>D\u00eda \u00a0\u00a0Jueves\u00a0\u00a0 04 \u00a0\u00a0de Marzo de 2021 Hora: 09:00 a) Acto de Izar\u00a0 la Ense\u00f1a Patria\u00a0\u00a0 a cargo\u00a0 del \u00a0 Concejal Jos\u00e9 BARRO b) Homenaje de los Se\u00f1ores Concejales. c) Consideraci\u00f3n Actas: Ordinaria N\u00ba 1052- \u201cO\u201d-2020, Especial N\u00ba06- \u201cE\u201d-2020; Extraordinaria N\u00ba 01-2020-21; Extraordinaria N\u00ba 02-2020-21; Extraordinaria N\u00ba 03-2020-21; Extraordinaria N\u00ba04-2020-21; Extraordinaria N\u00ba05-2020-21; Extraordinaria N\u00ba 06-2020-21; [&hellip;]<\/p>\n","protected":false},"author":5,"featured_media":23365,"comment_status":"closed","ping_status":"closed","sticky":false,"template":"","format":"standard","meta":{"footnotes":""},"categories":[52,58,33,36],"tags":[],"class_list":["post-23364","post","type-post","status-publish","format-standard","has-post-thumbnail","hentry","category-gacetillas","category-ordinarias","category-prensa","category-sesiones"],"yoast_head":"<!-- This site is optimized with the Yoast SEO plugin v19.10 - https:\/\/yoast.com\/wordpress\/plugins\/seo\/ -->\n<title>ORDEN DEL D\u00cdA 1\u00ba SESI\u00d3N ORDINARIA 2021 - Malarg\u00fce HCD<\/title>\n<meta name=\"robots\" content=\"index, follow, max-snippet:-1, max-image-preview:large, max-video-preview:-1\" \/>\n<link rel=\"canonical\" href=\"https:\/\/hcd.malargue.gov.ar\/?p=23364\" \/>\n<meta property=\"og:locale\" content=\"es_ES\" \/>\n<meta property=\"og:type\" content=\"article\" \/>\n<meta property=\"og:title\" content=\"ORDEN DEL D\u00cdA 1\u00ba SESI\u00d3N ORDINARIA 2021 - Malarg\u00fce HCD\" \/>\n<meta property=\"og:description\" content=\"D\u00eda \u00a0\u00a0Jueves\u00a0\u00a0 04 \u00a0\u00a0de Marzo de 2021 Hora: 09:00 a) Acto de Izar\u00a0 la Ense\u00f1a Patria\u00a0\u00a0 a cargo\u00a0 del \u00a0 Concejal Jos\u00e9 BARRO b) Homenaje de los Se\u00f1ores Concejales. c) Consideraci\u00f3n Actas: Ordinaria N\u00ba 1052- \u201cO\u201d-2020, Especial N\u00ba06- \u201cE\u201d-2020; Extraordinaria N\u00ba 01-2020-21; Extraordinaria N\u00ba 02-2020-21; Extraordinaria N\u00ba 03-2020-21; Extraordinaria N\u00ba04-2020-21; Extraordinaria N\u00ba05-2020-21; Extraordinaria N\u00ba 06-2020-21; [&hellip;]\" \/>\n<meta property=\"og:url\" content=\"https:\/\/hcd.malargue.gov.ar\/?p=23364\" \/>\n<meta property=\"og:site_name\" content=\"Malarg\u00fce HCD\" \/>\n<meta property=\"article:published_time\" content=\"2021-03-03T12:39:20+00:00\" \/>\n<meta property=\"article:modified_time\" content=\"2021-03-03T12:44:29+00:00\" \/>\n<meta property=\"og:image\" content=\"https:\/\/hcd.malargue.gov.ar\/wp-content\/uploads\/2021\/03\/BARRO-Bandera-1-scaled.jpg\" \/>\n\t<meta property=\"og:image:width\" content=\"2560\" \/>\n\t<meta property=\"og:image:height\" content=\"1700\" \/>\n\t<meta property=\"og:image:type\" content=\"image\/jpeg\" \/>\n<meta name=\"author\" content=\"Belen Pedernera Ferragut\" \/>\n<meta name=\"twitter:card\" content=\"summary_large_image\" \/>\n<meta name=\"twitter:label1\" content=\"Escrito por\" \/>\n\t<meta name=\"twitter:data1\" content=\"Belen Pedernera Ferragut\" \/>\n\t<meta name=\"twitter:label2\" content=\"Tiempo de lectura\" \/>\n\t<meta name=\"twitter:data2\" content=\"5 minutos\" \/>\n<script type=\"application\/ld+json\" class=\"yoast-schema-graph\">{\"@context\":\"https:\/\/schema.org\",\"@graph\":[{\"@type\":\"WebPage\",\"@id\":\"https:\/\/hcd.malargue.gov.ar\/?p=23364\",\"url\":\"https:\/\/hcd.malargue.gov.ar\/?p=23364\",\"name\":\"ORDEN DEL D\u00cdA 1\u00ba SESI\u00d3N ORDINARIA 2021 - Malarg\u00fce HCD\",\"isPartOf\":{\"@id\":\"https:\/\/hcd.malargue.gov.ar\/#website\"},\"datePublished\":\"2021-03-03T12:39:20+00:00\",\"dateModified\":\"2021-03-03T12:44:29+00:00\",\"author\":{\"@id\":\"https:\/\/hcd.malargue.gov.ar\/#\/schema\/person\/3fd6bbab64edd703961b795156c955d0\"},\"breadcrumb\":{\"@id\":\"https:\/\/hcd.malargue.gov.ar\/?p=23364#breadcrumb\"},\"inLanguage\":\"es-AR\",\"potentialAction\":[{\"@type\":\"ReadAction\",\"target\":[\"https:\/\/hcd.malargue.gov.ar\/?p=23364\"]}]},{\"@type\":\"BreadcrumbList\",\"@id\":\"https:\/\/hcd.malargue.gov.ar\/?p=23364#breadcrumb\",\"itemListElement\":[{\"@type\":\"ListItem\",\"position\":1,\"name\":\"Inicio\",\"item\":\"https:\/\/hcd.malargue.gov.ar\/\"},{\"@type\":\"ListItem\",\"position\":2,\"name\":\"ORDEN DEL D\u00cdA 1\u00ba SESI\u00d3N ORDINARIA 2021\"}]},{\"@type\":\"WebSite\",\"@id\":\"https:\/\/hcd.malargue.gov.ar\/#website\",\"url\":\"https:\/\/hcd.malargue.gov.ar\/\",\"name\":\"Malarg\u00fce HCD\",\"description\":\"Malarg\u00fce Mendoza Argentina\",\"potentialAction\":[{\"@type\":\"SearchAction\",\"target\":{\"@type\":\"EntryPoint\",\"urlTemplate\":\"https:\/\/hcd.malargue.gov.ar\/?s={search_term_string}\"},\"query-input\":\"required name=search_term_string\"}],\"inLanguage\":\"es-AR\"},{\"@type\":\"Person\",\"@id\":\"https:\/\/hcd.malargue.gov.ar\/#\/schema\/person\/3fd6bbab64edd703961b795156c955d0\",\"name\":\"Belen Pedernera Ferragut\",\"image\":{\"@type\":\"ImageObject\",\"inLanguage\":\"es-AR\",\"@id\":\"https:\/\/hcd.malargue.gov.ar\/#\/schema\/person\/image\/\",\"url\":\"https:\/\/secure.gravatar.com\/avatar\/1054ffab3893de4bb3eb29bdd22f7e34b8537bf5d34d9dab311818154ad5b71f?s=96&d=mm&r=g\",\"contentUrl\":\"https:\/\/secure.gravatar.com\/avatar\/1054ffab3893de4bb3eb29bdd22f7e34b8537bf5d34d9dab311818154ad5b71f?s=96&d=mm&r=g\",\"caption\":\"Belen Pedernera Ferragut\"},\"url\":\"https:\/\/hcd.malargue.gov.ar\/?author=5\"}]}<\/script>\n<!-- \/ Yoast SEO plugin. -->","yoast_head_json":{"title":"ORDEN DEL D\u00cdA 1\u00ba SESI\u00d3N ORDINARIA 2021 - Malarg\u00fce HCD","robots":{"index":"index","follow":"follow","max-snippet":"max-snippet:-1","max-image-preview":"max-image-preview:large","max-video-preview":"max-video-preview:-1"},"canonical":"https:\/\/hcd.malargue.gov.ar\/?p=23364","og_locale":"es_ES","og_type":"article","og_title":"ORDEN DEL D\u00cdA 1\u00ba SESI\u00d3N ORDINARIA 2021 - Malarg\u00fce HCD","og_description":"D\u00eda \u00a0\u00a0Jueves\u00a0\u00a0 04 \u00a0\u00a0de Marzo de 2021 Hora: 09:00 a) Acto de Izar\u00a0 la Ense\u00f1a Patria\u00a0\u00a0 a cargo\u00a0 del \u00a0 Concejal Jos\u00e9 BARRO b) Homenaje de los Se\u00f1ores Concejales. c) Consideraci\u00f3n Actas: Ordinaria N\u00ba 1052- \u201cO\u201d-2020, Especial N\u00ba06- \u201cE\u201d-2020; Extraordinaria N\u00ba 01-2020-21; Extraordinaria N\u00ba 02-2020-21; Extraordinaria N\u00ba 03-2020-21; Extraordinaria N\u00ba04-2020-21; Extraordinaria N\u00ba05-2020-21; Extraordinaria N\u00ba 06-2020-21; [&hellip;]","og_url":"https:\/\/hcd.malargue.gov.ar\/?p=23364","og_site_name":"Malarg\u00fce HCD","article_published_time":"2021-03-03T12:39:20+00:00","article_modified_time":"2021-03-03T12:44:29+00:00","og_image":[{"width":2560,"height":1700,"url":"https:\/\/hcd.malargue.gov.ar\/wp-content\/uploads\/2021\/03\/BARRO-Bandera-1-scaled.jpg","type":"image\/jpeg"}],"author":"Belen Pedernera Ferragut","twitter_card":"summary_large_image","twitter_misc":{"Escrito por":"Belen Pedernera Ferragut","Tiempo de lectura":"5 minutos"},"schema":{"@context":"https:\/\/schema.org","@graph":[{"@type":"WebPage","@id":"https:\/\/hcd.malargue.gov.ar\/?p=23364","url":"https:\/\/hcd.malargue.gov.ar\/?p=23364","name":"ORDEN DEL D\u00cdA 1\u00ba SESI\u00d3N ORDINARIA 2021 - Malarg\u00fce HCD","isPartOf":{"@id":"https:\/\/hcd.malargue.gov.ar\/#website"},"datePublished":"2021-03-03T12:39:20+00:00","dateModified":"2021-03-03T12:44:29+00:00","author":{"@id":"https:\/\/hcd.malargue.gov.ar\/#\/schema\/person\/3fd6bbab64edd703961b795156c955d0"},"breadcrumb":{"@id":"https:\/\/hcd.malargue.gov.ar\/?p=23364#breadcrumb"},"inLanguage":"es-AR","potentialAction":[{"@type":"ReadAction","target":["https:\/\/hcd.malargue.gov.ar\/?p=23364"]}]},{"@type":"BreadcrumbList","@id":"https:\/\/hcd.malargue.gov.ar\/?p=23364#breadcrumb","itemListElement":[{"@type":"ListItem","position":1,"name":"Inicio","item":"https:\/\/hcd.malargue.gov.ar\/"},{"@type":"ListItem","position":2,"name":"ORDEN DEL D\u00cdA 1\u00ba SESI\u00d3N ORDINARIA 2021"}]},{"@type":"WebSite","@id":"https:\/\/hcd.malargue.gov.ar\/#website","url":"https:\/\/hcd.malargue.gov.ar\/","name":"Malarg\u00fce HCD","description":"Malarg\u00fce Mendoza Argentina","potentialAction":[{"@type":"SearchAction","target":{"@type":"EntryPoint","urlTemplate":"https:\/\/hcd.malargue.gov.ar\/?s={search_term_string}"},"query-input":"required name=search_term_string"}],"inLanguage":"es-AR"},{"@type":"Person","@id":"https:\/\/hcd.malargue.gov.ar\/#\/schema\/person\/3fd6bbab64edd703961b795156c955d0","name":"Belen Pedernera Ferragut","image":{"@type":"ImageObject","inLanguage":"es-AR","@id":"https:\/\/hcd.malargue.gov.ar\/#\/schema\/person\/image\/","url":"https:\/\/secure.gravatar.com\/avatar\/1054ffab3893de4bb3eb29bdd22f7e34b8537bf5d34d9dab311818154ad5b71f?s=96&d=mm&r=g","contentUrl":"https:\/\/secure.gravatar.com\/avatar\/1054ffab3893de4bb3eb29bdd22f7e34b8537bf5d34d9dab311818154ad5b71f?s=96&d=mm&r=g","caption":"Belen Pedernera Ferragut"},"url":"https:\/\/hcd.malargue.gov.ar\/?author=5"}]}},"_links":{"self":[{"href":"https:\/\/hcd.malargue.gov.ar\/index.php?rest_route=\/wp\/v2\/posts\/23364","targetHints":{"allow":["GET"]}}],"collection":[{"href":"https:\/\/hcd.malargue.gov.ar\/index.php?rest_route=\/wp\/v2\/posts"}],"about":[{"href":"https:\/\/hcd.malargue.gov.ar\/index.php?rest_route=\/wp\/v2\/types\/post"}],"author":[{"embeddable":true,"href":"https:\/\/hcd.malargue.gov.ar\/index.php?rest_route=\/wp\/v2\/users\/5"}],"replies":[{"embeddable":true,"href":"https:\/\/hcd.malargue.gov.ar\/index.php?rest_route=%2Fwp%2Fv2%2Fcomments&post=23364"}],"version-history":[{"count":0,"href":"https:\/\/hcd.malargue.gov.ar\/index.php?rest_route=\/wp\/v2\/posts\/23364\/revisions"}],"wp:featuredmedia":[{"embeddable":true,"href":"https:\/\/hcd.malargue.gov.ar\/index.php?rest_route=\/wp\/v2\/media\/23365"}],"wp:attachment":[{"href":"https:\/\/hcd.malargue.gov.ar\/index.php?rest_route=%2Fwp%2Fv2%2Fmedia&parent=23364"}],"wp:term":[{"taxonomy":"category","embeddable":true,"href":"https:\/\/hcd.malargue.gov.ar\/index.php?rest_route=%2Fwp%2Fv2%2Fcategories&post=23364"},{"taxonomy":"post_tag","embeddable":true,"href":"https:\/\/hcd.malargue.gov.ar\/index.php?rest_route=%2Fwp%2Fv2%2Ftags&post=23364"}],"curies":[{"name":"wp","href":"https:\/\/api.w.org\/{rel}","templated":true}]}}