{"id":23734,"date":"2021-03-31T09:15:26","date_gmt":"2021-03-31T12:15:26","guid":{"rendered":"https:\/\/hcd.malargue.gov.ar\/?p=23734"},"modified":"2021-03-31T09:20:47","modified_gmt":"2021-03-31T12:20:47","slug":"resolucion-n-040-2-021","status":"publish","type":"post","link":"https:\/\/hcd.malargue.gov.ar\/?p=23734","title":{"rendered":"RESOLUCI\u00d3N N\u00b0 040\/2.021"},"content":{"rendered":"<p><strong>AUTORES:<\/strong> CONCEJALES\u00a0 JOSE BARRO, PAOLA JOFRE Y ANDRES RISI.<a href=\"http:\/\/hcd.malargue.gov.ar\/hcdpdf\/Rn%20040%202021%20BECAS.pdf\"><img loading=\"lazy\" decoding=\"async\" class=\"alignright wp-image-7950\" src=\"https:\/\/hcd.malargue.gov.ar\/wp-content\/uploads\/2018\/06\/PDF-JPG-300x300.jpg\" alt=\"\" width=\"102\" height=\"102\" srcset=\"https:\/\/hcd.malargue.gov.ar\/wp-content\/uploads\/2018\/06\/PDF-JPG-300x300.jpg 300w, https:\/\/hcd.malargue.gov.ar\/wp-content\/uploads\/2018\/06\/PDF-JPG-150x150.jpg 150w, https:\/\/hcd.malargue.gov.ar\/wp-content\/uploads\/2018\/06\/PDF-JPG.jpg 512w\" sizes=\"auto, (max-width: 102px) 100vw, 102px\" \/><\/a><\/p>\n<p>BLOQUE FRENTE DE TODOS<\/p>\n<p>VISTO: El contenido del Expediente N\u00b0 4.907 HC 029 \u2013 2.021. Bloque Frente de Todos. Proyecto de Resoluci\u00f3n: Instituir el Programa de Ayudas Econ\u00f3micas Educativas (becas) y\/o subsidios en el \u00e1mbito del Honorable Concejo Deliberante.<\/p>\n<p>Que anualmente el Honorable Concejo Deliberante de la Municipalidad de Malarg\u00fce, incentiva la continuidad educativa, alienta el acompa\u00f1amiento en el desempe\u00f1o de los alumnos y contribuye con \u00a0aportes econ\u00f3micos bajo el r\u00e9gimen de \u00a0Subsidios a distintas \u00a0Instituciones de nuestro Departamento.<\/p>\n<p>y;<\/p>\n<p>CONSIDERANDO: Que es habitual que este Honorable Cuerpo contribuya al desarrollo social, a trav\u00e9s del beneficio de la entrega de Becas o Ayudas Econ\u00f3micas a familias vulnerables que posean hijos \u00a0en \u00a0etapa escolar y\/o instituciones de servicio p\u00fablico. Todo ello con el fin de salvaguardar el derecho a una buena educaci\u00f3n y evitar de este modo la deserci\u00f3n escolar dentro de nuestro Departamento.<\/p>\n<p>Que durante el a\u00f1o 2.020 por decisi\u00f3n de este Cuerpo Deliberativo se suspendi\u00f3 la aplicaci\u00f3n de este programa en virtud de haber destinado los fondos para paliar las situaciones sociales y sanitarias que se presentaron por la Pandemia que afect\u00f3 la poblaci\u00f3n del mundo, agudizando aquellas situaciones de vulnerabilidad.<\/p>\n<p>Que en los \u00a0\u00faltimos meses \u00a0el \u00a0costo de vida se ha visto incrementado debido al \u00edndice de inflaci\u00f3n causando la p\u00e9rdida de poder adquisitivo de los consumidores con la consecuencia directa en el inicio de actividades escolares.<\/p>\n<p>Que \u00a0la \u00a0ense\u00f1anza y la \u00a0formaci\u00f3n \u00a0de \u00a0profesionales \u00a0es \u00a0una \u00a0verdadera \u00a0inversi\u00f3n a largo plazo y el futuro de nuestro Departamento se encuentra entre otras cosas \u00a0subordinado a ello.<\/p>\n<p>Que el estado debe asegurar la educaci\u00f3n de nuestros \u00a0j\u00f3venes, generando \u00a0para ello las herramientas que considere necesarias para alcanzar los objetivos establecidos.<\/p>\n<p>Que del mismo modo \u00a0es \u00a0responsabilidad \u00a0del \u00a0estado \u00a0el \u00a0asegurar \u00a0la \u00a0educaci\u00f3n en el foco de su comunidad y tambi\u00e9n \u00a0la Protecci\u00f3n \u00a0a las Sociedades \u00a0y Centros de Beneficencia por medio de Subvenciones fijadas en los presupuestos, estableciendo sus objetivos y forma de inversi\u00f3n.<\/p>\n<p>Que el Art\u00edculo N\u00ba 82 de la Ley Provincial N\u00ba 1079, prev\u00e9 \u00a0y crea \u00a0las herramientas y el marco jur\u00eddico necesario a los fines de coadyuvar con las organizaciones sociales \u00a0que\u00a0 tienen como objetivo\u00a0 el\u00a0 de\u00a0 contribuir \u00a0y optimizar el \u00a0desarrollo social\u00a0 en\u00a0 su conjunto.<\/p>\n<p>Que\u00a0 se \u00a0hace \u00a0necesario \u00a0que \u00a0este \u00a0Honorable \u00a0Cuerpo \u00a0tenga \u00a0la \u00a0posibilidad \u00a0de \u00a0apoyar \u00a0en \u00a0las actividades de las diferentes instituciones no gubernamentales a trav\u00e9s de la contribuci\u00f3n econ\u00f3mica por medio de Subvenciones o Subsidios para fines determinados, que ayuden en alguna manera a la importante actividad que \u00e9stos organismos \u00a0realizan en \u00a0pos del \u00a0desarrollo comunal.<\/p>\n<p>Que la metodolog\u00eda\u00a0 a\u00a0 implementarse\u00a0 en \u00a0la\u00a0 entrega\u00a0 de\u00a0 Subvenciones o\u00a0 Subsidios, debe estar adecuada, administrativa y legalmente, de forma que su aplicaci\u00f3n sea completamente transparente a los ojos de la comunidad malarg\u00fcina.<\/p>\n<p>Que a efectos de no\u00a0 generar erogaciones adicionales al presupuesto del Honorable Concejo Deliberante, es adecuado que cada Concejal determine el fin de los fondos asignados a \u00e9ste, optando por la entrega de Becas o Subvenciones seg\u00fan estime\u00a0 conveniente.<\/p>\n<p>EL \u00a0HONORABLE\u00a0 CONCEJO DELIBERANTE DE LA MUNICIPALIDAD DE MALARG\u00dcE EN USO DE LAS FACULTADES QUE LE SON PROPIAS<\/p>\n<p>RESUELVE<\/p>\n<p>ARTICULO 1\u00b0: Crear el Programa de Ayudas Econ\u00f3micas Educativas (Becas) y\/o Subsidios a Organizaciones Civiles sin fines de lucro, en el \u00e1mbito del Honorable Concejo Deliberante, seg\u00fan el Reglamento que forma parte de la presente Resoluci\u00f3n, como Anexo I.<\/p>\n<p>ARTICULO 2\u00b0: Establecer que los montos m\u00ednimos y m\u00e1ximos contenidos en el reglamento del Anexo I, ser\u00e1n v\u00e1lidos por el a\u00f1o 2021 y deber\u00e1n ser ratificados y\/o actualizados de forma anual\u00a0 mediante\u00a0 Resoluci\u00f3n del Honorable Concejo Deliberante.<\/p>\n<p>ARTICULO 3\u00ba: El monto destinado al programa de Ayudas Econ\u00f3micas\/Becas y\/o \u00a0Subsidios\/Subvenciones ser\u00e1 \u00a0para el a\u00f1o 2.021 de PESOS CINCO MILLONES QUINIENTOS MIL ($5.500.00,00) a dividir en ocho meses iguales y consecutivos de PESOS SESENTA Y OCHO \u00a0MIL SETECIENTOS CINCUENTA ($ 68.750,00) \u00a0por \u00a0Edil desde abril y hasta noviembre del a\u00f1o en curso.<\/p>\n<p>ARTICULO 4\u00ba: Los gastos emergentes de la aplicaci\u00f3n de la presente pieza legal ser\u00e1n imputados al Presupuesto vigente del Honorable Concejo Deliberante por el a\u00f1o 2.021.<\/p>\n<p>ART\u00cdCULO 5\u00ba: Comun\u00edquese, reg\u00edstrese, agr\u00e9guese copia de la presente en las \u00a0 actuaciones\u00a0 correspondientes\u00a0 y arch\u00edvese.<\/p>\n<p>DADA EN LA SALA DE SESIONES DR. RICARDO BALBIN DEL HONORABLE CONCEJO DELIBERANTE DE LA MUNICIPALIDAD DE MALARG\u00dcE A VEINTICINCO D\u00cdAS DE MARZO DE DOS MIL VEINTIUNO<\/p>\n<p><strong><u>ANEXO I<\/u><\/strong><\/p>\n<p>REGLAMENTO PARA OTORGAMIENTO DE AYUDAS ECON\u00d3MICAS EDUCATIVAS (BECAS) Y\/O SUBSIDIOS A ORGANIZACIONES CIVILES SIN FINES DE LUCRO<\/p>\n<p>ART\u00cdCULO 1\u00ba: OBJETO<\/p>\n<p>El presente reglamento tiene por objeto regular el sistema de programa de entrega de Ayudas Econ\u00f3micas Educativas (becas) y\/o subsidios, en el \u00e1mbito del Honorable Concejo Deliberante.<\/p>\n<p>ARTICULO 2\u00ba: DE LOS INCENTIVOS\u00a0 EDUCATIVOS<\/p>\n<p>Los Concejales podr\u00e1n asignar un importe mensual a estudiantes de cualquier nivel de ense\u00f1anza, que cuenten con plan de estudio oficial aprobado por\u00a0 Resoluci\u00f3n\u00a0 para el ciclo lectivo 2021 de la Direcci\u00f3n General de Escuelas y Subsecretar\u00eda de Educaci\u00f3n, no superiores a PESOS DIEZ MIL ($10.000,00), ni inferiores a PESOS QUINIENTOS ($500,00) mensuales.<\/p>\n<p>Los requisitos que deber\u00e1 cumplimentar el estudiante becado son los siguientes:<\/p>\n<p>a- Acreditar mensualmente su condici\u00f3n de \u201cAlumno Regular\u201d, a trav\u00e9s de certificado oficial, mientras dure el beneficio, el cual deber\u00e1 ser presentado por \u00a0el\u00a0 beneficiario.<\/p>\n<p>b- Presentar fotocopia del D.N.I y Constancia de C.U.I.L.<\/p>\n<p>c- Deber\u00e1 acreditarse \u00fanica y fehacientemente por D.N.I que el domicilio del beneficiario corresponde al Departamento\u00a0 de Malarg\u00fce.<\/p>\n<p>d- Entrevista \u00a0Social\u00a0 anual\u00a0 del grupo familiar al que pertenece el beneficiario, confeccionada por Licenciado en Trabajo Social, como requisito previo al otorgamiento del\u00a0 incentivo\u00a0 educativo.<\/p>\n<p>ARTICULO 3\u00ba: El \u00a0Concejal\u00a0 al\u00a0 solicitar\u00a0 a Presidencia\u00a0 del\u00a0 Honorable\u00a0 Concejo \u00a0Deliberante\u00a0 el importe mensual a destinar, deber\u00e1 acompa\u00f1ar una nota formal por el pedido, la que deber\u00e1 contener: Nombre y apellido completo, D.N.I. de Beneficiario\/a, monto asignado, mes \u00a0al cual corresponde la entrega, firma \u00a0y sello del Concejal.<\/p>\n<p>ARTICULO 4\u00ba: Presidencia del Honorable Concejo Deliberante dispondr\u00e1 el pago del monto estipulado por el Concejal en una orden al beneficiario en caso de tener dieciocho (18) a\u00f1os o m\u00e1s, caso contrario ser\u00e1 a la orden del Padre, Madre o Tutor Legal requiriendo en el acto la firma del correspondiente recibo en formulario oficial de este Honorable Cuerpo.<\/p>\n<p>ARTICULO 5\u00ba: No podr\u00e1n ser beneficiarios del Incentivo Educativo, aquellas personas que tengan \u00a0hasta\u00a0 tercer\u00a0 grado \u00a0grado de parentesco con los Sres. Concejales o con alg\u00fan Funcionario del Departamento Ejecutivo Municipal, ni ser\u00e1 permitida la entrega a m\u00e1s de un beneficiario por grupo familiar conviviente.<\/p>\n<p>ARTICULO 6\u00ba: DE LOS SUBSIDIOS \/SUBVENCIONES<\/p>\n<p>Los Concejales podr\u00e1n beneficiar con Subsidios a Instituciones y\/u Organizaciones de Asociaci\u00f3n Civil (Art\u00edculos aplicables del C\u00f3digo Civil, instituciones educativas), que desempe\u00f1en sus actividades dentro del Departamento de Malarg\u00fce y que su principal objetivo sea beneficiar a distintos sectores de la comunidad, sin intenci\u00f3n de generar con su actividad lucro individual alguno. Las mismas han de catalogarse dentro de las denominadas Entidades de Bien P\u00fablico.<\/p>\n<p>ARTICULO \u00a07\u00ba: \u00a0Las \u00a0Entidades \u00a0de \u00a0Bien \u00a0P\u00fablico \u00a0que \u00a0deseen \u00a0ser \u00a0beneficiarias \u00a0del \u00a0Subsidio, deber\u00e1n reunir las\u00a0 siguientes\u00a0 condiciones:<\/p>\n<ul>\n<li>Tener domicilio legal dentro del Departamento de Malarg\u00fce y desempe\u00f1ar su actividad en\u00a0 el\u00a0 mism<\/li>\n<li>Tener n\u00famero \u00a0de\u00a0 Personer\u00eda \u00a0Jur\u00eddica \u00a0activa \u00a0a \u00a0la\u00a0 fecha, \u00a0emanada \u00a0por \u00a0el \u00a0Superior Gobierno \u00a0de \u00a0la \u00a0Provincia \u00a0de \u00a0Mendoza \u00a0o \u00a0en \u00a0su \u00a0defecto, \u00a0contar \u00a0con \u00a0la\u00a0\u00a0\u00a0 Clave \u00danica \u00a0de \u00a0Identificaci\u00f3n \u00a0Tributaria\u00a0\u00a0 \u00a0iniciaci\u00f3n C.U.I. otorgado\u00a0 por la Administraci\u00f3n Federal \u00a0de \u00a0Ingresos \u00a0P\u00fablicos (A.F.I.P.).<\/li>\n<li>Tener Comisi\u00f3n Directiva conformada y en ejercicio a la fecha de la solicitud del beneficio.<\/li>\n<li>La comisi\u00f3n deber\u00e1 presentar nota al Concejal, manifestando la intenci\u00f3n de \u00a0ser beneficiario del Subsidio, la cual ser\u00e1 acompa\u00f1ada de presupuesto que\u00a0 detalle el destino del beneficio, acta de \u00a0conformaci\u00f3n de Comisi\u00f3n Directiva \u00a0y copia\u00a0 de n\u00famero de Personer\u00eda\u00a0 Jur\u00eddica o CUIT, firmada por al menos 3 (tres) integrantes activos de la Comisi\u00f3n Directiva.<\/li>\n<\/ul>\n<p>ARTICULO 8\u00ba: Los \u00a0Subsidios \/Subvenciones no podr\u00e1n \u00a0ser \u00a0mayores \u00a0a \u00a0PESOS \u00a0DIEZ MIL \u00a0($ 10.000,00) ni inferiores a \u00a0PESOS DOS MIL ($ 2.000,00) por \u00a0cada \u00a0mes y \u00a0para \u00a0cada Instituci\u00f3n de Bien P\u00fablico, pudiendo una misma instituci\u00f3n cobrar en meses subsiguientes, siempre y cuando, d\u00e9 cumplimiento a los establecido en el Art\u00edculo 11\u00b0.<\/p>\n<p>ARTICULO 9\u00ba: El Concejal al solicitar a Presidencia del Honorable Concejo Deliberante el pago del importe monetario del Subsidio deber\u00e1 acompa\u00f1ar nota de \u00a0pedido, la cual \u00a0deber\u00e1 \u00a0contener:<\/p>\n<ul>\n<li>Denominaci\u00f3n de la Entidad de Bien P\u00fablico<\/li>\n<li>N\u00famero de Personer\u00eda Jur\u00eddica<\/li>\n<li>Monto asignado para el Subsidio<\/li>\n<li>Mes al cual corresponde la entrega<\/li>\n<li>Nota de la Instituci\u00f3n cumpliendo con lo estipulado en el inciso \u201cd\u201d, del Art\u00edculo 7\u00ba de la \u00a0presente norma.<\/li>\n<\/ul>\n<p>ARTICULO 10\u00ba: Presidencia del Honorable Concejo Deliberante dispondr\u00e1 el pago del Subsidio a la orden de la entidad beneficiaria, requiriendo en el acto el correspondiente recibo firmado en formulario oficial de este Honorable Cuerpo.<\/p>\n<p>ARTICULO 11\u00ba: Las instituciones beneficiarias de los Subsidios deber\u00e1n presentar en tiempo perentorio de diez (10) d\u00edas del pago del mismo, todos los comprobantes que acrediten fehacientemente el destino del gasto por la suma otorgada y dando cumplimiento a lo que establece el Acuerdo N\u00ba 5.383 del Honorable Tribunal de Cuentas. (factura \u201cB\u201d o recibo \u201cC\u201d en caso de Contrataci\u00f3n de Servicios). Caso contrario la entidad queda inhibida para recibir cualquier otro tipo de beneficio proveniente del Honorable\u00a0 Concejo Deliberante.<\/p>\n<p>ARTICULO 12\u00ba: Las solicitudes por pedidos de Incentivos Escolares y Subsidios que realicen los Sres. Concejales, ser\u00e1n recepcionados por Presidencia del\u00a0\u00a0 Honorable\u00a0\u00a0 Concejo Deliberante, debiendo efectivizarse el pago de las mismas dentro de los Cinco (5) d\u00edas de emitida la orden de pago por parte de Contadur\u00eda General de la Municipalidad de Malarg\u00fce. Atento a que los montos no son significativos, se autoriza el pago de las mismas bajo la modalidad de \u201cPago con dinero en Efectivo\u201d.<\/p>\n<p>ARTICULO 13\u00ba: La rendici\u00f3n de los expedientes conformados a tal fin, ser\u00e1n confeccionados por Administraci\u00f3n de la Secretar\u00eda del Honorable Concejo Deliberante en forma individual por Concejal y dando cumplimiento a lo que establece el Acuerdo N\u00ba 5.383 del Honorable Tribunal de Cuentas, lo cual permitir\u00e1 que sea remitida su rendici\u00f3n en expediente formal individual a medida que sea finalizado el pago de la totalidad de los beneficiarios del Concejal.<\/p>\n<p>ARTICULO 14\u00ba: Establecer como condici\u00f3n ineludible que los\u00a0 fondos\u00a0 correspondientes\u00a0 al\u00a0 per\u00edodo inmediato posterior solo podr\u00e1n ser requeridos a Tesorer\u00eda, una vez que est\u00e1n presentados en su totalidad por el concejal solicitante y visados en la oficina de Contadur\u00eda General del Departamento Ejecutivo.<\/p>\n","protected":false},"excerpt":{"rendered":"<p>AUTORES: CONCEJALES\u00a0 JOSE BARRO, PAOLA JOFRE Y ANDRES RISI. BLOQUE FRENTE DE TODOS VISTO: El contenido del Expediente N\u00b0 4.907 HC 029 \u2013 2.021. Bloque Frente de Todos. Proyecto de Resoluci\u00f3n: Instituir el Programa de Ayudas Econ\u00f3micas Educativas (becas) y\/o subsidios en el \u00e1mbito del Honorable Concejo Deliberante. Que anualmente el Honorable Concejo Deliberante de [&hellip;]<\/p>\n","protected":false},"author":5,"featured_media":23735,"comment_status":"closed","ping_status":"closed","sticky":false,"template":"","format":"standard","meta":{"footnotes":""},"categories":[52,29,33,51],"tags":[],"class_list":["post-23734","post","type-post","status-publish","format-standard","has-post-thumbnail","hentry","category-gacetillas","category-lesgilacion","category-prensa","category-resoluciones"],"yoast_head":"<!-- This site is optimized with the Yoast SEO plugin v19.10 - https:\/\/yoast.com\/wordpress\/plugins\/seo\/ -->\n<title>RESOLUCI\u00d3N N\u00b0 040\/2.021 - Malarg\u00fce HCD<\/title>\n<meta name=\"robots\" content=\"index, follow, max-snippet:-1, max-image-preview:large, max-video-preview:-1\" \/>\n<link rel=\"canonical\" href=\"https:\/\/hcd.malargue.gov.ar\/?p=23734\" \/>\n<meta property=\"og:locale\" content=\"es_ES\" \/>\n<meta property=\"og:type\" content=\"article\" \/>\n<meta property=\"og:title\" content=\"RESOLUCI\u00d3N N\u00b0 040\/2.021 - Malarg\u00fce HCD\" \/>\n<meta property=\"og:description\" content=\"AUTORES: CONCEJALES\u00a0 JOSE BARRO, PAOLA JOFRE Y ANDRES RISI. BLOQUE FRENTE DE TODOS VISTO: El contenido del Expediente N\u00b0 4.907 HC 029 \u2013 2.021. Bloque Frente de Todos. Proyecto de Resoluci\u00f3n: Instituir el Programa de Ayudas Econ\u00f3micas Educativas (becas) y\/o subsidios en el \u00e1mbito del Honorable Concejo Deliberante. Que anualmente el Honorable Concejo Deliberante de [&hellip;]\" \/>\n<meta property=\"og:url\" content=\"https:\/\/hcd.malargue.gov.ar\/?p=23734\" \/>\n<meta property=\"og:site_name\" content=\"Malarg\u00fce HCD\" \/>\n<meta property=\"article:published_time\" content=\"2021-03-31T12:15:26+00:00\" \/>\n<meta property=\"article:modified_time\" content=\"2021-03-31T12:20:47+00:00\" \/>\n<meta property=\"og:image\" content=\"https:\/\/hcd.malargue.gov.ar\/wp-content\/uploads\/2021\/03\/rn-040-2021.jpg\" \/>\n\t<meta property=\"og:image:width\" content=\"1280\" \/>\n\t<meta property=\"og:image:height\" content=\"720\" \/>\n\t<meta property=\"og:image:type\" content=\"image\/jpeg\" \/>\n<meta name=\"author\" content=\"Belen Pedernera Ferragut\" \/>\n<meta name=\"twitter:card\" content=\"summary_large_image\" \/>\n<meta name=\"twitter:label1\" content=\"Escrito por\" \/>\n\t<meta name=\"twitter:data1\" content=\"Belen Pedernera Ferragut\" \/>\n\t<meta name=\"twitter:label2\" content=\"Tiempo de lectura\" \/>\n\t<meta name=\"twitter:data2\" content=\"9 minutos\" \/>\n<script type=\"application\/ld+json\" class=\"yoast-schema-graph\">{\"@context\":\"https:\/\/schema.org\",\"@graph\":[{\"@type\":\"WebPage\",\"@id\":\"https:\/\/hcd.malargue.gov.ar\/?p=23734\",\"url\":\"https:\/\/hcd.malargue.gov.ar\/?p=23734\",\"name\":\"RESOLUCI\u00d3N N\u00b0 040\/2.021 - Malarg\u00fce HCD\",\"isPartOf\":{\"@id\":\"https:\/\/hcd.malargue.gov.ar\/#website\"},\"datePublished\":\"2021-03-31T12:15:26+00:00\",\"dateModified\":\"2021-03-31T12:20:47+00:00\",\"author\":{\"@id\":\"https:\/\/hcd.malargue.gov.ar\/#\/schema\/person\/3fd6bbab64edd703961b795156c955d0\"},\"breadcrumb\":{\"@id\":\"https:\/\/hcd.malargue.gov.ar\/?p=23734#breadcrumb\"},\"inLanguage\":\"es-AR\",\"potentialAction\":[{\"@type\":\"ReadAction\",\"target\":[\"https:\/\/hcd.malargue.gov.ar\/?p=23734\"]}]},{\"@type\":\"BreadcrumbList\",\"@id\":\"https:\/\/hcd.malargue.gov.ar\/?p=23734#breadcrumb\",\"itemListElement\":[{\"@type\":\"ListItem\",\"position\":1,\"name\":\"Inicio\",\"item\":\"https:\/\/hcd.malargue.gov.ar\/\"},{\"@type\":\"ListItem\",\"position\":2,\"name\":\"RESOLUCI\u00d3N N\u00b0 040\/2.021\"}]},{\"@type\":\"WebSite\",\"@id\":\"https:\/\/hcd.malargue.gov.ar\/#website\",\"url\":\"https:\/\/hcd.malargue.gov.ar\/\",\"name\":\"Malarg\u00fce HCD\",\"description\":\"Malarg\u00fce Mendoza Argentina\",\"potentialAction\":[{\"@type\":\"SearchAction\",\"target\":{\"@type\":\"EntryPoint\",\"urlTemplate\":\"https:\/\/hcd.malargue.gov.ar\/?s={search_term_string}\"},\"query-input\":\"required name=search_term_string\"}],\"inLanguage\":\"es-AR\"},{\"@type\":\"Person\",\"@id\":\"https:\/\/hcd.malargue.gov.ar\/#\/schema\/person\/3fd6bbab64edd703961b795156c955d0\",\"name\":\"Belen Pedernera Ferragut\",\"image\":{\"@type\":\"ImageObject\",\"inLanguage\":\"es-AR\",\"@id\":\"https:\/\/hcd.malargue.gov.ar\/#\/schema\/person\/image\/\",\"url\":\"https:\/\/secure.gravatar.com\/avatar\/1054ffab3893de4bb3eb29bdd22f7e34b8537bf5d34d9dab311818154ad5b71f?s=96&d=mm&r=g\",\"contentUrl\":\"https:\/\/secure.gravatar.com\/avatar\/1054ffab3893de4bb3eb29bdd22f7e34b8537bf5d34d9dab311818154ad5b71f?s=96&d=mm&r=g\",\"caption\":\"Belen Pedernera Ferragut\"},\"url\":\"https:\/\/hcd.malargue.gov.ar\/?author=5\"}]}<\/script>\n<!-- \/ Yoast SEO plugin. -->","yoast_head_json":{"title":"RESOLUCI\u00d3N N\u00b0 040\/2.021 - Malarg\u00fce HCD","robots":{"index":"index","follow":"follow","max-snippet":"max-snippet:-1","max-image-preview":"max-image-preview:large","max-video-preview":"max-video-preview:-1"},"canonical":"https:\/\/hcd.malargue.gov.ar\/?p=23734","og_locale":"es_ES","og_type":"article","og_title":"RESOLUCI\u00d3N N\u00b0 040\/2.021 - Malarg\u00fce HCD","og_description":"AUTORES: CONCEJALES\u00a0 JOSE BARRO, PAOLA JOFRE Y ANDRES RISI. BLOQUE FRENTE DE TODOS VISTO: El contenido del Expediente N\u00b0 4.907 HC 029 \u2013 2.021. Bloque Frente de Todos. Proyecto de Resoluci\u00f3n: Instituir el Programa de Ayudas Econ\u00f3micas Educativas (becas) y\/o subsidios en el \u00e1mbito del Honorable Concejo Deliberante. Que anualmente el Honorable Concejo Deliberante de [&hellip;]","og_url":"https:\/\/hcd.malargue.gov.ar\/?p=23734","og_site_name":"Malarg\u00fce HCD","article_published_time":"2021-03-31T12:15:26+00:00","article_modified_time":"2021-03-31T12:20:47+00:00","og_image":[{"width":1280,"height":720,"url":"https:\/\/hcd.malargue.gov.ar\/wp-content\/uploads\/2021\/03\/rn-040-2021.jpg","type":"image\/jpeg"}],"author":"Belen Pedernera Ferragut","twitter_card":"summary_large_image","twitter_misc":{"Escrito por":"Belen Pedernera Ferragut","Tiempo de lectura":"9 minutos"},"schema":{"@context":"https:\/\/schema.org","@graph":[{"@type":"WebPage","@id":"https:\/\/hcd.malargue.gov.ar\/?p=23734","url":"https:\/\/hcd.malargue.gov.ar\/?p=23734","name":"RESOLUCI\u00d3N N\u00b0 040\/2.021 - Malarg\u00fce HCD","isPartOf":{"@id":"https:\/\/hcd.malargue.gov.ar\/#website"},"datePublished":"2021-03-31T12:15:26+00:00","dateModified":"2021-03-31T12:20:47+00:00","author":{"@id":"https:\/\/hcd.malargue.gov.ar\/#\/schema\/person\/3fd6bbab64edd703961b795156c955d0"},"breadcrumb":{"@id":"https:\/\/hcd.malargue.gov.ar\/?p=23734#breadcrumb"},"inLanguage":"es-AR","potentialAction":[{"@type":"ReadAction","target":["https:\/\/hcd.malargue.gov.ar\/?p=23734"]}]},{"@type":"BreadcrumbList","@id":"https:\/\/hcd.malargue.gov.ar\/?p=23734#breadcrumb","itemListElement":[{"@type":"ListItem","position":1,"name":"Inicio","item":"https:\/\/hcd.malargue.gov.ar\/"},{"@type":"ListItem","position":2,"name":"RESOLUCI\u00d3N N\u00b0 040\/2.021"}]},{"@type":"WebSite","@id":"https:\/\/hcd.malargue.gov.ar\/#website","url":"https:\/\/hcd.malargue.gov.ar\/","name":"Malarg\u00fce HCD","description":"Malarg\u00fce Mendoza Argentina","potentialAction":[{"@type":"SearchAction","target":{"@type":"EntryPoint","urlTemplate":"https:\/\/hcd.malargue.gov.ar\/?s={search_term_string}"},"query-input":"required name=search_term_string"}],"inLanguage":"es-AR"},{"@type":"Person","@id":"https:\/\/hcd.malargue.gov.ar\/#\/schema\/person\/3fd6bbab64edd703961b795156c955d0","name":"Belen Pedernera Ferragut","image":{"@type":"ImageObject","inLanguage":"es-AR","@id":"https:\/\/hcd.malargue.gov.ar\/#\/schema\/person\/image\/","url":"https:\/\/secure.gravatar.com\/avatar\/1054ffab3893de4bb3eb29bdd22f7e34b8537bf5d34d9dab311818154ad5b71f?s=96&d=mm&r=g","contentUrl":"https:\/\/secure.gravatar.com\/avatar\/1054ffab3893de4bb3eb29bdd22f7e34b8537bf5d34d9dab311818154ad5b71f?s=96&d=mm&r=g","caption":"Belen Pedernera Ferragut"},"url":"https:\/\/hcd.malargue.gov.ar\/?author=5"}]}},"_links":{"self":[{"href":"https:\/\/hcd.malargue.gov.ar\/index.php?rest_route=\/wp\/v2\/posts\/23734","targetHints":{"allow":["GET"]}}],"collection":[{"href":"https:\/\/hcd.malargue.gov.ar\/index.php?rest_route=\/wp\/v2\/posts"}],"about":[{"href":"https:\/\/hcd.malargue.gov.ar\/index.php?rest_route=\/wp\/v2\/types\/post"}],"author":[{"embeddable":true,"href":"https:\/\/hcd.malargue.gov.ar\/index.php?rest_route=\/wp\/v2\/users\/5"}],"replies":[{"embeddable":true,"href":"https:\/\/hcd.malargue.gov.ar\/index.php?rest_route=%2Fwp%2Fv2%2Fcomments&post=23734"}],"version-history":[{"count":0,"href":"https:\/\/hcd.malargue.gov.ar\/index.php?rest_route=\/wp\/v2\/posts\/23734\/revisions"}],"wp:featuredmedia":[{"embeddable":true,"href":"https:\/\/hcd.malargue.gov.ar\/index.php?rest_route=\/wp\/v2\/media\/23735"}],"wp:attachment":[{"href":"https:\/\/hcd.malargue.gov.ar\/index.php?rest_route=%2Fwp%2Fv2%2Fmedia&parent=23734"}],"wp:term":[{"taxonomy":"category","embeddable":true,"href":"https:\/\/hcd.malargue.gov.ar\/index.php?rest_route=%2Fwp%2Fv2%2Fcategories&post=23734"},{"taxonomy":"post_tag","embeddable":true,"href":"https:\/\/hcd.malargue.gov.ar\/index.php?rest_route=%2Fwp%2Fv2%2Ftags&post=23734"}],"curies":[{"name":"wp","href":"https:\/\/api.w.org\/{rel}","templated":true}]}}