{"id":23945,"date":"2021-04-13T09:59:07","date_gmt":"2021-04-13T12:59:07","guid":{"rendered":"https:\/\/hcd.malargue.gov.ar\/?p=23945"},"modified":"2021-04-13T10:00:03","modified_gmt":"2021-04-13T13:00:03","slug":"declaracion-no-285-2-021","status":"publish","type":"post","link":"https:\/\/hcd.malargue.gov.ar\/?p=23945","title":{"rendered":"DECLARACI\u00d3N N\u00ba 285\/2.021"},"content":{"rendered":"<p><strong>AUTORA:<\/strong> CONCEJAL PAOLA ROJO<\/p>\n<p>BLOQUE FRENTE CAMBIA MENDOZA<a href=\"http:\/\/hcd.malargue.gov.ar\/hcdpdf\/Decla%20285%20%202021%20declarar%20de%20interes%20educativo%20taller%20albina%20gomez.pdf\"><img loading=\"lazy\" decoding=\"async\" class=\"alignright wp-image-7950\" src=\"https:\/\/hcd.malargue.gov.ar\/wp-content\/uploads\/2018\/06\/PDF-JPG-300x300.jpg\" alt=\"\" width=\"116\" height=\"116\" srcset=\"https:\/\/hcd.malargue.gov.ar\/wp-content\/uploads\/2018\/06\/PDF-JPG-300x300.jpg 300w, https:\/\/hcd.malargue.gov.ar\/wp-content\/uploads\/2018\/06\/PDF-JPG-150x150.jpg 150w, https:\/\/hcd.malargue.gov.ar\/wp-content\/uploads\/2018\/06\/PDF-JPG.jpg 512w\" sizes=\"auto, (max-width: 116px) 100vw, 116px\" \/><\/a><\/p>\n<p>VISTO: El contenido del Expediente N\u00ba 4.943 HC 031 \u2013 2.021. Bloque Cambia Mendoza. Proyecto de Declaraci\u00f3n: Declarar de Inter\u00e9s Departamental, Social y Educativo la Jornada Taller de Educaci\u00f3n Semipresencial \u201cProfesora Albina G\u00f3mez\u201d.<\/p>\n<p>Que en este contexto de pandemia, dicha jornada pretende brindar al\u00a0 docente la posibilidad de realizar sus propios materiales educativos ajustados con los objetivos y necesidades curriculares, en la nueva normalidad educativa de este ciclo lectivo, con la necesidad de reinventarse en sus pr\u00e1cticas docentes.<\/p>\n<p>Y;<\/p>\n<p>CONSIDERANDO: Que es intenci\u00f3n de este establecimiento de Formaci\u00f3n Docente y T\u00e9cnica, ofrecer el espacio adecuado para compartir y especificar elementos y acciones intervinientes en la Producci\u00f3n de Materiales de Autoaprendizaje, necesarios a tener presentes antes y durante su elaboraci\u00f3n. En momentos de cambios actuales, estos materiales cobran importancia significativa, en las estrategias de ense\u00f1anza. Asimismo, se guiar\u00e1 el abordaje del encuentro presencial y ayudar\u00e1 a los asistentes a organizar su a\u00f1o en contenidos, materiales y tiempo.<\/p>\n<p>Que esta Instituci\u00f3n Terciaria, como establecimiento formador pretende\u00a0 acompa\u00f1ar al docente en los nuevos desaf\u00edos que se le presentan para educar y llevar trayectorias exitosas para sus alumno\/as,\u00a0 brind\u00e1ndoles, la posibilidad de realizar sus propios materiales educativos ajustados a los objetivos y necesidades curriculares, en la nueva normalidad educativa de este ciclo lectivo.<\/p>\n<p>Que es intenci\u00f3n del Instituto de Ense\u00f1anza Superior Gdor. Celso Alejandro Jaque N\u00ba 9-018, realizar merecidamente, el homenaje a la Profesora Albina G\u00f3mez, quien falleci\u00f3 recientemente, participando activamente de la Asociaci\u00f3n Sociocultural Messis y de la comunidad educativa de Malarg\u00fce. Se adjunta en Anexo I, su Curriculum Vitae.<\/p>\n<p>Que el ciclo lectivo 2020 enfrent\u00f3 a los docentes a experiencias nuevas, debieron innovar en pr\u00e1cticas que fueran creativas para mediar sus contenidos y habilidades y as\u00ed llegar a sus alumno\/as en confinamiento.<\/p>\n<p>Que en el caso de la educaci\u00f3n en escuelas rurales se prepararon materiales que le permitieran al alumno\/a hacer su autoaprendizaje. Material que en ciertos casos, no fueron contextualizados, evaluados o de calidad por falta de capacitaci\u00f3n.<\/p>\n<p>Que este contexto nos llama a repensar las pr\u00e1cticas y estrategias educativas a utilizar, viendo la alternancia y a la semipresencialidad como principales modelos, lo que implica muchas adaptaciones en la planificaci\u00f3n did\u00e1ctica y curricular.<\/p>\n<p>Que los tiempos cambiaron, los tiempos de presencialidad se han vuelto preciosos, la integraci\u00f3n de saberes entre todos los espacios de formaci\u00f3n es fundamental y ya no se fabrica un martillo a mano. Las condiciones de inserci\u00f3n en el sistema productivo est\u00e1n relacionadas con su capacidad de resolver situaciones y su creatividad, no en actividades que puedan reemplazarse por m\u00e1quinas o robots.<\/p>\n<p>Que, el encuentro presencial supera ampliamente la clase tradicional de los sistemas presenciales. En tanto encuentro profesor-alumno, combina lo individual con lo grupal, la orientaci\u00f3n personal con la orientaci\u00f3n formativa, la mediaci\u00f3n pedag\u00f3gica y la evaluaci\u00f3n con la distribuci\u00f3n de materiales. La Educaci\u00f3n semipresencial permite organizar el interior de los grupos de acuerdo a sus intereses, dificultades, proyectos, trayectorias, etc. mediante la confecci\u00f3n de\u00a0\u00a0\u00a0 materiales destinados a cada grupo.<\/p>\n<p>Que hay que reconocer que la elaboraci\u00f3n de materiales educativos impresos u online, no forma parte de la carrera de ning\u00fan profesorado, por lo que el docente debe ensayar sobre la marcha buscando por cuenta propia orientaciones y bibliograf\u00eda especializada.<\/p>\n<p>Que, es intenci\u00f3n de esta Jornada compartir y especificar elementos y acciones que intervienen en la Producci\u00f3n de Materiales de Autoaprendizaje, que es necesario tener presentes antes y durante la elaboraci\u00f3n. Asimismo, guiar el abordaje del encuentro presencial y ayudar a los asistentes a organizar su a\u00f1o en cuanto contenidos, materiales y tiempo.<\/p>\n<p>Que las intencionalidades educativas generales que se esperan que los asistentes logren son:<\/p>\n<ul>\n<li>Revalorar el rol del docente desde la presencialidad y semipresencialidad.<\/li>\n<li>Adquirir herramientas para construir materiales de autoaprendizaje en las diferentes \u00e1reas, que den respuesta al contexto de cada instituci\u00f3n.<\/li>\n<li>Poner en valor estrategias para el trabajo en el encuentro presencial ( en persona y\/o virtual)<\/li>\n<li>Aprender a trabajar con el par desde la interdisciplinariedad.<\/li>\n<li>Promover el aprendizaje por proyectos ABP y resoluci\u00f3n de problemas- oportunidades &#8211; desaf\u00edos.<\/li>\n<li>Aplicar el uso de materiales de autoaprendizaje en Aulas heterog\u00e9neas y agrupamientos flexibles.<\/li>\n<li>Incorporar un sistema para la optimizar el uso del tiempo en la planificaci\u00f3n del a\u00f1o escolar.<\/li>\n<li>Repensar la Evaluaci\u00f3n en un sistema semipresencial.<\/li>\n<\/ul>\n<p>EL HONORABLE CONCEJO DELIBERANTE DE LA MUNICIPALIDAD DE MALARG\u00dcE EN USO DE LAS FACULTADES QUE LE SON PROPIAS.<\/p>\n<p>DECLARA<\/p>\n<p>ART\u00cdCULO 1\u00ba: Declarar de Inter\u00e9s Departamental, Social y Educativo la Jornada Taller de Educaci\u00f3n Semipresencial, \u201cProfesora Albina G\u00f3mez\u201d, organizado por el Instituto de Ense\u00f1anza Superior N\u00ba9-018 Gobernador Celso Alejandro Jaque.<\/p>\n<p>ART\u00cdCULO 2\u00ba: Valorar su carga horaria. Siendo un total de esta propuesta formativa de 13 (trece) horas reloj presenciales, a trav\u00e9s de Google Meet y 6 (seis) horas no presenciales.<\/p>\n<p>ART\u00cdCULO 3\u00ba: Destacar la aprobaci\u00f3n desde el Gobierno de la Provincia de Mendoza, a trav\u00e9s de Direcci\u00f3n General de Escuela y su Coordinaci\u00f3n General de Educaci\u00f3n Superior, por su reconocimiento y el otorgamiento del puntaje correspondiente, por medio de\u00a0 Resoluci\u00f3n N\u00ba 2021-41-E., la cual se adjunta.<\/p>\n<p>ARTICULO 4\u00ba: Realizar la correspondiente menci\u00f3n bajo la modalidad adecuada, de acuerdo al contexto de pandemia COVID19, al Instituto de Ense\u00f1anza Superior N\u00ba9-018, \u201cGobernador Celso Alejandro Jaque\u201d; a su Rector, Prof. Marcelo Garc\u00eda- Profesor En Matem\u00e1tica, F\u00edsica y Cosmograf\u00eda y a la responsable institucional por el curso presentado, Prof. Flavia Jaque &#8211; Profesora en Castellano, Literatura y Lat\u00edn\/Jefa de Formaci\u00f3n Continua.<\/p>\n<p>ART\u00cdCULO 5\u00ba: Realzar el compromiso de los siguientes profesionales a cargo de los saberes planificados, seg\u00fan Anexo II, siendo:<\/p>\n<ul>\n<li>MARTINEZ, Leticia &#8211; Prof. En Cs. Religiosas, Cs. De la Educaci\u00f3n y Filosof\u00eda, Lic. Ense\u00f1anza de la Filosof\u00eda<\/li>\n<li>MERCADO, Ruth \u2013 Prof. de Ense\u00f1anza Media y Superior en Letras, Licenciada en Letras<\/li>\n<li>FAR\u00ceAS, Leticia &#8211; Prof. de Grado Universitario en Lengua y Cultura Inglesa.<\/li>\n<li>ALVAREZ, Paulo &#8211; Analista de Sistemas de Informaci\u00f3n<\/li>\n<li>MORALES, Ver\u00f3nica &#8211; Prof. Educaci\u00f3n Secundaria en Lengua y Literatura.<\/li>\n<li>DIAZ, Claudia &#8211; Prof. Tercer ciclo EGB y Polimodal en Historia<\/li>\n<li>CORIA, Miguel &#8211; Prof. Tercer ciclo EGB y Polimodal en Matem\u00e1ticas<\/li>\n<li>ROSA, Patricia \u2013 Prof. de Educaci\u00f3n B\u00e1sica<\/li>\n<li>BRAVO, Mariana &#8211; Prof. Tercer Ciclo EGB y Polimodal en Biolog\u00eda<\/li>\n<li>N\u00da\u00d1EZ, Mercedes &#8211; Prof. Matem\u00e1ticas, F\u00edsica y Cosmograf\u00eda<\/li>\n<\/ul>\n<p>ART\u00cdCULO 6\u00ba: Remitir copia de la presente pieza legal a.<\/p>\n<ul>\n<li>Instituto de Ense\u00f1anza Superior N\u00ba9-018, \u201cGobernador Celso Alejandro Jaque\u201d; a su Rector, Prof. Marcelo Garc\u00eda Cosmograf\u00eda y a la responsable institucional por el curso presentado, Prof. Flavia Jaque.<\/li>\n<li>Asociaci\u00f3n Sociocultural Messis.<\/li>\n<\/ul>\n<p>ART\u00cdCULO 7\u00ba: Comun\u00edquese, reg\u00edstrese, agr\u00e9guese copia de la presente en las actuaciones correspondientes y arch\u00edvese el original.<\/p>\n<p>DADA EN LA SALA DE SESIONES DR. RICARDO BALBIN DEL HONORABLE CONCEJO DELIBERANTE DE LA MUNICIPALIDAD DE MALARG\u00dcE A OCHO D\u00cdAS DE ABRIL DE DOS MIL VEINTIUNO.<\/p>\n","protected":false},"excerpt":{"rendered":"<p>AUTORA: CONCEJAL PAOLA ROJO BLOQUE FRENTE CAMBIA MENDOZA VISTO: El contenido del Expediente N\u00ba 4.943 HC 031 \u2013 2.021. Bloque Cambia Mendoza. Proyecto de Declaraci\u00f3n: Declarar de Inter\u00e9s Departamental, Social y Educativo la Jornada Taller de Educaci\u00f3n Semipresencial \u201cProfesora Albina G\u00f3mez\u201d. Que en este contexto de pandemia, dicha jornada pretende brindar al\u00a0 docente la posibilidad [&hellip;]<\/p>\n","protected":false},"author":5,"featured_media":23946,"comment_status":"closed","ping_status":"closed","sticky":false,"template":"","format":"standard","meta":{"footnotes":""},"categories":[46,52,29,33],"tags":[],"class_list":["post-23945","post","type-post","status-publish","format-standard","has-post-thumbnail","hentry","category-declaraciones","category-gacetillas","category-lesgilacion","category-prensa"],"yoast_head":"<!-- This site is optimized with the Yoast SEO plugin v19.10 - https:\/\/yoast.com\/wordpress\/plugins\/seo\/ -->\n<title>DECLARACI\u00d3N N\u00ba 285\/2.021 - Malarg\u00fce HCD<\/title>\n<meta name=\"robots\" content=\"index, follow, max-snippet:-1, max-image-preview:large, max-video-preview:-1\" \/>\n<link rel=\"canonical\" href=\"https:\/\/hcd.malargue.gov.ar\/?p=23945\" \/>\n<meta property=\"og:locale\" content=\"es_ES\" \/>\n<meta property=\"og:type\" content=\"article\" \/>\n<meta property=\"og:title\" content=\"DECLARACI\u00d3N N\u00ba 285\/2.021 - Malarg\u00fce HCD\" \/>\n<meta property=\"og:description\" content=\"AUTORA: CONCEJAL PAOLA ROJO BLOQUE FRENTE CAMBIA MENDOZA VISTO: El contenido del Expediente N\u00ba 4.943 HC 031 \u2013 2.021. Bloque Cambia Mendoza. Proyecto de Declaraci\u00f3n: Declarar de Inter\u00e9s Departamental, Social y Educativo la Jornada Taller de Educaci\u00f3n Semipresencial \u201cProfesora Albina G\u00f3mez\u201d. Que en este contexto de pandemia, dicha jornada pretende brindar al\u00a0 docente la posibilidad [&hellip;]\" \/>\n<meta property=\"og:url\" content=\"https:\/\/hcd.malargue.gov.ar\/?p=23945\" \/>\n<meta property=\"og:site_name\" content=\"Malarg\u00fce HCD\" \/>\n<meta property=\"article:published_time\" content=\"2021-04-13T12:59:07+00:00\" \/>\n<meta property=\"article:modified_time\" content=\"2021-04-13T13:00:03+00:00\" \/>\n<meta property=\"og:image\" content=\"https:\/\/hcd.malargue.gov.ar\/wp-content\/uploads\/2021\/04\/DECLA-285-2021.jpg\" \/>\n\t<meta property=\"og:image:width\" content=\"1280\" \/>\n\t<meta property=\"og:image:height\" content=\"720\" \/>\n\t<meta property=\"og:image:type\" content=\"image\/jpeg\" \/>\n<meta name=\"author\" content=\"Belen Pedernera Ferragut\" \/>\n<meta name=\"twitter:card\" content=\"summary_large_image\" \/>\n<meta name=\"twitter:label1\" content=\"Escrito por\" \/>\n\t<meta name=\"twitter:data1\" content=\"Belen Pedernera Ferragut\" \/>\n\t<meta name=\"twitter:label2\" content=\"Tiempo de lectura\" \/>\n\t<meta name=\"twitter:data2\" content=\"6 minutos\" \/>\n<script type=\"application\/ld+json\" class=\"yoast-schema-graph\">{\"@context\":\"https:\/\/schema.org\",\"@graph\":[{\"@type\":\"WebPage\",\"@id\":\"https:\/\/hcd.malargue.gov.ar\/?p=23945\",\"url\":\"https:\/\/hcd.malargue.gov.ar\/?p=23945\",\"name\":\"DECLARACI\u00d3N N\u00ba 285\/2.021 - Malarg\u00fce HCD\",\"isPartOf\":{\"@id\":\"https:\/\/hcd.malargue.gov.ar\/#website\"},\"datePublished\":\"2021-04-13T12:59:07+00:00\",\"dateModified\":\"2021-04-13T13:00:03+00:00\",\"author\":{\"@id\":\"https:\/\/hcd.malargue.gov.ar\/#\/schema\/person\/3fd6bbab64edd703961b795156c955d0\"},\"breadcrumb\":{\"@id\":\"https:\/\/hcd.malargue.gov.ar\/?p=23945#breadcrumb\"},\"inLanguage\":\"es-AR\",\"potentialAction\":[{\"@type\":\"ReadAction\",\"target\":[\"https:\/\/hcd.malargue.gov.ar\/?p=23945\"]}]},{\"@type\":\"BreadcrumbList\",\"@id\":\"https:\/\/hcd.malargue.gov.ar\/?p=23945#breadcrumb\",\"itemListElement\":[{\"@type\":\"ListItem\",\"position\":1,\"name\":\"Inicio\",\"item\":\"https:\/\/hcd.malargue.gov.ar\/\"},{\"@type\":\"ListItem\",\"position\":2,\"name\":\"DECLARACI\u00d3N N\u00ba 285\/2.021\"}]},{\"@type\":\"WebSite\",\"@id\":\"https:\/\/hcd.malargue.gov.ar\/#website\",\"url\":\"https:\/\/hcd.malargue.gov.ar\/\",\"name\":\"Malarg\u00fce HCD\",\"description\":\"Malarg\u00fce Mendoza Argentina\",\"potentialAction\":[{\"@type\":\"SearchAction\",\"target\":{\"@type\":\"EntryPoint\",\"urlTemplate\":\"https:\/\/hcd.malargue.gov.ar\/?s={search_term_string}\"},\"query-input\":\"required name=search_term_string\"}],\"inLanguage\":\"es-AR\"},{\"@type\":\"Person\",\"@id\":\"https:\/\/hcd.malargue.gov.ar\/#\/schema\/person\/3fd6bbab64edd703961b795156c955d0\",\"name\":\"Belen Pedernera Ferragut\",\"image\":{\"@type\":\"ImageObject\",\"inLanguage\":\"es-AR\",\"@id\":\"https:\/\/hcd.malargue.gov.ar\/#\/schema\/person\/image\/\",\"url\":\"https:\/\/secure.gravatar.com\/avatar\/1054ffab3893de4bb3eb29bdd22f7e34b8537bf5d34d9dab311818154ad5b71f?s=96&d=mm&r=g\",\"contentUrl\":\"https:\/\/secure.gravatar.com\/avatar\/1054ffab3893de4bb3eb29bdd22f7e34b8537bf5d34d9dab311818154ad5b71f?s=96&d=mm&r=g\",\"caption\":\"Belen Pedernera Ferragut\"},\"url\":\"https:\/\/hcd.malargue.gov.ar\/?author=5\"}]}<\/script>\n<!-- \/ Yoast SEO plugin. -->","yoast_head_json":{"title":"DECLARACI\u00d3N N\u00ba 285\/2.021 - Malarg\u00fce HCD","robots":{"index":"index","follow":"follow","max-snippet":"max-snippet:-1","max-image-preview":"max-image-preview:large","max-video-preview":"max-video-preview:-1"},"canonical":"https:\/\/hcd.malargue.gov.ar\/?p=23945","og_locale":"es_ES","og_type":"article","og_title":"DECLARACI\u00d3N N\u00ba 285\/2.021 - Malarg\u00fce HCD","og_description":"AUTORA: CONCEJAL PAOLA ROJO BLOQUE FRENTE CAMBIA MENDOZA VISTO: El contenido del Expediente N\u00ba 4.943 HC 031 \u2013 2.021. Bloque Cambia Mendoza. Proyecto de Declaraci\u00f3n: Declarar de Inter\u00e9s Departamental, Social y Educativo la Jornada Taller de Educaci\u00f3n Semipresencial \u201cProfesora Albina G\u00f3mez\u201d. Que en este contexto de pandemia, dicha jornada pretende brindar al\u00a0 docente la posibilidad [&hellip;]","og_url":"https:\/\/hcd.malargue.gov.ar\/?p=23945","og_site_name":"Malarg\u00fce HCD","article_published_time":"2021-04-13T12:59:07+00:00","article_modified_time":"2021-04-13T13:00:03+00:00","og_image":[{"width":1280,"height":720,"url":"https:\/\/hcd.malargue.gov.ar\/wp-content\/uploads\/2021\/04\/DECLA-285-2021.jpg","type":"image\/jpeg"}],"author":"Belen Pedernera Ferragut","twitter_card":"summary_large_image","twitter_misc":{"Escrito por":"Belen Pedernera Ferragut","Tiempo de lectura":"6 minutos"},"schema":{"@context":"https:\/\/schema.org","@graph":[{"@type":"WebPage","@id":"https:\/\/hcd.malargue.gov.ar\/?p=23945","url":"https:\/\/hcd.malargue.gov.ar\/?p=23945","name":"DECLARACI\u00d3N N\u00ba 285\/2.021 - Malarg\u00fce HCD","isPartOf":{"@id":"https:\/\/hcd.malargue.gov.ar\/#website"},"datePublished":"2021-04-13T12:59:07+00:00","dateModified":"2021-04-13T13:00:03+00:00","author":{"@id":"https:\/\/hcd.malargue.gov.ar\/#\/schema\/person\/3fd6bbab64edd703961b795156c955d0"},"breadcrumb":{"@id":"https:\/\/hcd.malargue.gov.ar\/?p=23945#breadcrumb"},"inLanguage":"es-AR","potentialAction":[{"@type":"ReadAction","target":["https:\/\/hcd.malargue.gov.ar\/?p=23945"]}]},{"@type":"BreadcrumbList","@id":"https:\/\/hcd.malargue.gov.ar\/?p=23945#breadcrumb","itemListElement":[{"@type":"ListItem","position":1,"name":"Inicio","item":"https:\/\/hcd.malargue.gov.ar\/"},{"@type":"ListItem","position":2,"name":"DECLARACI\u00d3N N\u00ba 285\/2.021"}]},{"@type":"WebSite","@id":"https:\/\/hcd.malargue.gov.ar\/#website","url":"https:\/\/hcd.malargue.gov.ar\/","name":"Malarg\u00fce HCD","description":"Malarg\u00fce Mendoza Argentina","potentialAction":[{"@type":"SearchAction","target":{"@type":"EntryPoint","urlTemplate":"https:\/\/hcd.malargue.gov.ar\/?s={search_term_string}"},"query-input":"required name=search_term_string"}],"inLanguage":"es-AR"},{"@type":"Person","@id":"https:\/\/hcd.malargue.gov.ar\/#\/schema\/person\/3fd6bbab64edd703961b795156c955d0","name":"Belen Pedernera Ferragut","image":{"@type":"ImageObject","inLanguage":"es-AR","@id":"https:\/\/hcd.malargue.gov.ar\/#\/schema\/person\/image\/","url":"https:\/\/secure.gravatar.com\/avatar\/1054ffab3893de4bb3eb29bdd22f7e34b8537bf5d34d9dab311818154ad5b71f?s=96&d=mm&r=g","contentUrl":"https:\/\/secure.gravatar.com\/avatar\/1054ffab3893de4bb3eb29bdd22f7e34b8537bf5d34d9dab311818154ad5b71f?s=96&d=mm&r=g","caption":"Belen Pedernera Ferragut"},"url":"https:\/\/hcd.malargue.gov.ar\/?author=5"}]}},"_links":{"self":[{"href":"https:\/\/hcd.malargue.gov.ar\/index.php?rest_route=\/wp\/v2\/posts\/23945","targetHints":{"allow":["GET"]}}],"collection":[{"href":"https:\/\/hcd.malargue.gov.ar\/index.php?rest_route=\/wp\/v2\/posts"}],"about":[{"href":"https:\/\/hcd.malargue.gov.ar\/index.php?rest_route=\/wp\/v2\/types\/post"}],"author":[{"embeddable":true,"href":"https:\/\/hcd.malargue.gov.ar\/index.php?rest_route=\/wp\/v2\/users\/5"}],"replies":[{"embeddable":true,"href":"https:\/\/hcd.malargue.gov.ar\/index.php?rest_route=%2Fwp%2Fv2%2Fcomments&post=23945"}],"version-history":[{"count":0,"href":"https:\/\/hcd.malargue.gov.ar\/index.php?rest_route=\/wp\/v2\/posts\/23945\/revisions"}],"wp:featuredmedia":[{"embeddable":true,"href":"https:\/\/hcd.malargue.gov.ar\/index.php?rest_route=\/wp\/v2\/media\/23946"}],"wp:attachment":[{"href":"https:\/\/hcd.malargue.gov.ar\/index.php?rest_route=%2Fwp%2Fv2%2Fmedia&parent=23945"}],"wp:term":[{"taxonomy":"category","embeddable":true,"href":"https:\/\/hcd.malargue.gov.ar\/index.php?rest_route=%2Fwp%2Fv2%2Fcategories&post=23945"},{"taxonomy":"post_tag","embeddable":true,"href":"https:\/\/hcd.malargue.gov.ar\/index.php?rest_route=%2Fwp%2Fv2%2Ftags&post=23945"}],"curies":[{"name":"wp","href":"https:\/\/api.w.org\/{rel}","templated":true}]}}