{"id":24303,"date":"2021-05-10T12:25:24","date_gmt":"2021-05-10T15:25:24","guid":{"rendered":"https:\/\/hcd.malargue.gov.ar\/?p=24303"},"modified":"2021-05-10T12:25:24","modified_gmt":"2021-05-10T15:25:24","slug":"ordenanza-n-2-087-2-021","status":"publish","type":"post","link":"https:\/\/hcd.malargue.gov.ar\/?p=24303","title":{"rendered":"ORDENANZA N\u00b0 2.087\/2.021"},"content":{"rendered":"<p><strong>AUTORA:<\/strong> CONCEJAL LUCIANA VILLEGAS<\/p>\n<p>BLOQUE FRENTE CAMBIA MENDOZA<a href=\"http:\/\/hcd.malargue.gov.ar\/hcdpdf\/On%202087%202021%20Reconocer%20cada%208%20de%20Marzo%20a%20una%20ciudadana%20del%20Departamento.pdf\"><img loading=\"lazy\" decoding=\"async\" class=\"alignright wp-image-7950\" src=\"https:\/\/hcd.malargue.gov.ar\/wp-content\/uploads\/2018\/06\/PDF-JPG-300x300.jpg\" alt=\"\" width=\"88\" height=\"88\" srcset=\"https:\/\/hcd.malargue.gov.ar\/wp-content\/uploads\/2018\/06\/PDF-JPG-300x300.jpg 300w, https:\/\/hcd.malargue.gov.ar\/wp-content\/uploads\/2018\/06\/PDF-JPG-150x150.jpg 150w, https:\/\/hcd.malargue.gov.ar\/wp-content\/uploads\/2018\/06\/PDF-JPG.jpg 512w\" sizes=\"auto, (max-width: 88px) 100vw, 88px\" \/><\/a><\/p>\n<p>VISTO: El contenido del Expediente N\u00b0 4.945 HC 031 \u2013 2.021. Bloque Frente Cambia Mendoza. Proyecto de Resoluci\u00f3n: Reconocer cada 8 de Marzo, en el marco del Mes de la Mujer, a una ciudadana del Departamento en representaci\u00f3n de cada Barrio.<\/p>\n<p>Que todos los d\u00edas8 de marzo se conmemora en el mundo la lucha de las mujeres por la igualdad, el reconocimiento y ejercicio efectivo de sus derechos.<\/p>\n<p>Y;<\/p>\n<p>CONSIDERANDO: Que desde inicios del siglo XX, el mes de \u00a0marzo ha sido clave para las luchas por los derechos de las mujeres, quienes a pesar de los persistentes obst\u00e1culos, han alcanzado enormes logros en la b\u00fasqueda por garantizar su autonom\u00eda f\u00edsica, econ\u00f3mica y en la toma de decisiones.<\/p>\n<p>Que los d\u00edas 8 de marzo se conmemora en el mundo la lucha de las mujeres por la igualdad, el reconocimiento y ejercicio efectivo de sus derechos.<\/p>\n<p>Que hay que valorar el rol de cada una de las mujeres (de la mujer ama de casa, la trabajadora, la profesional, de las madres rurales y pol\u00edticas) quienes a diario y muchas veces desde el anonimato dan todo para mantener sus hogares y efectivizan el derecho de sentirse Mujer.<\/p>\n<p>Que la mujer siempre ha tenido un papel muy importante en la sociedad desde la antig\u00fcedad cuando se encargaba de la cosecha y recolecci\u00f3n, adem\u00e1s del cuidado de la familia.<\/p>\n<p>Que las mujeres ya no se conforman con casarse y tener una familia, hoy en d\u00eda reconocen la importancia de su desarrollo acad\u00e9mico y laboral, buscando con esto, sentirse empoderadas y valiosas, tomando sus propias decisiones, siendo cabeza de familia pero tambi\u00e9n de grandes empresa.<\/p>\n<p>Que reconocer los derechos de las mujeres es esencial para el desarrollo inclusivo y sostenible.<\/p>\n<p>Que se debe rescatar el esfuerzo de la Mujer Argentina, especialmente de la Mujer Malarg\u00fcina que se esfuerza para mantener el hogar y el trabajo.<\/p>\n<p>Que este reconocimiento es para todas las mujeres de todos los estamentos socioculturales; las mujeres madres, trabajadoras, profesionales, amas de casa, a quienes les rendiremos un simple y sincero homenaje por luchar con alegr\u00eda, buscando siempre la Paz Social desde su lugar diario en la b\u00fasqueda de un mejor proyecto de familia, un mejor proyecto de trabajo, donde la Mujer es una de las grandes protagonistas de la Paz Social en la Vida de los Pueblos.<\/p>\n<p>Que ser\u00e1 una ocasi\u00f3n para reflexionar sobre los avances conseguidos, exigir cambios y celebrar los actos de valor y decisi\u00f3n de mujeres comunes que han desempe\u00f1ado una funci\u00f3n extraordinaria en la historia de los derechos de la mujer.<\/p>\n<p>EL HONORABLE CONCEJO DELIBERANTE DE LA MUNICIPALIDAD DE MALARG\u00dcE EN USO DE LAS FACULTADES QUE LE SON PROPIAS<\/p>\n<p>ORDENA<\/p>\n<p>ART\u00cdCULO 1\u00ba: Reconocer cada d\u00eda 8 de Marzo, en el marco del Mes de la Mujer, a una ciudadana del Departamento en representaci\u00f3n de cada Barrio.<\/p>\n<p>ART\u00cdCULO 2\u00ba: Establecer cada a\u00f1o en el D\u00eda Internacional de la Mujer, el reconocimiento aludido en el Art\u00edculo 1\u00ba e incorporar en la Agenda Cultural del Departamento Ejecutivo.<\/p>\n<p>ART\u00cdCULO 3\u00ba: Elevar copia de la presente pieza legal al \u00c1rea de la Mujer a fin de que tome conocimiento.<\/p>\n<p>ARTICULO 4\u00b0: Comun\u00edquese, reg\u00edstrese, c\u00famplase, publ\u00edquese, agr\u00e9guese copia de la presente en las actuaciones correspondientes y arch\u00edvese.<\/p>\n<p>DADA EN LA SALA DE SESIONES DR. RICARDO BALBIN DEL HONORABLE CONCEJO DELIBERANTE DE LA MUNICIPALIDAD DE MALARG\u00dcE A VEINTIDOS D\u00cdAS DE ABRIL\u00a0 DE DOS MIL VEINTIUNO.<\/p>\n<p>&nbsp;<\/p>\n","protected":false},"excerpt":{"rendered":"<p>AUTORA: CONCEJAL LUCIANA VILLEGAS BLOQUE FRENTE CAMBIA MENDOZA VISTO: El contenido del Expediente N\u00b0 4.945 HC 031 \u2013 2.021. Bloque Frente Cambia Mendoza. Proyecto de Resoluci\u00f3n: Reconocer cada 8 de Marzo, en el marco del Mes de la Mujer, a una ciudadana del Departamento en representaci\u00f3n de cada Barrio. Que todos los d\u00edas8 de marzo [&hellip;]<\/p>\n","protected":false},"author":5,"featured_media":24304,"comment_status":"closed","ping_status":"closed","sticky":false,"template":"","format":"standard","meta":{"footnotes":""},"categories":[52,29,48,33],"tags":[],"class_list":["post-24303","post","type-post","status-publish","format-standard","has-post-thumbnail","hentry","category-gacetillas","category-lesgilacion","category-ordenanzas-municipales","category-prensa"],"yoast_head":"<!-- This site is optimized with the Yoast SEO plugin v19.10 - https:\/\/yoast.com\/wordpress\/plugins\/seo\/ -->\n<title>ORDENANZA N\u00b0 2.087\/2.021 - Malarg\u00fce HCD<\/title>\n<meta name=\"robots\" content=\"index, follow, max-snippet:-1, max-image-preview:large, max-video-preview:-1\" \/>\n<link rel=\"canonical\" href=\"https:\/\/hcd.malargue.gov.ar\/?p=24303\" \/>\n<meta property=\"og:locale\" content=\"es_ES\" \/>\n<meta property=\"og:type\" content=\"article\" \/>\n<meta property=\"og:title\" content=\"ORDENANZA N\u00b0 2.087\/2.021 - Malarg\u00fce HCD\" \/>\n<meta property=\"og:description\" content=\"AUTORA: CONCEJAL LUCIANA VILLEGAS BLOQUE FRENTE CAMBIA MENDOZA VISTO: El contenido del Expediente N\u00b0 4.945 HC 031 \u2013 2.021. Bloque Frente Cambia Mendoza. Proyecto de Resoluci\u00f3n: Reconocer cada 8 de Marzo, en el marco del Mes de la Mujer, a una ciudadana del Departamento en representaci\u00f3n de cada Barrio. Que todos los d\u00edas8 de marzo [&hellip;]\" \/>\n<meta property=\"og:url\" content=\"https:\/\/hcd.malargue.gov.ar\/?p=24303\" \/>\n<meta property=\"og:site_name\" content=\"Malarg\u00fce HCD\" \/>\n<meta property=\"article:published_time\" content=\"2021-05-10T15:25:24+00:00\" \/>\n<meta property=\"og:image\" content=\"https:\/\/hcd.malargue.gov.ar\/wp-content\/uploads\/2021\/05\/on-2087-2021.jpg\" \/>\n\t<meta property=\"og:image:width\" content=\"1280\" \/>\n\t<meta property=\"og:image:height\" content=\"720\" \/>\n\t<meta property=\"og:image:type\" content=\"image\/jpeg\" \/>\n<meta name=\"author\" content=\"Belen Pedernera Ferragut\" \/>\n<meta name=\"twitter:card\" content=\"summary_large_image\" \/>\n<meta name=\"twitter:label1\" content=\"Escrito por\" \/>\n\t<meta name=\"twitter:data1\" content=\"Belen Pedernera Ferragut\" \/>\n\t<meta name=\"twitter:label2\" content=\"Tiempo de lectura\" \/>\n\t<meta name=\"twitter:data2\" content=\"3 minutos\" \/>\n<script type=\"application\/ld+json\" class=\"yoast-schema-graph\">{\"@context\":\"https:\/\/schema.org\",\"@graph\":[{\"@type\":\"WebPage\",\"@id\":\"https:\/\/hcd.malargue.gov.ar\/?p=24303\",\"url\":\"https:\/\/hcd.malargue.gov.ar\/?p=24303\",\"name\":\"ORDENANZA N\u00b0 2.087\/2.021 - Malarg\u00fce HCD\",\"isPartOf\":{\"@id\":\"https:\/\/hcd.malargue.gov.ar\/#website\"},\"datePublished\":\"2021-05-10T15:25:24+00:00\",\"dateModified\":\"2021-05-10T15:25:24+00:00\",\"author\":{\"@id\":\"https:\/\/hcd.malargue.gov.ar\/#\/schema\/person\/3fd6bbab64edd703961b795156c955d0\"},\"breadcrumb\":{\"@id\":\"https:\/\/hcd.malargue.gov.ar\/?p=24303#breadcrumb\"},\"inLanguage\":\"es-AR\",\"potentialAction\":[{\"@type\":\"ReadAction\",\"target\":[\"https:\/\/hcd.malargue.gov.ar\/?p=24303\"]}]},{\"@type\":\"BreadcrumbList\",\"@id\":\"https:\/\/hcd.malargue.gov.ar\/?p=24303#breadcrumb\",\"itemListElement\":[{\"@type\":\"ListItem\",\"position\":1,\"name\":\"Inicio\",\"item\":\"https:\/\/hcd.malargue.gov.ar\/\"},{\"@type\":\"ListItem\",\"position\":2,\"name\":\"ORDENANZA N\u00b0 2.087\/2.021\"}]},{\"@type\":\"WebSite\",\"@id\":\"https:\/\/hcd.malargue.gov.ar\/#website\",\"url\":\"https:\/\/hcd.malargue.gov.ar\/\",\"name\":\"Malarg\u00fce HCD\",\"description\":\"Malarg\u00fce Mendoza Argentina\",\"potentialAction\":[{\"@type\":\"SearchAction\",\"target\":{\"@type\":\"EntryPoint\",\"urlTemplate\":\"https:\/\/hcd.malargue.gov.ar\/?s={search_term_string}\"},\"query-input\":\"required name=search_term_string\"}],\"inLanguage\":\"es-AR\"},{\"@type\":\"Person\",\"@id\":\"https:\/\/hcd.malargue.gov.ar\/#\/schema\/person\/3fd6bbab64edd703961b795156c955d0\",\"name\":\"Belen Pedernera Ferragut\",\"image\":{\"@type\":\"ImageObject\",\"inLanguage\":\"es-AR\",\"@id\":\"https:\/\/hcd.malargue.gov.ar\/#\/schema\/person\/image\/\",\"url\":\"https:\/\/secure.gravatar.com\/avatar\/1054ffab3893de4bb3eb29bdd22f7e34b8537bf5d34d9dab311818154ad5b71f?s=96&d=mm&r=g\",\"contentUrl\":\"https:\/\/secure.gravatar.com\/avatar\/1054ffab3893de4bb3eb29bdd22f7e34b8537bf5d34d9dab311818154ad5b71f?s=96&d=mm&r=g\",\"caption\":\"Belen Pedernera Ferragut\"},\"url\":\"https:\/\/hcd.malargue.gov.ar\/?author=5\"}]}<\/script>\n<!-- \/ Yoast SEO plugin. -->","yoast_head_json":{"title":"ORDENANZA N\u00b0 2.087\/2.021 - Malarg\u00fce HCD","robots":{"index":"index","follow":"follow","max-snippet":"max-snippet:-1","max-image-preview":"max-image-preview:large","max-video-preview":"max-video-preview:-1"},"canonical":"https:\/\/hcd.malargue.gov.ar\/?p=24303","og_locale":"es_ES","og_type":"article","og_title":"ORDENANZA N\u00b0 2.087\/2.021 - Malarg\u00fce HCD","og_description":"AUTORA: CONCEJAL LUCIANA VILLEGAS BLOQUE FRENTE CAMBIA MENDOZA VISTO: El contenido del Expediente N\u00b0 4.945 HC 031 \u2013 2.021. Bloque Frente Cambia Mendoza. Proyecto de Resoluci\u00f3n: Reconocer cada 8 de Marzo, en el marco del Mes de la Mujer, a una ciudadana del Departamento en representaci\u00f3n de cada Barrio. Que todos los d\u00edas8 de marzo [&hellip;]","og_url":"https:\/\/hcd.malargue.gov.ar\/?p=24303","og_site_name":"Malarg\u00fce HCD","article_published_time":"2021-05-10T15:25:24+00:00","og_image":[{"width":1280,"height":720,"url":"https:\/\/hcd.malargue.gov.ar\/wp-content\/uploads\/2021\/05\/on-2087-2021.jpg","type":"image\/jpeg"}],"author":"Belen Pedernera Ferragut","twitter_card":"summary_large_image","twitter_misc":{"Escrito por":"Belen Pedernera Ferragut","Tiempo de lectura":"3 minutos"},"schema":{"@context":"https:\/\/schema.org","@graph":[{"@type":"WebPage","@id":"https:\/\/hcd.malargue.gov.ar\/?p=24303","url":"https:\/\/hcd.malargue.gov.ar\/?p=24303","name":"ORDENANZA N\u00b0 2.087\/2.021 - Malarg\u00fce HCD","isPartOf":{"@id":"https:\/\/hcd.malargue.gov.ar\/#website"},"datePublished":"2021-05-10T15:25:24+00:00","dateModified":"2021-05-10T15:25:24+00:00","author":{"@id":"https:\/\/hcd.malargue.gov.ar\/#\/schema\/person\/3fd6bbab64edd703961b795156c955d0"},"breadcrumb":{"@id":"https:\/\/hcd.malargue.gov.ar\/?p=24303#breadcrumb"},"inLanguage":"es-AR","potentialAction":[{"@type":"ReadAction","target":["https:\/\/hcd.malargue.gov.ar\/?p=24303"]}]},{"@type":"BreadcrumbList","@id":"https:\/\/hcd.malargue.gov.ar\/?p=24303#breadcrumb","itemListElement":[{"@type":"ListItem","position":1,"name":"Inicio","item":"https:\/\/hcd.malargue.gov.ar\/"},{"@type":"ListItem","position":2,"name":"ORDENANZA N\u00b0 2.087\/2.021"}]},{"@type":"WebSite","@id":"https:\/\/hcd.malargue.gov.ar\/#website","url":"https:\/\/hcd.malargue.gov.ar\/","name":"Malarg\u00fce HCD","description":"Malarg\u00fce Mendoza Argentina","potentialAction":[{"@type":"SearchAction","target":{"@type":"EntryPoint","urlTemplate":"https:\/\/hcd.malargue.gov.ar\/?s={search_term_string}"},"query-input":"required name=search_term_string"}],"inLanguage":"es-AR"},{"@type":"Person","@id":"https:\/\/hcd.malargue.gov.ar\/#\/schema\/person\/3fd6bbab64edd703961b795156c955d0","name":"Belen Pedernera Ferragut","image":{"@type":"ImageObject","inLanguage":"es-AR","@id":"https:\/\/hcd.malargue.gov.ar\/#\/schema\/person\/image\/","url":"https:\/\/secure.gravatar.com\/avatar\/1054ffab3893de4bb3eb29bdd22f7e34b8537bf5d34d9dab311818154ad5b71f?s=96&d=mm&r=g","contentUrl":"https:\/\/secure.gravatar.com\/avatar\/1054ffab3893de4bb3eb29bdd22f7e34b8537bf5d34d9dab311818154ad5b71f?s=96&d=mm&r=g","caption":"Belen Pedernera Ferragut"},"url":"https:\/\/hcd.malargue.gov.ar\/?author=5"}]}},"_links":{"self":[{"href":"https:\/\/hcd.malargue.gov.ar\/index.php?rest_route=\/wp\/v2\/posts\/24303","targetHints":{"allow":["GET"]}}],"collection":[{"href":"https:\/\/hcd.malargue.gov.ar\/index.php?rest_route=\/wp\/v2\/posts"}],"about":[{"href":"https:\/\/hcd.malargue.gov.ar\/index.php?rest_route=\/wp\/v2\/types\/post"}],"author":[{"embeddable":true,"href":"https:\/\/hcd.malargue.gov.ar\/index.php?rest_route=\/wp\/v2\/users\/5"}],"replies":[{"embeddable":true,"href":"https:\/\/hcd.malargue.gov.ar\/index.php?rest_route=%2Fwp%2Fv2%2Fcomments&post=24303"}],"version-history":[{"count":0,"href":"https:\/\/hcd.malargue.gov.ar\/index.php?rest_route=\/wp\/v2\/posts\/24303\/revisions"}],"wp:featuredmedia":[{"embeddable":true,"href":"https:\/\/hcd.malargue.gov.ar\/index.php?rest_route=\/wp\/v2\/media\/24304"}],"wp:attachment":[{"href":"https:\/\/hcd.malargue.gov.ar\/index.php?rest_route=%2Fwp%2Fv2%2Fmedia&parent=24303"}],"wp:term":[{"taxonomy":"category","embeddable":true,"href":"https:\/\/hcd.malargue.gov.ar\/index.php?rest_route=%2Fwp%2Fv2%2Fcategories&post=24303"},{"taxonomy":"post_tag","embeddable":true,"href":"https:\/\/hcd.malargue.gov.ar\/index.php?rest_route=%2Fwp%2Fv2%2Ftags&post=24303"}],"curies":[{"name":"wp","href":"https:\/\/api.w.org\/{rel}","templated":true}]}}