{"id":24356,"date":"2021-05-21T00:00:39","date_gmt":"2021-05-21T03:00:39","guid":{"rendered":"https:\/\/hcd.malargue.gov.ar\/?p=24356"},"modified":"2021-05-11T11:46:39","modified_gmt":"2021-05-11T14:46:39","slug":"dia-mundial-de-la-diversidad-cultural-para-el-dialogo-y-el-desarrollo","status":"publish","type":"post","link":"https:\/\/hcd.malargue.gov.ar\/?p=24356","title":{"rendered":"D\u00eda Mundial de la Diversidad Cultural para el Di\u00e1logo y el Desarrollo"},"content":{"rendered":"<p>La Asamblea General de las Naciones Unidas declar\u00f3 el 21 de mayo como el D\u00eda Mundial de la Diversidad Cultural para el Di\u00e1logo y el Desarrollo con el objetivo de reducir la polarizaci\u00f3n y los estereotipos, para mejorar el entendimiento y la cooperaci\u00f3n entre las diferentes culturas. A su vez, busca animar al p\u00fablico en general y a las organizaciones de todo el mundo a que tomen medidas concretas de apoyo a la diversidad.<\/p>\n<blockquote><p><strong>El origen del D\u00eda Mundial de la Diversidad Cultural<\/strong><\/p>\n<p>Este tiene su origen en 2001, cuando se aprob\u00f3 la Declaraci\u00f3n Universal sobre esta tem\u00e1tica de parte de la UNESCO y luego, en diciembre de 2002, se oficializ\u00f3 el 21 de mayo como fecha conmemorativa mediante la resoluci\u00f3n 57\/249 de la Asamblea General de las Naciones Unidas.<\/p>\n<p>En 2011, la UNESCO y la Alianza de Civilizaciones de las Naciones Unidas lanzaron la campa\u00f1a \u201cHaz un gesto por la Diversidad y la Inclusi\u00f3n\u201d con el fin de animar a todas las personas del mundo a comprometerse y apoyar la diversidad mediante \u201cgestos reales\u201d en el d\u00eda a d\u00eda.<\/p>\n<p>Por \u00faltimo, en 2015 la Segunda Comisi\u00f3n de la Asamblea General de las Naciones Unidas adopt\u00f3 por unanimidad la resoluci\u00f3n sobre Cultura y Desarrollo Sostenible y as\u00ed afirmar la contribuci\u00f3n de la cultura a las tres dimensiones del desarrollo sostenible: reconocer la diversidad del mundo mucho m\u00e1s all\u00e1 de lo natural y lo cultural, reafirmar que las culturas y civilizaciones pueden contribuir al desarrollo sostenible, y su papel como factores habilitadores cruciales.<\/p><\/blockquote>\n","protected":false},"excerpt":{"rendered":"<p>La Asamblea General de las Naciones Unidas declar\u00f3 el 21 de mayo como el D\u00eda Mundial de la Diversidad Cultural para el Di\u00e1logo y el Desarrollo con el objetivo de reducir la polarizaci\u00f3n y los estereotipos, para mejorar el entendimiento y la cooperaci\u00f3n entre las diferentes culturas. A su vez, busca animar al p\u00fablico en [&hellip;]<\/p>\n","protected":false},"author":5,"featured_media":0,"comment_status":"closed","ping_status":"closed","sticky":false,"template":"","format":"standard","meta":{"footnotes":""},"categories":[69,52,33],"tags":[],"class_list":["post-24356","post","type-post","status-publish","format-standard","hentry","category-efemerides","category-gacetillas","category-prensa"],"yoast_head":"<!-- This site is optimized with the Yoast SEO plugin v19.10 - https:\/\/yoast.com\/wordpress\/plugins\/seo\/ -->\n<title>D\u00eda Mundial de la Diversidad Cultural para el Di\u00e1logo y el Desarrollo - Malarg\u00fce HCD<\/title>\n<meta name=\"robots\" content=\"index, follow, max-snippet:-1, max-image-preview:large, max-video-preview:-1\" \/>\n<link rel=\"canonical\" href=\"https:\/\/hcd.malargue.gov.ar\/?p=24356\" \/>\n<meta property=\"og:locale\" content=\"es_ES\" \/>\n<meta property=\"og:type\" content=\"article\" \/>\n<meta property=\"og:title\" content=\"D\u00eda Mundial de la Diversidad Cultural para el Di\u00e1logo y el Desarrollo - Malarg\u00fce HCD\" \/>\n<meta property=\"og:description\" content=\"La Asamblea General de las Naciones Unidas declar\u00f3 el 21 de mayo como el D\u00eda Mundial de la Diversidad Cultural para el Di\u00e1logo y el Desarrollo con el objetivo de reducir la polarizaci\u00f3n y los estereotipos, para mejorar el entendimiento y la cooperaci\u00f3n entre las diferentes culturas. A su vez, busca animar al p\u00fablico en [&hellip;]\" \/>\n<meta property=\"og:url\" content=\"https:\/\/hcd.malargue.gov.ar\/?p=24356\" \/>\n<meta property=\"og:site_name\" content=\"Malarg\u00fce HCD\" \/>\n<meta property=\"article:published_time\" content=\"2021-05-21T03:00:39+00:00\" \/>\n<meta property=\"article:modified_time\" content=\"2021-05-11T14:46:39+00:00\" \/>\n<meta property=\"og:image\" content=\"https:\/\/hcd.malargue.gov.ar\/wp-content\/uploads\/2021\/05\/diversidad.jpeg\" \/>\n\t<meta property=\"og:image:width\" content=\"960\" \/>\n\t<meta property=\"og:image:height\" content=\"640\" \/>\n\t<meta property=\"og:image:type\" content=\"image\/jpeg\" \/>\n<meta name=\"author\" content=\"Belen Pedernera Ferragut\" \/>\n<meta name=\"twitter:card\" content=\"summary_large_image\" \/>\n<meta name=\"twitter:label1\" content=\"Escrito por\" \/>\n\t<meta name=\"twitter:data1\" content=\"Belen Pedernera Ferragut\" \/>\n\t<meta name=\"twitter:label2\" content=\"Tiempo de lectura\" \/>\n\t<meta name=\"twitter:data2\" content=\"1 minuto\" \/>\n<script type=\"application\/ld+json\" class=\"yoast-schema-graph\">{\"@context\":\"https:\/\/schema.org\",\"@graph\":[{\"@type\":\"WebPage\",\"@id\":\"https:\/\/hcd.malargue.gov.ar\/?p=24356\",\"url\":\"https:\/\/hcd.malargue.gov.ar\/?p=24356\",\"name\":\"D\u00eda Mundial de la Diversidad Cultural para el Di\u00e1logo y el Desarrollo - Malarg\u00fce HCD\",\"isPartOf\":{\"@id\":\"https:\/\/hcd.malargue.gov.ar\/#website\"},\"datePublished\":\"2021-05-21T03:00:39+00:00\",\"dateModified\":\"2021-05-11T14:46:39+00:00\",\"author\":{\"@id\":\"https:\/\/hcd.malargue.gov.ar\/#\/schema\/person\/3fd6bbab64edd703961b795156c955d0\"},\"breadcrumb\":{\"@id\":\"https:\/\/hcd.malargue.gov.ar\/?p=24356#breadcrumb\"},\"inLanguage\":\"es-AR\",\"potentialAction\":[{\"@type\":\"ReadAction\",\"target\":[\"https:\/\/hcd.malargue.gov.ar\/?p=24356\"]}]},{\"@type\":\"BreadcrumbList\",\"@id\":\"https:\/\/hcd.malargue.gov.ar\/?p=24356#breadcrumb\",\"itemListElement\":[{\"@type\":\"ListItem\",\"position\":1,\"name\":\"Inicio\",\"item\":\"https:\/\/hcd.malargue.gov.ar\/\"},{\"@type\":\"ListItem\",\"position\":2,\"name\":\"D\u00eda Mundial de la Diversidad Cultural para el Di\u00e1logo y el Desarrollo\"}]},{\"@type\":\"WebSite\",\"@id\":\"https:\/\/hcd.malargue.gov.ar\/#website\",\"url\":\"https:\/\/hcd.malargue.gov.ar\/\",\"name\":\"Malarg\u00fce HCD\",\"description\":\"Malarg\u00fce Mendoza Argentina\",\"potentialAction\":[{\"@type\":\"SearchAction\",\"target\":{\"@type\":\"EntryPoint\",\"urlTemplate\":\"https:\/\/hcd.malargue.gov.ar\/?s={search_term_string}\"},\"query-input\":\"required name=search_term_string\"}],\"inLanguage\":\"es-AR\"},{\"@type\":\"Person\",\"@id\":\"https:\/\/hcd.malargue.gov.ar\/#\/schema\/person\/3fd6bbab64edd703961b795156c955d0\",\"name\":\"Belen Pedernera Ferragut\",\"image\":{\"@type\":\"ImageObject\",\"inLanguage\":\"es-AR\",\"@id\":\"https:\/\/hcd.malargue.gov.ar\/#\/schema\/person\/image\/\",\"url\":\"https:\/\/secure.gravatar.com\/avatar\/1054ffab3893de4bb3eb29bdd22f7e34b8537bf5d34d9dab311818154ad5b71f?s=96&d=mm&r=g\",\"contentUrl\":\"https:\/\/secure.gravatar.com\/avatar\/1054ffab3893de4bb3eb29bdd22f7e34b8537bf5d34d9dab311818154ad5b71f?s=96&d=mm&r=g\",\"caption\":\"Belen Pedernera Ferragut\"},\"url\":\"https:\/\/hcd.malargue.gov.ar\/?author=5\"}]}<\/script>\n<!-- \/ Yoast SEO plugin. -->","yoast_head_json":{"title":"D\u00eda Mundial de la Diversidad Cultural para el Di\u00e1logo y el Desarrollo - Malarg\u00fce HCD","robots":{"index":"index","follow":"follow","max-snippet":"max-snippet:-1","max-image-preview":"max-image-preview:large","max-video-preview":"max-video-preview:-1"},"canonical":"https:\/\/hcd.malargue.gov.ar\/?p=24356","og_locale":"es_ES","og_type":"article","og_title":"D\u00eda Mundial de la Diversidad Cultural para el Di\u00e1logo y el Desarrollo - Malarg\u00fce HCD","og_description":"La Asamblea General de las Naciones Unidas declar\u00f3 el 21 de mayo como el D\u00eda Mundial de la Diversidad Cultural para el Di\u00e1logo y el Desarrollo con el objetivo de reducir la polarizaci\u00f3n y los estereotipos, para mejorar el entendimiento y la cooperaci\u00f3n entre las diferentes culturas. A su vez, busca animar al p\u00fablico en [&hellip;]","og_url":"https:\/\/hcd.malargue.gov.ar\/?p=24356","og_site_name":"Malarg\u00fce HCD","article_published_time":"2021-05-21T03:00:39+00:00","article_modified_time":"2021-05-11T14:46:39+00:00","og_image":[{"width":960,"height":640,"url":"https:\/\/hcd.malargue.gov.ar\/wp-content\/uploads\/2021\/05\/diversidad.jpeg","type":"image\/jpeg"}],"author":"Belen Pedernera Ferragut","twitter_card":"summary_large_image","twitter_misc":{"Escrito por":"Belen Pedernera Ferragut","Tiempo de lectura":"1 minuto"},"schema":{"@context":"https:\/\/schema.org","@graph":[{"@type":"WebPage","@id":"https:\/\/hcd.malargue.gov.ar\/?p=24356","url":"https:\/\/hcd.malargue.gov.ar\/?p=24356","name":"D\u00eda Mundial de la Diversidad Cultural para el Di\u00e1logo y el Desarrollo - Malarg\u00fce HCD","isPartOf":{"@id":"https:\/\/hcd.malargue.gov.ar\/#website"},"datePublished":"2021-05-21T03:00:39+00:00","dateModified":"2021-05-11T14:46:39+00:00","author":{"@id":"https:\/\/hcd.malargue.gov.ar\/#\/schema\/person\/3fd6bbab64edd703961b795156c955d0"},"breadcrumb":{"@id":"https:\/\/hcd.malargue.gov.ar\/?p=24356#breadcrumb"},"inLanguage":"es-AR","potentialAction":[{"@type":"ReadAction","target":["https:\/\/hcd.malargue.gov.ar\/?p=24356"]}]},{"@type":"BreadcrumbList","@id":"https:\/\/hcd.malargue.gov.ar\/?p=24356#breadcrumb","itemListElement":[{"@type":"ListItem","position":1,"name":"Inicio","item":"https:\/\/hcd.malargue.gov.ar\/"},{"@type":"ListItem","position":2,"name":"D\u00eda Mundial de la Diversidad Cultural para el Di\u00e1logo y el Desarrollo"}]},{"@type":"WebSite","@id":"https:\/\/hcd.malargue.gov.ar\/#website","url":"https:\/\/hcd.malargue.gov.ar\/","name":"Malarg\u00fce HCD","description":"Malarg\u00fce Mendoza Argentina","potentialAction":[{"@type":"SearchAction","target":{"@type":"EntryPoint","urlTemplate":"https:\/\/hcd.malargue.gov.ar\/?s={search_term_string}"},"query-input":"required name=search_term_string"}],"inLanguage":"es-AR"},{"@type":"Person","@id":"https:\/\/hcd.malargue.gov.ar\/#\/schema\/person\/3fd6bbab64edd703961b795156c955d0","name":"Belen Pedernera Ferragut","image":{"@type":"ImageObject","inLanguage":"es-AR","@id":"https:\/\/hcd.malargue.gov.ar\/#\/schema\/person\/image\/","url":"https:\/\/secure.gravatar.com\/avatar\/1054ffab3893de4bb3eb29bdd22f7e34b8537bf5d34d9dab311818154ad5b71f?s=96&d=mm&r=g","contentUrl":"https:\/\/secure.gravatar.com\/avatar\/1054ffab3893de4bb3eb29bdd22f7e34b8537bf5d34d9dab311818154ad5b71f?s=96&d=mm&r=g","caption":"Belen Pedernera Ferragut"},"url":"https:\/\/hcd.malargue.gov.ar\/?author=5"}]}},"_links":{"self":[{"href":"https:\/\/hcd.malargue.gov.ar\/index.php?rest_route=\/wp\/v2\/posts\/24356","targetHints":{"allow":["GET"]}}],"collection":[{"href":"https:\/\/hcd.malargue.gov.ar\/index.php?rest_route=\/wp\/v2\/posts"}],"about":[{"href":"https:\/\/hcd.malargue.gov.ar\/index.php?rest_route=\/wp\/v2\/types\/post"}],"author":[{"embeddable":true,"href":"https:\/\/hcd.malargue.gov.ar\/index.php?rest_route=\/wp\/v2\/users\/5"}],"replies":[{"embeddable":true,"href":"https:\/\/hcd.malargue.gov.ar\/index.php?rest_route=%2Fwp%2Fv2%2Fcomments&post=24356"}],"version-history":[{"count":0,"href":"https:\/\/hcd.malargue.gov.ar\/index.php?rest_route=\/wp\/v2\/posts\/24356\/revisions"}],"wp:attachment":[{"href":"https:\/\/hcd.malargue.gov.ar\/index.php?rest_route=%2Fwp%2Fv2%2Fmedia&parent=24356"}],"wp:term":[{"taxonomy":"category","embeddable":true,"href":"https:\/\/hcd.malargue.gov.ar\/index.php?rest_route=%2Fwp%2Fv2%2Fcategories&post=24356"},{"taxonomy":"post_tag","embeddable":true,"href":"https:\/\/hcd.malargue.gov.ar\/index.php?rest_route=%2Fwp%2Fv2%2Ftags&post=24356"}],"curies":[{"name":"wp","href":"https:\/\/api.w.org\/{rel}","templated":true}]}}