{"id":24365,"date":"2021-05-28T00:00:32","date_gmt":"2021-05-28T03:00:32","guid":{"rendered":"https:\/\/hcd.malargue.gov.ar\/?p=24365"},"modified":"2021-05-11T12:35:30","modified_gmt":"2021-05-11T15:35:30","slug":"dia-de-los-jardines-infantiles-y-las-maestras-jardineras","status":"publish","type":"post","link":"https:\/\/hcd.malargue.gov.ar\/?p=24365","title":{"rendered":"DIA DE LOS JARDINES INFANTILES Y LAS MAESTRAS JARDINERAS"},"content":{"rendered":"<p><em><b>El 28 de mayo,\u00a0 se celebra en Argentina el D\u00eda de la Maestra Jardinera y los Jardines de Infantes,\u00a0 en homenaje a la educadora Rosario Vera Pe\u00f1aloza, quien dedic\u00f3 su vida a la educaci\u00f3n y fund\u00f3 el primer Jard\u00edn Infantil argentino.<\/b><\/em><\/p>\n<p><em><b>FELIZ DIA LES DESEA EL HONORABLE CONCEJO DELIBERANTE!!!<\/b><\/em><\/p>\n<blockquote>\n<p class=\"title\"><strong><em>\u00bfQui\u00e9n era Rosario Vera Pe\u00f1aloza?<\/em><\/strong><\/p>\n<p><em>Vera Pe\u00f1aloza naci\u00f3 el 25 de diciembre de 1873 en un pueblo de La Rioja llamado Atiles. Estudi\u00f3 en San Juan, La Rioja y Paran\u00e1, donde finaliz\u00f3 el profesorado en 1894 y obtuvo el t\u00edtulo Superior de Ense\u00f1anza. Adem\u00e1s estudi\u00f3 trabajo manual, dibujo y pintura, modelado, tejido de telares, corte y confecci\u00f3n, grabado, ejercicios f\u00edsicos y artes decorativas.<img loading=\"lazy\" decoding=\"async\" class=\"size-medium wp-image-24367 alignright\" src=\"https:\/\/hcd.malargue.gov.ar\/wp-content\/uploads\/2021\/05\/ROSARIO-VERA-PENALOZA-300x250.jpg\" alt=\"\" width=\"300\" height=\"250\" \/><\/em><\/p>\n<p><em>En 1898 fund\u00f3 el jard\u00edn de infantes anexo a la Escuela Normal de La Rioja, el primero de una larga serie de jardines fundados en las ciudades de Buenos Aires, C\u00f3rdoba y Paran\u00e1.<\/em><\/p>\n<p><em>Desde ese momento comenz\u00f3 a estudiar planes y desarroll\u00f3 programas de educaci\u00f3n preescolar, y estableci\u00f3 el primer modelo del jard\u00edn que, luego de profundas modificaciones, se extendi\u00f3 hasta nuestros d\u00edas.<\/em><\/p>\n<p><em>Luego de ocupar cargos de vicedirectora y directora, fue nombrada inspectora de las escuelas municipales y recorri\u00f3 Argentina impulsando la ense\u00f1anza, dictando cursos y conferencias y transmitiendo las nuevas t\u00e9cnicas en la creaci\u00f3n de bibliotecas.<\/em><\/p>\n<p><em>Particip\u00f3 tambi\u00e9n del Primer Congreso Patri\u00f3tico de Se\u00f1oras en Am\u00e9rica del Sud, realizado en mayo de 1910 en la ciudad de Buenos Aires.<\/em><\/p>\n<p><em>Sus principales postulados educativos fueron: la actividad creadora, el conocimiento a trav\u00e9s del juego y la exploraci\u00f3n. Tambi\u00e9n valor\u00f3 la expresi\u00f3n oral a trav\u00e9s de la narraci\u00f3n creativa de los ni\u00f1os y la importancia de la literatura infantil.<\/em><\/p>\n<p><em>Falleci\u00f3 el 28 de mayo de 1950, a los 77 a\u00f1os. En su memoria, la fecha de su fallecimiento se declar\u00f3 como &#8220;D\u00eda Nacional de los Jardines de Infantes&#8221; y &#8220;D\u00eda de la Maestra Jardinera&#8221; en Argentina.<\/em><\/p><\/blockquote>\n","protected":false},"excerpt":{"rendered":"<p>El 28 de mayo,\u00a0 se celebra en Argentina el D\u00eda de la Maestra Jardinera y los Jardines de Infantes,\u00a0 en homenaje a la educadora Rosario Vera Pe\u00f1aloza, quien dedic\u00f3 su vida a la educaci\u00f3n y fund\u00f3 el primer Jard\u00edn Infantil argentino. FELIZ DIA LES DESEA EL HONORABLE CONCEJO DELIBERANTE!!! \u00bfQui\u00e9n era Rosario Vera Pe\u00f1aloza? Vera [&hellip;]<\/p>\n","protected":false},"author":5,"featured_media":0,"comment_status":"closed","ping_status":"closed","sticky":false,"template":"","format":"standard","meta":{"footnotes":""},"categories":[69,52,33],"tags":[],"class_list":["post-24365","post","type-post","status-publish","format-standard","hentry","category-efemerides","category-gacetillas","category-prensa"],"yoast_head":"<!-- This site is optimized with the Yoast SEO plugin v19.10 - https:\/\/yoast.com\/wordpress\/plugins\/seo\/ -->\n<title>DIA DE LOS JARDINES INFANTILES Y LAS MAESTRAS JARDINERAS - Malarg\u00fce HCD<\/title>\n<meta name=\"robots\" content=\"index, follow, max-snippet:-1, max-image-preview:large, max-video-preview:-1\" \/>\n<link rel=\"canonical\" href=\"https:\/\/hcd.malargue.gov.ar\/?p=24365\" \/>\n<meta property=\"og:locale\" content=\"es_ES\" \/>\n<meta property=\"og:type\" content=\"article\" \/>\n<meta property=\"og:title\" content=\"DIA DE LOS JARDINES INFANTILES Y LAS MAESTRAS JARDINERAS - Malarg\u00fce HCD\" \/>\n<meta property=\"og:description\" content=\"El 28 de mayo,\u00a0 se celebra en Argentina el D\u00eda de la Maestra Jardinera y los Jardines de Infantes,\u00a0 en homenaje a la educadora Rosario Vera Pe\u00f1aloza, quien dedic\u00f3 su vida a la educaci\u00f3n y fund\u00f3 el primer Jard\u00edn Infantil argentino. FELIZ DIA LES DESEA EL HONORABLE CONCEJO DELIBERANTE!!! \u00bfQui\u00e9n era Rosario Vera Pe\u00f1aloza? Vera [&hellip;]\" \/>\n<meta property=\"og:url\" content=\"https:\/\/hcd.malargue.gov.ar\/?p=24365\" \/>\n<meta property=\"og:site_name\" content=\"Malarg\u00fce HCD\" \/>\n<meta property=\"article:published_time\" content=\"2021-05-28T03:00:32+00:00\" \/>\n<meta property=\"article:modified_time\" content=\"2021-05-11T15:35:30+00:00\" \/>\n<meta property=\"og:image\" content=\"https:\/\/hcd.malargue.gov.ar\/wp-content\/uploads\/2021\/05\/JARDINES.jpg\" \/>\n\t<meta property=\"og:image:width\" content=\"935\" \/>\n\t<meta property=\"og:image:height\" content=\"660\" \/>\n\t<meta property=\"og:image:type\" content=\"image\/jpeg\" \/>\n<meta name=\"author\" content=\"Belen Pedernera Ferragut\" \/>\n<meta name=\"twitter:card\" content=\"summary_large_image\" \/>\n<meta name=\"twitter:label1\" content=\"Escrito por\" \/>\n\t<meta name=\"twitter:data1\" content=\"Belen Pedernera Ferragut\" \/>\n\t<meta name=\"twitter:label2\" content=\"Tiempo de lectura\" \/>\n\t<meta name=\"twitter:data2\" content=\"2 minutos\" \/>\n<script type=\"application\/ld+json\" class=\"yoast-schema-graph\">{\"@context\":\"https:\/\/schema.org\",\"@graph\":[{\"@type\":\"WebPage\",\"@id\":\"https:\/\/hcd.malargue.gov.ar\/?p=24365\",\"url\":\"https:\/\/hcd.malargue.gov.ar\/?p=24365\",\"name\":\"DIA DE LOS JARDINES INFANTILES Y LAS MAESTRAS JARDINERAS - Malarg\u00fce HCD\",\"isPartOf\":{\"@id\":\"https:\/\/hcd.malargue.gov.ar\/#website\"},\"datePublished\":\"2021-05-28T03:00:32+00:00\",\"dateModified\":\"2021-05-11T15:35:30+00:00\",\"author\":{\"@id\":\"https:\/\/hcd.malargue.gov.ar\/#\/schema\/person\/3fd6bbab64edd703961b795156c955d0\"},\"breadcrumb\":{\"@id\":\"https:\/\/hcd.malargue.gov.ar\/?p=24365#breadcrumb\"},\"inLanguage\":\"es-AR\",\"potentialAction\":[{\"@type\":\"ReadAction\",\"target\":[\"https:\/\/hcd.malargue.gov.ar\/?p=24365\"]}]},{\"@type\":\"BreadcrumbList\",\"@id\":\"https:\/\/hcd.malargue.gov.ar\/?p=24365#breadcrumb\",\"itemListElement\":[{\"@type\":\"ListItem\",\"position\":1,\"name\":\"Inicio\",\"item\":\"https:\/\/hcd.malargue.gov.ar\/\"},{\"@type\":\"ListItem\",\"position\":2,\"name\":\"DIA DE LOS JARDINES INFANTILES Y LAS MAESTRAS JARDINERAS\"}]},{\"@type\":\"WebSite\",\"@id\":\"https:\/\/hcd.malargue.gov.ar\/#website\",\"url\":\"https:\/\/hcd.malargue.gov.ar\/\",\"name\":\"Malarg\u00fce HCD\",\"description\":\"Malarg\u00fce Mendoza Argentina\",\"potentialAction\":[{\"@type\":\"SearchAction\",\"target\":{\"@type\":\"EntryPoint\",\"urlTemplate\":\"https:\/\/hcd.malargue.gov.ar\/?s={search_term_string}\"},\"query-input\":\"required name=search_term_string\"}],\"inLanguage\":\"es-AR\"},{\"@type\":\"Person\",\"@id\":\"https:\/\/hcd.malargue.gov.ar\/#\/schema\/person\/3fd6bbab64edd703961b795156c955d0\",\"name\":\"Belen Pedernera Ferragut\",\"image\":{\"@type\":\"ImageObject\",\"inLanguage\":\"es-AR\",\"@id\":\"https:\/\/hcd.malargue.gov.ar\/#\/schema\/person\/image\/\",\"url\":\"https:\/\/secure.gravatar.com\/avatar\/1054ffab3893de4bb3eb29bdd22f7e34b8537bf5d34d9dab311818154ad5b71f?s=96&d=mm&r=g\",\"contentUrl\":\"https:\/\/secure.gravatar.com\/avatar\/1054ffab3893de4bb3eb29bdd22f7e34b8537bf5d34d9dab311818154ad5b71f?s=96&d=mm&r=g\",\"caption\":\"Belen Pedernera Ferragut\"},\"url\":\"https:\/\/hcd.malargue.gov.ar\/?author=5\"}]}<\/script>\n<!-- \/ Yoast SEO plugin. -->","yoast_head_json":{"title":"DIA DE LOS JARDINES INFANTILES Y LAS MAESTRAS JARDINERAS - Malarg\u00fce HCD","robots":{"index":"index","follow":"follow","max-snippet":"max-snippet:-1","max-image-preview":"max-image-preview:large","max-video-preview":"max-video-preview:-1"},"canonical":"https:\/\/hcd.malargue.gov.ar\/?p=24365","og_locale":"es_ES","og_type":"article","og_title":"DIA DE LOS JARDINES INFANTILES Y LAS MAESTRAS JARDINERAS - Malarg\u00fce HCD","og_description":"El 28 de mayo,\u00a0 se celebra en Argentina el D\u00eda de la Maestra Jardinera y los Jardines de Infantes,\u00a0 en homenaje a la educadora Rosario Vera Pe\u00f1aloza, quien dedic\u00f3 su vida a la educaci\u00f3n y fund\u00f3 el primer Jard\u00edn Infantil argentino. FELIZ DIA LES DESEA EL HONORABLE CONCEJO DELIBERANTE!!! \u00bfQui\u00e9n era Rosario Vera Pe\u00f1aloza? Vera [&hellip;]","og_url":"https:\/\/hcd.malargue.gov.ar\/?p=24365","og_site_name":"Malarg\u00fce HCD","article_published_time":"2021-05-28T03:00:32+00:00","article_modified_time":"2021-05-11T15:35:30+00:00","og_image":[{"width":935,"height":660,"url":"https:\/\/hcd.malargue.gov.ar\/wp-content\/uploads\/2021\/05\/JARDINES.jpg","type":"image\/jpeg"}],"author":"Belen Pedernera Ferragut","twitter_card":"summary_large_image","twitter_misc":{"Escrito por":"Belen Pedernera Ferragut","Tiempo de lectura":"2 minutos"},"schema":{"@context":"https:\/\/schema.org","@graph":[{"@type":"WebPage","@id":"https:\/\/hcd.malargue.gov.ar\/?p=24365","url":"https:\/\/hcd.malargue.gov.ar\/?p=24365","name":"DIA DE LOS JARDINES INFANTILES Y LAS MAESTRAS JARDINERAS - Malarg\u00fce HCD","isPartOf":{"@id":"https:\/\/hcd.malargue.gov.ar\/#website"},"datePublished":"2021-05-28T03:00:32+00:00","dateModified":"2021-05-11T15:35:30+00:00","author":{"@id":"https:\/\/hcd.malargue.gov.ar\/#\/schema\/person\/3fd6bbab64edd703961b795156c955d0"},"breadcrumb":{"@id":"https:\/\/hcd.malargue.gov.ar\/?p=24365#breadcrumb"},"inLanguage":"es-AR","potentialAction":[{"@type":"ReadAction","target":["https:\/\/hcd.malargue.gov.ar\/?p=24365"]}]},{"@type":"BreadcrumbList","@id":"https:\/\/hcd.malargue.gov.ar\/?p=24365#breadcrumb","itemListElement":[{"@type":"ListItem","position":1,"name":"Inicio","item":"https:\/\/hcd.malargue.gov.ar\/"},{"@type":"ListItem","position":2,"name":"DIA DE LOS JARDINES INFANTILES Y LAS MAESTRAS JARDINERAS"}]},{"@type":"WebSite","@id":"https:\/\/hcd.malargue.gov.ar\/#website","url":"https:\/\/hcd.malargue.gov.ar\/","name":"Malarg\u00fce HCD","description":"Malarg\u00fce Mendoza Argentina","potentialAction":[{"@type":"SearchAction","target":{"@type":"EntryPoint","urlTemplate":"https:\/\/hcd.malargue.gov.ar\/?s={search_term_string}"},"query-input":"required name=search_term_string"}],"inLanguage":"es-AR"},{"@type":"Person","@id":"https:\/\/hcd.malargue.gov.ar\/#\/schema\/person\/3fd6bbab64edd703961b795156c955d0","name":"Belen Pedernera Ferragut","image":{"@type":"ImageObject","inLanguage":"es-AR","@id":"https:\/\/hcd.malargue.gov.ar\/#\/schema\/person\/image\/","url":"https:\/\/secure.gravatar.com\/avatar\/1054ffab3893de4bb3eb29bdd22f7e34b8537bf5d34d9dab311818154ad5b71f?s=96&d=mm&r=g","contentUrl":"https:\/\/secure.gravatar.com\/avatar\/1054ffab3893de4bb3eb29bdd22f7e34b8537bf5d34d9dab311818154ad5b71f?s=96&d=mm&r=g","caption":"Belen Pedernera Ferragut"},"url":"https:\/\/hcd.malargue.gov.ar\/?author=5"}]}},"_links":{"self":[{"href":"https:\/\/hcd.malargue.gov.ar\/index.php?rest_route=\/wp\/v2\/posts\/24365","targetHints":{"allow":["GET"]}}],"collection":[{"href":"https:\/\/hcd.malargue.gov.ar\/index.php?rest_route=\/wp\/v2\/posts"}],"about":[{"href":"https:\/\/hcd.malargue.gov.ar\/index.php?rest_route=\/wp\/v2\/types\/post"}],"author":[{"embeddable":true,"href":"https:\/\/hcd.malargue.gov.ar\/index.php?rest_route=\/wp\/v2\/users\/5"}],"replies":[{"embeddable":true,"href":"https:\/\/hcd.malargue.gov.ar\/index.php?rest_route=%2Fwp%2Fv2%2Fcomments&post=24365"}],"version-history":[{"count":0,"href":"https:\/\/hcd.malargue.gov.ar\/index.php?rest_route=\/wp\/v2\/posts\/24365\/revisions"}],"wp:attachment":[{"href":"https:\/\/hcd.malargue.gov.ar\/index.php?rest_route=%2Fwp%2Fv2%2Fmedia&parent=24365"}],"wp:term":[{"taxonomy":"category","embeddable":true,"href":"https:\/\/hcd.malargue.gov.ar\/index.php?rest_route=%2Fwp%2Fv2%2Fcategories&post=24365"},{"taxonomy":"post_tag","embeddable":true,"href":"https:\/\/hcd.malargue.gov.ar\/index.php?rest_route=%2Fwp%2Fv2%2Ftags&post=24365"}],"curies":[{"name":"wp","href":"https:\/\/api.w.org\/{rel}","templated":true}]}}