{"id":24529,"date":"2021-06-03T00:00:12","date_gmt":"2021-06-03T03:00:12","guid":{"rendered":"https:\/\/hcd.malargue.gov.ar\/?p=24529"},"modified":"2021-05-18T10:09:44","modified_gmt":"2021-05-18T13:09:44","slug":"dia-del-soldado-argentino","status":"publish","type":"post","link":"https:\/\/hcd.malargue.gov.ar\/?p=24529","title":{"rendered":"DIA DEL SOLDADO ARGENTINO"},"content":{"rendered":"<p>Cada 3 de junio se celebra el <strong>D\u00eda del Soldado Argentino<\/strong>. La conmemoraci\u00f3n fue sancionada mediante la ley N\u00b0 24.323, el 11 de mayo de 1994, en honor al nacimiento del <strong>General Manuel Belgrano<\/strong>, en el a\u00f1o 1770.<\/p>\n<p>El art\u00edculo 3 de dicha ley indica: &#8220;A los fines de esta ley, se considera soldado &#8220;sobresaliente&#8221; al ciudadano que, durante la prestaci\u00f3n del servicio militar obligatorio, se hubiera destacado por su moral, \u00e9tica, esp\u00edritu de sacrificio, contracci\u00f3n al trabajo, camarader\u00eda y compromiso con los ideales republicanos, valores todos que identifican al General Manuel Belgrano&#8221;.<\/p>\n<p>Un d\u00eda como hoy en 1770 naci\u00f3 el creador de la Bandera Nacional y vencedor en las batallas de Tucum\u00e1n y Salta. El abogado, economista, periodista y militar Manuel Joaqu\u00edn del Coraz\u00f3n de Jes\u00fas Belgrano fue uno de los principales patriotas que impulsaron la Revoluci\u00f3n de Mayo, es por ello que esta efem\u00e9ride pretende homenajearle en el D\u00eda del Soldado Argentino.<\/p>\n","protected":false},"excerpt":{"rendered":"<p>Cada 3 de junio se celebra el D\u00eda del Soldado Argentino. La conmemoraci\u00f3n fue sancionada mediante la ley N\u00b0 24.323, el 11 de mayo de 1994, en honor al nacimiento del General Manuel Belgrano, en el a\u00f1o 1770. El art\u00edculo 3 de dicha ley indica: &#8220;A los fines de esta ley, se considera soldado &#8220;sobresaliente&#8221; [&hellip;]<\/p>\n","protected":false},"author":5,"featured_media":0,"comment_status":"closed","ping_status":"closed","sticky":false,"template":"","format":"standard","meta":{"footnotes":""},"categories":[69,52,33],"tags":[],"class_list":["post-24529","post","type-post","status-publish","format-standard","hentry","category-efemerides","category-gacetillas","category-prensa"],"yoast_head":"<!-- This site is optimized with the Yoast SEO plugin v19.10 - https:\/\/yoast.com\/wordpress\/plugins\/seo\/ -->\n<title>DIA DEL SOLDADO ARGENTINO - Malarg\u00fce HCD<\/title>\n<meta name=\"robots\" content=\"index, follow, max-snippet:-1, max-image-preview:large, max-video-preview:-1\" \/>\n<link rel=\"canonical\" href=\"https:\/\/hcd.malargue.gov.ar\/?p=24529\" \/>\n<meta property=\"og:locale\" content=\"es_ES\" \/>\n<meta property=\"og:type\" content=\"article\" \/>\n<meta property=\"og:title\" content=\"DIA DEL SOLDADO ARGENTINO - Malarg\u00fce HCD\" \/>\n<meta property=\"og:description\" content=\"Cada 3 de junio se celebra el D\u00eda del Soldado Argentino. La conmemoraci\u00f3n fue sancionada mediante la ley N\u00b0 24.323, el 11 de mayo de 1994, en honor al nacimiento del General Manuel Belgrano, en el a\u00f1o 1770. El art\u00edculo 3 de dicha ley indica: &#8220;A los fines de esta ley, se considera soldado &#8220;sobresaliente&#8221; [&hellip;]\" \/>\n<meta property=\"og:url\" content=\"https:\/\/hcd.malargue.gov.ar\/?p=24529\" \/>\n<meta property=\"og:site_name\" content=\"Malarg\u00fce HCD\" \/>\n<meta property=\"article:published_time\" content=\"2021-06-03T03:00:12+00:00\" \/>\n<meta property=\"article:modified_time\" content=\"2021-05-18T13:09:44+00:00\" \/>\n<meta property=\"og:image\" content=\"https:\/\/hcd.malargue.gov.ar\/wp-content\/uploads\/2021\/05\/SOLDADO-ARG.jpg\" \/>\n\t<meta property=\"og:image:width\" content=\"960\" \/>\n\t<meta property=\"og:image:height\" content=\"582\" \/>\n\t<meta property=\"og:image:type\" content=\"image\/jpeg\" \/>\n<meta name=\"author\" content=\"Belen Pedernera Ferragut\" \/>\n<meta name=\"twitter:card\" content=\"summary_large_image\" \/>\n<meta name=\"twitter:label1\" content=\"Escrito por\" \/>\n\t<meta name=\"twitter:data1\" content=\"Belen Pedernera Ferragut\" \/>\n\t<meta name=\"twitter:label2\" content=\"Tiempo de lectura\" \/>\n\t<meta name=\"twitter:data2\" content=\"1 minuto\" \/>\n<script type=\"application\/ld+json\" class=\"yoast-schema-graph\">{\"@context\":\"https:\/\/schema.org\",\"@graph\":[{\"@type\":\"WebPage\",\"@id\":\"https:\/\/hcd.malargue.gov.ar\/?p=24529\",\"url\":\"https:\/\/hcd.malargue.gov.ar\/?p=24529\",\"name\":\"DIA DEL SOLDADO ARGENTINO - Malarg\u00fce HCD\",\"isPartOf\":{\"@id\":\"https:\/\/hcd.malargue.gov.ar\/#website\"},\"datePublished\":\"2021-06-03T03:00:12+00:00\",\"dateModified\":\"2021-05-18T13:09:44+00:00\",\"author\":{\"@id\":\"https:\/\/hcd.malargue.gov.ar\/#\/schema\/person\/3fd6bbab64edd703961b795156c955d0\"},\"breadcrumb\":{\"@id\":\"https:\/\/hcd.malargue.gov.ar\/?p=24529#breadcrumb\"},\"inLanguage\":\"es-AR\",\"potentialAction\":[{\"@type\":\"ReadAction\",\"target\":[\"https:\/\/hcd.malargue.gov.ar\/?p=24529\"]}]},{\"@type\":\"BreadcrumbList\",\"@id\":\"https:\/\/hcd.malargue.gov.ar\/?p=24529#breadcrumb\",\"itemListElement\":[{\"@type\":\"ListItem\",\"position\":1,\"name\":\"Inicio\",\"item\":\"https:\/\/hcd.malargue.gov.ar\/\"},{\"@type\":\"ListItem\",\"position\":2,\"name\":\"DIA DEL SOLDADO ARGENTINO\"}]},{\"@type\":\"WebSite\",\"@id\":\"https:\/\/hcd.malargue.gov.ar\/#website\",\"url\":\"https:\/\/hcd.malargue.gov.ar\/\",\"name\":\"Malarg\u00fce HCD\",\"description\":\"Malarg\u00fce Mendoza Argentina\",\"potentialAction\":[{\"@type\":\"SearchAction\",\"target\":{\"@type\":\"EntryPoint\",\"urlTemplate\":\"https:\/\/hcd.malargue.gov.ar\/?s={search_term_string}\"},\"query-input\":\"required name=search_term_string\"}],\"inLanguage\":\"es-AR\"},{\"@type\":\"Person\",\"@id\":\"https:\/\/hcd.malargue.gov.ar\/#\/schema\/person\/3fd6bbab64edd703961b795156c955d0\",\"name\":\"Belen Pedernera Ferragut\",\"image\":{\"@type\":\"ImageObject\",\"inLanguage\":\"es-AR\",\"@id\":\"https:\/\/hcd.malargue.gov.ar\/#\/schema\/person\/image\/\",\"url\":\"https:\/\/secure.gravatar.com\/avatar\/1054ffab3893de4bb3eb29bdd22f7e34b8537bf5d34d9dab311818154ad5b71f?s=96&d=mm&r=g\",\"contentUrl\":\"https:\/\/secure.gravatar.com\/avatar\/1054ffab3893de4bb3eb29bdd22f7e34b8537bf5d34d9dab311818154ad5b71f?s=96&d=mm&r=g\",\"caption\":\"Belen Pedernera Ferragut\"},\"url\":\"https:\/\/hcd.malargue.gov.ar\/?author=5\"}]}<\/script>\n<!-- \/ Yoast SEO plugin. -->","yoast_head_json":{"title":"DIA DEL SOLDADO ARGENTINO - Malarg\u00fce HCD","robots":{"index":"index","follow":"follow","max-snippet":"max-snippet:-1","max-image-preview":"max-image-preview:large","max-video-preview":"max-video-preview:-1"},"canonical":"https:\/\/hcd.malargue.gov.ar\/?p=24529","og_locale":"es_ES","og_type":"article","og_title":"DIA DEL SOLDADO ARGENTINO - Malarg\u00fce HCD","og_description":"Cada 3 de junio se celebra el D\u00eda del Soldado Argentino. La conmemoraci\u00f3n fue sancionada mediante la ley N\u00b0 24.323, el 11 de mayo de 1994, en honor al nacimiento del General Manuel Belgrano, en el a\u00f1o 1770. El art\u00edculo 3 de dicha ley indica: &#8220;A los fines de esta ley, se considera soldado &#8220;sobresaliente&#8221; [&hellip;]","og_url":"https:\/\/hcd.malargue.gov.ar\/?p=24529","og_site_name":"Malarg\u00fce HCD","article_published_time":"2021-06-03T03:00:12+00:00","article_modified_time":"2021-05-18T13:09:44+00:00","og_image":[{"width":960,"height":582,"url":"https:\/\/hcd.malargue.gov.ar\/wp-content\/uploads\/2021\/05\/SOLDADO-ARG.jpg","type":"image\/jpeg"}],"author":"Belen Pedernera Ferragut","twitter_card":"summary_large_image","twitter_misc":{"Escrito por":"Belen Pedernera Ferragut","Tiempo de lectura":"1 minuto"},"schema":{"@context":"https:\/\/schema.org","@graph":[{"@type":"WebPage","@id":"https:\/\/hcd.malargue.gov.ar\/?p=24529","url":"https:\/\/hcd.malargue.gov.ar\/?p=24529","name":"DIA DEL SOLDADO ARGENTINO - Malarg\u00fce HCD","isPartOf":{"@id":"https:\/\/hcd.malargue.gov.ar\/#website"},"datePublished":"2021-06-03T03:00:12+00:00","dateModified":"2021-05-18T13:09:44+00:00","author":{"@id":"https:\/\/hcd.malargue.gov.ar\/#\/schema\/person\/3fd6bbab64edd703961b795156c955d0"},"breadcrumb":{"@id":"https:\/\/hcd.malargue.gov.ar\/?p=24529#breadcrumb"},"inLanguage":"es-AR","potentialAction":[{"@type":"ReadAction","target":["https:\/\/hcd.malargue.gov.ar\/?p=24529"]}]},{"@type":"BreadcrumbList","@id":"https:\/\/hcd.malargue.gov.ar\/?p=24529#breadcrumb","itemListElement":[{"@type":"ListItem","position":1,"name":"Inicio","item":"https:\/\/hcd.malargue.gov.ar\/"},{"@type":"ListItem","position":2,"name":"DIA DEL SOLDADO ARGENTINO"}]},{"@type":"WebSite","@id":"https:\/\/hcd.malargue.gov.ar\/#website","url":"https:\/\/hcd.malargue.gov.ar\/","name":"Malarg\u00fce HCD","description":"Malarg\u00fce Mendoza Argentina","potentialAction":[{"@type":"SearchAction","target":{"@type":"EntryPoint","urlTemplate":"https:\/\/hcd.malargue.gov.ar\/?s={search_term_string}"},"query-input":"required name=search_term_string"}],"inLanguage":"es-AR"},{"@type":"Person","@id":"https:\/\/hcd.malargue.gov.ar\/#\/schema\/person\/3fd6bbab64edd703961b795156c955d0","name":"Belen Pedernera Ferragut","image":{"@type":"ImageObject","inLanguage":"es-AR","@id":"https:\/\/hcd.malargue.gov.ar\/#\/schema\/person\/image\/","url":"https:\/\/secure.gravatar.com\/avatar\/1054ffab3893de4bb3eb29bdd22f7e34b8537bf5d34d9dab311818154ad5b71f?s=96&d=mm&r=g","contentUrl":"https:\/\/secure.gravatar.com\/avatar\/1054ffab3893de4bb3eb29bdd22f7e34b8537bf5d34d9dab311818154ad5b71f?s=96&d=mm&r=g","caption":"Belen Pedernera Ferragut"},"url":"https:\/\/hcd.malargue.gov.ar\/?author=5"}]}},"_links":{"self":[{"href":"https:\/\/hcd.malargue.gov.ar\/index.php?rest_route=\/wp\/v2\/posts\/24529","targetHints":{"allow":["GET"]}}],"collection":[{"href":"https:\/\/hcd.malargue.gov.ar\/index.php?rest_route=\/wp\/v2\/posts"}],"about":[{"href":"https:\/\/hcd.malargue.gov.ar\/index.php?rest_route=\/wp\/v2\/types\/post"}],"author":[{"embeddable":true,"href":"https:\/\/hcd.malargue.gov.ar\/index.php?rest_route=\/wp\/v2\/users\/5"}],"replies":[{"embeddable":true,"href":"https:\/\/hcd.malargue.gov.ar\/index.php?rest_route=%2Fwp%2Fv2%2Fcomments&post=24529"}],"version-history":[{"count":0,"href":"https:\/\/hcd.malargue.gov.ar\/index.php?rest_route=\/wp\/v2\/posts\/24529\/revisions"}],"wp:attachment":[{"href":"https:\/\/hcd.malargue.gov.ar\/index.php?rest_route=%2Fwp%2Fv2%2Fmedia&parent=24529"}],"wp:term":[{"taxonomy":"category","embeddable":true,"href":"https:\/\/hcd.malargue.gov.ar\/index.php?rest_route=%2Fwp%2Fv2%2Fcategories&post=24529"},{"taxonomy":"post_tag","embeddable":true,"href":"https:\/\/hcd.malargue.gov.ar\/index.php?rest_route=%2Fwp%2Fv2%2Ftags&post=24529"}],"curies":[{"name":"wp","href":"https:\/\/api.w.org\/{rel}","templated":true}]}}