{"id":24645,"date":"2021-06-17T00:00:27","date_gmt":"2021-06-17T03:00:27","guid":{"rendered":"https:\/\/hcd.malargue.gov.ar\/?p=24645"},"modified":"2021-06-14T12:32:37","modified_gmt":"2021-06-14T15:32:37","slug":"paso-a-la-inmortalidad-del-general-martin-miguel-de-guemes","status":"publish","type":"post","link":"https:\/\/hcd.malargue.gov.ar\/?p=24645","title":{"rendered":"Paso a la Inmortalidad del General Mart\u00edn Miguel de G\u00fcemes"},"content":{"rendered":"<p>Mart\u00edn Miguel Juan de Mata G\u00fcemes Montero de Goyechea y la Corte (Salta, Virreinato del R\u00edo de la Plata, 8 de febrero de 1785 \u2013 Ca\u00f1ada de la Horqueta, Salta, 17 de junio de 1821), conocido como Mart\u00edn Miguel de G\u00fcemes, fue un militar y pol\u00edtico argentino que cumpli\u00f3 una destacada actuaci\u00f3n en la Guerra de Independencia de la Argentina. Durante seis a\u00f1os fue gobernador de Salta. Con muy escasos recursos libr\u00f3 una constante guerra de guerrilla, conocida como Guerra Gaucha, deteniendo seis invasiones del ej\u00e9rcito espa\u00f1ol , conservando as\u00ed el resto del actual territorio argentino libre de invasores realistas.<\/p>\n<p>El Congreso de la Naci\u00f3n Argentina, conjuntamente con distintas instituciones nacionales y provinciales se abocaron a la tarea de reconocer la trayectoria del pr\u00f3cer mediante numerosas propuestas legislativas y acciones concretas de difusi\u00f3n y reconocimiento en el \u00e1mbito de sus competencias, entre ellas la Ley 25.172, que en 1999, declar\u00f3 \u201cD\u00eda Nacional de la Libertad Latinoamericana\u201d el d\u00eda 17 de junio de cada a\u00f1o, en conmemoraci\u00f3n del Paso a la Inmortalidad del General Mart\u00edn Miguel de G\u00fcemes; la Ley 26.125 de 2006, que declara al General G\u00fcemes \u201cH\u00e9roe Nacional\u201d; la nominaci\u00f3n de \u201cGral. G\u00fcemes\u201d a la Sala 1 de Comisiones ubicada en el segundo piso del Edificio Anexo \u201cJuan Carlos Pugliese\u201d de la C\u00e1mara de Diputados de la Naci\u00f3n; y la Ley 27.258 por la que se incorpor\u00f3 al calendario de feriados nacionales de Argentina el d\u00eda 17 de junio de cada a\u00f1o en conmemoraci\u00f3n de la Muerte del H\u00e9roe Nacional.<\/p>\n<p>Sus restos descansan junto a los de su esposa en el Pante\u00f3n de las Glorias del Norte de la Rep\u00fablica, ubicado en la Catedral Bas\u00edlica de Salta. El general Mart\u00edn Miguel de G\u00fcemes es el \u00fanico general argentino que muri\u00f3 en combate durante la Guerra de la Independencia Argentina.<\/p>\n","protected":false},"excerpt":{"rendered":"<p>Mart\u00edn Miguel Juan de Mata G\u00fcemes Montero de Goyechea y la Corte (Salta, Virreinato del R\u00edo de la Plata, 8 de febrero de 1785 \u2013 Ca\u00f1ada de la Horqueta, Salta, 17 de junio de 1821), conocido como Mart\u00edn Miguel de G\u00fcemes, fue un militar y pol\u00edtico argentino que cumpli\u00f3 una destacada actuaci\u00f3n en la Guerra [&hellip;]<\/p>\n","protected":false},"author":5,"featured_media":20481,"comment_status":"closed","ping_status":"closed","sticky":false,"template":"","format":"standard","meta":{"footnotes":""},"categories":[69,52,33],"tags":[],"class_list":["post-24645","post","type-post","status-publish","format-standard","has-post-thumbnail","hentry","category-efemerides","category-gacetillas","category-prensa"],"yoast_head":"<!-- This site is optimized with the Yoast SEO plugin v19.10 - https:\/\/yoast.com\/wordpress\/plugins\/seo\/ -->\n<title>Paso a la Inmortalidad del General Mart\u00edn Miguel de G\u00fcemes - Malarg\u00fce HCD<\/title>\n<meta name=\"robots\" content=\"index, follow, max-snippet:-1, max-image-preview:large, max-video-preview:-1\" \/>\n<link rel=\"canonical\" href=\"https:\/\/hcd.malargue.gov.ar\/?p=24645\" \/>\n<meta property=\"og:locale\" content=\"es_ES\" \/>\n<meta property=\"og:type\" content=\"article\" \/>\n<meta property=\"og:title\" content=\"Paso a la Inmortalidad del General Mart\u00edn Miguel de G\u00fcemes - Malarg\u00fce HCD\" \/>\n<meta property=\"og:description\" content=\"Mart\u00edn Miguel Juan de Mata G\u00fcemes Montero de Goyechea y la Corte (Salta, Virreinato del R\u00edo de la Plata, 8 de febrero de 1785 \u2013 Ca\u00f1ada de la Horqueta, Salta, 17 de junio de 1821), conocido como Mart\u00edn Miguel de G\u00fcemes, fue un militar y pol\u00edtico argentino que cumpli\u00f3 una destacada actuaci\u00f3n en la Guerra [&hellip;]\" \/>\n<meta property=\"og:url\" content=\"https:\/\/hcd.malargue.gov.ar\/?p=24645\" \/>\n<meta property=\"og:site_name\" content=\"Malarg\u00fce HCD\" \/>\n<meta property=\"article:published_time\" content=\"2021-06-17T03:00:27+00:00\" \/>\n<meta property=\"article:modified_time\" content=\"2021-06-14T15:32:37+00:00\" \/>\n<meta property=\"og:image\" content=\"https:\/\/hcd.malargue.gov.ar\/wp-content\/uploads\/2020\/06\/GUEMES.jpg\" \/>\n\t<meta property=\"og:image:width\" content=\"856\" \/>\n\t<meta property=\"og:image:height\" content=\"572\" \/>\n\t<meta property=\"og:image:type\" content=\"image\/jpeg\" \/>\n<meta name=\"author\" content=\"Belen Pedernera Ferragut\" \/>\n<meta name=\"twitter:card\" content=\"summary_large_image\" \/>\n<meta name=\"twitter:label1\" content=\"Escrito por\" \/>\n\t<meta name=\"twitter:data1\" content=\"Belen Pedernera Ferragut\" \/>\n\t<meta name=\"twitter:label2\" content=\"Tiempo de lectura\" \/>\n\t<meta name=\"twitter:data2\" content=\"2 minutos\" \/>\n<script type=\"application\/ld+json\" class=\"yoast-schema-graph\">{\"@context\":\"https:\/\/schema.org\",\"@graph\":[{\"@type\":\"WebPage\",\"@id\":\"https:\/\/hcd.malargue.gov.ar\/?p=24645\",\"url\":\"https:\/\/hcd.malargue.gov.ar\/?p=24645\",\"name\":\"Paso a la Inmortalidad del General Mart\u00edn Miguel de G\u00fcemes - Malarg\u00fce HCD\",\"isPartOf\":{\"@id\":\"https:\/\/hcd.malargue.gov.ar\/#website\"},\"datePublished\":\"2021-06-17T03:00:27+00:00\",\"dateModified\":\"2021-06-14T15:32:37+00:00\",\"author\":{\"@id\":\"https:\/\/hcd.malargue.gov.ar\/#\/schema\/person\/3fd6bbab64edd703961b795156c955d0\"},\"breadcrumb\":{\"@id\":\"https:\/\/hcd.malargue.gov.ar\/?p=24645#breadcrumb\"},\"inLanguage\":\"es-AR\",\"potentialAction\":[{\"@type\":\"ReadAction\",\"target\":[\"https:\/\/hcd.malargue.gov.ar\/?p=24645\"]}]},{\"@type\":\"BreadcrumbList\",\"@id\":\"https:\/\/hcd.malargue.gov.ar\/?p=24645#breadcrumb\",\"itemListElement\":[{\"@type\":\"ListItem\",\"position\":1,\"name\":\"Inicio\",\"item\":\"https:\/\/hcd.malargue.gov.ar\/\"},{\"@type\":\"ListItem\",\"position\":2,\"name\":\"Paso a la Inmortalidad del General Mart\u00edn Miguel de G\u00fcemes\"}]},{\"@type\":\"WebSite\",\"@id\":\"https:\/\/hcd.malargue.gov.ar\/#website\",\"url\":\"https:\/\/hcd.malargue.gov.ar\/\",\"name\":\"Malarg\u00fce HCD\",\"description\":\"Malarg\u00fce Mendoza Argentina\",\"potentialAction\":[{\"@type\":\"SearchAction\",\"target\":{\"@type\":\"EntryPoint\",\"urlTemplate\":\"https:\/\/hcd.malargue.gov.ar\/?s={search_term_string}\"},\"query-input\":\"required name=search_term_string\"}],\"inLanguage\":\"es-AR\"},{\"@type\":\"Person\",\"@id\":\"https:\/\/hcd.malargue.gov.ar\/#\/schema\/person\/3fd6bbab64edd703961b795156c955d0\",\"name\":\"Belen Pedernera Ferragut\",\"image\":{\"@type\":\"ImageObject\",\"inLanguage\":\"es-AR\",\"@id\":\"https:\/\/hcd.malargue.gov.ar\/#\/schema\/person\/image\/\",\"url\":\"https:\/\/secure.gravatar.com\/avatar\/1054ffab3893de4bb3eb29bdd22f7e34b8537bf5d34d9dab311818154ad5b71f?s=96&d=mm&r=g\",\"contentUrl\":\"https:\/\/secure.gravatar.com\/avatar\/1054ffab3893de4bb3eb29bdd22f7e34b8537bf5d34d9dab311818154ad5b71f?s=96&d=mm&r=g\",\"caption\":\"Belen Pedernera Ferragut\"},\"url\":\"https:\/\/hcd.malargue.gov.ar\/?author=5\"}]}<\/script>\n<!-- \/ Yoast SEO plugin. -->","yoast_head_json":{"title":"Paso a la Inmortalidad del General Mart\u00edn Miguel de G\u00fcemes - Malarg\u00fce HCD","robots":{"index":"index","follow":"follow","max-snippet":"max-snippet:-1","max-image-preview":"max-image-preview:large","max-video-preview":"max-video-preview:-1"},"canonical":"https:\/\/hcd.malargue.gov.ar\/?p=24645","og_locale":"es_ES","og_type":"article","og_title":"Paso a la Inmortalidad del General Mart\u00edn Miguel de G\u00fcemes - Malarg\u00fce HCD","og_description":"Mart\u00edn Miguel Juan de Mata G\u00fcemes Montero de Goyechea y la Corte (Salta, Virreinato del R\u00edo de la Plata, 8 de febrero de 1785 \u2013 Ca\u00f1ada de la Horqueta, Salta, 17 de junio de 1821), conocido como Mart\u00edn Miguel de G\u00fcemes, fue un militar y pol\u00edtico argentino que cumpli\u00f3 una destacada actuaci\u00f3n en la Guerra [&hellip;]","og_url":"https:\/\/hcd.malargue.gov.ar\/?p=24645","og_site_name":"Malarg\u00fce HCD","article_published_time":"2021-06-17T03:00:27+00:00","article_modified_time":"2021-06-14T15:32:37+00:00","og_image":[{"width":856,"height":572,"url":"https:\/\/hcd.malargue.gov.ar\/wp-content\/uploads\/2020\/06\/GUEMES.jpg","type":"image\/jpeg"}],"author":"Belen Pedernera Ferragut","twitter_card":"summary_large_image","twitter_misc":{"Escrito por":"Belen Pedernera Ferragut","Tiempo de lectura":"2 minutos"},"schema":{"@context":"https:\/\/schema.org","@graph":[{"@type":"WebPage","@id":"https:\/\/hcd.malargue.gov.ar\/?p=24645","url":"https:\/\/hcd.malargue.gov.ar\/?p=24645","name":"Paso a la Inmortalidad del General Mart\u00edn Miguel de G\u00fcemes - Malarg\u00fce HCD","isPartOf":{"@id":"https:\/\/hcd.malargue.gov.ar\/#website"},"datePublished":"2021-06-17T03:00:27+00:00","dateModified":"2021-06-14T15:32:37+00:00","author":{"@id":"https:\/\/hcd.malargue.gov.ar\/#\/schema\/person\/3fd6bbab64edd703961b795156c955d0"},"breadcrumb":{"@id":"https:\/\/hcd.malargue.gov.ar\/?p=24645#breadcrumb"},"inLanguage":"es-AR","potentialAction":[{"@type":"ReadAction","target":["https:\/\/hcd.malargue.gov.ar\/?p=24645"]}]},{"@type":"BreadcrumbList","@id":"https:\/\/hcd.malargue.gov.ar\/?p=24645#breadcrumb","itemListElement":[{"@type":"ListItem","position":1,"name":"Inicio","item":"https:\/\/hcd.malargue.gov.ar\/"},{"@type":"ListItem","position":2,"name":"Paso a la Inmortalidad del General Mart\u00edn Miguel de G\u00fcemes"}]},{"@type":"WebSite","@id":"https:\/\/hcd.malargue.gov.ar\/#website","url":"https:\/\/hcd.malargue.gov.ar\/","name":"Malarg\u00fce HCD","description":"Malarg\u00fce Mendoza Argentina","potentialAction":[{"@type":"SearchAction","target":{"@type":"EntryPoint","urlTemplate":"https:\/\/hcd.malargue.gov.ar\/?s={search_term_string}"},"query-input":"required name=search_term_string"}],"inLanguage":"es-AR"},{"@type":"Person","@id":"https:\/\/hcd.malargue.gov.ar\/#\/schema\/person\/3fd6bbab64edd703961b795156c955d0","name":"Belen Pedernera Ferragut","image":{"@type":"ImageObject","inLanguage":"es-AR","@id":"https:\/\/hcd.malargue.gov.ar\/#\/schema\/person\/image\/","url":"https:\/\/secure.gravatar.com\/avatar\/1054ffab3893de4bb3eb29bdd22f7e34b8537bf5d34d9dab311818154ad5b71f?s=96&d=mm&r=g","contentUrl":"https:\/\/secure.gravatar.com\/avatar\/1054ffab3893de4bb3eb29bdd22f7e34b8537bf5d34d9dab311818154ad5b71f?s=96&d=mm&r=g","caption":"Belen Pedernera Ferragut"},"url":"https:\/\/hcd.malargue.gov.ar\/?author=5"}]}},"_links":{"self":[{"href":"https:\/\/hcd.malargue.gov.ar\/index.php?rest_route=\/wp\/v2\/posts\/24645","targetHints":{"allow":["GET"]}}],"collection":[{"href":"https:\/\/hcd.malargue.gov.ar\/index.php?rest_route=\/wp\/v2\/posts"}],"about":[{"href":"https:\/\/hcd.malargue.gov.ar\/index.php?rest_route=\/wp\/v2\/types\/post"}],"author":[{"embeddable":true,"href":"https:\/\/hcd.malargue.gov.ar\/index.php?rest_route=\/wp\/v2\/users\/5"}],"replies":[{"embeddable":true,"href":"https:\/\/hcd.malargue.gov.ar\/index.php?rest_route=%2Fwp%2Fv2%2Fcomments&post=24645"}],"version-history":[{"count":0,"href":"https:\/\/hcd.malargue.gov.ar\/index.php?rest_route=\/wp\/v2\/posts\/24645\/revisions"}],"wp:featuredmedia":[{"embeddable":true,"href":"https:\/\/hcd.malargue.gov.ar\/index.php?rest_route=\/wp\/v2\/media\/20481"}],"wp:attachment":[{"href":"https:\/\/hcd.malargue.gov.ar\/index.php?rest_route=%2Fwp%2Fv2%2Fmedia&parent=24645"}],"wp:term":[{"taxonomy":"category","embeddable":true,"href":"https:\/\/hcd.malargue.gov.ar\/index.php?rest_route=%2Fwp%2Fv2%2Fcategories&post=24645"},{"taxonomy":"post_tag","embeddable":true,"href":"https:\/\/hcd.malargue.gov.ar\/index.php?rest_route=%2Fwp%2Fv2%2Ftags&post=24645"}],"curies":[{"name":"wp","href":"https:\/\/api.w.org\/{rel}","templated":true}]}}