{"id":24783,"date":"2021-06-17T12:08:28","date_gmt":"2021-06-17T15:08:28","guid":{"rendered":"https:\/\/hcd.malargue.gov.ar\/?p=24783"},"modified":"2021-06-17T12:08:28","modified_gmt":"2021-06-17T15:08:28","slug":"resolucion-n-204-2-021","status":"publish","type":"post","link":"https:\/\/hcd.malargue.gov.ar\/?p=24783","title":{"rendered":"RESOLUCI\u00d3N N\u00b0 204\/2.021"},"content":{"rendered":"<p><strong>AUTORES:<\/strong> CONCEJALES PAOLA JOFRE, ANDRES RISI Y JOSE BARRO<\/p>\n<p>BLOQUE FRENTE DE TODOS <a href=\"http:\/\/hcd.malargue.gov.ar\/hcdpdf\/rn%20204%202021%20cantidad%20dosis%20vacinas%20covid%20recibidas.pdf\"><img loading=\"lazy\" decoding=\"async\" class=\"alignright wp-image-7950\" src=\"https:\/\/hcd.malargue.gov.ar\/wp-content\/uploads\/2018\/06\/PDF-JPG-300x300.jpg\" alt=\"\" width=\"95\" height=\"95\" srcset=\"https:\/\/hcd.malargue.gov.ar\/wp-content\/uploads\/2018\/06\/PDF-JPG-300x300.jpg 300w, https:\/\/hcd.malargue.gov.ar\/wp-content\/uploads\/2018\/06\/PDF-JPG-150x150.jpg 150w, https:\/\/hcd.malargue.gov.ar\/wp-content\/uploads\/2018\/06\/PDF-JPG.jpg 512w\" sizes=\"auto, (max-width: 95px) 100vw, 95px\" \/><\/a><\/p>\n<p>VISTO: El contenido del Expte. N\u00b0 4.969-HC-033-2.021. Bloque Frente de Todos. Proyecto de Resoluci\u00f3n: Solicitar al \u00c1rea Sanitaria de Malarg\u00fce\u00a0 tenga a bien comunicar al Honorable Concejo Deliberante , la cantidad de dosis de vacunas COVID-19 recibidas del Ministerio de Salud, Desarrollo Social y Deportes.<\/p>\n<p>La necesidad de conocer todas las medidas que el Estado Nacional, Provincial y Municipal est\u00e1 tomando y realizando a trav\u00e9s de sus distintas \u00e1reas para minimizar los efectos por la pandemia del COVID-19.<\/p>\n<p>y,<\/p>\n<p>CONSIDERANDO: Que \u00a0la pandemia por coronavirus SARS-CoV-2 (Covid-19) est\u00e1 \u00a0\u00a0 evolucionando de manera muy r\u00e1pida y representa un riesgo especial en pacientes \u00a0\u00a0\u00a0 inmunodeprimidos y con comorbilidades a\u00f1adidas.<\/p>\n<p>Que los s\u00edntomas de la enfermedad en un alto porcentaje de los casos son leves \u00a0 (fiebre, tos, expectoraci\u00f3n, malestar general), mientras que para un n\u00famero menor \u00a0\u00a0\u00a0\u00a0 pueden tener manifestaciones cl\u00ednicas m\u00e1s graves (neumon\u00eda y otras \u00a0\u00a0\u00a0\u00a0\u00a0\u00a0\u00a0\u00a0 complicaciones cl\u00ednicas) que requieran ingreso hospitalario.<\/p>\n<p>Que se han adoptado medidas sanitarias y de prevenci\u00f3n con el fin de mitigar la transmisi\u00f3n del virus y disminuir el impacto de la segunda ola en nuestro pa\u00eds..<\/p>\n<p>Que adem\u00e1s de las medidas sociales que cada persona debe seguir,\u00a0 la campa\u00f1a \u00a0 de \u00a0\u00a0\u00a0\u00a0\u00a0\u00a0 vacunaci\u00f3n contra la COVID-19 es un eje fundamental en la lucha contra este \u00a0\u00a0\u00a0\u00a0\u00a0\u00a0\u00a0\u00a0\u00a0\u00a0\u00a0 flagelo.<\/p>\n<p>Que \u00a0frente a la situaci\u00f3n epidemiol\u00f3gica actual es necesario implementar \u00a0\u00a0\u00a0\u00a0\u00a0\u00a0\u00a0\u00a0\u00a0\u00a0 estrategias espec\u00edficas para cada Jurisdicci\u00f3n o Departamento de acuerdo a la \u00a0\u00a0\u00a0\u00a0\u00a0 din\u00e1mica de transmisi\u00f3n del virus y a\u00a0 las actividades que implican de mayor \u00a0 riesgo.<\/p>\n<p>EL HONORABLE CONCEJO DELIBERANTE DE LA MUNICIPALIDAD DE MALARGUE EN USO DE LAS FACULTADES QUE LE SON PROPIAS<\/p>\n<p>RESUELVE<\/p>\n<p>ART\u00cdCULO 1\u00ba: Solicitar\u00a0 al\u00a0 \u00c1rea Sanitaria Malarg\u00fce, tenga a bien comunicar al \u00a0\u00a0\u00a0\u00a0\u00a0\u00a0\u00a0\u00a0\u00a0\u00a0 Honorable \u00a0\u00a0\u00a0\u00a0\u00a0\u00a0\u00a0\u00a0\u00a0\u00a0\u00a0 Concejo Deliberante, la cantidad de dosis de vacunas COVID-19 recibidas del \u00a0 Ministerio de Salud, Desarrollo Social y Deportes de la Provincia de \u00a0\u00a0\u00a0\u00a0 Mendoza.<\/p>\n<p>ART\u00cdCULO 2\u00ba: Solicitar al \u00c1rea Sanitaria Malarg\u00fce, acceda a brindar la siguiente \u00a0\u00a0\u00a0\u00a0\u00a0\u00a0\u00a0\u00a0 informaci\u00f3n:<\/p>\n<p>* Cantidad de unidades por marca que ha recibido del Ministerio de \u00a0\u00a0\u00a0\u00a0\u00a0\u00a0\u00a0\u00a0\u00a0\u00a0\u00a0\u00a0\u00a0\u00a0\u00a0\u00a0\u00a0\u00a0\u00a0\u00a0\u00a0\u00a0\u00a0\u00a0\u00a0\u00a0\u00a0\u00a0\u00a0\u00a0\u00a0 \u00a0\u00a0\u00a0\u00a0Salud, Desarrollo Social y Deportes<\/p>\n<p>* Cantidad de primeras y segundas dosis aplicadas,<\/p>\n<p>* Cantidad de unidades y dosis en reserva,<\/p>\n<p>* Porcentajes de inmunizaci\u00f3n por grupo\u00a0 priorizado,<\/p>\n<p>* Cantidad de unidades afectadas a los parajes de la zona rural, y<\/p>\n<p>* Procedimientos de traslados a otros departamentos de unidades \u00a0\u00a0\u00a0\u00a0\u00a0\u00a0\u00a0\u00a0\u00a0\u00a0\u00a0\u00a0\u00a0\u00a0\u00a0\u00a0\u00a0\u00a0\u00a0\u00a0\u00a0\u00a0\u00a0 \u00a0\u00a0\u00a0\u00a0asignadas a Malarg\u00fce, indicando motivo y cantidad de dosis de dicha operaci\u00f3n.<\/p>\n<p>ARTICULO 3\u00b0: Comun\u00edquese, reg\u00edstrese, agr\u00e9guese copia de la presente en las \u00a0 actuaciones correspondientes y arch\u00edvese.<\/p>\n<p>DADA EN LA SALA DE SESIONES DR. RICARDO BALBIN DEL HONORABLE CONCEJO DELIBERANTE DE LA MUNICIPALIDAD DE MALARG\u00dcE A DIEZ D\u00cdAS DE JUNIO DE DOS MIL VEINTIUNO.<\/p>\n","protected":false},"excerpt":{"rendered":"<p>AUTORES: CONCEJALES PAOLA JOFRE, ANDRES RISI Y JOSE BARRO BLOQUE FRENTE DE TODOS VISTO: El contenido del Expte. N\u00b0 4.969-HC-033-2.021. Bloque Frente de Todos. Proyecto de Resoluci\u00f3n: Solicitar al \u00c1rea Sanitaria de Malarg\u00fce\u00a0 tenga a bien comunicar al Honorable Concejo Deliberante , la cantidad de dosis de vacunas COVID-19 recibidas del Ministerio de Salud, Desarrollo [&hellip;]<\/p>\n","protected":false},"author":5,"featured_media":24784,"comment_status":"closed","ping_status":"closed","sticky":false,"template":"","format":"standard","meta":{"footnotes":""},"categories":[52,29,33,51],"tags":[],"class_list":["post-24783","post","type-post","status-publish","format-standard","has-post-thumbnail","hentry","category-gacetillas","category-lesgilacion","category-prensa","category-resoluciones"],"yoast_head":"<!-- This site is optimized with the Yoast SEO plugin v19.10 - https:\/\/yoast.com\/wordpress\/plugins\/seo\/ -->\n<title>RESOLUCI\u00d3N N\u00b0 204\/2.021 - Malarg\u00fce HCD<\/title>\n<meta name=\"robots\" content=\"index, follow, max-snippet:-1, max-image-preview:large, max-video-preview:-1\" \/>\n<link rel=\"canonical\" href=\"https:\/\/hcd.malargue.gov.ar\/?p=24783\" \/>\n<meta property=\"og:locale\" content=\"es_ES\" \/>\n<meta property=\"og:type\" content=\"article\" \/>\n<meta property=\"og:title\" content=\"RESOLUCI\u00d3N N\u00b0 204\/2.021 - Malarg\u00fce HCD\" \/>\n<meta property=\"og:description\" content=\"AUTORES: CONCEJALES PAOLA JOFRE, ANDRES RISI Y JOSE BARRO BLOQUE FRENTE DE TODOS VISTO: El contenido del Expte. N\u00b0 4.969-HC-033-2.021. Bloque Frente de Todos. Proyecto de Resoluci\u00f3n: Solicitar al \u00c1rea Sanitaria de Malarg\u00fce\u00a0 tenga a bien comunicar al Honorable Concejo Deliberante , la cantidad de dosis de vacunas COVID-19 recibidas del Ministerio de Salud, Desarrollo [&hellip;]\" \/>\n<meta property=\"og:url\" content=\"https:\/\/hcd.malargue.gov.ar\/?p=24783\" \/>\n<meta property=\"og:site_name\" content=\"Malarg\u00fce HCD\" \/>\n<meta property=\"article:published_time\" content=\"2021-06-17T15:08:28+00:00\" \/>\n<meta property=\"og:image\" content=\"https:\/\/hcd.malargue.gov.ar\/wp-content\/uploads\/2021\/06\/RN-204-2021.jpg\" \/>\n\t<meta property=\"og:image:width\" content=\"1280\" \/>\n\t<meta property=\"og:image:height\" content=\"720\" \/>\n\t<meta property=\"og:image:type\" content=\"image\/jpeg\" \/>\n<meta name=\"author\" content=\"Belen Pedernera Ferragut\" \/>\n<meta name=\"twitter:card\" content=\"summary_large_image\" \/>\n<meta name=\"twitter:label1\" content=\"Escrito por\" \/>\n\t<meta name=\"twitter:data1\" content=\"Belen Pedernera Ferragut\" \/>\n\t<meta name=\"twitter:label2\" content=\"Tiempo de lectura\" \/>\n\t<meta name=\"twitter:data2\" content=\"2 minutos\" \/>\n<script type=\"application\/ld+json\" class=\"yoast-schema-graph\">{\"@context\":\"https:\/\/schema.org\",\"@graph\":[{\"@type\":\"WebPage\",\"@id\":\"https:\/\/hcd.malargue.gov.ar\/?p=24783\",\"url\":\"https:\/\/hcd.malargue.gov.ar\/?p=24783\",\"name\":\"RESOLUCI\u00d3N N\u00b0 204\/2.021 - Malarg\u00fce HCD\",\"isPartOf\":{\"@id\":\"https:\/\/hcd.malargue.gov.ar\/#website\"},\"datePublished\":\"2021-06-17T15:08:28+00:00\",\"dateModified\":\"2021-06-17T15:08:28+00:00\",\"author\":{\"@id\":\"https:\/\/hcd.malargue.gov.ar\/#\/schema\/person\/3fd6bbab64edd703961b795156c955d0\"},\"breadcrumb\":{\"@id\":\"https:\/\/hcd.malargue.gov.ar\/?p=24783#breadcrumb\"},\"inLanguage\":\"es-AR\",\"potentialAction\":[{\"@type\":\"ReadAction\",\"target\":[\"https:\/\/hcd.malargue.gov.ar\/?p=24783\"]}]},{\"@type\":\"BreadcrumbList\",\"@id\":\"https:\/\/hcd.malargue.gov.ar\/?p=24783#breadcrumb\",\"itemListElement\":[{\"@type\":\"ListItem\",\"position\":1,\"name\":\"Inicio\",\"item\":\"https:\/\/hcd.malargue.gov.ar\/\"},{\"@type\":\"ListItem\",\"position\":2,\"name\":\"RESOLUCI\u00d3N N\u00b0 204\/2.021\"}]},{\"@type\":\"WebSite\",\"@id\":\"https:\/\/hcd.malargue.gov.ar\/#website\",\"url\":\"https:\/\/hcd.malargue.gov.ar\/\",\"name\":\"Malarg\u00fce HCD\",\"description\":\"Malarg\u00fce Mendoza Argentina\",\"potentialAction\":[{\"@type\":\"SearchAction\",\"target\":{\"@type\":\"EntryPoint\",\"urlTemplate\":\"https:\/\/hcd.malargue.gov.ar\/?s={search_term_string}\"},\"query-input\":\"required name=search_term_string\"}],\"inLanguage\":\"es-AR\"},{\"@type\":\"Person\",\"@id\":\"https:\/\/hcd.malargue.gov.ar\/#\/schema\/person\/3fd6bbab64edd703961b795156c955d0\",\"name\":\"Belen Pedernera Ferragut\",\"image\":{\"@type\":\"ImageObject\",\"inLanguage\":\"es-AR\",\"@id\":\"https:\/\/hcd.malargue.gov.ar\/#\/schema\/person\/image\/\",\"url\":\"https:\/\/secure.gravatar.com\/avatar\/1054ffab3893de4bb3eb29bdd22f7e34b8537bf5d34d9dab311818154ad5b71f?s=96&d=mm&r=g\",\"contentUrl\":\"https:\/\/secure.gravatar.com\/avatar\/1054ffab3893de4bb3eb29bdd22f7e34b8537bf5d34d9dab311818154ad5b71f?s=96&d=mm&r=g\",\"caption\":\"Belen Pedernera Ferragut\"},\"url\":\"https:\/\/hcd.malargue.gov.ar\/?author=5\"}]}<\/script>\n<!-- \/ Yoast SEO plugin. -->","yoast_head_json":{"title":"RESOLUCI\u00d3N N\u00b0 204\/2.021 - Malarg\u00fce HCD","robots":{"index":"index","follow":"follow","max-snippet":"max-snippet:-1","max-image-preview":"max-image-preview:large","max-video-preview":"max-video-preview:-1"},"canonical":"https:\/\/hcd.malargue.gov.ar\/?p=24783","og_locale":"es_ES","og_type":"article","og_title":"RESOLUCI\u00d3N N\u00b0 204\/2.021 - Malarg\u00fce HCD","og_description":"AUTORES: CONCEJALES PAOLA JOFRE, ANDRES RISI Y JOSE BARRO BLOQUE FRENTE DE TODOS VISTO: El contenido del Expte. N\u00b0 4.969-HC-033-2.021. Bloque Frente de Todos. Proyecto de Resoluci\u00f3n: Solicitar al \u00c1rea Sanitaria de Malarg\u00fce\u00a0 tenga a bien comunicar al Honorable Concejo Deliberante , la cantidad de dosis de vacunas COVID-19 recibidas del Ministerio de Salud, Desarrollo [&hellip;]","og_url":"https:\/\/hcd.malargue.gov.ar\/?p=24783","og_site_name":"Malarg\u00fce HCD","article_published_time":"2021-06-17T15:08:28+00:00","og_image":[{"width":1280,"height":720,"url":"https:\/\/hcd.malargue.gov.ar\/wp-content\/uploads\/2021\/06\/RN-204-2021.jpg","type":"image\/jpeg"}],"author":"Belen Pedernera Ferragut","twitter_card":"summary_large_image","twitter_misc":{"Escrito por":"Belen Pedernera Ferragut","Tiempo de lectura":"2 minutos"},"schema":{"@context":"https:\/\/schema.org","@graph":[{"@type":"WebPage","@id":"https:\/\/hcd.malargue.gov.ar\/?p=24783","url":"https:\/\/hcd.malargue.gov.ar\/?p=24783","name":"RESOLUCI\u00d3N N\u00b0 204\/2.021 - Malarg\u00fce HCD","isPartOf":{"@id":"https:\/\/hcd.malargue.gov.ar\/#website"},"datePublished":"2021-06-17T15:08:28+00:00","dateModified":"2021-06-17T15:08:28+00:00","author":{"@id":"https:\/\/hcd.malargue.gov.ar\/#\/schema\/person\/3fd6bbab64edd703961b795156c955d0"},"breadcrumb":{"@id":"https:\/\/hcd.malargue.gov.ar\/?p=24783#breadcrumb"},"inLanguage":"es-AR","potentialAction":[{"@type":"ReadAction","target":["https:\/\/hcd.malargue.gov.ar\/?p=24783"]}]},{"@type":"BreadcrumbList","@id":"https:\/\/hcd.malargue.gov.ar\/?p=24783#breadcrumb","itemListElement":[{"@type":"ListItem","position":1,"name":"Inicio","item":"https:\/\/hcd.malargue.gov.ar\/"},{"@type":"ListItem","position":2,"name":"RESOLUCI\u00d3N N\u00b0 204\/2.021"}]},{"@type":"WebSite","@id":"https:\/\/hcd.malargue.gov.ar\/#website","url":"https:\/\/hcd.malargue.gov.ar\/","name":"Malarg\u00fce HCD","description":"Malarg\u00fce Mendoza Argentina","potentialAction":[{"@type":"SearchAction","target":{"@type":"EntryPoint","urlTemplate":"https:\/\/hcd.malargue.gov.ar\/?s={search_term_string}"},"query-input":"required name=search_term_string"}],"inLanguage":"es-AR"},{"@type":"Person","@id":"https:\/\/hcd.malargue.gov.ar\/#\/schema\/person\/3fd6bbab64edd703961b795156c955d0","name":"Belen Pedernera Ferragut","image":{"@type":"ImageObject","inLanguage":"es-AR","@id":"https:\/\/hcd.malargue.gov.ar\/#\/schema\/person\/image\/","url":"https:\/\/secure.gravatar.com\/avatar\/1054ffab3893de4bb3eb29bdd22f7e34b8537bf5d34d9dab311818154ad5b71f?s=96&d=mm&r=g","contentUrl":"https:\/\/secure.gravatar.com\/avatar\/1054ffab3893de4bb3eb29bdd22f7e34b8537bf5d34d9dab311818154ad5b71f?s=96&d=mm&r=g","caption":"Belen Pedernera Ferragut"},"url":"https:\/\/hcd.malargue.gov.ar\/?author=5"}]}},"_links":{"self":[{"href":"https:\/\/hcd.malargue.gov.ar\/index.php?rest_route=\/wp\/v2\/posts\/24783","targetHints":{"allow":["GET"]}}],"collection":[{"href":"https:\/\/hcd.malargue.gov.ar\/index.php?rest_route=\/wp\/v2\/posts"}],"about":[{"href":"https:\/\/hcd.malargue.gov.ar\/index.php?rest_route=\/wp\/v2\/types\/post"}],"author":[{"embeddable":true,"href":"https:\/\/hcd.malargue.gov.ar\/index.php?rest_route=\/wp\/v2\/users\/5"}],"replies":[{"embeddable":true,"href":"https:\/\/hcd.malargue.gov.ar\/index.php?rest_route=%2Fwp%2Fv2%2Fcomments&post=24783"}],"version-history":[{"count":0,"href":"https:\/\/hcd.malargue.gov.ar\/index.php?rest_route=\/wp\/v2\/posts\/24783\/revisions"}],"wp:featuredmedia":[{"embeddable":true,"href":"https:\/\/hcd.malargue.gov.ar\/index.php?rest_route=\/wp\/v2\/media\/24784"}],"wp:attachment":[{"href":"https:\/\/hcd.malargue.gov.ar\/index.php?rest_route=%2Fwp%2Fv2%2Fmedia&parent=24783"}],"wp:term":[{"taxonomy":"category","embeddable":true,"href":"https:\/\/hcd.malargue.gov.ar\/index.php?rest_route=%2Fwp%2Fv2%2Fcategories&post=24783"},{"taxonomy":"post_tag","embeddable":true,"href":"https:\/\/hcd.malargue.gov.ar\/index.php?rest_route=%2Fwp%2Fv2%2Ftags&post=24783"}],"curies":[{"name":"wp","href":"https:\/\/api.w.org\/{rel}","templated":true}]}}