{"id":25073,"date":"2021-07-07T11:58:28","date_gmt":"2021-07-07T14:58:28","guid":{"rendered":"https:\/\/hcd.malargue.gov.ar\/?p=25073"},"modified":"2021-07-07T11:58:28","modified_gmt":"2021-07-07T14:58:28","slug":"ordenanza-n-2-103-2-021","status":"publish","type":"post","link":"https:\/\/hcd.malargue.gov.ar\/?p=25073","title":{"rendered":"ORDENANZA N\u00b0 2.103\/2.021"},"content":{"rendered":"<p><strong>AUTORA:<\/strong> CONCEJAL DAIANA VARAS<\/p>\n<p>BLOQUE FRENTE CAMBIA MENDOZA <a href=\"http:\/\/hcd.malargue.gov.ar\/hcdpdf\/On%202103%202021%20Malargue%20Visual%20Arte%20Cultura%20y%20Turismo.pdf\"><img loading=\"lazy\" decoding=\"async\" class=\"alignright wp-image-7950\" src=\"https:\/\/hcd.malargue.gov.ar\/wp-content\/uploads\/2018\/06\/PDF-JPG-300x300.jpg\" alt=\"\" width=\"110\" height=\"110\" srcset=\"https:\/\/hcd.malargue.gov.ar\/wp-content\/uploads\/2018\/06\/PDF-JPG-300x300.jpg 300w, https:\/\/hcd.malargue.gov.ar\/wp-content\/uploads\/2018\/06\/PDF-JPG-150x150.jpg 150w, https:\/\/hcd.malargue.gov.ar\/wp-content\/uploads\/2018\/06\/PDF-JPG.jpg 512w\" sizes=\"auto, (max-width: 110px) 100vw, 110px\" \/><\/a><\/p>\n<p>VISTO: El contenido del Expediente N\u00b0 4.985 HC 034 \u2013 2.021. Bloque Frente Cambia Mendoza. Proyecto de Ordenanza: Implementar el Proyecto\u00a0 \u201cMalarg\u00fce Visual, Arte, Cultura y Turismo\u201d en el Departamento de Malarg\u00fce.<\/p>\n<p>Que el arte en sus diferentes formas es parte integrante de la historia y la cultura de cada pueblo.<\/p>\n<p>Y;<\/p>\n<p>CONSIDERANDO: Que en t\u00e9rminos generales, podemos definir a las artes visuales como \u201cuna manifestaci\u00f3n art\u00edstica, expresiva, de percepci\u00f3n visual en la cual el individuo crea y recrea mundos naturales o fant\u00e1sticos mediante elementos materiales utilizando diversas t\u00e9cnicas que le permiten expresar sus sentimientos, emociones y percepciones del mundo que lo rodea\u201d.<\/p>\n<p>Que el Muralismo fue un movimiento art\u00edstico que surgi\u00f3 en M\u00e9xico en la d\u00e9cada de 1920. Los artistas que participaron en \u00e9l intentaron plasmar su visi\u00f3n sobre la identidad nacional y la situaci\u00f3n social y pol\u00edtica del pa\u00eds. El muralismo se distingui\u00f3 por tener un fin educativo que pretend\u00eda difundir parte de la cultura y vida mexicana a un p\u00fablico masivo, por lo que la mayor\u00eda de las obras se realizaron en las paredes de edificios p\u00fablicos.<\/p>\n<p>Que la cultura como fen\u00f3meno social, y el arte, como una de sus manifestaciones tangibles m\u00e1s concretas, requiere del aporte de todos y solo cobra verdadero sentido cuando se produce un intercambio consciente entre el legado hist\u00f3rico e identitario que la cultura transmite y los nuevos usos y significados de valor que las modernas sociedades le atribuyen.<\/p>\n<p>Que el arte es una manifestaci\u00f3n expresiva que surge en un contexto concreto, y, como tal, transmite gran parte de los elementos que determinan la cultura de ese tiempo y ese lugar.<\/p>\n<p>Que es imposible desconocer que las pr\u00e1cticas e instituciones del arte son un importante factor dentro de la industria del turismo, ya que no es s\u00f3lo un objeto para ser contemplado por los turistas, sino una pr\u00e1ctica que se ha nutrido de diversos modos de la costumbre del viaje.<\/p>\n<p>Que la presencia de obras art\u00edsticas aporta no solo desde un concepto de belleza al paisaje urbano y rural, sino que tambi\u00e9n reflejan parte de la cultura, identidad, presente y anhelos futuros de los habitantes del lugar convirti\u00e9ndose en una parte importante del patrimonio local.<\/p>\n<p>Que el arte es una de las primeras formas de expresi\u00f3n del ser humano y que ya en el paleol\u00edtico se registra el testimonio m\u00e1s antiguo de la forma de expresi\u00f3n visual que constituye el muralismo.<\/p>\n<p>Que en nuestro departamento existen actualmente obras de arte visual que es necesario poner en valor y que existen tambi\u00e9n hacedores culturales que est\u00e1n en condiciones de realizar aportes, desde sus obras, al enriquecimiento del destino Malarg\u00fce tanto desde el aspecto cultural como tambi\u00e9n est\u00e9tico y tur\u00edstico.<\/p>\n<p>EL HONORABLE CONCEJO DELIBERANTE DE LA MUNICIPALIDAD DE MALARG\u00dcE EN USO DE LAS FACULTADES QUE LE SON PROPIAS.<\/p>\n<p>ORDENA<\/p>\n<p>ART\u00cdCULO 1\u00ba.- Implem\u00e9ntese el Proyecto \u201cMalarg\u00fce Visual. Arte, Cultura y Turismo\u201d en el Departamento de Malarg\u00fce.<\/p>\n<p>ART\u00cdCULO 2\u00ba.- Ser\u00e1n objetivos de este proyecto:<\/p>\n<ul>\n<li>Poner en valor las obras de arte visual existentes en el Departamento.<\/li>\n<li>Dar a conocer a hacedores culturales que han aportado desde el arte visual, a la cultura local.<\/li>\n<li>Facilitar el acceso de los artistas al espacio p\u00fablico a fin de que puedan expresarse y a la vez colaborar con el embellecimiento de la ciudad y los distritos, aportando al bagaje cultural, social e hist\u00f3rico del Departamento.<\/li>\n<li>Realizar un aporte para socializar el arte entre la comunidad malarg\u00fcina.<\/li>\n<\/ul>\n<p>ART\u00cdCULO 3\u00ba: A los fines exclusivamente descriptivos relacionados con la presente pieza, se define como Artes Visuales a \u201clas que engloban las artes pl\u00e1sticas tradicionales, siendo los m\u00e1ximos exponentes de este tipo de arte la pintura y la fotograf\u00eda; aunque tambi\u00e9n podemos integrar el dibujo, grabado, cer\u00e1mica, escultura, arquitectura, cine, serigraf\u00eda, dise\u00f1o, videoarte, la instalaci\u00f3n y artesan\u00edas, disciplinas que pueden ser integradas en otras modalidades art\u00edsticas\u201d.<\/p>\n<p>ART\u00cdCULO 4\u00ba: Conv\u00f3quese a las y los artistas populares y\/o estudiantes con inquietudes art\u00edsticas para participar en el proyecto, a trav\u00e9s de la Direcci\u00f3n de Cultura del Departamento Ejecutivo Municipal.<\/p>\n<p>ART\u00cdCULO 5\u00ba: Establ\u00e9zcanse los criterios de selecci\u00f3n de manera participativa y comun\u00edquense p\u00fablicamente para conocimiento de los interesados y de la comunidad en general, poniendo especial atenci\u00f3n en que las tem\u00e1ticas resulten inclusivas, diversas, heterog\u00e9neas y no discriminatorias.<\/p>\n<p>ART\u00cdCULO 6\u00ba: El Departamento Ejecutivo Municipal pondr\u00e1 a disposici\u00f3n de artistas pl\u00e1sticos, estudiantes de arte y hacedores culturales de manifestaciones visuales o est\u00e9ticas, el listado de espacios p\u00fablicos o privados cedidos para tal fin y otorgar\u00e1 a los mismos el permiso para dar inicio a la obra, a fin de lograr la realizaci\u00f3n intervenciones art\u00edsticas visuales en el Departamento de Malarg\u00fce.<\/p>\n<p>ART\u00cdCULO 7\u00ba: Los materiales y la retribuci\u00f3n simb\u00f3lica de la\/s o el\/los artistas, ser\u00e1n financiados por el Departamento Ejecutivo, a trav\u00e9s de la Direcci\u00f3n de Cultura y, asimismo, estos materiales podr\u00e1n provenir de donaciones de empresas y\/o instituciones privadas a cambio de publicidad o sponsors en las gr\u00e1ficas de los eventos de arte p\u00fablico.<\/p>\n<p>ART\u00cdCULO 8\u00ba: Fac\u00faltese al Departamento Ejecutivo a crear el \u201cRegistro de Arte Visual P\u00fablico\u201d con el objetivo de organizar toda la informaci\u00f3n existente referida a este tipo de producciones art\u00edsticas\u00a0 que son parte integrante de la cultura local.<\/p>\n<p>ART\u00cdCULO 9\u00ba: Ser\u00e1n incluidas en dicho registro, todas las obras art\u00edsticas (definidas en el Art\u00edculo 2\u00b0 existentes en el Municipio y el mismo ir\u00e1 actualiz\u00e1ndose anualmente con aquellas que se realizaren desde la puesta en vigencia de la presente Ordenanza.<\/p>\n<p>ART\u00cdCULO 10\u00ba: El Registro de Arte Visual P\u00fablico deber\u00e1 contar con la siguiente informaci\u00f3n:<\/p>\n<ul>\n<li>Autor\/es de la Obra.<\/li>\n<li>Denominaci\u00f3n, significado u hecho que conmemora.<\/li>\n<li>Localizaci\u00f3n.<\/li>\n<li>Especificaciones: t\u00e9cnica\/s, material\/es utilizados, dimensiones, tiempo de realizaci\u00f3n del trabajo y dem\u00e1s datos que lo individualicen y enriquezcan su descripci\u00f3n.<\/li>\n<\/ul>\n<p>ART\u00cdCULO 11\u00ba: Ser\u00e1n incluidos, asimismo, en dicho registro todos los espacios e inmuebles ubicados en la v\u00eda p\u00fablica, incluidos aquellos privados que sean ofrecidos para la realizaci\u00f3n de obras.<\/p>\n<p>ART\u00cdCULO 12\u00ba: Para la inscripci\u00f3n en el Registro se deber\u00e1 incluir la siguiente informaci\u00f3n:<\/p>\n<ul>\n<li>Ubicaci\u00f3n geogr\u00e1fica del inmueble.<\/li>\n<li>Dimensiones del espacio ofrecido para la expresi\u00f3n art\u00edstica visual.<\/li>\n<li>Datos personales y autorizaci\u00f3n expresa de la persona propietaria, en caso de ser privado, o de la autoridad competente si es p\u00fablico.<\/li>\n<li>Imagen fotogr\u00e1fica, y\/o cualquier otro dato considerado de importancia.<\/li>\n<\/ul>\n<p>ART\u00cdCULO 13\u00ba: La autorizaci\u00f3n por parte de la o el particular propietario para el uso del espacio cedido, no generar\u00e1 bajo ning\u00fan concepto, la obligaci\u00f3n de restituir a su estado original el espacio autorizado ni el\u00a0 pago de canon alguno.<\/p>\n<p>ART\u00cdCULO 14\u00ba: La o el propietario que se inscriba en el registro, conocer\u00e1 con anterioridad a la realizaci\u00f3n de una obra, la tem\u00e1tica, dimensiones, caracter\u00edsticas t\u00e9cnicas y art\u00edsticas de la misma para lo cual la autoridad competente convocar\u00e1 a cada artista para que presente ante las y los propietarios de los inmuebles, la obra que pretende realizar en el espacio cedido.<\/p>\n<p>ART\u00cdCULO 15\u00ba: La conservaci\u00f3n, mantenimiento, revalorizaci\u00f3n de las obras existentes y realizaci\u00f3n de las nuevas, deber\u00e1 ser evaluado a trav\u00e9s de las Direcciones de Cultura y Turismo del Municipio.<\/p>\n<p>ART\u00cdCULO 16\u00ba: El segmento del Registro Arte Visual P\u00fablico que corresponde a las obras realizadas, ser\u00e1 incluido dentro de la informaci\u00f3n de los circuitos tur\u00edsticos que correspondan o conformando nuevos circuitos (seg\u00fan corresponda) a fin de que los visitantes puedan conocer no solo las obras, sino tambi\u00e9n todos los datos referidos a las mismas y a sus autores.<\/p>\n<p>ART\u00cdCULO 17\u00ba: Las Direcciones de Turismo y Cultura del Departamento Ejecutivo Municipal tendr\u00e1n a su cargo la colocaci\u00f3n, y mantenimiento de la carteler\u00eda identificatoria de las obras.<\/p>\n<p>ART\u00cdCULO 18\u00ba: Imp\u00fatese una partida destinada al proyecto contemplado en la presente pieza legal en el Presupuesto anual destinado a la Direcci\u00f3n de Cultura Municipal.<\/p>\n<p>ARTICULO 19\u00ba: Comun\u00edquese, reg\u00edstrese, c\u00famplase, publ\u00edquese, agr\u00e9guese copia de la presente en las actuaciones correspondientes y arch\u00edvese.<\/p>\n<p>DADA EN LA SALA DE SESIONES DR. RICARDO BALBIN DEL HONORABLE CONCEJO DELIBERANTE DE LA MUNICIPALIDAD DE MALARG\u00dcE A UN D\u00cdA DE JULIO DE DOS MIL VEINTIUNO.<\/p>\n","protected":false},"excerpt":{"rendered":"<p>AUTORA: CONCEJAL DAIANA VARAS BLOQUE FRENTE CAMBIA MENDOZA VISTO: El contenido del Expediente N\u00b0 4.985 HC 034 \u2013 2.021. Bloque Frente Cambia Mendoza. Proyecto de Ordenanza: Implementar el Proyecto\u00a0 \u201cMalarg\u00fce Visual, Arte, Cultura y Turismo\u201d en el Departamento de Malarg\u00fce. Que el arte en sus diferentes formas es parte integrante de la historia y la [&hellip;]<\/p>\n","protected":false},"author":5,"featured_media":25074,"comment_status":"closed","ping_status":"closed","sticky":false,"template":"","format":"standard","meta":{"footnotes":""},"categories":[52,29,48,33],"tags":[],"class_list":["post-25073","post","type-post","status-publish","format-standard","has-post-thumbnail","hentry","category-gacetillas","category-lesgilacion","category-ordenanzas-municipales","category-prensa"],"yoast_head":"<!-- This site is optimized with the Yoast SEO plugin v19.10 - https:\/\/yoast.com\/wordpress\/plugins\/seo\/ -->\n<title>ORDENANZA N\u00b0 2.103\/2.021 - Malarg\u00fce HCD<\/title>\n<meta name=\"robots\" content=\"index, follow, max-snippet:-1, max-image-preview:large, max-video-preview:-1\" \/>\n<link rel=\"canonical\" href=\"https:\/\/hcd.malargue.gov.ar\/?p=25073\" \/>\n<meta property=\"og:locale\" content=\"es_ES\" \/>\n<meta property=\"og:type\" content=\"article\" \/>\n<meta property=\"og:title\" content=\"ORDENANZA N\u00b0 2.103\/2.021 - Malarg\u00fce HCD\" \/>\n<meta property=\"og:description\" content=\"AUTORA: CONCEJAL DAIANA VARAS BLOQUE FRENTE CAMBIA MENDOZA VISTO: El contenido del Expediente N\u00b0 4.985 HC 034 \u2013 2.021. Bloque Frente Cambia Mendoza. Proyecto de Ordenanza: Implementar el Proyecto\u00a0 \u201cMalarg\u00fce Visual, Arte, Cultura y Turismo\u201d en el Departamento de Malarg\u00fce. Que el arte en sus diferentes formas es parte integrante de la historia y la [&hellip;]\" \/>\n<meta property=\"og:url\" content=\"https:\/\/hcd.malargue.gov.ar\/?p=25073\" \/>\n<meta property=\"og:site_name\" content=\"Malarg\u00fce HCD\" \/>\n<meta property=\"article:published_time\" content=\"2021-07-07T14:58:28+00:00\" \/>\n<meta property=\"og:image\" content=\"https:\/\/hcd.malargue.gov.ar\/wp-content\/uploads\/2021\/07\/on-2103-2021.jpg\" \/>\n\t<meta property=\"og:image:width\" content=\"1280\" \/>\n\t<meta property=\"og:image:height\" content=\"720\" \/>\n\t<meta property=\"og:image:type\" content=\"image\/jpeg\" \/>\n<meta name=\"author\" content=\"Belen Pedernera Ferragut\" \/>\n<meta name=\"twitter:card\" content=\"summary_large_image\" \/>\n<meta name=\"twitter:label1\" content=\"Escrito por\" \/>\n\t<meta name=\"twitter:data1\" content=\"Belen Pedernera Ferragut\" \/>\n\t<meta name=\"twitter:label2\" content=\"Tiempo de lectura\" \/>\n\t<meta name=\"twitter:data2\" content=\"7 minutos\" \/>\n<script type=\"application\/ld+json\" class=\"yoast-schema-graph\">{\"@context\":\"https:\/\/schema.org\",\"@graph\":[{\"@type\":\"WebPage\",\"@id\":\"https:\/\/hcd.malargue.gov.ar\/?p=25073\",\"url\":\"https:\/\/hcd.malargue.gov.ar\/?p=25073\",\"name\":\"ORDENANZA N\u00b0 2.103\/2.021 - Malarg\u00fce HCD\",\"isPartOf\":{\"@id\":\"https:\/\/hcd.malargue.gov.ar\/#website\"},\"datePublished\":\"2021-07-07T14:58:28+00:00\",\"dateModified\":\"2021-07-07T14:58:28+00:00\",\"author\":{\"@id\":\"https:\/\/hcd.malargue.gov.ar\/#\/schema\/person\/3fd6bbab64edd703961b795156c955d0\"},\"breadcrumb\":{\"@id\":\"https:\/\/hcd.malargue.gov.ar\/?p=25073#breadcrumb\"},\"inLanguage\":\"es-AR\",\"potentialAction\":[{\"@type\":\"ReadAction\",\"target\":[\"https:\/\/hcd.malargue.gov.ar\/?p=25073\"]}]},{\"@type\":\"BreadcrumbList\",\"@id\":\"https:\/\/hcd.malargue.gov.ar\/?p=25073#breadcrumb\",\"itemListElement\":[{\"@type\":\"ListItem\",\"position\":1,\"name\":\"Inicio\",\"item\":\"https:\/\/hcd.malargue.gov.ar\/\"},{\"@type\":\"ListItem\",\"position\":2,\"name\":\"ORDENANZA N\u00b0 2.103\/2.021\"}]},{\"@type\":\"WebSite\",\"@id\":\"https:\/\/hcd.malargue.gov.ar\/#website\",\"url\":\"https:\/\/hcd.malargue.gov.ar\/\",\"name\":\"Malarg\u00fce HCD\",\"description\":\"Malarg\u00fce Mendoza Argentina\",\"potentialAction\":[{\"@type\":\"SearchAction\",\"target\":{\"@type\":\"EntryPoint\",\"urlTemplate\":\"https:\/\/hcd.malargue.gov.ar\/?s={search_term_string}\"},\"query-input\":\"required name=search_term_string\"}],\"inLanguage\":\"es-AR\"},{\"@type\":\"Person\",\"@id\":\"https:\/\/hcd.malargue.gov.ar\/#\/schema\/person\/3fd6bbab64edd703961b795156c955d0\",\"name\":\"Belen Pedernera Ferragut\",\"image\":{\"@type\":\"ImageObject\",\"inLanguage\":\"es-AR\",\"@id\":\"https:\/\/hcd.malargue.gov.ar\/#\/schema\/person\/image\/\",\"url\":\"https:\/\/secure.gravatar.com\/avatar\/1054ffab3893de4bb3eb29bdd22f7e34b8537bf5d34d9dab311818154ad5b71f?s=96&d=mm&r=g\",\"contentUrl\":\"https:\/\/secure.gravatar.com\/avatar\/1054ffab3893de4bb3eb29bdd22f7e34b8537bf5d34d9dab311818154ad5b71f?s=96&d=mm&r=g\",\"caption\":\"Belen Pedernera Ferragut\"},\"url\":\"https:\/\/hcd.malargue.gov.ar\/?author=5\"}]}<\/script>\n<!-- \/ Yoast SEO plugin. -->","yoast_head_json":{"title":"ORDENANZA N\u00b0 2.103\/2.021 - Malarg\u00fce HCD","robots":{"index":"index","follow":"follow","max-snippet":"max-snippet:-1","max-image-preview":"max-image-preview:large","max-video-preview":"max-video-preview:-1"},"canonical":"https:\/\/hcd.malargue.gov.ar\/?p=25073","og_locale":"es_ES","og_type":"article","og_title":"ORDENANZA N\u00b0 2.103\/2.021 - Malarg\u00fce HCD","og_description":"AUTORA: CONCEJAL DAIANA VARAS BLOQUE FRENTE CAMBIA MENDOZA VISTO: El contenido del Expediente N\u00b0 4.985 HC 034 \u2013 2.021. Bloque Frente Cambia Mendoza. Proyecto de Ordenanza: Implementar el Proyecto\u00a0 \u201cMalarg\u00fce Visual, Arte, Cultura y Turismo\u201d en el Departamento de Malarg\u00fce. Que el arte en sus diferentes formas es parte integrante de la historia y la [&hellip;]","og_url":"https:\/\/hcd.malargue.gov.ar\/?p=25073","og_site_name":"Malarg\u00fce HCD","article_published_time":"2021-07-07T14:58:28+00:00","og_image":[{"width":1280,"height":720,"url":"https:\/\/hcd.malargue.gov.ar\/wp-content\/uploads\/2021\/07\/on-2103-2021.jpg","type":"image\/jpeg"}],"author":"Belen Pedernera Ferragut","twitter_card":"summary_large_image","twitter_misc":{"Escrito por":"Belen Pedernera Ferragut","Tiempo de lectura":"7 minutos"},"schema":{"@context":"https:\/\/schema.org","@graph":[{"@type":"WebPage","@id":"https:\/\/hcd.malargue.gov.ar\/?p=25073","url":"https:\/\/hcd.malargue.gov.ar\/?p=25073","name":"ORDENANZA N\u00b0 2.103\/2.021 - Malarg\u00fce HCD","isPartOf":{"@id":"https:\/\/hcd.malargue.gov.ar\/#website"},"datePublished":"2021-07-07T14:58:28+00:00","dateModified":"2021-07-07T14:58:28+00:00","author":{"@id":"https:\/\/hcd.malargue.gov.ar\/#\/schema\/person\/3fd6bbab64edd703961b795156c955d0"},"breadcrumb":{"@id":"https:\/\/hcd.malargue.gov.ar\/?p=25073#breadcrumb"},"inLanguage":"es-AR","potentialAction":[{"@type":"ReadAction","target":["https:\/\/hcd.malargue.gov.ar\/?p=25073"]}]},{"@type":"BreadcrumbList","@id":"https:\/\/hcd.malargue.gov.ar\/?p=25073#breadcrumb","itemListElement":[{"@type":"ListItem","position":1,"name":"Inicio","item":"https:\/\/hcd.malargue.gov.ar\/"},{"@type":"ListItem","position":2,"name":"ORDENANZA N\u00b0 2.103\/2.021"}]},{"@type":"WebSite","@id":"https:\/\/hcd.malargue.gov.ar\/#website","url":"https:\/\/hcd.malargue.gov.ar\/","name":"Malarg\u00fce HCD","description":"Malarg\u00fce Mendoza Argentina","potentialAction":[{"@type":"SearchAction","target":{"@type":"EntryPoint","urlTemplate":"https:\/\/hcd.malargue.gov.ar\/?s={search_term_string}"},"query-input":"required name=search_term_string"}],"inLanguage":"es-AR"},{"@type":"Person","@id":"https:\/\/hcd.malargue.gov.ar\/#\/schema\/person\/3fd6bbab64edd703961b795156c955d0","name":"Belen Pedernera Ferragut","image":{"@type":"ImageObject","inLanguage":"es-AR","@id":"https:\/\/hcd.malargue.gov.ar\/#\/schema\/person\/image\/","url":"https:\/\/secure.gravatar.com\/avatar\/1054ffab3893de4bb3eb29bdd22f7e34b8537bf5d34d9dab311818154ad5b71f?s=96&d=mm&r=g","contentUrl":"https:\/\/secure.gravatar.com\/avatar\/1054ffab3893de4bb3eb29bdd22f7e34b8537bf5d34d9dab311818154ad5b71f?s=96&d=mm&r=g","caption":"Belen Pedernera Ferragut"},"url":"https:\/\/hcd.malargue.gov.ar\/?author=5"}]}},"_links":{"self":[{"href":"https:\/\/hcd.malargue.gov.ar\/index.php?rest_route=\/wp\/v2\/posts\/25073","targetHints":{"allow":["GET"]}}],"collection":[{"href":"https:\/\/hcd.malargue.gov.ar\/index.php?rest_route=\/wp\/v2\/posts"}],"about":[{"href":"https:\/\/hcd.malargue.gov.ar\/index.php?rest_route=\/wp\/v2\/types\/post"}],"author":[{"embeddable":true,"href":"https:\/\/hcd.malargue.gov.ar\/index.php?rest_route=\/wp\/v2\/users\/5"}],"replies":[{"embeddable":true,"href":"https:\/\/hcd.malargue.gov.ar\/index.php?rest_route=%2Fwp%2Fv2%2Fcomments&post=25073"}],"version-history":[{"count":0,"href":"https:\/\/hcd.malargue.gov.ar\/index.php?rest_route=\/wp\/v2\/posts\/25073\/revisions"}],"wp:featuredmedia":[{"embeddable":true,"href":"https:\/\/hcd.malargue.gov.ar\/index.php?rest_route=\/wp\/v2\/media\/25074"}],"wp:attachment":[{"href":"https:\/\/hcd.malargue.gov.ar\/index.php?rest_route=%2Fwp%2Fv2%2Fmedia&parent=25073"}],"wp:term":[{"taxonomy":"category","embeddable":true,"href":"https:\/\/hcd.malargue.gov.ar\/index.php?rest_route=%2Fwp%2Fv2%2Fcategories&post=25073"},{"taxonomy":"post_tag","embeddable":true,"href":"https:\/\/hcd.malargue.gov.ar\/index.php?rest_route=%2Fwp%2Fv2%2Ftags&post=25073"}],"curies":[{"name":"wp","href":"https:\/\/api.w.org\/{rel}","templated":true}]}}