{"id":25076,"date":"2021-07-07T12:12:19","date_gmt":"2021-07-07T15:12:19","guid":{"rendered":"https:\/\/hcd.malargue.gov.ar\/?p=25076"},"modified":"2021-07-07T12:14:16","modified_gmt":"2021-07-07T15:14:16","slug":"resolucion-n-234-2-021","status":"publish","type":"post","link":"https:\/\/hcd.malargue.gov.ar\/?p=25076","title":{"rendered":"RESOLUCI\u00d3N N\u00b0 234\/2.021"},"content":{"rendered":"<p><strong>AUTORA:<\/strong> CONCEJAL DANIELA FAVARI<\/p>\n<p>BLOQUE FRENTE DE TODOS <a href=\"http:\/\/hcd.malargue.gov.ar\/hcdpdf\/rn%20234%202021%20reconocer%20locutores.pdf\"><img loading=\"lazy\" decoding=\"async\" class=\"alignright wp-image-7950\" src=\"https:\/\/hcd.malargue.gov.ar\/wp-content\/uploads\/2018\/06\/PDF-JPG-300x300.jpg\" alt=\"\" width=\"112\" height=\"112\" srcset=\"https:\/\/hcd.malargue.gov.ar\/wp-content\/uploads\/2018\/06\/PDF-JPG-300x300.jpg 300w, https:\/\/hcd.malargue.gov.ar\/wp-content\/uploads\/2018\/06\/PDF-JPG-150x150.jpg 150w, https:\/\/hcd.malargue.gov.ar\/wp-content\/uploads\/2018\/06\/PDF-JPG.jpg 512w\" sizes=\"auto, (max-width: 112px) 100vw, 112px\" \/><\/a><\/p>\n<p>VISTO: El\u00a0 contenido del Expte. N\u00b0 4.988-HC-035-2.021. Bloque Frente de Todos. Proyecto de Resoluci\u00f3n: Reconocer y poner en valor la trayectoria de las locutoras\u00a0 \u00a0\u00a0\u00a0 Sras. Stella Maris L\u00f3pez y Alicia Marcela Moya y al locutor \u00a0Sr. \u00a0David Antonio\u00a0 Ricardo Jaquez\u00a0 y la labor\u00a0 del formador y orientador \u00a0de locutores el\u00a0 operador de\u00a0 LV19 Radio Nacional Malarg\u00fce y FM Payunia\u00a0 88.1 Sr. Walther\u00a0 Iv\u00e1n Kappes.<\/p>\n<p>Que el 3 de Julio es el d\u00eda Nacional de las locutoras y locutores en la Argentina y por \u00a0\u00a0\u00a0\u00a0 ello es importante darle visibilidad\u00a0 de dar importancia a la gran labor social y \u00a0\u00a0 comunicacional que desde hace a\u00f1os cumplen en la radiofon\u00eda del Departamento de \u00a0\u00a0\u00a0\u00a0\u00a0\u00a0 Malarg\u00fce y\u00a0 que el pr\u00f3ximo 3 de Julio es el D\u00eda del Locutor Argentino y el \u00a0\u00a0\u00a0\u00a0\u00a0\u00a0\u00a0\u00a0\u00a0\u00a0 pasado mes de Mayo se conmemor\u00f3\u00a0 el D\u00eda del Radio Operador Argentino.<\/p>\n<p>y;<\/p>\n<p>CONSIDERANDO: \u00a0Que\u00a0 el d\u00eda 3 de Julio\u00a0de 1.943, 21 profesionales se reunieron en la \u00a0\u00a0\u00a0\u00a0\u00a0\u00a0\u00a0\u00a0\u00a0\u00a0 redacci\u00f3n de la\u00a0 revista Antena que funcionaba en Avenida Corrientes 830 y tras un \u00a0\u00a0\u00a0\u00a0 extenso debate\u00a0<strong>fundaron la Sociedad Argentina de Locutores<\/strong><strong>\u00a0<\/strong>(SAL). En \u00a0\u00a0 consecuencia, esa fecha se convirti\u00f3 en el<strong>\u00a0<\/strong><strong>D\u00eda del Locutor<\/strong><strong>, <\/strong>aunque no exactamente \u00a0\u00a0 comenz\u00f3 a celebrarse ese mismo a\u00f1o.<\/p>\n<p>Que en rigor, la fecha se instaur\u00f3 como tal en\u00a0<strong>1.950<\/strong><strong>, <\/strong>a partir de un Congreso Nacional \u00a0\u00a0 de Locutores. En aquella primera madrugada fundacional, que se extendi\u00f3 hasta las \u00a0\u00a0\u00a0\u00a0\u00a0 4.15 de la madrugada, designaron una Junta Directiva Provisoria que tuvo como \u00a0\u00a0\u00a0\u00a0\u00a0\u00a0\u00a0 presidente provisional a Pedro Olmo y como secretario a Roberto Gal\u00e1n.<\/p>\n<p>Que en el<strong>\u00a0<\/strong><a href=\"https:\/\/www.sal.org.ar\/\">sitio web de la SAL<\/a>\u00a0se puede encontrar un relato sobre aquella noche del \u00a0\u00a0\u00a0\u00a0\u00a0\u00a0\u00a0 propio Roberto Gal\u00e1n, quien condujera famosos ciclos de TV.<\/p>\n<p>Que la idea surgi\u00f3 durante un encuentro propiciado por la Direcci\u00f3n General de Correos y Tel\u00e9grafos, que sol\u00eda convocar todos los a\u00f1os a locutores de las principales \u00a0\u00a0\u00a0 emisoras porte\u00f1as para conducir el tradicional desfile militar del 9 de julio en la zona \u00a0 de Palermo. Al conocernos los locutores, nos dimos la mano, ya que est\u00e1bamos \u00a0\u00a0\u00a0\u00a0\u00a0\u00a0 distanciados y compet\u00edamos entre nosotros. Radio Belgrano era popular, Splendid \u00a0\u00a0\u00a0\u00a0\u00a0\u00a0\u00a0\u00a0\u00a0\u00a0\u00a0 aristocr\u00e1tica y El Mundo en un plano intermedio&#8221;, supo explicar el animador.<\/p>\n<p>Y el texto contin\u00faa: &#8220;Al primero que se le ocurri\u00f3 la idea de unirnos, fue a \u00a0\u00a0\u00a0\u00a0\u00a0\u00a0\u00a0\u00a0\u00a0\u00a0\u00a0\u00a0\u00a0\u00a0\u00a0\u00a0\u00a0\u00a0\u00a0\u00a0\u00a0 Jorge Omar Del R\u00edo, que hab\u00eda concurrido por Radio El Mundo. Cuando \u00a0\u00a0\u00a0\u00a0\u00a0\u00a0\u00a0\u00a0\u00a0\u00a0\u00a0\u00a0\u00a0\u00a0\u00a0\u00a0\u00a0\u00a0\u00a0\u00a0\u00a0 \u00a0\u00a0\u00a0\u00a0\u00a0\u00a0\u00a0\u00a0\u00a0\u00a0\u00a0 esper\u00e1bamos que nos dieran una suerte de libretos, Del R\u00edo pregunt\u00f3 acerca \u00a0\u00a0\u00a0\u00a0\u00a0\u00a0\u00a0\u00a0\u00a0\u00a0\u00a0\u00a0\u00a0\u00a0\u00a0\u00a0\u00a0\u00a0 de formar una\u00a0<strong>entidad que agrupara a los locutores<\/strong><strong>. <\/strong>La propuesta gust\u00f3 \u2013se\u00f1ala \u00a0\u00a0\u00a0\u00a0\u00a0\u00a0\u00a0\u00a0\u00a0\u00a0\u00a0\u00a0\u00a0\u00a0\u00a0\u00a0\u00a0\u00a0\u00a0\u00a0 Gal\u00e1n en el escrito- y yo fui a pedirle un lugar para reunirnos a Julio Korn, \u00a0\u00a0\u00a0\u00a0\u00a0\u00a0\u00a0\u00a0\u00a0\u00a0\u00a0\u00a0\u00a0\u00a0\u00a0\u00a0\u00a0\u00a0\u00a0\u00a0 que ten\u00eda su editorial en un viejo edificio de la calle Corrientes 830 donde \u00a0\u00a0\u00a0\u00a0\u00a0\u00a0\u00a0\u00a0\u00a0\u00a0\u00a0\u00a0\u00a0\u00a0\u00a0\u00a0\u00a0\u00a0\u00a0\u00a0\u00a0\u00a0\u00a0 publicaba la Revista Antena. Desde all\u00ed, llamamos a todas las emisoras, \u00a0\u00a0\u00a0\u00a0\u00a0\u00a0\u00a0\u00a0\u00a0\u00a0\u00a0\u00a0\u00a0 \u00a0\u00a0\u00a0\u00a0\u00a0\u00a0\u00a0\u00a0\u00a0\u00a0\u00a0 invitando a los locutores a reunirse.&#8221;<\/p>\n<p>Que esa comisi\u00f3n se comprometi\u00f3 a convocar una Asamblea General y as\u00ed se hizo. \u00a0\u00a0\u00a0\u00a0\u00a0\u00a0\u00a0 Esa reuni\u00f3n se concret\u00f3 en el Teatro Regina, de la calle Santa Fe. All\u00ed se eligieron \u00a0\u00a0\u00a0\u00a0\u00a0\u00a0\u00a0\u00a0\u00a0 las\u00a0<strong>Autoridades definitivas<\/strong><strong>,<\/strong> con Juan Carlos Thorry como Presidente.<\/p>\n<p>Que en nuestro Departamento contamos con locutores de mucha trayectoria y calidad \u00a0\u00a0\u00a0 humana que a trav\u00e9s de los a\u00f1os han sabido ingresar en cada hogar y en el coraz\u00f3n\u00a0 \u00a0\u00a0\u00a0\u00a0\u00a0\u00a0 de muchos\u00a0 malarguinos y visitantes y adem\u00e1s han sabido\u00a0 acompa\u00f1ar durante el tiempo en la vida cotidiana.<\/p>\n<p>Que el fin social que cumplen los locutores\/locutoras\u00a0 y tambi\u00e9n radio operadores \u00a0\u00a0\u00a0\u00a0\u00a0\u00a0\u00a0\u00a0 son fundamentales en\u00a0 la vida de una sociedad organizada y cumplen un roll social \u00a0\u00a0 que se destaca a la de otras profesiones, ya que no es una tarea f\u00e1cil entregar y expresar \u00a0\u00a0\u00a0\u00a0\u00a0\u00a0\u00a0\u00a0\u00a0 palabras que logren comunicar y a su vez acompa\u00f1ar a lo largo del d\u00eda.<\/p>\n<p>Que la tarea de un locutor y\/o locutora no se podr\u00eda imaginar sin el trabajo\u00a0 de su \u00a0\u00a0\u00a0\u00a0\u00a0\u00a0\u00a0\u00a0\u00a0\u00a0 primer oyente el operador de radio.<\/p>\n<p>Que cada uno de los\u00a0 reconocido\/a\u00a0 en este proyecto aportan una gran e trayectoria en \u00a0\u00a0\u00a0 lo que realizan desde hace a\u00f1os y es importante poner en valor la misma en el \u00a0\u00a0\u00a0\u00a0 Departamento de Malarg\u00fce.<\/p>\n<p>Que en estos tiempos dif\u00edciles de pandemia que como sociedad nos ha tocado vivir, \u00a0\u00a0\u00a0\u00a0\u00a0\u00a0 el rol de informar y acompa\u00f1ar ha sido fundamental a trav\u00e9s de sus voces tan \u00a0\u00a0\u00a0\u00a0\u00a0\u00a0\u00a0 reconocidas y caracter\u00edsticas<\/p>\n<p>Que durante el pasado mes de mayo tambi\u00e9n se destaca en nuestro Pa\u00eds el d\u00eda del \u00a0\u00a0\u00a0\u00a0\u00a0\u00a0\u00a0\u00a0\u00a0\u00a0 Radio \u00a0\u00a0\u00a0\u00a0\u00a0\u00a0\u00a0\u00a0\u00a0\u00a0\u00a0 Operador argentino y es oportuno hacer extenso el reconocimiento al se\u00f1or \u00a0\u00a0\u00a0\u00a0\u00a0\u00a0\u00a0\u00a0 Walter Ivan Kappes dado que son profesiones que van de la mano y acompa\u00f1adas.<\/p>\n<p>Que la tarea del se\u00f1or Walter Ivan Kappes ha sido importante en la formaci\u00f3n de \u00a0\u00a0\u00a0\u00a0\u00a0\u00a0\u00a0\u00a0\u00a0\u00a0 nuevos locutores aportando su experiencia y conocimiento durante muchos a\u00f1os a \u00a0\u00a0\u00a0\u00a0\u00a0\u00a0\u00a0\u00a0\u00a0 trav\u00e9s del aire de la 88.1 FM Payunia, ya que muchos locutores del Departamento \u00a0\u00a0\u00a0\u00a0\u00a0\u00a0\u00a0\u00a0 pasaron por sus estudios por ser la primer FM del Departamento de Malarg\u00fce<\/p>\n<p>EL HONORABLE CONCEJO DELIBERANTE DE LA MUNICIPALIDAD DE MALARGUE EN USO\u00a0 DE\u00a0 LAS FACULTADES QUE LE SON PROPIAS<\/p>\n<p>RESUELVE<\/p>\n<p>ARTICULO 1\u00b0 Reconocer y poner en valor la trayectoria de las locutoras del \u00a0 Departamento de Malarg\u00fce \u00a0\u00a0Sras. Stella \u00a0Maris L\u00f3pez y\u00a0 Alicia Marcela Moya y al\u00a0 locutor \u00a0Sr. David Antonio Ricardo Jaquez.<\/p>\n<p>ARTICULO 2\u00b0: Reconocer la trayectoria y la labor del formador y orientador de locutores \u00a0\u00a0 del operador de radio \u00a0L.V. 19 Radio Nacional\u00a0 Malarg\u00fce y F.M. Payunia 88.1 Sr.\u00a0 Walther Ivan Kappes.<\/p>\n<p>ARTICULO 3\u00b0: Comun\u00edquese, reg\u00edstrese, agr\u00e9guese\u00a0 copia de la presente en las actuaciones correspondientes y arch\u00edvese.<\/p>\n<p>DADA EN LA SALA DE SESIONES DR. RICARDO BALBIN DEL HONORABLE CONCEJO DELIBERANTE DE LA MUNICIPALIDAD DE MALARG\u00dcE A UN D\u00cdA DE JULIO DE DOS MIL VEINTIUNO.<\/p>\n<p>&nbsp;<\/p>\n","protected":false},"excerpt":{"rendered":"<p>AUTORA: CONCEJAL DANIELA FAVARI BLOQUE FRENTE DE TODOS VISTO: El\u00a0 contenido del Expte. N\u00b0 4.988-HC-035-2.021. Bloque Frente de Todos. Proyecto de Resoluci\u00f3n: Reconocer y poner en valor la trayectoria de las locutoras\u00a0 \u00a0\u00a0\u00a0 Sras. Stella Maris L\u00f3pez y Alicia Marcela Moya y al locutor \u00a0Sr. \u00a0David Antonio\u00a0 Ricardo Jaquez\u00a0 y la labor\u00a0 del formador y [&hellip;]<\/p>\n","protected":false},"author":5,"featured_media":25077,"comment_status":"closed","ping_status":"closed","sticky":false,"template":"","format":"standard","meta":{"footnotes":""},"categories":[52,29,33,51],"tags":[],"class_list":["post-25076","post","type-post","status-publish","format-standard","has-post-thumbnail","hentry","category-gacetillas","category-lesgilacion","category-prensa","category-resoluciones"],"yoast_head":"<!-- This site is optimized with the Yoast SEO plugin v19.10 - https:\/\/yoast.com\/wordpress\/plugins\/seo\/ -->\n<title>RESOLUCI\u00d3N N\u00b0 234\/2.021 - Malarg\u00fce HCD<\/title>\n<meta name=\"robots\" content=\"index, follow, max-snippet:-1, max-image-preview:large, max-video-preview:-1\" \/>\n<link rel=\"canonical\" href=\"https:\/\/hcd.malargue.gov.ar\/?p=25076\" \/>\n<meta property=\"og:locale\" content=\"es_ES\" \/>\n<meta property=\"og:type\" content=\"article\" \/>\n<meta property=\"og:title\" content=\"RESOLUCI\u00d3N N\u00b0 234\/2.021 - Malarg\u00fce HCD\" \/>\n<meta property=\"og:description\" content=\"AUTORA: CONCEJAL DANIELA FAVARI BLOQUE FRENTE DE TODOS VISTO: El\u00a0 contenido del Expte. N\u00b0 4.988-HC-035-2.021. Bloque Frente de Todos. Proyecto de Resoluci\u00f3n: Reconocer y poner en valor la trayectoria de las locutoras\u00a0 \u00a0\u00a0\u00a0 Sras. Stella Maris L\u00f3pez y Alicia Marcela Moya y al locutor \u00a0Sr. \u00a0David Antonio\u00a0 Ricardo Jaquez\u00a0 y la labor\u00a0 del formador y [&hellip;]\" \/>\n<meta property=\"og:url\" content=\"https:\/\/hcd.malargue.gov.ar\/?p=25076\" \/>\n<meta property=\"og:site_name\" content=\"Malarg\u00fce HCD\" \/>\n<meta property=\"article:published_time\" content=\"2021-07-07T15:12:19+00:00\" \/>\n<meta property=\"article:modified_time\" content=\"2021-07-07T15:14:16+00:00\" \/>\n<meta property=\"og:image\" content=\"https:\/\/hcd.malargue.gov.ar\/wp-content\/uploads\/2021\/07\/RN-234-2021.jpg\" \/>\n\t<meta property=\"og:image:width\" content=\"1280\" \/>\n\t<meta property=\"og:image:height\" content=\"720\" \/>\n\t<meta property=\"og:image:type\" content=\"image\/jpeg\" \/>\n<meta name=\"author\" content=\"Belen Pedernera Ferragut\" \/>\n<meta name=\"twitter:card\" content=\"summary_large_image\" \/>\n<meta name=\"twitter:label1\" content=\"Escrito por\" \/>\n\t<meta name=\"twitter:data1\" content=\"Belen Pedernera Ferragut\" \/>\n\t<meta name=\"twitter:label2\" content=\"Tiempo de lectura\" \/>\n\t<meta name=\"twitter:data2\" content=\"5 minutos\" \/>\n<script type=\"application\/ld+json\" class=\"yoast-schema-graph\">{\"@context\":\"https:\/\/schema.org\",\"@graph\":[{\"@type\":\"WebPage\",\"@id\":\"https:\/\/hcd.malargue.gov.ar\/?p=25076\",\"url\":\"https:\/\/hcd.malargue.gov.ar\/?p=25076\",\"name\":\"RESOLUCI\u00d3N N\u00b0 234\/2.021 - Malarg\u00fce HCD\",\"isPartOf\":{\"@id\":\"https:\/\/hcd.malargue.gov.ar\/#website\"},\"datePublished\":\"2021-07-07T15:12:19+00:00\",\"dateModified\":\"2021-07-07T15:14:16+00:00\",\"author\":{\"@id\":\"https:\/\/hcd.malargue.gov.ar\/#\/schema\/person\/3fd6bbab64edd703961b795156c955d0\"},\"breadcrumb\":{\"@id\":\"https:\/\/hcd.malargue.gov.ar\/?p=25076#breadcrumb\"},\"inLanguage\":\"es-AR\",\"potentialAction\":[{\"@type\":\"ReadAction\",\"target\":[\"https:\/\/hcd.malargue.gov.ar\/?p=25076\"]}]},{\"@type\":\"BreadcrumbList\",\"@id\":\"https:\/\/hcd.malargue.gov.ar\/?p=25076#breadcrumb\",\"itemListElement\":[{\"@type\":\"ListItem\",\"position\":1,\"name\":\"Inicio\",\"item\":\"https:\/\/hcd.malargue.gov.ar\/\"},{\"@type\":\"ListItem\",\"position\":2,\"name\":\"RESOLUCI\u00d3N N\u00b0 234\/2.021\"}]},{\"@type\":\"WebSite\",\"@id\":\"https:\/\/hcd.malargue.gov.ar\/#website\",\"url\":\"https:\/\/hcd.malargue.gov.ar\/\",\"name\":\"Malarg\u00fce HCD\",\"description\":\"Malarg\u00fce Mendoza Argentina\",\"potentialAction\":[{\"@type\":\"SearchAction\",\"target\":{\"@type\":\"EntryPoint\",\"urlTemplate\":\"https:\/\/hcd.malargue.gov.ar\/?s={search_term_string}\"},\"query-input\":\"required name=search_term_string\"}],\"inLanguage\":\"es-AR\"},{\"@type\":\"Person\",\"@id\":\"https:\/\/hcd.malargue.gov.ar\/#\/schema\/person\/3fd6bbab64edd703961b795156c955d0\",\"name\":\"Belen Pedernera Ferragut\",\"image\":{\"@type\":\"ImageObject\",\"inLanguage\":\"es-AR\",\"@id\":\"https:\/\/hcd.malargue.gov.ar\/#\/schema\/person\/image\/\",\"url\":\"https:\/\/secure.gravatar.com\/avatar\/1054ffab3893de4bb3eb29bdd22f7e34b8537bf5d34d9dab311818154ad5b71f?s=96&d=mm&r=g\",\"contentUrl\":\"https:\/\/secure.gravatar.com\/avatar\/1054ffab3893de4bb3eb29bdd22f7e34b8537bf5d34d9dab311818154ad5b71f?s=96&d=mm&r=g\",\"caption\":\"Belen Pedernera Ferragut\"},\"url\":\"https:\/\/hcd.malargue.gov.ar\/?author=5\"}]}<\/script>\n<!-- \/ Yoast SEO plugin. -->","yoast_head_json":{"title":"RESOLUCI\u00d3N N\u00b0 234\/2.021 - Malarg\u00fce HCD","robots":{"index":"index","follow":"follow","max-snippet":"max-snippet:-1","max-image-preview":"max-image-preview:large","max-video-preview":"max-video-preview:-1"},"canonical":"https:\/\/hcd.malargue.gov.ar\/?p=25076","og_locale":"es_ES","og_type":"article","og_title":"RESOLUCI\u00d3N N\u00b0 234\/2.021 - Malarg\u00fce HCD","og_description":"AUTORA: CONCEJAL DANIELA FAVARI BLOQUE FRENTE DE TODOS VISTO: El\u00a0 contenido del Expte. N\u00b0 4.988-HC-035-2.021. Bloque Frente de Todos. Proyecto de Resoluci\u00f3n: Reconocer y poner en valor la trayectoria de las locutoras\u00a0 \u00a0\u00a0\u00a0 Sras. Stella Maris L\u00f3pez y Alicia Marcela Moya y al locutor \u00a0Sr. \u00a0David Antonio\u00a0 Ricardo Jaquez\u00a0 y la labor\u00a0 del formador y [&hellip;]","og_url":"https:\/\/hcd.malargue.gov.ar\/?p=25076","og_site_name":"Malarg\u00fce HCD","article_published_time":"2021-07-07T15:12:19+00:00","article_modified_time":"2021-07-07T15:14:16+00:00","og_image":[{"width":1280,"height":720,"url":"https:\/\/hcd.malargue.gov.ar\/wp-content\/uploads\/2021\/07\/RN-234-2021.jpg","type":"image\/jpeg"}],"author":"Belen Pedernera Ferragut","twitter_card":"summary_large_image","twitter_misc":{"Escrito por":"Belen Pedernera Ferragut","Tiempo de lectura":"5 minutos"},"schema":{"@context":"https:\/\/schema.org","@graph":[{"@type":"WebPage","@id":"https:\/\/hcd.malargue.gov.ar\/?p=25076","url":"https:\/\/hcd.malargue.gov.ar\/?p=25076","name":"RESOLUCI\u00d3N N\u00b0 234\/2.021 - Malarg\u00fce HCD","isPartOf":{"@id":"https:\/\/hcd.malargue.gov.ar\/#website"},"datePublished":"2021-07-07T15:12:19+00:00","dateModified":"2021-07-07T15:14:16+00:00","author":{"@id":"https:\/\/hcd.malargue.gov.ar\/#\/schema\/person\/3fd6bbab64edd703961b795156c955d0"},"breadcrumb":{"@id":"https:\/\/hcd.malargue.gov.ar\/?p=25076#breadcrumb"},"inLanguage":"es-AR","potentialAction":[{"@type":"ReadAction","target":["https:\/\/hcd.malargue.gov.ar\/?p=25076"]}]},{"@type":"BreadcrumbList","@id":"https:\/\/hcd.malargue.gov.ar\/?p=25076#breadcrumb","itemListElement":[{"@type":"ListItem","position":1,"name":"Inicio","item":"https:\/\/hcd.malargue.gov.ar\/"},{"@type":"ListItem","position":2,"name":"RESOLUCI\u00d3N N\u00b0 234\/2.021"}]},{"@type":"WebSite","@id":"https:\/\/hcd.malargue.gov.ar\/#website","url":"https:\/\/hcd.malargue.gov.ar\/","name":"Malarg\u00fce HCD","description":"Malarg\u00fce Mendoza Argentina","potentialAction":[{"@type":"SearchAction","target":{"@type":"EntryPoint","urlTemplate":"https:\/\/hcd.malargue.gov.ar\/?s={search_term_string}"},"query-input":"required name=search_term_string"}],"inLanguage":"es-AR"},{"@type":"Person","@id":"https:\/\/hcd.malargue.gov.ar\/#\/schema\/person\/3fd6bbab64edd703961b795156c955d0","name":"Belen Pedernera Ferragut","image":{"@type":"ImageObject","inLanguage":"es-AR","@id":"https:\/\/hcd.malargue.gov.ar\/#\/schema\/person\/image\/","url":"https:\/\/secure.gravatar.com\/avatar\/1054ffab3893de4bb3eb29bdd22f7e34b8537bf5d34d9dab311818154ad5b71f?s=96&d=mm&r=g","contentUrl":"https:\/\/secure.gravatar.com\/avatar\/1054ffab3893de4bb3eb29bdd22f7e34b8537bf5d34d9dab311818154ad5b71f?s=96&d=mm&r=g","caption":"Belen Pedernera Ferragut"},"url":"https:\/\/hcd.malargue.gov.ar\/?author=5"}]}},"_links":{"self":[{"href":"https:\/\/hcd.malargue.gov.ar\/index.php?rest_route=\/wp\/v2\/posts\/25076","targetHints":{"allow":["GET"]}}],"collection":[{"href":"https:\/\/hcd.malargue.gov.ar\/index.php?rest_route=\/wp\/v2\/posts"}],"about":[{"href":"https:\/\/hcd.malargue.gov.ar\/index.php?rest_route=\/wp\/v2\/types\/post"}],"author":[{"embeddable":true,"href":"https:\/\/hcd.malargue.gov.ar\/index.php?rest_route=\/wp\/v2\/users\/5"}],"replies":[{"embeddable":true,"href":"https:\/\/hcd.malargue.gov.ar\/index.php?rest_route=%2Fwp%2Fv2%2Fcomments&post=25076"}],"version-history":[{"count":0,"href":"https:\/\/hcd.malargue.gov.ar\/index.php?rest_route=\/wp\/v2\/posts\/25076\/revisions"}],"wp:featuredmedia":[{"embeddable":true,"href":"https:\/\/hcd.malargue.gov.ar\/index.php?rest_route=\/wp\/v2\/media\/25077"}],"wp:attachment":[{"href":"https:\/\/hcd.malargue.gov.ar\/index.php?rest_route=%2Fwp%2Fv2%2Fmedia&parent=25076"}],"wp:term":[{"taxonomy":"category","embeddable":true,"href":"https:\/\/hcd.malargue.gov.ar\/index.php?rest_route=%2Fwp%2Fv2%2Fcategories&post=25076"},{"taxonomy":"post_tag","embeddable":true,"href":"https:\/\/hcd.malargue.gov.ar\/index.php?rest_route=%2Fwp%2Fv2%2Ftags&post=25076"}],"curies":[{"name":"wp","href":"https:\/\/api.w.org\/{rel}","templated":true}]}}