{"id":25188,"date":"2021-07-19T10:31:02","date_gmt":"2021-07-19T13:31:02","guid":{"rendered":"https:\/\/hcd.malargue.gov.ar\/?p=25188"},"modified":"2021-07-19T10:31:02","modified_gmt":"2021-07-19T13:31:02","slug":"ordenanza-n-2-104-2-021","status":"publish","type":"post","link":"https:\/\/hcd.malargue.gov.ar\/?p=25188","title":{"rendered":"ORDENANZA N\u00b0 2.104\/2.021"},"content":{"rendered":"<p><strong>AUTORES:<\/strong> CONCEJALES PAOLA JOFRE, DANIELA FAVARI, SILVIA CORREA, JOSE BARRO Y ANDRES RISI<\/p>\n<p>BLOQUE FRENTE DE TODOS <a href=\"http:\/\/hcd.malargue.gov.ar\/hcdpdf\/On%202104%202021%20ampliacion%20calle%20b%20virgen%20de%20los%20vientos.pdf\"><img loading=\"lazy\" decoding=\"async\" class=\"alignright wp-image-7950\" src=\"https:\/\/hcd.malargue.gov.ar\/wp-content\/uploads\/2018\/06\/PDF-JPG-300x300.jpg\" alt=\"\" width=\"100\" height=\"100\" srcset=\"https:\/\/hcd.malargue.gov.ar\/wp-content\/uploads\/2018\/06\/PDF-JPG-300x300.jpg 300w, https:\/\/hcd.malargue.gov.ar\/wp-content\/uploads\/2018\/06\/PDF-JPG-150x150.jpg 150w, https:\/\/hcd.malargue.gov.ar\/wp-content\/uploads\/2018\/06\/PDF-JPG.jpg 512w\" sizes=\"auto, (max-width: 100px) 100vw, 100px\" \/><\/a><\/p>\n<p>VISTO: El contenido del Expediente N\u00b0 4.941-HC-031-2.021. Bloque Frente de Todos. Proyecto de Ordenanza: Uso y dominio p\u00fablico\u00a0 y \u00a0sentido de circulaci\u00f3n de la prolongaci\u00f3n hacia el oeste de\u00a0 calle Las Bardas del barrio Virgen de los Vientos.<\/p>\n<p>La necesidad de los vecinos de declarar el uso y dominio p\u00fablico, nombre\u00a0 y nomenclador\u00a0 de la calle , para poder\u00a0 acceder a los servicios p\u00fablicos b\u00e1sicos que brinda el municipio como as\u00ed tambi\u00e9n los de agua, electricidad y gas.<\/p>\n<p>y;<\/p>\n<p>CONSIDERANDO: Que las normativas catastrales exigen que para la visaci\u00f3n de los planos de mensura y fraccionamiento, las parcelas deben estar frente al radio de servicios de energ\u00eda el\u00e9ctrica y agua potable.<\/p>\n<p>Que las Empresas de Servicios como EDEMSA y AySAM no extienden sus redes de servicios por un tema de seguridad legal en los predios que no son de uso y dominio p\u00fablico.<\/p>\n<p>Que los representantes de los vecinos de la zona lindante a la Cortina Forestal mediante nota y croquis de plano, proponen la asignaci\u00f3n de nombre de los pasajes que involucran al loteo en cuesti\u00f3n.<\/p>\n<p>Que resulta necesaria la urbanizaci\u00f3n para propender a un crecimiento ordenado y acorde a la realidad para continuar con el progreso de la Comunidad de Malarg\u00fce.<\/p>\n<p>Que en la mencionada zona se encuentra el asentamiento de varias familias que viven hace m\u00e1s de 20 a\u00f1os y que merecen mejorar su calidad de vida.<\/p>\n<p>EL HONORABLE CONCEJO DELIBERANTE DE LA MUNICIPALIDAD DE MALARG\u00dcE EN USO DE LAS FACULTADES QUE LE SON PROPIAS<\/p>\n<p>ORDENA<\/p>\n<p>ART\u00cdCULO 1\u00b0: Af\u00e9ctase al uso y dominio p\u00fablico la prolongaci\u00f3n hacia el oeste de la\u00a0 calle Las Bardas del Barrio Virgen de los Vientos desde El Zanj\u00f3n hasta Arroyo El Durazno\u00a0 seg\u00fan croquis adjunto en el Anexo l.<\/p>\n<p>ART\u00cdCULO 2\u00b0: Solic\u00edtese al Departamento Ejecutivo Municipal, mediante el \u00c1rea que corresponda, gestione los estudios necesarios y la se\u00f1al\u00e9tica correspondiente considerando el doble sentido de circulaci\u00f3n de la misma.<\/p>\n<p>ART\u00cdCULO 3\u00b0: Comisi\u00f3nese a las Direcciones de Catastro y Ordenamiento Territorial, de Obras y Servicios P\u00fablicos\u00a0 dependiente de la Secretar\u00eda de Obras, Servicios P\u00fablicos y Ambiente para la \u00a0elaboraci\u00f3n del plano correspondiente, las obras necesarias para \u00a0la adecuaci\u00f3n del terreno y realice las acciones pertinentes conforme las especificaciones t\u00e9cnicas.<\/p>\n<p>ART\u00cdCULO 4\u00b0: Af\u00e9ctense los gastos que demanden las obras y acciones del objeto de la presente pieza legal al presupuesto en vigencia.<\/p>\n<p>ARTICULO 5\u00ba: Comun\u00edquese, reg\u00edstrese, c\u00famplase, publ\u00edquese, agr\u00e9guese copia de la presente en las actuaciones correspondientes y arch\u00edvese.<\/p>\n<p>DADA EN LA SALA DE SESIONES DR. RICARDO BALBIN DEL HONORABLE CONCEJO DELIBERANTE DE LA MUNICIPALIDAD DE MALARG\u00dcE A OCHO D\u00cdAS DE JULIO DE DOS MIL VEINTIUNO.<\/p>\n","protected":false},"excerpt":{"rendered":"<p>AUTORES: CONCEJALES PAOLA JOFRE, DANIELA FAVARI, SILVIA CORREA, JOSE BARRO Y ANDRES RISI BLOQUE FRENTE DE TODOS VISTO: El contenido del Expediente N\u00b0 4.941-HC-031-2.021. Bloque Frente de Todos. Proyecto de Ordenanza: Uso y dominio p\u00fablico\u00a0 y \u00a0sentido de circulaci\u00f3n de la prolongaci\u00f3n hacia el oeste de\u00a0 calle Las Bardas del barrio Virgen de los Vientos. [&hellip;]<\/p>\n","protected":false},"author":5,"featured_media":25192,"comment_status":"closed","ping_status":"closed","sticky":false,"template":"","format":"standard","meta":{"footnotes":""},"categories":[52,29,48,33],"tags":[],"class_list":["post-25188","post","type-post","status-publish","format-standard","has-post-thumbnail","hentry","category-gacetillas","category-lesgilacion","category-ordenanzas-municipales","category-prensa"],"yoast_head":"<!-- This site is optimized with the Yoast SEO plugin v19.10 - https:\/\/yoast.com\/wordpress\/plugins\/seo\/ -->\n<title>ORDENANZA N\u00b0 2.104\/2.021 - Malarg\u00fce HCD<\/title>\n<meta name=\"robots\" content=\"index, follow, max-snippet:-1, max-image-preview:large, max-video-preview:-1\" \/>\n<link rel=\"canonical\" href=\"https:\/\/hcd.malargue.gov.ar\/?p=25188\" \/>\n<meta property=\"og:locale\" content=\"es_ES\" \/>\n<meta property=\"og:type\" content=\"article\" \/>\n<meta property=\"og:title\" content=\"ORDENANZA N\u00b0 2.104\/2.021 - Malarg\u00fce HCD\" \/>\n<meta property=\"og:description\" content=\"AUTORES: CONCEJALES PAOLA JOFRE, DANIELA FAVARI, SILVIA CORREA, JOSE BARRO Y ANDRES RISI BLOQUE FRENTE DE TODOS VISTO: El contenido del Expediente N\u00b0 4.941-HC-031-2.021. Bloque Frente de Todos. Proyecto de Ordenanza: Uso y dominio p\u00fablico\u00a0 y \u00a0sentido de circulaci\u00f3n de la prolongaci\u00f3n hacia el oeste de\u00a0 calle Las Bardas del barrio Virgen de los Vientos. [&hellip;]\" \/>\n<meta property=\"og:url\" content=\"https:\/\/hcd.malargue.gov.ar\/?p=25188\" \/>\n<meta property=\"og:site_name\" content=\"Malarg\u00fce HCD\" \/>\n<meta property=\"article:published_time\" content=\"2021-07-19T13:31:02+00:00\" \/>\n<meta property=\"og:image\" content=\"https:\/\/hcd.malargue.gov.ar\/wp-content\/uploads\/2021\/07\/on-2104-2021.jpg\" \/>\n\t<meta property=\"og:image:width\" content=\"1280\" \/>\n\t<meta property=\"og:image:height\" content=\"720\" \/>\n\t<meta property=\"og:image:type\" content=\"image\/jpeg\" \/>\n<meta name=\"author\" content=\"Belen Pedernera Ferragut\" \/>\n<meta name=\"twitter:card\" content=\"summary_large_image\" \/>\n<meta name=\"twitter:label1\" content=\"Escrito por\" \/>\n\t<meta name=\"twitter:data1\" content=\"Belen Pedernera Ferragut\" \/>\n\t<meta name=\"twitter:label2\" content=\"Tiempo de lectura\" \/>\n\t<meta name=\"twitter:data2\" content=\"2 minutos\" \/>\n<script type=\"application\/ld+json\" class=\"yoast-schema-graph\">{\"@context\":\"https:\/\/schema.org\",\"@graph\":[{\"@type\":\"WebPage\",\"@id\":\"https:\/\/hcd.malargue.gov.ar\/?p=25188\",\"url\":\"https:\/\/hcd.malargue.gov.ar\/?p=25188\",\"name\":\"ORDENANZA N\u00b0 2.104\/2.021 - Malarg\u00fce HCD\",\"isPartOf\":{\"@id\":\"https:\/\/hcd.malargue.gov.ar\/#website\"},\"datePublished\":\"2021-07-19T13:31:02+00:00\",\"dateModified\":\"2021-07-19T13:31:02+00:00\",\"author\":{\"@id\":\"https:\/\/hcd.malargue.gov.ar\/#\/schema\/person\/3fd6bbab64edd703961b795156c955d0\"},\"breadcrumb\":{\"@id\":\"https:\/\/hcd.malargue.gov.ar\/?p=25188#breadcrumb\"},\"inLanguage\":\"es-AR\",\"potentialAction\":[{\"@type\":\"ReadAction\",\"target\":[\"https:\/\/hcd.malargue.gov.ar\/?p=25188\"]}]},{\"@type\":\"BreadcrumbList\",\"@id\":\"https:\/\/hcd.malargue.gov.ar\/?p=25188#breadcrumb\",\"itemListElement\":[{\"@type\":\"ListItem\",\"position\":1,\"name\":\"Inicio\",\"item\":\"https:\/\/hcd.malargue.gov.ar\/\"},{\"@type\":\"ListItem\",\"position\":2,\"name\":\"ORDENANZA N\u00b0 2.104\/2.021\"}]},{\"@type\":\"WebSite\",\"@id\":\"https:\/\/hcd.malargue.gov.ar\/#website\",\"url\":\"https:\/\/hcd.malargue.gov.ar\/\",\"name\":\"Malarg\u00fce HCD\",\"description\":\"Malarg\u00fce Mendoza Argentina\",\"potentialAction\":[{\"@type\":\"SearchAction\",\"target\":{\"@type\":\"EntryPoint\",\"urlTemplate\":\"https:\/\/hcd.malargue.gov.ar\/?s={search_term_string}\"},\"query-input\":\"required name=search_term_string\"}],\"inLanguage\":\"es-AR\"},{\"@type\":\"Person\",\"@id\":\"https:\/\/hcd.malargue.gov.ar\/#\/schema\/person\/3fd6bbab64edd703961b795156c955d0\",\"name\":\"Belen Pedernera Ferragut\",\"image\":{\"@type\":\"ImageObject\",\"inLanguage\":\"es-AR\",\"@id\":\"https:\/\/hcd.malargue.gov.ar\/#\/schema\/person\/image\/\",\"url\":\"https:\/\/secure.gravatar.com\/avatar\/1054ffab3893de4bb3eb29bdd22f7e34b8537bf5d34d9dab311818154ad5b71f?s=96&d=mm&r=g\",\"contentUrl\":\"https:\/\/secure.gravatar.com\/avatar\/1054ffab3893de4bb3eb29bdd22f7e34b8537bf5d34d9dab311818154ad5b71f?s=96&d=mm&r=g\",\"caption\":\"Belen Pedernera Ferragut\"},\"url\":\"https:\/\/hcd.malargue.gov.ar\/?author=5\"}]}<\/script>\n<!-- \/ Yoast SEO plugin. -->","yoast_head_json":{"title":"ORDENANZA N\u00b0 2.104\/2.021 - Malarg\u00fce HCD","robots":{"index":"index","follow":"follow","max-snippet":"max-snippet:-1","max-image-preview":"max-image-preview:large","max-video-preview":"max-video-preview:-1"},"canonical":"https:\/\/hcd.malargue.gov.ar\/?p=25188","og_locale":"es_ES","og_type":"article","og_title":"ORDENANZA N\u00b0 2.104\/2.021 - Malarg\u00fce HCD","og_description":"AUTORES: CONCEJALES PAOLA JOFRE, DANIELA FAVARI, SILVIA CORREA, JOSE BARRO Y ANDRES RISI BLOQUE FRENTE DE TODOS VISTO: El contenido del Expediente N\u00b0 4.941-HC-031-2.021. Bloque Frente de Todos. Proyecto de Ordenanza: Uso y dominio p\u00fablico\u00a0 y \u00a0sentido de circulaci\u00f3n de la prolongaci\u00f3n hacia el oeste de\u00a0 calle Las Bardas del barrio Virgen de los Vientos. [&hellip;]","og_url":"https:\/\/hcd.malargue.gov.ar\/?p=25188","og_site_name":"Malarg\u00fce HCD","article_published_time":"2021-07-19T13:31:02+00:00","og_image":[{"width":1280,"height":720,"url":"https:\/\/hcd.malargue.gov.ar\/wp-content\/uploads\/2021\/07\/on-2104-2021.jpg","type":"image\/jpeg"}],"author":"Belen Pedernera Ferragut","twitter_card":"summary_large_image","twitter_misc":{"Escrito por":"Belen Pedernera Ferragut","Tiempo de lectura":"2 minutos"},"schema":{"@context":"https:\/\/schema.org","@graph":[{"@type":"WebPage","@id":"https:\/\/hcd.malargue.gov.ar\/?p=25188","url":"https:\/\/hcd.malargue.gov.ar\/?p=25188","name":"ORDENANZA N\u00b0 2.104\/2.021 - Malarg\u00fce HCD","isPartOf":{"@id":"https:\/\/hcd.malargue.gov.ar\/#website"},"datePublished":"2021-07-19T13:31:02+00:00","dateModified":"2021-07-19T13:31:02+00:00","author":{"@id":"https:\/\/hcd.malargue.gov.ar\/#\/schema\/person\/3fd6bbab64edd703961b795156c955d0"},"breadcrumb":{"@id":"https:\/\/hcd.malargue.gov.ar\/?p=25188#breadcrumb"},"inLanguage":"es-AR","potentialAction":[{"@type":"ReadAction","target":["https:\/\/hcd.malargue.gov.ar\/?p=25188"]}]},{"@type":"BreadcrumbList","@id":"https:\/\/hcd.malargue.gov.ar\/?p=25188#breadcrumb","itemListElement":[{"@type":"ListItem","position":1,"name":"Inicio","item":"https:\/\/hcd.malargue.gov.ar\/"},{"@type":"ListItem","position":2,"name":"ORDENANZA N\u00b0 2.104\/2.021"}]},{"@type":"WebSite","@id":"https:\/\/hcd.malargue.gov.ar\/#website","url":"https:\/\/hcd.malargue.gov.ar\/","name":"Malarg\u00fce HCD","description":"Malarg\u00fce Mendoza Argentina","potentialAction":[{"@type":"SearchAction","target":{"@type":"EntryPoint","urlTemplate":"https:\/\/hcd.malargue.gov.ar\/?s={search_term_string}"},"query-input":"required name=search_term_string"}],"inLanguage":"es-AR"},{"@type":"Person","@id":"https:\/\/hcd.malargue.gov.ar\/#\/schema\/person\/3fd6bbab64edd703961b795156c955d0","name":"Belen Pedernera Ferragut","image":{"@type":"ImageObject","inLanguage":"es-AR","@id":"https:\/\/hcd.malargue.gov.ar\/#\/schema\/person\/image\/","url":"https:\/\/secure.gravatar.com\/avatar\/1054ffab3893de4bb3eb29bdd22f7e34b8537bf5d34d9dab311818154ad5b71f?s=96&d=mm&r=g","contentUrl":"https:\/\/secure.gravatar.com\/avatar\/1054ffab3893de4bb3eb29bdd22f7e34b8537bf5d34d9dab311818154ad5b71f?s=96&d=mm&r=g","caption":"Belen Pedernera Ferragut"},"url":"https:\/\/hcd.malargue.gov.ar\/?author=5"}]}},"_links":{"self":[{"href":"https:\/\/hcd.malargue.gov.ar\/index.php?rest_route=\/wp\/v2\/posts\/25188","targetHints":{"allow":["GET"]}}],"collection":[{"href":"https:\/\/hcd.malargue.gov.ar\/index.php?rest_route=\/wp\/v2\/posts"}],"about":[{"href":"https:\/\/hcd.malargue.gov.ar\/index.php?rest_route=\/wp\/v2\/types\/post"}],"author":[{"embeddable":true,"href":"https:\/\/hcd.malargue.gov.ar\/index.php?rest_route=\/wp\/v2\/users\/5"}],"replies":[{"embeddable":true,"href":"https:\/\/hcd.malargue.gov.ar\/index.php?rest_route=%2Fwp%2Fv2%2Fcomments&post=25188"}],"version-history":[{"count":0,"href":"https:\/\/hcd.malargue.gov.ar\/index.php?rest_route=\/wp\/v2\/posts\/25188\/revisions"}],"wp:featuredmedia":[{"embeddable":true,"href":"https:\/\/hcd.malargue.gov.ar\/index.php?rest_route=\/wp\/v2\/media\/25192"}],"wp:attachment":[{"href":"https:\/\/hcd.malargue.gov.ar\/index.php?rest_route=%2Fwp%2Fv2%2Fmedia&parent=25188"}],"wp:term":[{"taxonomy":"category","embeddable":true,"href":"https:\/\/hcd.malargue.gov.ar\/index.php?rest_route=%2Fwp%2Fv2%2Fcategories&post=25188"},{"taxonomy":"post_tag","embeddable":true,"href":"https:\/\/hcd.malargue.gov.ar\/index.php?rest_route=%2Fwp%2Fv2%2Ftags&post=25188"}],"curies":[{"name":"wp","href":"https:\/\/api.w.org\/{rel}","templated":true}]}}