{"id":25237,"date":"2021-07-21T09:42:28","date_gmt":"2021-07-21T12:42:28","guid":{"rendered":"https:\/\/hcd.malargue.gov.ar\/?p=25237"},"modified":"2021-07-21T09:42:28","modified_gmt":"2021-07-21T12:42:28","slug":"comunicacion-n-474-2-021","status":"publish","type":"post","link":"https:\/\/hcd.malargue.gov.ar\/?p=25237","title":{"rendered":"COMUNICACI\u00d3N N\u00b0 474\/2.021"},"content":{"rendered":"<p><strong>AUTORES:<\/strong> CONCEJALES PAOLA ROJO, GABRIEL ROSAS Y MARTIN PALMA<\/p>\n<p>BLOQUE FRENTE CAMBIA MENDOZA <a href=\"http:\/\/hcd.malargue.gov.ar\/hcdpdf\/cn%20474%202021%20solicitar%20mejoras%20PAMI.pdf\"><img loading=\"lazy\" decoding=\"async\" class=\"alignright wp-image-7950\" src=\"https:\/\/hcd.malargue.gov.ar\/wp-content\/uploads\/2018\/06\/PDF-JPG-300x300.jpg\" alt=\"\" width=\"83\" height=\"83\" srcset=\"https:\/\/hcd.malargue.gov.ar\/wp-content\/uploads\/2018\/06\/PDF-JPG-300x300.jpg 300w, https:\/\/hcd.malargue.gov.ar\/wp-content\/uploads\/2018\/06\/PDF-JPG-150x150.jpg 150w, https:\/\/hcd.malargue.gov.ar\/wp-content\/uploads\/2018\/06\/PDF-JPG.jpg 512w\" sizes=\"auto, (max-width: 83px) 100vw, 83px\" \/><\/a><\/p>\n<p>VISTO: El Expte. N\u00b0 4.975-HC-034-2.021. Bloque Frente Cambia Mendoza. Proyecto de Comunicaci\u00f3n: Reiterar el pedido, seg\u00fan Resoluci\u00f3n N\u00ba076\/2021 \u201cSolicitar a las\u00a0 Autoridades Departamentales, Provinciales y Nacionales del Programa de Atenci\u00f3n M\u00e9dica Integral (PAMI), mejoras de \u00e1mbito edilicio, atenci\u00f3n al p\u00fablico, y m\u00e1s \u00a0 Profesionales de la salud, para la Delegaci\u00f3n PAMI Malarg\u00fce\u201d<\/p>\n<p>La preocupaci\u00f3n que existe ante la falta nuevamente de Profesionales de PAMI \u00a0 Malarg\u00fce, \u00a0frente a las renuncias de dos Profesionales m\u00e9dicas.<\/p>\n<p>y;<\/p>\n<p>CONSIDERANDO: Que \u00a0la responsable de PAMI en Malarg\u00fce, inform\u00f3 el 12 de abril del \u00a0\u00a0\u00a0\u00a0\u00a0\u00a0\u00a0 corriente a\u00f1o la incorporaci\u00f3n de dos m\u00e9dicas de cabecera para la atenci\u00f3n\u00a0 del importante grupo de afiliados de nuestro Departamento.<\/p>\n<p>Que\u00a0 en abril ingresan en el equipo Profesionales m\u00e9dicos, que en los \u00faltimos d\u00edas \u00a0\u00a0\u00a0\u00a0\u00a0\u00a0\u00a0\u00a0 presentaron su renuncia \u201cpor el sistema ineficiente con el cual ellas no pueden \u00a0\u00a0\u00a0 trabajar\u201d, lo cual quedo manifestado ante un mensaje p\u00fablico, hacia sus pacientes por \u00a0\u00a0\u00a0\u00a0 ambas profesionales.<\/p>\n<p>Que \u00a0es voluntad de este cuerpo, continuar con el petitorio correspondiente a las Autoridades Nacionales del Programa de Atenci\u00f3n M\u00e9dica Integral (PAMI) a fin de \u00a0\u00a0 que realicen las gestiones pertinentes con el solo objetivo de dar una pronta respuesta \u00a0\u00a0\u00a0\u00a0 y soluci\u00f3n, a los afiliados de nuestro Departamento.<\/p>\n<p>Que \u00a0ante la falta de procedimientos administrativos competentes para la pronta contrataci\u00f3n de los Profesionales, reiteramos dicho petitorio en virtud de lo ya expresado en la Resoluci\u00f3n N\u00ba076\/2011, por el bien de los afiliados de PAMI Malarg\u00fce.<\/p>\n<p>EL HONORABLE CONCEJO DELIBERANTE DE MALARG\u00dcE EN USO DE LAS FACULTADES QUE LE SON PROPIAS<\/p>\n<p>COMUNICA<\/p>\n<p>ART\u00cdCULO 1: Reiterar el pedido, seg\u00fan Resoluci\u00f3n N\u00ba076\/2021 \u201cSolicitar a las Autoridades \u00a0\u00a0\u00a0\u00a0\u00a0\u00a0\u00a0\u00a0\u00a0\u00a0\u00a0 Departamentales, Provinciales y Nacionales del Programa de Atenci\u00f3n M\u00e9dica \u00a0 Integral (PAMI), mejoras de \u00e1mbito edilicio, atenci\u00f3n al p\u00fablico, y m\u00e1s Profesionales de la salud, para la delegaci\u00f3n PAMI Malarg\u00fce\u201d<\/p>\n<p>ART\u00cdCULO 2: Requerir bajo este contexto de emergencia sanitaria, la necesidad de lograr \u00a0\u00a0\u00a0\u00a0\u00a0\u00a0 de manera\u00a0 urgente y relevante una pronta soluci\u00f3n de cubrir la atenci\u00f3n m\u00e9dica que nuestros adultos mayores, afiliados de PAMI Malarg\u00fce\u00a0 requieren.<\/p>\n<p>ART\u00cdCULO 3: Elevar copia de la presenta pieza legal a:Programa de Atenci\u00f3n M\u00e9dica Integral \u2013 Sede Central; Programa de Atenci\u00f3n M\u00e9dica Integral \u2013 Sede Mendoza;\u00a0 Programa de Atenci\u00f3n M\u00e9dica Integral \u2013 Sede Malarg\u00fce; Legisladores Provinciales\u00a0 por el 4to Distrito Electoral y Asociaci\u00f3n de Jubilados y Pensionados del Sur Sede Malarg\u00fce.<\/p>\n<p>ARTICULO 4\u00b0: Comun\u00edquese, reg\u00edstrese, agr\u00e9guese copia de la presente en las actuaciones \u00a0\u00a0\u00a0\u00a0\u00a0\u00a0\u00a0\u00a0\u00a0\u00a0\u00a0 correspondientes y arch\u00edvese.<\/p>\n<p>DADA EN LA SALA DE SESIONES DR. RICARDO BALBIN DEL HONORABLE CONCEJO DELIBERANTE DE LA MUNICIPALIDAD DE MALARG\u00dcE A OCHO D\u00cdAS DE JULIO DE DOS MIL VEINTIUNO.<\/p>\n<p>&nbsp;<\/p>\n","protected":false},"excerpt":{"rendered":"<p>AUTORES: CONCEJALES PAOLA ROJO, GABRIEL ROSAS Y MARTIN PALMA BLOQUE FRENTE CAMBIA MENDOZA VISTO: El Expte. N\u00b0 4.975-HC-034-2.021. Bloque Frente Cambia Mendoza. Proyecto de Comunicaci\u00f3n: Reiterar el pedido, seg\u00fan Resoluci\u00f3n N\u00ba076\/2021 \u201cSolicitar a las\u00a0 Autoridades Departamentales, Provinciales y Nacionales del Programa de Atenci\u00f3n M\u00e9dica Integral (PAMI), mejoras de \u00e1mbito edilicio, atenci\u00f3n al p\u00fablico, y m\u00e1s [&hellip;]<\/p>\n","protected":false},"author":5,"featured_media":25238,"comment_status":"closed","ping_status":"closed","sticky":false,"template":"","format":"standard","meta":{"footnotes":""},"categories":[47,52,29,33],"tags":[],"class_list":["post-25237","post","type-post","status-publish","format-standard","has-post-thumbnail","hentry","category-comunicaciones","category-gacetillas","category-lesgilacion","category-prensa"],"yoast_head":"<!-- This site is optimized with the Yoast SEO plugin v19.10 - https:\/\/yoast.com\/wordpress\/plugins\/seo\/ -->\n<title>COMUNICACI\u00d3N N\u00b0 474\/2.021 - Malarg\u00fce HCD<\/title>\n<meta name=\"robots\" content=\"index, follow, max-snippet:-1, max-image-preview:large, max-video-preview:-1\" \/>\n<link rel=\"canonical\" href=\"https:\/\/hcd.malargue.gov.ar\/?p=25237\" \/>\n<meta property=\"og:locale\" content=\"es_ES\" \/>\n<meta property=\"og:type\" content=\"article\" \/>\n<meta property=\"og:title\" content=\"COMUNICACI\u00d3N N\u00b0 474\/2.021 - Malarg\u00fce HCD\" \/>\n<meta property=\"og:description\" content=\"AUTORES: CONCEJALES PAOLA ROJO, GABRIEL ROSAS Y MARTIN PALMA BLOQUE FRENTE CAMBIA MENDOZA VISTO: El Expte. N\u00b0 4.975-HC-034-2.021. Bloque Frente Cambia Mendoza. Proyecto de Comunicaci\u00f3n: Reiterar el pedido, seg\u00fan Resoluci\u00f3n N\u00ba076\/2021 \u201cSolicitar a las\u00a0 Autoridades Departamentales, Provinciales y Nacionales del Programa de Atenci\u00f3n M\u00e9dica Integral (PAMI), mejoras de \u00e1mbito edilicio, atenci\u00f3n al p\u00fablico, y m\u00e1s [&hellip;]\" \/>\n<meta property=\"og:url\" content=\"https:\/\/hcd.malargue.gov.ar\/?p=25237\" \/>\n<meta property=\"og:site_name\" content=\"Malarg\u00fce HCD\" \/>\n<meta property=\"article:published_time\" content=\"2021-07-21T12:42:28+00:00\" \/>\n<meta property=\"og:image\" content=\"https:\/\/hcd.malargue.gov.ar\/wp-content\/uploads\/2021\/07\/com-474-2021.jpg\" \/>\n\t<meta property=\"og:image:width\" content=\"1280\" \/>\n\t<meta property=\"og:image:height\" content=\"720\" \/>\n\t<meta property=\"og:image:type\" content=\"image\/jpeg\" \/>\n<meta name=\"author\" content=\"Belen Pedernera Ferragut\" \/>\n<meta name=\"twitter:card\" content=\"summary_large_image\" \/>\n<meta name=\"twitter:label1\" content=\"Escrito por\" \/>\n\t<meta name=\"twitter:data1\" content=\"Belen Pedernera Ferragut\" \/>\n\t<meta name=\"twitter:label2\" content=\"Tiempo de lectura\" \/>\n\t<meta name=\"twitter:data2\" content=\"2 minutos\" \/>\n<script type=\"application\/ld+json\" class=\"yoast-schema-graph\">{\"@context\":\"https:\/\/schema.org\",\"@graph\":[{\"@type\":\"WebPage\",\"@id\":\"https:\/\/hcd.malargue.gov.ar\/?p=25237\",\"url\":\"https:\/\/hcd.malargue.gov.ar\/?p=25237\",\"name\":\"COMUNICACI\u00d3N N\u00b0 474\/2.021 - Malarg\u00fce HCD\",\"isPartOf\":{\"@id\":\"https:\/\/hcd.malargue.gov.ar\/#website\"},\"datePublished\":\"2021-07-21T12:42:28+00:00\",\"dateModified\":\"2021-07-21T12:42:28+00:00\",\"author\":{\"@id\":\"https:\/\/hcd.malargue.gov.ar\/#\/schema\/person\/3fd6bbab64edd703961b795156c955d0\"},\"breadcrumb\":{\"@id\":\"https:\/\/hcd.malargue.gov.ar\/?p=25237#breadcrumb\"},\"inLanguage\":\"es-AR\",\"potentialAction\":[{\"@type\":\"ReadAction\",\"target\":[\"https:\/\/hcd.malargue.gov.ar\/?p=25237\"]}]},{\"@type\":\"BreadcrumbList\",\"@id\":\"https:\/\/hcd.malargue.gov.ar\/?p=25237#breadcrumb\",\"itemListElement\":[{\"@type\":\"ListItem\",\"position\":1,\"name\":\"Inicio\",\"item\":\"https:\/\/hcd.malargue.gov.ar\/\"},{\"@type\":\"ListItem\",\"position\":2,\"name\":\"COMUNICACI\u00d3N N\u00b0 474\/2.021\"}]},{\"@type\":\"WebSite\",\"@id\":\"https:\/\/hcd.malargue.gov.ar\/#website\",\"url\":\"https:\/\/hcd.malargue.gov.ar\/\",\"name\":\"Malarg\u00fce HCD\",\"description\":\"Malarg\u00fce Mendoza Argentina\",\"potentialAction\":[{\"@type\":\"SearchAction\",\"target\":{\"@type\":\"EntryPoint\",\"urlTemplate\":\"https:\/\/hcd.malargue.gov.ar\/?s={search_term_string}\"},\"query-input\":\"required name=search_term_string\"}],\"inLanguage\":\"es-AR\"},{\"@type\":\"Person\",\"@id\":\"https:\/\/hcd.malargue.gov.ar\/#\/schema\/person\/3fd6bbab64edd703961b795156c955d0\",\"name\":\"Belen Pedernera Ferragut\",\"image\":{\"@type\":\"ImageObject\",\"inLanguage\":\"es-AR\",\"@id\":\"https:\/\/hcd.malargue.gov.ar\/#\/schema\/person\/image\/\",\"url\":\"https:\/\/secure.gravatar.com\/avatar\/1054ffab3893de4bb3eb29bdd22f7e34b8537bf5d34d9dab311818154ad5b71f?s=96&d=mm&r=g\",\"contentUrl\":\"https:\/\/secure.gravatar.com\/avatar\/1054ffab3893de4bb3eb29bdd22f7e34b8537bf5d34d9dab311818154ad5b71f?s=96&d=mm&r=g\",\"caption\":\"Belen Pedernera Ferragut\"},\"url\":\"https:\/\/hcd.malargue.gov.ar\/?author=5\"}]}<\/script>\n<!-- \/ Yoast SEO plugin. -->","yoast_head_json":{"title":"COMUNICACI\u00d3N N\u00b0 474\/2.021 - Malarg\u00fce HCD","robots":{"index":"index","follow":"follow","max-snippet":"max-snippet:-1","max-image-preview":"max-image-preview:large","max-video-preview":"max-video-preview:-1"},"canonical":"https:\/\/hcd.malargue.gov.ar\/?p=25237","og_locale":"es_ES","og_type":"article","og_title":"COMUNICACI\u00d3N N\u00b0 474\/2.021 - Malarg\u00fce HCD","og_description":"AUTORES: CONCEJALES PAOLA ROJO, GABRIEL ROSAS Y MARTIN PALMA BLOQUE FRENTE CAMBIA MENDOZA VISTO: El Expte. N\u00b0 4.975-HC-034-2.021. Bloque Frente Cambia Mendoza. Proyecto de Comunicaci\u00f3n: Reiterar el pedido, seg\u00fan Resoluci\u00f3n N\u00ba076\/2021 \u201cSolicitar a las\u00a0 Autoridades Departamentales, Provinciales y Nacionales del Programa de Atenci\u00f3n M\u00e9dica Integral (PAMI), mejoras de \u00e1mbito edilicio, atenci\u00f3n al p\u00fablico, y m\u00e1s [&hellip;]","og_url":"https:\/\/hcd.malargue.gov.ar\/?p=25237","og_site_name":"Malarg\u00fce HCD","article_published_time":"2021-07-21T12:42:28+00:00","og_image":[{"width":1280,"height":720,"url":"https:\/\/hcd.malargue.gov.ar\/wp-content\/uploads\/2021\/07\/com-474-2021.jpg","type":"image\/jpeg"}],"author":"Belen Pedernera Ferragut","twitter_card":"summary_large_image","twitter_misc":{"Escrito por":"Belen Pedernera Ferragut","Tiempo de lectura":"2 minutos"},"schema":{"@context":"https:\/\/schema.org","@graph":[{"@type":"WebPage","@id":"https:\/\/hcd.malargue.gov.ar\/?p=25237","url":"https:\/\/hcd.malargue.gov.ar\/?p=25237","name":"COMUNICACI\u00d3N N\u00b0 474\/2.021 - Malarg\u00fce HCD","isPartOf":{"@id":"https:\/\/hcd.malargue.gov.ar\/#website"},"datePublished":"2021-07-21T12:42:28+00:00","dateModified":"2021-07-21T12:42:28+00:00","author":{"@id":"https:\/\/hcd.malargue.gov.ar\/#\/schema\/person\/3fd6bbab64edd703961b795156c955d0"},"breadcrumb":{"@id":"https:\/\/hcd.malargue.gov.ar\/?p=25237#breadcrumb"},"inLanguage":"es-AR","potentialAction":[{"@type":"ReadAction","target":["https:\/\/hcd.malargue.gov.ar\/?p=25237"]}]},{"@type":"BreadcrumbList","@id":"https:\/\/hcd.malargue.gov.ar\/?p=25237#breadcrumb","itemListElement":[{"@type":"ListItem","position":1,"name":"Inicio","item":"https:\/\/hcd.malargue.gov.ar\/"},{"@type":"ListItem","position":2,"name":"COMUNICACI\u00d3N N\u00b0 474\/2.021"}]},{"@type":"WebSite","@id":"https:\/\/hcd.malargue.gov.ar\/#website","url":"https:\/\/hcd.malargue.gov.ar\/","name":"Malarg\u00fce HCD","description":"Malarg\u00fce Mendoza Argentina","potentialAction":[{"@type":"SearchAction","target":{"@type":"EntryPoint","urlTemplate":"https:\/\/hcd.malargue.gov.ar\/?s={search_term_string}"},"query-input":"required name=search_term_string"}],"inLanguage":"es-AR"},{"@type":"Person","@id":"https:\/\/hcd.malargue.gov.ar\/#\/schema\/person\/3fd6bbab64edd703961b795156c955d0","name":"Belen Pedernera Ferragut","image":{"@type":"ImageObject","inLanguage":"es-AR","@id":"https:\/\/hcd.malargue.gov.ar\/#\/schema\/person\/image\/","url":"https:\/\/secure.gravatar.com\/avatar\/1054ffab3893de4bb3eb29bdd22f7e34b8537bf5d34d9dab311818154ad5b71f?s=96&d=mm&r=g","contentUrl":"https:\/\/secure.gravatar.com\/avatar\/1054ffab3893de4bb3eb29bdd22f7e34b8537bf5d34d9dab311818154ad5b71f?s=96&d=mm&r=g","caption":"Belen Pedernera Ferragut"},"url":"https:\/\/hcd.malargue.gov.ar\/?author=5"}]}},"_links":{"self":[{"href":"https:\/\/hcd.malargue.gov.ar\/index.php?rest_route=\/wp\/v2\/posts\/25237","targetHints":{"allow":["GET"]}}],"collection":[{"href":"https:\/\/hcd.malargue.gov.ar\/index.php?rest_route=\/wp\/v2\/posts"}],"about":[{"href":"https:\/\/hcd.malargue.gov.ar\/index.php?rest_route=\/wp\/v2\/types\/post"}],"author":[{"embeddable":true,"href":"https:\/\/hcd.malargue.gov.ar\/index.php?rest_route=\/wp\/v2\/users\/5"}],"replies":[{"embeddable":true,"href":"https:\/\/hcd.malargue.gov.ar\/index.php?rest_route=%2Fwp%2Fv2%2Fcomments&post=25237"}],"version-history":[{"count":0,"href":"https:\/\/hcd.malargue.gov.ar\/index.php?rest_route=\/wp\/v2\/posts\/25237\/revisions"}],"wp:featuredmedia":[{"embeddable":true,"href":"https:\/\/hcd.malargue.gov.ar\/index.php?rest_route=\/wp\/v2\/media\/25238"}],"wp:attachment":[{"href":"https:\/\/hcd.malargue.gov.ar\/index.php?rest_route=%2Fwp%2Fv2%2Fmedia&parent=25237"}],"wp:term":[{"taxonomy":"category","embeddable":true,"href":"https:\/\/hcd.malargue.gov.ar\/index.php?rest_route=%2Fwp%2Fv2%2Fcategories&post=25237"},{"taxonomy":"post_tag","embeddable":true,"href":"https:\/\/hcd.malargue.gov.ar\/index.php?rest_route=%2Fwp%2Fv2%2Ftags&post=25237"}],"curies":[{"name":"wp","href":"https:\/\/api.w.org\/{rel}","templated":true}]}}