{"id":25271,"date":"2021-07-21T11:47:42","date_gmt":"2021-07-21T14:47:42","guid":{"rendered":"https:\/\/hcd.malargue.gov.ar\/?p=25271"},"modified":"2021-07-21T12:56:23","modified_gmt":"2021-07-21T15:56:23","slug":"ordenanza-n-2-105-2-021","status":"publish","type":"post","link":"https:\/\/hcd.malargue.gov.ar\/?p=25271","title":{"rendered":"ORDENANZA\u00a0 N\u00b0 2.105\/2.021"},"content":{"rendered":"<p><strong>AUTORA:<\/strong> CONCEJAL PAOLA ROJO<\/p>\n<p data-wp-editing=\"1\">BLOQUE FRENTE CAMBIA MENDOZA <a href=\"http:\/\/hcd.malargue.gov.ar\/hcdpdf\/on%202105%202021%20potencial%20emprendedor%20b%20virgen%20del%20carmen.pdf\"><img loading=\"lazy\" decoding=\"async\" class=\"alignright wp-image-7950\" src=\"https:\/\/hcd.malargue.gov.ar\/wp-content\/uploads\/2018\/06\/PDF-JPG-300x300.jpg\" alt=\"\" width=\"114\" height=\"114\" srcset=\"https:\/\/hcd.malargue.gov.ar\/wp-content\/uploads\/2018\/06\/PDF-JPG-300x300.jpg 300w, https:\/\/hcd.malargue.gov.ar\/wp-content\/uploads\/2018\/06\/PDF-JPG-150x150.jpg 150w, https:\/\/hcd.malargue.gov.ar\/wp-content\/uploads\/2018\/06\/PDF-JPG.jpg 512w\" sizes=\"auto, (max-width: 114px) 100vw, 114px\" \/><\/a><\/p>\n<p>VISTO: El Expte. N\u00b0 5.000-HC-036-2.021. Bloque Frente\u00a0 Cambia Mendoza. Proyecto de \u00a0 Ordenanza: Estimular el potencial emprendedor de los vecinos del B\u00b0 Virgen del Carmen, \u00a0en referencia\u00a0 al avance Tur\u00edstico Proyecto Playa R\u00edo Malarg\u00fce.<\/p>\n<p>Que es uno de los Barrios ubicado en un punto de ingreso del departamento por Ruta Nacional 40 Sur, a ocho\u00a0 kil\u00f3metros de la ciudad, y punto de acceso a la \u00a0\u00a0\u00a0\u00a0\u00a0 futura playa, por una colectora de la misma.<\/p>\n<p>y;<\/p>\n<p>CONSIDERANDO. Que es un proyecto que pretende dar un\u00a0 impacto visual, recreativo \u00a0\u00a0\u00a0\u00a0\u00a0\u00a0\u00a0\u00a0\u00a0\u00a0\u00a0 y ecol\u00f3gico en la entrada de la Ciudad, en la vera del oeste del R\u00edo Malarg\u00fce, y \u00a0\u00a0 adem\u00e1s procura revalorizar la costa del R\u00edo Malarg\u00fce que hist\u00f3ricamente ha sido \u00a0\u00a0\u00a0\u00a0\u00a0\u00a0\u00a0\u00a0\u00a0\u00a0 utilizada por la poblaci\u00f3n local y turistas con fines recreativos en temporada de verano, principalmente en las zonas aleda\u00f1as al puente perteneciente a la Ruta N\u00ba40 sur y tres puntos de f\u00e1cil acceso sobre la margen suroeste del mismo r\u00edo entre el Dique Blas Brisoli y el puente de la Ruta Nacional N\u00ba 40 Sur. (ANEXO I).<\/p>\n<p>Que con el mismo se busca regular esta actividad y centralizar el impacto que se \u00a0\u00a0\u00a0\u00a0\u00a0\u00a0\u00a0\u00a0\u00a0\u00a0\u00a0 genera al realizar acciones en ambientes naturales. En la actualidad las \u00e1reas de \u00a0\u00a0\u00a0\u00a0 uso \u00a0\u00a0\u00a0\u00a0 informal no cuentan con gesti\u00f3n de residuos, servicios sanitarios y de seguridad \u00a0\u00a0\u00a0\u00a0\u00a0 que permitan al visitante una estad\u00eda confortable y segura.<\/p>\n<p>Que este proyecto tur\u00edstico, pr\u00f3ximamente \u201cPlaya R\u00edo Malarg\u00fce\u201d estar\u00e1 situado muy \u00a0\u00a0\u00a0 cerca\u00a0 del Departamento, con f\u00e1cil acceso permitir\u00e1 movimientos fluidos de personas, tales como personal para cuidado y mantenimiento, turistas y visitantes \u00a0\u00a0\u00a0\u00a0\u00a0\u00a0\u00a0\u00a0\u00a0 de la zona.<\/p>\n<p>Que \u00a0sobre el principal\u00a0\u00a0 acceso se localiza el Barrio Virgen del Carmen, donde \u00a0 radican artesanos y potenciales emprendedores, que desarrollan productos propios \u00a0\u00a0\u00a0\u00a0\u00a0 de nuestra cultura y gastronom\u00eda local, entre otros. Quienes tendr\u00e1n la posibilidad \u00a0\u00a0\u00a0\u00a0\u00a0\u00a0\u00a0\u00a0\u00a0\u00a0 de brindar productos y servicios regionales, los cuales generaran un punto de \u00a0\u00a0\u00a0 atracci\u00f3n interesante para los diferentes visitantes.<\/p>\n<p>Que por la idiosincrasia de este n\u00facleo urbano, se pueden desarrollar prestaciones \u00a0\u00a0\u00a0\u00a0\u00a0\u00a0\u00a0\u00a0\u00a0 tur\u00edsticas, tales como:<\/p>\n<p>*Artesan\u00edas.<\/p>\n<p>*Cabalgatas.<\/p>\n<p>*Gastronom\u00eda (chivito, pan casero, tortas fritas, pasteles etc.)<\/p>\n<p>*Interpretaci\u00f3n de senderos, tales como reconocimiento de plantas \u00a0\u00a0\u00a0\u00a0\u00a0\u00a0\u00a0\u00a0\u00a0\u00a0\u00a0\u00a0\u00a0\u00a0\u00a0\u00a0\u00a0\u00a0\u00a0\u00a0\u00a0\u00a0\u00a0\u00a0\u00a0\u00a0\u00a0\u00a0\u00a0\u00a0\u00a0\u00a0\u00a0 \u00a0\u00a0aut\u00f3ctonas, mineralog\u00eda, geolog\u00eda, etc.<\/p>\n<p>*Trekking.<\/p>\n<p>*Entre otras actividades recreativas, que complementaran el \u00a0\u00a0\u00a0\u00a0\u00a0\u00a0\u00a0\u00a0\u00a0\u00a0\u00a0\u00a0\u00a0\u00a0\u00a0\u00a0\u00a0\u00a0\u00a0\u00a0\u00a0\u00a0\u00a0\u00a0\u00a0\u00a0\u00a0\u00a0\u00a0\u00a0\u00a0\u00a0 \u00a0\u00a0\u00a0\u00a0\u00a0\u00a0\u00a0\u00a0\u00a0\u00a0\u00a0 dinamismo que este futuro balneario generar\u00e1.<\/p>\n<p>Que \u00a0de este modo se activaran aptitudes, creatividad, ideas y modelos de oficios \u00a0\u00a0\u00a0\u00a0\u00a0\u00a0\u00a0\u00a0\u00a0\u00a0 innovadores que sorprender\u00e1n a los propios vecinos, quienes ser\u00e1n capaces de hacer algo diferente y traducir sus pasiones personales, en iniciativas sustentables \u00a0\u00a0\u00a0\u00a0\u00a0\u00a0\u00a0\u00a0 y lucrativas.<\/p>\n<p>Que ser\u00e1 una alternativa econ\u00f3mica independiente, para quienes, por diferentes \u00a0 circunstancias, requieren ingresar al \u00e1mbito laboral.<\/p>\n<p>Que se tendr\u00e1 en cuenta las necesidades de los pobladores actuales, incluyendo el \u00a0\u00a0\u00a0\u00a0\u00a0\u00a0\u00a0\u00a0\u00a0 uso de recursos naturales para su subsistencia, en la medida que estas no afecten \u00a0\u00a0\u00a0\u00a0\u00a0\u00a0\u00a0\u00a0\u00a0\u00a0\u00a0 otros recursos de la zona.<\/p>\n<p>Que \u00a0aplicando pol\u00edticas de acci\u00f3n, ser\u00e1 un potencial econ\u00f3mico y social significativo, el cual se desplegar\u00e1 dentro de un marco de actividades, recreativas y tur\u00edsticas, compatibles con el entorno natural y cultural.<\/p>\n<p>EL HONORABLE CONCEJO DELIBERANTE DE \u00a0LA MUNICIPALIDAD DE MALARG\u00dcE EN USO DE LAS FACULTADES QUE LE SON PROPIAS<\/p>\n<p>ORDENA<\/p>\n<p>ART\u00cdCULO 1: Estimular el potencial emprendedor de los vecinos del Barrio \u00a0Virgen del \u00a0\u00a0\u00a0\u00a0\u00a0\u00a0\u00a0\u00a0\u00a0 Carmen, con el prop\u00f3sito de estimular su econom\u00eda y desarrollo social,\u00a0 favorecidos pr\u00f3ximamente por avance tur\u00edstico \u201cProyecto Playa R\u00edo Malarg\u00fce\u201d.<\/p>\n<p>ART\u00cdCULO 2: Gen\u00e9rense \u00a0\u00a0alternativas laborales para la comunidad del Barrio \u00a0Virgen del \u00a0\u00a0\u00a0\u00a0\u00a0\u00a0 Carmen, basadas en emprendimientos, de modo de contribuir al desarrollo econ\u00f3mico y social.<\/p>\n<p>ART\u00cdCULO 3: Act\u00edvense \u00a0capacidades innovadoras, como as\u00ed tambi\u00e9n labores y oficios \u00a0\u00a0\u00a0\u00a0\u00a0\u00a0\u00a0\u00a0\u00a0\u00a0\u00a0 ancestrales propios de los vecinos, traducidas en pasiones personales y \u00a0\u00a0\u00a0\u00a0\u00a0\u00a0\u00a0\u00a0\u00a0\u00a0 fundamentalmente en iniciativas sustentables y lucrativas.<\/p>\n<p>ART\u00cdCULO 4\u00b0: Artic\u00falense distintas \u00a0Direcciones del Departamento Ejecutivo, que dentro \u00a0\u00a0\u00a0\u00a0\u00a0\u00a0 de su \u00a0\u00a0\u00a0\u00a0\u00a0\u00a0\u00a0\u00a0\u00a0\u00a0\u00a0 misi\u00f3n, fortalecer\u00e1n y estimular\u00e1n fuertemente, este proceso de incentivar el \u00a0\u00a0\u00a0\u00a0\u00a0\u00a0 potencial emprendedor de los vecinos del Barrio Virgen del Carmen.<\/p>\n<p>ART\u00cdCULO 5: Rem\u00edtase \u00a0copia de la presente, a la comunidad del Barrio \u00a0Virgen del Carmen.<\/p>\n<p>ART\u00cdCULO 6: Comun\u00edquese, reg\u00edstrese, c\u00famplase, publ\u00edquese, agr\u00e9guese copia de la \u00a0\u00a0 presente en las actuaciones correspondientes y arch\u00edvese.<\/p>\n<p>DADA EN LA SALA DE SESIONES DR. RICARDO BALBIN DEL HONORABLE CONCEJO DELIBERANTE DE LA MUNICIPALIDAD DE MALARG\u00dcE A QUINCE D\u00cdAS DE JULIO DE DOS MIL VEINTIUNO.<\/p>\n<p>&nbsp;<\/p>\n<p>&nbsp;<\/p>\n<p>&nbsp;<\/p>\n<p>&nbsp;<\/p>\n<p>&nbsp;<\/p>\n<p>&nbsp;<\/p>\n<p>&nbsp;<\/p>\n<p>&nbsp;<\/p>\n<p>&nbsp;<\/p>\n<p>&nbsp;<\/p>\n<p>&nbsp;<\/p>\n<p>&nbsp;<\/p>\n<p>&nbsp;<\/p>\n<p>&nbsp;<\/p>\n<p>&nbsp;<\/p>\n<p>&nbsp;<\/p>\n<p>&nbsp;<\/p>\n<p>&nbsp;<\/p>\n<p><strong>ANEXO I<\/strong><\/p>\n<p>Croquis de Acceso a la futura Playa R\u00edo Malarg\u00fce<\/p>\n","protected":false},"excerpt":{"rendered":"<p>AUTORA: CONCEJAL PAOLA ROJO BLOQUE FRENTE CAMBIA MENDOZA VISTO: El Expte. N\u00b0 5.000-HC-036-2.021. Bloque Frente\u00a0 Cambia Mendoza. Proyecto de \u00a0 Ordenanza: Estimular el potencial emprendedor de los vecinos del B\u00b0 Virgen del Carmen, \u00a0en referencia\u00a0 al avance Tur\u00edstico Proyecto Playa R\u00edo Malarg\u00fce. Que es uno de los Barrios ubicado en un punto de ingreso del [&hellip;]<\/p>\n","protected":false},"author":5,"featured_media":25272,"comment_status":"closed","ping_status":"closed","sticky":false,"template":"","format":"standard","meta":{"footnotes":""},"categories":[52,29,48,33],"tags":[],"class_list":["post-25271","post","type-post","status-publish","format-standard","has-post-thumbnail","hentry","category-gacetillas","category-lesgilacion","category-ordenanzas-municipales","category-prensa"],"yoast_head":"<!-- This site is optimized with the Yoast SEO plugin v19.10 - https:\/\/yoast.com\/wordpress\/plugins\/seo\/ -->\n<title>ORDENANZA\u00a0 N\u00b0 2.105\/2.021 - Malarg\u00fce HCD<\/title>\n<meta name=\"robots\" content=\"index, follow, max-snippet:-1, max-image-preview:large, max-video-preview:-1\" \/>\n<link rel=\"canonical\" href=\"https:\/\/hcd.malargue.gov.ar\/?p=25271\" \/>\n<meta property=\"og:locale\" content=\"es_ES\" \/>\n<meta property=\"og:type\" content=\"article\" \/>\n<meta property=\"og:title\" content=\"ORDENANZA\u00a0 N\u00b0 2.105\/2.021 - Malarg\u00fce HCD\" \/>\n<meta property=\"og:description\" content=\"AUTORA: CONCEJAL PAOLA ROJO BLOQUE FRENTE CAMBIA MENDOZA VISTO: El Expte. N\u00b0 5.000-HC-036-2.021. Bloque Frente\u00a0 Cambia Mendoza. Proyecto de \u00a0 Ordenanza: Estimular el potencial emprendedor de los vecinos del B\u00b0 Virgen del Carmen, \u00a0en referencia\u00a0 al avance Tur\u00edstico Proyecto Playa R\u00edo Malarg\u00fce. Que es uno de los Barrios ubicado en un punto de ingreso del [&hellip;]\" \/>\n<meta property=\"og:url\" content=\"https:\/\/hcd.malargue.gov.ar\/?p=25271\" \/>\n<meta property=\"og:site_name\" content=\"Malarg\u00fce HCD\" \/>\n<meta property=\"article:published_time\" content=\"2021-07-21T14:47:42+00:00\" \/>\n<meta property=\"article:modified_time\" content=\"2021-07-21T15:56:23+00:00\" \/>\n<meta property=\"og:image\" content=\"https:\/\/hcd.malargue.gov.ar\/wp-content\/uploads\/2021\/07\/on-2105-2021.jpg\" \/>\n\t<meta property=\"og:image:width\" content=\"1280\" \/>\n\t<meta property=\"og:image:height\" content=\"720\" \/>\n\t<meta property=\"og:image:type\" content=\"image\/jpeg\" \/>\n<meta name=\"author\" content=\"Belen Pedernera Ferragut\" \/>\n<meta name=\"twitter:card\" content=\"summary_large_image\" \/>\n<meta name=\"twitter:label1\" content=\"Escrito por\" \/>\n\t<meta name=\"twitter:data1\" content=\"Belen Pedernera Ferragut\" \/>\n\t<meta name=\"twitter:label2\" content=\"Tiempo de lectura\" \/>\n\t<meta name=\"twitter:data2\" content=\"4 minutos\" \/>\n<script type=\"application\/ld+json\" class=\"yoast-schema-graph\">{\"@context\":\"https:\/\/schema.org\",\"@graph\":[{\"@type\":\"WebPage\",\"@id\":\"https:\/\/hcd.malargue.gov.ar\/?p=25271\",\"url\":\"https:\/\/hcd.malargue.gov.ar\/?p=25271\",\"name\":\"ORDENANZA\u00a0 N\u00b0 2.105\/2.021 - Malarg\u00fce HCD\",\"isPartOf\":{\"@id\":\"https:\/\/hcd.malargue.gov.ar\/#website\"},\"datePublished\":\"2021-07-21T14:47:42+00:00\",\"dateModified\":\"2021-07-21T15:56:23+00:00\",\"author\":{\"@id\":\"https:\/\/hcd.malargue.gov.ar\/#\/schema\/person\/3fd6bbab64edd703961b795156c955d0\"},\"breadcrumb\":{\"@id\":\"https:\/\/hcd.malargue.gov.ar\/?p=25271#breadcrumb\"},\"inLanguage\":\"es-AR\",\"potentialAction\":[{\"@type\":\"ReadAction\",\"target\":[\"https:\/\/hcd.malargue.gov.ar\/?p=25271\"]}]},{\"@type\":\"BreadcrumbList\",\"@id\":\"https:\/\/hcd.malargue.gov.ar\/?p=25271#breadcrumb\",\"itemListElement\":[{\"@type\":\"ListItem\",\"position\":1,\"name\":\"Inicio\",\"item\":\"https:\/\/hcd.malargue.gov.ar\/\"},{\"@type\":\"ListItem\",\"position\":2,\"name\":\"ORDENANZA\u00a0 N\u00b0 2.105\/2.021\"}]},{\"@type\":\"WebSite\",\"@id\":\"https:\/\/hcd.malargue.gov.ar\/#website\",\"url\":\"https:\/\/hcd.malargue.gov.ar\/\",\"name\":\"Malarg\u00fce HCD\",\"description\":\"Malarg\u00fce Mendoza Argentina\",\"potentialAction\":[{\"@type\":\"SearchAction\",\"target\":{\"@type\":\"EntryPoint\",\"urlTemplate\":\"https:\/\/hcd.malargue.gov.ar\/?s={search_term_string}\"},\"query-input\":\"required name=search_term_string\"}],\"inLanguage\":\"es-AR\"},{\"@type\":\"Person\",\"@id\":\"https:\/\/hcd.malargue.gov.ar\/#\/schema\/person\/3fd6bbab64edd703961b795156c955d0\",\"name\":\"Belen Pedernera Ferragut\",\"image\":{\"@type\":\"ImageObject\",\"inLanguage\":\"es-AR\",\"@id\":\"https:\/\/hcd.malargue.gov.ar\/#\/schema\/person\/image\/\",\"url\":\"https:\/\/secure.gravatar.com\/avatar\/1054ffab3893de4bb3eb29bdd22f7e34b8537bf5d34d9dab311818154ad5b71f?s=96&d=mm&r=g\",\"contentUrl\":\"https:\/\/secure.gravatar.com\/avatar\/1054ffab3893de4bb3eb29bdd22f7e34b8537bf5d34d9dab311818154ad5b71f?s=96&d=mm&r=g\",\"caption\":\"Belen Pedernera Ferragut\"},\"url\":\"https:\/\/hcd.malargue.gov.ar\/?author=5\"}]}<\/script>\n<!-- \/ Yoast SEO plugin. -->","yoast_head_json":{"title":"ORDENANZA\u00a0 N\u00b0 2.105\/2.021 - Malarg\u00fce HCD","robots":{"index":"index","follow":"follow","max-snippet":"max-snippet:-1","max-image-preview":"max-image-preview:large","max-video-preview":"max-video-preview:-1"},"canonical":"https:\/\/hcd.malargue.gov.ar\/?p=25271","og_locale":"es_ES","og_type":"article","og_title":"ORDENANZA\u00a0 N\u00b0 2.105\/2.021 - Malarg\u00fce HCD","og_description":"AUTORA: CONCEJAL PAOLA ROJO BLOQUE FRENTE CAMBIA MENDOZA VISTO: El Expte. N\u00b0 5.000-HC-036-2.021. Bloque Frente\u00a0 Cambia Mendoza. Proyecto de \u00a0 Ordenanza: Estimular el potencial emprendedor de los vecinos del B\u00b0 Virgen del Carmen, \u00a0en referencia\u00a0 al avance Tur\u00edstico Proyecto Playa R\u00edo Malarg\u00fce. Que es uno de los Barrios ubicado en un punto de ingreso del [&hellip;]","og_url":"https:\/\/hcd.malargue.gov.ar\/?p=25271","og_site_name":"Malarg\u00fce HCD","article_published_time":"2021-07-21T14:47:42+00:00","article_modified_time":"2021-07-21T15:56:23+00:00","og_image":[{"width":1280,"height":720,"url":"https:\/\/hcd.malargue.gov.ar\/wp-content\/uploads\/2021\/07\/on-2105-2021.jpg","type":"image\/jpeg"}],"author":"Belen Pedernera Ferragut","twitter_card":"summary_large_image","twitter_misc":{"Escrito por":"Belen Pedernera Ferragut","Tiempo de lectura":"4 minutos"},"schema":{"@context":"https:\/\/schema.org","@graph":[{"@type":"WebPage","@id":"https:\/\/hcd.malargue.gov.ar\/?p=25271","url":"https:\/\/hcd.malargue.gov.ar\/?p=25271","name":"ORDENANZA\u00a0 N\u00b0 2.105\/2.021 - Malarg\u00fce HCD","isPartOf":{"@id":"https:\/\/hcd.malargue.gov.ar\/#website"},"datePublished":"2021-07-21T14:47:42+00:00","dateModified":"2021-07-21T15:56:23+00:00","author":{"@id":"https:\/\/hcd.malargue.gov.ar\/#\/schema\/person\/3fd6bbab64edd703961b795156c955d0"},"breadcrumb":{"@id":"https:\/\/hcd.malargue.gov.ar\/?p=25271#breadcrumb"},"inLanguage":"es-AR","potentialAction":[{"@type":"ReadAction","target":["https:\/\/hcd.malargue.gov.ar\/?p=25271"]}]},{"@type":"BreadcrumbList","@id":"https:\/\/hcd.malargue.gov.ar\/?p=25271#breadcrumb","itemListElement":[{"@type":"ListItem","position":1,"name":"Inicio","item":"https:\/\/hcd.malargue.gov.ar\/"},{"@type":"ListItem","position":2,"name":"ORDENANZA\u00a0 N\u00b0 2.105\/2.021"}]},{"@type":"WebSite","@id":"https:\/\/hcd.malargue.gov.ar\/#website","url":"https:\/\/hcd.malargue.gov.ar\/","name":"Malarg\u00fce HCD","description":"Malarg\u00fce Mendoza Argentina","potentialAction":[{"@type":"SearchAction","target":{"@type":"EntryPoint","urlTemplate":"https:\/\/hcd.malargue.gov.ar\/?s={search_term_string}"},"query-input":"required name=search_term_string"}],"inLanguage":"es-AR"},{"@type":"Person","@id":"https:\/\/hcd.malargue.gov.ar\/#\/schema\/person\/3fd6bbab64edd703961b795156c955d0","name":"Belen Pedernera Ferragut","image":{"@type":"ImageObject","inLanguage":"es-AR","@id":"https:\/\/hcd.malargue.gov.ar\/#\/schema\/person\/image\/","url":"https:\/\/secure.gravatar.com\/avatar\/1054ffab3893de4bb3eb29bdd22f7e34b8537bf5d34d9dab311818154ad5b71f?s=96&d=mm&r=g","contentUrl":"https:\/\/secure.gravatar.com\/avatar\/1054ffab3893de4bb3eb29bdd22f7e34b8537bf5d34d9dab311818154ad5b71f?s=96&d=mm&r=g","caption":"Belen Pedernera Ferragut"},"url":"https:\/\/hcd.malargue.gov.ar\/?author=5"}]}},"_links":{"self":[{"href":"https:\/\/hcd.malargue.gov.ar\/index.php?rest_route=\/wp\/v2\/posts\/25271","targetHints":{"allow":["GET"]}}],"collection":[{"href":"https:\/\/hcd.malargue.gov.ar\/index.php?rest_route=\/wp\/v2\/posts"}],"about":[{"href":"https:\/\/hcd.malargue.gov.ar\/index.php?rest_route=\/wp\/v2\/types\/post"}],"author":[{"embeddable":true,"href":"https:\/\/hcd.malargue.gov.ar\/index.php?rest_route=\/wp\/v2\/users\/5"}],"replies":[{"embeddable":true,"href":"https:\/\/hcd.malargue.gov.ar\/index.php?rest_route=%2Fwp%2Fv2%2Fcomments&post=25271"}],"version-history":[{"count":0,"href":"https:\/\/hcd.malargue.gov.ar\/index.php?rest_route=\/wp\/v2\/posts\/25271\/revisions"}],"wp:featuredmedia":[{"embeddable":true,"href":"https:\/\/hcd.malargue.gov.ar\/index.php?rest_route=\/wp\/v2\/media\/25272"}],"wp:attachment":[{"href":"https:\/\/hcd.malargue.gov.ar\/index.php?rest_route=%2Fwp%2Fv2%2Fmedia&parent=25271"}],"wp:term":[{"taxonomy":"category","embeddable":true,"href":"https:\/\/hcd.malargue.gov.ar\/index.php?rest_route=%2Fwp%2Fv2%2Fcategories&post=25271"},{"taxonomy":"post_tag","embeddable":true,"href":"https:\/\/hcd.malargue.gov.ar\/index.php?rest_route=%2Fwp%2Fv2%2Ftags&post=25271"}],"curies":[{"name":"wp","href":"https:\/\/api.w.org\/{rel}","templated":true}]}}