{"id":25295,"date":"2021-07-22T12:17:35","date_gmt":"2021-07-22T15:17:35","guid":{"rendered":"https:\/\/hcd.malargue.gov.ar\/?p=25295"},"modified":"2021-07-22T12:18:03","modified_gmt":"2021-07-22T15:18:03","slug":"ordenanza-n-2-107-2-021","status":"publish","type":"post","link":"https:\/\/hcd.malargue.gov.ar\/?p=25295","title":{"rendered":"ORDENANZA N\u00b0 2.107\/2.021"},"content":{"rendered":"<p><strong>AUTORES:<\/strong> CONCEJALES PAOLA JOFRE, DANIELA FAVARI, SILVIA CORREA, JOSE BARRO Y ANDRES RISI<\/p>\n<p>BLOQUE FRENTE DE TODOS <a href=\"http:\/\/hcd.malargue.gov.ar\/hcdpdf\/on%202107%202021%20uso%20publico%20calle%20paralela%20cortina%20forestal.pdf\"><img loading=\"lazy\" decoding=\"async\" class=\"alignright wp-image-7950\" src=\"https:\/\/hcd.malargue.gov.ar\/wp-content\/uploads\/2018\/06\/PDF-JPG-300x300.jpg\" alt=\"\" width=\"99\" height=\"99\" srcset=\"https:\/\/hcd.malargue.gov.ar\/wp-content\/uploads\/2018\/06\/PDF-JPG-300x300.jpg 300w, https:\/\/hcd.malargue.gov.ar\/wp-content\/uploads\/2018\/06\/PDF-JPG-150x150.jpg 150w, https:\/\/hcd.malargue.gov.ar\/wp-content\/uploads\/2018\/06\/PDF-JPG.jpg 512w\" sizes=\"auto, (max-width: 99px) 100vw, 99px\" \/><\/a><\/p>\n<p>VISTO: El Expte. N\u00b0 4.935-HC-030-2.021. Bloque Frente de Todos. Proyecto de Ordenanza: Uso de dominio p\u00fablico, denominaci\u00f3n y sentido de circulaci\u00f3n de calle paralela a la cortina forestal.<\/p>\n<p>Las necesidades de los vecinos de poder acceder al uso y dominio p\u00fablico, \u00a0 nombre\u00a0 y nomenclador\u00a0 de la calle para poder\u00a0 acceder a los servicios p\u00fablicos\u00a0 b\u00e1sicos que brinda el municipio como as\u00ed tambi\u00e9n a los de agua, electricidad y\u00a0 gas.<\/p>\n<p>y;<\/p>\n<p>CONSIDERANDO: Que las normativas catastrales exigen que para la visaci\u00f3n de los \u00a0\u00a0 planos de mensura y fraccionamiento, las parcelas deben estar frente al radio de \u00a0 servicio de energ\u00eda el\u00e9ctrica y agua potable.<\/p>\n<p>Que las Empresas de servicios como EDEMSA y AySAM no extienden sus redes\u00a0 de servicios por un tema de seguridad legal en los predios que no son de uso y dominio p\u00fablico.<\/p>\n<p>Que los representantes de los vecinos de la zona lindante a la Cortina Forestal \u00a0\u00a0\u00a0 mediante nota y croquis de plano, proponen la asignaci\u00f3n de nombre de los pasajes\u00a0\u00a0 que involucran al loteo en cuesti\u00f3n.<\/p>\n<p>Que resulta necesaria la urbanizaci\u00f3n para propender un crecimiento ordenado y\u00a0 acorde a la realidad para continuar con el progreso de la comunidad de Malarg\u00fce.<\/p>\n<p>Que en la mencionada zona se encuentra el asentamiento de varias familias que \u00a0 viven hace m\u00e1s de 20 a\u00f1os y que merecen mejorar su calidad de vida.<\/p>\n<p>EL HONORABLE CONCEJO DELIBERANTE DE LA MUNICIPALIDAD DE MALARG\u00dcE EN USO DE LAS FACULTADES QUE LE SON PROPIAS<\/p>\n<p>ORDENA<\/p>\n<p>ART\u00cdCULO 1\u00b0: Af\u00e9ctase al uso y dominio p\u00fablico la calle paralela a la prolongaci\u00f3n de Santa Cruz desde Milagro de los Andes y hasta Arroyo El Pequenco seg\u00fan croquis adjunto en el Anexo l.<\/p>\n<p>ART\u00cdCULO 2\u00ba: Imp\u00f3ngase el nombre Las Promesas\u00a0 a la calle p\u00fablica enunciada en el Art\u00edculo 1\u00ba de la presente Ordenanza.<\/p>\n<p>ART\u00cdCULO 3\u00b0: Solic\u00edtese al Departamento Ejecutivo Municipal, mediante el \u00c1rea que corresponda, gestione la se\u00f1aletica correspondiente para la arteria con el nombre asignado por los vecinos\u00a0 y considerando el doble sentido de circulaci\u00f3n de la \u00a0\u00a0 misma.<\/p>\n<p>ART\u00cdCULO 4\u00b0: Comisi\u00f3nese a las Direcciones de Catastro y Ordenamiento Territorial y \u00a0 de Obras y Servicios P\u00fablicos\u00a0 dependiente de la Secretar\u00eda de Obras, Servicios\u00a0 P\u00fablicos y Ambiente de la Municipalidad de Malarg\u00fce la elaboraci\u00f3n del plano \u00a0 correspondiente y las obras necesarias para\u00a0 la adecuaci\u00f3n del terreno conforme\u00a0 las \u00a0 especificaciones t\u00e9cnicas correspondientes.<\/p>\n<p>ART\u00cdCULO 5\u00b0: Comun\u00edquese, reg\u00edstrese, c\u00famplase, publ\u00edquese, agr\u00e9guese copia de la presente en las actuaciones correspondientes y arch\u00edvese.<\/p>\n<p>DADA EN LA SALA DE SESIONES DR. RICARDO BALBIN DEL HONORABLE CONCEJO DELIBERANTE DE LA MUNICIPALIDAD DE MALARG\u00dcE A QUINCE D\u00cdAS DE JULIO DE DOS MIL VEINTIUNO<\/p>\n","protected":false},"excerpt":{"rendered":"<p>AUTORES: CONCEJALES PAOLA JOFRE, DANIELA FAVARI, SILVIA CORREA, JOSE BARRO Y ANDRES RISI BLOQUE FRENTE DE TODOS VISTO: El Expte. N\u00b0 4.935-HC-030-2.021. Bloque Frente de Todos. Proyecto de Ordenanza: Uso de dominio p\u00fablico, denominaci\u00f3n y sentido de circulaci\u00f3n de calle paralela a la cortina forestal. Las necesidades de los vecinos de poder acceder al uso [&hellip;]<\/p>\n","protected":false},"author":5,"featured_media":25305,"comment_status":"closed","ping_status":"closed","sticky":false,"template":"","format":"standard","meta":{"footnotes":""},"categories":[52,29,48,33],"tags":[],"class_list":["post-25295","post","type-post","status-publish","format-standard","has-post-thumbnail","hentry","category-gacetillas","category-lesgilacion","category-ordenanzas-municipales","category-prensa"],"yoast_head":"<!-- This site is optimized with the Yoast SEO plugin v19.10 - https:\/\/yoast.com\/wordpress\/plugins\/seo\/ -->\n<title>ORDENANZA N\u00b0 2.107\/2.021 - Malarg\u00fce HCD<\/title>\n<meta name=\"robots\" content=\"index, follow, max-snippet:-1, max-image-preview:large, max-video-preview:-1\" \/>\n<link rel=\"canonical\" href=\"https:\/\/hcd.malargue.gov.ar\/?p=25295\" \/>\n<meta property=\"og:locale\" content=\"es_ES\" \/>\n<meta property=\"og:type\" content=\"article\" \/>\n<meta property=\"og:title\" content=\"ORDENANZA N\u00b0 2.107\/2.021 - Malarg\u00fce HCD\" \/>\n<meta property=\"og:description\" content=\"AUTORES: CONCEJALES PAOLA JOFRE, DANIELA FAVARI, SILVIA CORREA, JOSE BARRO Y ANDRES RISI BLOQUE FRENTE DE TODOS VISTO: El Expte. N\u00b0 4.935-HC-030-2.021. Bloque Frente de Todos. Proyecto de Ordenanza: Uso de dominio p\u00fablico, denominaci\u00f3n y sentido de circulaci\u00f3n de calle paralela a la cortina forestal. Las necesidades de los vecinos de poder acceder al uso [&hellip;]\" \/>\n<meta property=\"og:url\" content=\"https:\/\/hcd.malargue.gov.ar\/?p=25295\" \/>\n<meta property=\"og:site_name\" content=\"Malarg\u00fce HCD\" \/>\n<meta property=\"article:published_time\" content=\"2021-07-22T15:17:35+00:00\" \/>\n<meta property=\"article:modified_time\" content=\"2021-07-22T15:18:03+00:00\" \/>\n<meta property=\"og:image\" content=\"https:\/\/hcd.malargue.gov.ar\/wp-content\/uploads\/2021\/07\/on-2107-2021.jpg\" \/>\n\t<meta property=\"og:image:width\" content=\"1280\" \/>\n\t<meta property=\"og:image:height\" content=\"720\" \/>\n\t<meta property=\"og:image:type\" content=\"image\/jpeg\" \/>\n<meta name=\"author\" content=\"Belen Pedernera Ferragut\" \/>\n<meta name=\"twitter:card\" content=\"summary_large_image\" \/>\n<meta name=\"twitter:label1\" content=\"Escrito por\" \/>\n\t<meta name=\"twitter:data1\" content=\"Belen Pedernera Ferragut\" \/>\n\t<meta name=\"twitter:label2\" content=\"Tiempo de lectura\" \/>\n\t<meta name=\"twitter:data2\" content=\"2 minutos\" \/>\n<script type=\"application\/ld+json\" class=\"yoast-schema-graph\">{\"@context\":\"https:\/\/schema.org\",\"@graph\":[{\"@type\":\"WebPage\",\"@id\":\"https:\/\/hcd.malargue.gov.ar\/?p=25295\",\"url\":\"https:\/\/hcd.malargue.gov.ar\/?p=25295\",\"name\":\"ORDENANZA N\u00b0 2.107\/2.021 - Malarg\u00fce HCD\",\"isPartOf\":{\"@id\":\"https:\/\/hcd.malargue.gov.ar\/#website\"},\"datePublished\":\"2021-07-22T15:17:35+00:00\",\"dateModified\":\"2021-07-22T15:18:03+00:00\",\"author\":{\"@id\":\"https:\/\/hcd.malargue.gov.ar\/#\/schema\/person\/3fd6bbab64edd703961b795156c955d0\"},\"breadcrumb\":{\"@id\":\"https:\/\/hcd.malargue.gov.ar\/?p=25295#breadcrumb\"},\"inLanguage\":\"es-AR\",\"potentialAction\":[{\"@type\":\"ReadAction\",\"target\":[\"https:\/\/hcd.malargue.gov.ar\/?p=25295\"]}]},{\"@type\":\"BreadcrumbList\",\"@id\":\"https:\/\/hcd.malargue.gov.ar\/?p=25295#breadcrumb\",\"itemListElement\":[{\"@type\":\"ListItem\",\"position\":1,\"name\":\"Inicio\",\"item\":\"https:\/\/hcd.malargue.gov.ar\/\"},{\"@type\":\"ListItem\",\"position\":2,\"name\":\"ORDENANZA N\u00b0 2.107\/2.021\"}]},{\"@type\":\"WebSite\",\"@id\":\"https:\/\/hcd.malargue.gov.ar\/#website\",\"url\":\"https:\/\/hcd.malargue.gov.ar\/\",\"name\":\"Malarg\u00fce HCD\",\"description\":\"Malarg\u00fce Mendoza Argentina\",\"potentialAction\":[{\"@type\":\"SearchAction\",\"target\":{\"@type\":\"EntryPoint\",\"urlTemplate\":\"https:\/\/hcd.malargue.gov.ar\/?s={search_term_string}\"},\"query-input\":\"required name=search_term_string\"}],\"inLanguage\":\"es-AR\"},{\"@type\":\"Person\",\"@id\":\"https:\/\/hcd.malargue.gov.ar\/#\/schema\/person\/3fd6bbab64edd703961b795156c955d0\",\"name\":\"Belen Pedernera Ferragut\",\"image\":{\"@type\":\"ImageObject\",\"inLanguage\":\"es-AR\",\"@id\":\"https:\/\/hcd.malargue.gov.ar\/#\/schema\/person\/image\/\",\"url\":\"https:\/\/secure.gravatar.com\/avatar\/1054ffab3893de4bb3eb29bdd22f7e34b8537bf5d34d9dab311818154ad5b71f?s=96&d=mm&r=g\",\"contentUrl\":\"https:\/\/secure.gravatar.com\/avatar\/1054ffab3893de4bb3eb29bdd22f7e34b8537bf5d34d9dab311818154ad5b71f?s=96&d=mm&r=g\",\"caption\":\"Belen Pedernera Ferragut\"},\"url\":\"https:\/\/hcd.malargue.gov.ar\/?author=5\"}]}<\/script>\n<!-- \/ Yoast SEO plugin. -->","yoast_head_json":{"title":"ORDENANZA N\u00b0 2.107\/2.021 - Malarg\u00fce HCD","robots":{"index":"index","follow":"follow","max-snippet":"max-snippet:-1","max-image-preview":"max-image-preview:large","max-video-preview":"max-video-preview:-1"},"canonical":"https:\/\/hcd.malargue.gov.ar\/?p=25295","og_locale":"es_ES","og_type":"article","og_title":"ORDENANZA N\u00b0 2.107\/2.021 - Malarg\u00fce HCD","og_description":"AUTORES: CONCEJALES PAOLA JOFRE, DANIELA FAVARI, SILVIA CORREA, JOSE BARRO Y ANDRES RISI BLOQUE FRENTE DE TODOS VISTO: El Expte. N\u00b0 4.935-HC-030-2.021. Bloque Frente de Todos. Proyecto de Ordenanza: Uso de dominio p\u00fablico, denominaci\u00f3n y sentido de circulaci\u00f3n de calle paralela a la cortina forestal. Las necesidades de los vecinos de poder acceder al uso [&hellip;]","og_url":"https:\/\/hcd.malargue.gov.ar\/?p=25295","og_site_name":"Malarg\u00fce HCD","article_published_time":"2021-07-22T15:17:35+00:00","article_modified_time":"2021-07-22T15:18:03+00:00","og_image":[{"width":1280,"height":720,"url":"https:\/\/hcd.malargue.gov.ar\/wp-content\/uploads\/2021\/07\/on-2107-2021.jpg","type":"image\/jpeg"}],"author":"Belen Pedernera Ferragut","twitter_card":"summary_large_image","twitter_misc":{"Escrito por":"Belen Pedernera Ferragut","Tiempo de lectura":"2 minutos"},"schema":{"@context":"https:\/\/schema.org","@graph":[{"@type":"WebPage","@id":"https:\/\/hcd.malargue.gov.ar\/?p=25295","url":"https:\/\/hcd.malargue.gov.ar\/?p=25295","name":"ORDENANZA N\u00b0 2.107\/2.021 - Malarg\u00fce HCD","isPartOf":{"@id":"https:\/\/hcd.malargue.gov.ar\/#website"},"datePublished":"2021-07-22T15:17:35+00:00","dateModified":"2021-07-22T15:18:03+00:00","author":{"@id":"https:\/\/hcd.malargue.gov.ar\/#\/schema\/person\/3fd6bbab64edd703961b795156c955d0"},"breadcrumb":{"@id":"https:\/\/hcd.malargue.gov.ar\/?p=25295#breadcrumb"},"inLanguage":"es-AR","potentialAction":[{"@type":"ReadAction","target":["https:\/\/hcd.malargue.gov.ar\/?p=25295"]}]},{"@type":"BreadcrumbList","@id":"https:\/\/hcd.malargue.gov.ar\/?p=25295#breadcrumb","itemListElement":[{"@type":"ListItem","position":1,"name":"Inicio","item":"https:\/\/hcd.malargue.gov.ar\/"},{"@type":"ListItem","position":2,"name":"ORDENANZA N\u00b0 2.107\/2.021"}]},{"@type":"WebSite","@id":"https:\/\/hcd.malargue.gov.ar\/#website","url":"https:\/\/hcd.malargue.gov.ar\/","name":"Malarg\u00fce HCD","description":"Malarg\u00fce Mendoza Argentina","potentialAction":[{"@type":"SearchAction","target":{"@type":"EntryPoint","urlTemplate":"https:\/\/hcd.malargue.gov.ar\/?s={search_term_string}"},"query-input":"required name=search_term_string"}],"inLanguage":"es-AR"},{"@type":"Person","@id":"https:\/\/hcd.malargue.gov.ar\/#\/schema\/person\/3fd6bbab64edd703961b795156c955d0","name":"Belen Pedernera Ferragut","image":{"@type":"ImageObject","inLanguage":"es-AR","@id":"https:\/\/hcd.malargue.gov.ar\/#\/schema\/person\/image\/","url":"https:\/\/secure.gravatar.com\/avatar\/1054ffab3893de4bb3eb29bdd22f7e34b8537bf5d34d9dab311818154ad5b71f?s=96&d=mm&r=g","contentUrl":"https:\/\/secure.gravatar.com\/avatar\/1054ffab3893de4bb3eb29bdd22f7e34b8537bf5d34d9dab311818154ad5b71f?s=96&d=mm&r=g","caption":"Belen Pedernera Ferragut"},"url":"https:\/\/hcd.malargue.gov.ar\/?author=5"}]}},"_links":{"self":[{"href":"https:\/\/hcd.malargue.gov.ar\/index.php?rest_route=\/wp\/v2\/posts\/25295","targetHints":{"allow":["GET"]}}],"collection":[{"href":"https:\/\/hcd.malargue.gov.ar\/index.php?rest_route=\/wp\/v2\/posts"}],"about":[{"href":"https:\/\/hcd.malargue.gov.ar\/index.php?rest_route=\/wp\/v2\/types\/post"}],"author":[{"embeddable":true,"href":"https:\/\/hcd.malargue.gov.ar\/index.php?rest_route=\/wp\/v2\/users\/5"}],"replies":[{"embeddable":true,"href":"https:\/\/hcd.malargue.gov.ar\/index.php?rest_route=%2Fwp%2Fv2%2Fcomments&post=25295"}],"version-history":[{"count":0,"href":"https:\/\/hcd.malargue.gov.ar\/index.php?rest_route=\/wp\/v2\/posts\/25295\/revisions"}],"wp:featuredmedia":[{"embeddable":true,"href":"https:\/\/hcd.malargue.gov.ar\/index.php?rest_route=\/wp\/v2\/media\/25305"}],"wp:attachment":[{"href":"https:\/\/hcd.malargue.gov.ar\/index.php?rest_route=%2Fwp%2Fv2%2Fmedia&parent=25295"}],"wp:term":[{"taxonomy":"category","embeddable":true,"href":"https:\/\/hcd.malargue.gov.ar\/index.php?rest_route=%2Fwp%2Fv2%2Fcategories&post=25295"},{"taxonomy":"post_tag","embeddable":true,"href":"https:\/\/hcd.malargue.gov.ar\/index.php?rest_route=%2Fwp%2Fv2%2Ftags&post=25295"}],"curies":[{"name":"wp","href":"https:\/\/api.w.org\/{rel}","templated":true}]}}