{"id":25326,"date":"2021-07-27T12:33:23","date_gmt":"2021-07-27T15:33:23","guid":{"rendered":"https:\/\/hcd.malargue.gov.ar\/?p=25326"},"modified":"2021-07-28T12:35:45","modified_gmt":"2021-07-28T15:35:45","slug":"se-reunio-la-comision-de-hacienda-45","status":"publish","type":"post","link":"https:\/\/hcd.malargue.gov.ar\/?p=25326","title":{"rendered":"SE REUNI\u00d3 LA COMISI\u00d3N DE HACIENDA"},"content":{"rendered":"<p><em>Por la ma\u00f1ana del martes 27 de julio a las 9:00hrs se reuni\u00f3 la Comisi\u00f3n de Hacienda Presupuesto Legislaci\u00f3n y Asuntos Constitucionales, con la presencia de las Ediles Paola Rojo, Daiana Varas, Paola Jofre y el Edil Jose Barro junto a la Asesora Dra. Monica Fernandez. <\/em><\/p>\n<p><em>Los mismos dieron tratamiento y elaboraron despachos de diversas Notas y Expedientes obrantes en la Comisi\u00f3n.<\/em><\/p>\n","protected":false},"excerpt":{"rendered":"<p>Por la ma\u00f1ana del martes 27 de julio a las 9:00hrs se reuni\u00f3 la Comisi\u00f3n de Hacienda Presupuesto Legislaci\u00f3n y Asuntos Constitucionales, con la presencia de las Ediles Paola Rojo, Daiana Varas, Paola Jofre y el Edil Jose Barro junto a la Asesora Dra. Monica Fernandez. Los mismos dieron tratamiento y elaboraron despachos de diversas [&hellip;]<\/p>\n","protected":false},"author":5,"featured_media":25327,"comment_status":"closed","ping_status":"closed","sticky":false,"template":"","format":"standard","meta":{"footnotes":""},"categories":[62,39,52,33],"tags":[],"class_list":["post-25326","post","type-post","status-publish","format-standard","has-post-thumbnail","hentry","category-comision-de-hacienda-presupuesto-legislacion-y-asuntos-constitucionales","category-comisiones","category-gacetillas","category-prensa"],"yoast_head":"<!-- This site is optimized with the Yoast SEO plugin v19.10 - https:\/\/yoast.com\/wordpress\/plugins\/seo\/ -->\n<title>SE REUNI\u00d3 LA COMISI\u00d3N DE HACIENDA - Malarg\u00fce HCD<\/title>\n<meta name=\"robots\" content=\"index, follow, max-snippet:-1, max-image-preview:large, max-video-preview:-1\" \/>\n<link rel=\"canonical\" href=\"https:\/\/hcd.malargue.gov.ar\/?p=25326\" \/>\n<meta property=\"og:locale\" content=\"es_ES\" \/>\n<meta property=\"og:type\" content=\"article\" \/>\n<meta property=\"og:title\" content=\"SE REUNI\u00d3 LA COMISI\u00d3N DE HACIENDA - Malarg\u00fce HCD\" \/>\n<meta property=\"og:description\" content=\"Por la ma\u00f1ana del martes 27 de julio a las 9:00hrs se reuni\u00f3 la Comisi\u00f3n de Hacienda Presupuesto Legislaci\u00f3n y Asuntos Constitucionales, con la presencia de las Ediles Paola Rojo, Daiana Varas, Paola Jofre y el Edil Jose Barro junto a la Asesora Dra. Monica Fernandez. Los mismos dieron tratamiento y elaboraron despachos de diversas [&hellip;]\" \/>\n<meta property=\"og:url\" content=\"https:\/\/hcd.malargue.gov.ar\/?p=25326\" \/>\n<meta property=\"og:site_name\" content=\"Malarg\u00fce HCD\" \/>\n<meta property=\"article:published_time\" content=\"2021-07-27T15:33:23+00:00\" \/>\n<meta property=\"article:modified_time\" content=\"2021-07-28T15:35:45+00:00\" \/>\n<meta property=\"og:image\" content=\"https:\/\/hcd.malargue.gov.ar\/wp-content\/uploads\/2021\/07\/WhatsApp-Image-2021-07-27-at-10.26.51.jpeg\" \/>\n\t<meta property=\"og:image:width\" content=\"1600\" \/>\n\t<meta property=\"og:image:height\" content=\"1200\" \/>\n\t<meta property=\"og:image:type\" content=\"image\/jpeg\" \/>\n<meta name=\"author\" content=\"Belen Pedernera Ferragut\" \/>\n<meta name=\"twitter:card\" content=\"summary_large_image\" \/>\n<meta name=\"twitter:label1\" content=\"Escrito por\" \/>\n\t<meta name=\"twitter:data1\" content=\"Belen Pedernera Ferragut\" \/>\n<script type=\"application\/ld+json\" class=\"yoast-schema-graph\">{\"@context\":\"https:\/\/schema.org\",\"@graph\":[{\"@type\":\"WebPage\",\"@id\":\"https:\/\/hcd.malargue.gov.ar\/?p=25326\",\"url\":\"https:\/\/hcd.malargue.gov.ar\/?p=25326\",\"name\":\"SE REUNI\u00d3 LA COMISI\u00d3N DE HACIENDA - Malarg\u00fce HCD\",\"isPartOf\":{\"@id\":\"https:\/\/hcd.malargue.gov.ar\/#website\"},\"datePublished\":\"2021-07-27T15:33:23+00:00\",\"dateModified\":\"2021-07-28T15:35:45+00:00\",\"author\":{\"@id\":\"https:\/\/hcd.malargue.gov.ar\/#\/schema\/person\/3fd6bbab64edd703961b795156c955d0\"},\"breadcrumb\":{\"@id\":\"https:\/\/hcd.malargue.gov.ar\/?p=25326#breadcrumb\"},\"inLanguage\":\"es-AR\",\"potentialAction\":[{\"@type\":\"ReadAction\",\"target\":[\"https:\/\/hcd.malargue.gov.ar\/?p=25326\"]}]},{\"@type\":\"BreadcrumbList\",\"@id\":\"https:\/\/hcd.malargue.gov.ar\/?p=25326#breadcrumb\",\"itemListElement\":[{\"@type\":\"ListItem\",\"position\":1,\"name\":\"Inicio\",\"item\":\"https:\/\/hcd.malargue.gov.ar\/\"},{\"@type\":\"ListItem\",\"position\":2,\"name\":\"SE REUNI\u00d3 LA COMISI\u00d3N DE HACIENDA\"}]},{\"@type\":\"WebSite\",\"@id\":\"https:\/\/hcd.malargue.gov.ar\/#website\",\"url\":\"https:\/\/hcd.malargue.gov.ar\/\",\"name\":\"Malarg\u00fce HCD\",\"description\":\"Malarg\u00fce Mendoza Argentina\",\"potentialAction\":[{\"@type\":\"SearchAction\",\"target\":{\"@type\":\"EntryPoint\",\"urlTemplate\":\"https:\/\/hcd.malargue.gov.ar\/?s={search_term_string}\"},\"query-input\":\"required name=search_term_string\"}],\"inLanguage\":\"es-AR\"},{\"@type\":\"Person\",\"@id\":\"https:\/\/hcd.malargue.gov.ar\/#\/schema\/person\/3fd6bbab64edd703961b795156c955d0\",\"name\":\"Belen Pedernera Ferragut\",\"image\":{\"@type\":\"ImageObject\",\"inLanguage\":\"es-AR\",\"@id\":\"https:\/\/hcd.malargue.gov.ar\/#\/schema\/person\/image\/\",\"url\":\"https:\/\/secure.gravatar.com\/avatar\/1054ffab3893de4bb3eb29bdd22f7e34b8537bf5d34d9dab311818154ad5b71f?s=96&d=mm&r=g\",\"contentUrl\":\"https:\/\/secure.gravatar.com\/avatar\/1054ffab3893de4bb3eb29bdd22f7e34b8537bf5d34d9dab311818154ad5b71f?s=96&d=mm&r=g\",\"caption\":\"Belen Pedernera Ferragut\"},\"url\":\"https:\/\/hcd.malargue.gov.ar\/?author=5\"}]}<\/script>\n<!-- \/ Yoast SEO plugin. -->","yoast_head_json":{"title":"SE REUNI\u00d3 LA COMISI\u00d3N DE HACIENDA - Malarg\u00fce HCD","robots":{"index":"index","follow":"follow","max-snippet":"max-snippet:-1","max-image-preview":"max-image-preview:large","max-video-preview":"max-video-preview:-1"},"canonical":"https:\/\/hcd.malargue.gov.ar\/?p=25326","og_locale":"es_ES","og_type":"article","og_title":"SE REUNI\u00d3 LA COMISI\u00d3N DE HACIENDA - Malarg\u00fce HCD","og_description":"Por la ma\u00f1ana del martes 27 de julio a las 9:00hrs se reuni\u00f3 la Comisi\u00f3n de Hacienda Presupuesto Legislaci\u00f3n y Asuntos Constitucionales, con la presencia de las Ediles Paola Rojo, Daiana Varas, Paola Jofre y el Edil Jose Barro junto a la Asesora Dra. Monica Fernandez. Los mismos dieron tratamiento y elaboraron despachos de diversas [&hellip;]","og_url":"https:\/\/hcd.malargue.gov.ar\/?p=25326","og_site_name":"Malarg\u00fce HCD","article_published_time":"2021-07-27T15:33:23+00:00","article_modified_time":"2021-07-28T15:35:45+00:00","og_image":[{"width":1600,"height":1200,"url":"https:\/\/hcd.malargue.gov.ar\/wp-content\/uploads\/2021\/07\/WhatsApp-Image-2021-07-27-at-10.26.51.jpeg","type":"image\/jpeg"}],"author":"Belen Pedernera Ferragut","twitter_card":"summary_large_image","twitter_misc":{"Escrito por":"Belen Pedernera Ferragut"},"schema":{"@context":"https:\/\/schema.org","@graph":[{"@type":"WebPage","@id":"https:\/\/hcd.malargue.gov.ar\/?p=25326","url":"https:\/\/hcd.malargue.gov.ar\/?p=25326","name":"SE REUNI\u00d3 LA COMISI\u00d3N DE HACIENDA - Malarg\u00fce HCD","isPartOf":{"@id":"https:\/\/hcd.malargue.gov.ar\/#website"},"datePublished":"2021-07-27T15:33:23+00:00","dateModified":"2021-07-28T15:35:45+00:00","author":{"@id":"https:\/\/hcd.malargue.gov.ar\/#\/schema\/person\/3fd6bbab64edd703961b795156c955d0"},"breadcrumb":{"@id":"https:\/\/hcd.malargue.gov.ar\/?p=25326#breadcrumb"},"inLanguage":"es-AR","potentialAction":[{"@type":"ReadAction","target":["https:\/\/hcd.malargue.gov.ar\/?p=25326"]}]},{"@type":"BreadcrumbList","@id":"https:\/\/hcd.malargue.gov.ar\/?p=25326#breadcrumb","itemListElement":[{"@type":"ListItem","position":1,"name":"Inicio","item":"https:\/\/hcd.malargue.gov.ar\/"},{"@type":"ListItem","position":2,"name":"SE REUNI\u00d3 LA COMISI\u00d3N DE HACIENDA"}]},{"@type":"WebSite","@id":"https:\/\/hcd.malargue.gov.ar\/#website","url":"https:\/\/hcd.malargue.gov.ar\/","name":"Malarg\u00fce HCD","description":"Malarg\u00fce Mendoza Argentina","potentialAction":[{"@type":"SearchAction","target":{"@type":"EntryPoint","urlTemplate":"https:\/\/hcd.malargue.gov.ar\/?s={search_term_string}"},"query-input":"required name=search_term_string"}],"inLanguage":"es-AR"},{"@type":"Person","@id":"https:\/\/hcd.malargue.gov.ar\/#\/schema\/person\/3fd6bbab64edd703961b795156c955d0","name":"Belen Pedernera Ferragut","image":{"@type":"ImageObject","inLanguage":"es-AR","@id":"https:\/\/hcd.malargue.gov.ar\/#\/schema\/person\/image\/","url":"https:\/\/secure.gravatar.com\/avatar\/1054ffab3893de4bb3eb29bdd22f7e34b8537bf5d34d9dab311818154ad5b71f?s=96&d=mm&r=g","contentUrl":"https:\/\/secure.gravatar.com\/avatar\/1054ffab3893de4bb3eb29bdd22f7e34b8537bf5d34d9dab311818154ad5b71f?s=96&d=mm&r=g","caption":"Belen Pedernera Ferragut"},"url":"https:\/\/hcd.malargue.gov.ar\/?author=5"}]}},"_links":{"self":[{"href":"https:\/\/hcd.malargue.gov.ar\/index.php?rest_route=\/wp\/v2\/posts\/25326","targetHints":{"allow":["GET"]}}],"collection":[{"href":"https:\/\/hcd.malargue.gov.ar\/index.php?rest_route=\/wp\/v2\/posts"}],"about":[{"href":"https:\/\/hcd.malargue.gov.ar\/index.php?rest_route=\/wp\/v2\/types\/post"}],"author":[{"embeddable":true,"href":"https:\/\/hcd.malargue.gov.ar\/index.php?rest_route=\/wp\/v2\/users\/5"}],"replies":[{"embeddable":true,"href":"https:\/\/hcd.malargue.gov.ar\/index.php?rest_route=%2Fwp%2Fv2%2Fcomments&post=25326"}],"version-history":[{"count":0,"href":"https:\/\/hcd.malargue.gov.ar\/index.php?rest_route=\/wp\/v2\/posts\/25326\/revisions"}],"wp:featuredmedia":[{"embeddable":true,"href":"https:\/\/hcd.malargue.gov.ar\/index.php?rest_route=\/wp\/v2\/media\/25327"}],"wp:attachment":[{"href":"https:\/\/hcd.malargue.gov.ar\/index.php?rest_route=%2Fwp%2Fv2%2Fmedia&parent=25326"}],"wp:term":[{"taxonomy":"category","embeddable":true,"href":"https:\/\/hcd.malargue.gov.ar\/index.php?rest_route=%2Fwp%2Fv2%2Fcategories&post=25326"},{"taxonomy":"post_tag","embeddable":true,"href":"https:\/\/hcd.malargue.gov.ar\/index.php?rest_route=%2Fwp%2Fv2%2Ftags&post=25326"}],"curies":[{"name":"wp","href":"https:\/\/api.w.org\/{rel}","templated":true}]}}