{"id":25386,"date":"2021-08-04T11:31:57","date_gmt":"2021-08-04T14:31:57","guid":{"rendered":"https:\/\/hcd.malargue.gov.ar\/?p=25386"},"modified":"2021-08-04T11:31:57","modified_gmt":"2021-08-04T14:31:57","slug":"ordenanza-n-2-110-2-021","status":"publish","type":"post","link":"https:\/\/hcd.malargue.gov.ar\/?p=25386","title":{"rendered":"ORDENANZA N\u00b0 2.110\/2.021"},"content":{"rendered":"<p>VISTO: La nota HC-209-21, elevada por Secretar\u00eda\u00a0 de Gobierno de la Municipalidad de Malarg\u00fce, en cumplimiento de Art. 2\u00b0 de la <a href=\"https:\/\/hcd.malargue.gov.ar\/?p=22673\">Ordenanza N\u00b0 2.068\/2020<\/a>, terna\u00a0 designaci\u00f3n referente\u00a0 Oficina\u00a0 de la Diversidad.<\/p>\n<p>y;<a href=\"http:\/\/hcd.malargue.gov.ar\/hcdpdf\/on%202110%202021%20designacion%20referente%20%20Oficina%20de%20la%20Diversidad.pdf\"><img loading=\"lazy\" decoding=\"async\" class=\"alignright wp-image-7950\" src=\"https:\/\/hcd.malargue.gov.ar\/wp-content\/uploads\/2018\/06\/PDF-JPG-300x300.jpg\" alt=\"\" width=\"80\" height=\"80\" srcset=\"https:\/\/hcd.malargue.gov.ar\/wp-content\/uploads\/2018\/06\/PDF-JPG-300x300.jpg 300w, https:\/\/hcd.malargue.gov.ar\/wp-content\/uploads\/2018\/06\/PDF-JPG-150x150.jpg 150w, https:\/\/hcd.malargue.gov.ar\/wp-content\/uploads\/2018\/06\/PDF-JPG.jpg 512w\" sizes=\"auto, (max-width: 80px) 100vw, 80px\" \/><\/a><\/p>\n<p>CONSIDERANDO: Que la mencionada Ordenanza estipula\u00a0 en su Art\u00edculo\u00a0 2\u00b0 que deben\u00a0 seleccionar los Ediles\u00a0 de este Honorable Cuerpo a la persona que ser\u00e1 responsable de la mencionada\u00a0 Oficina basados en una terna elevada por el \u00a0\u00a0 Departamento Ejecutivo Municipal.<\/p>\n<p>Que habiendo\u00a0 recibido de la Secretar\u00eda\u00a0 de Gobierno\u00a0 del Departamento Ejecutivo\u00a0 Municipal\u00a0 Dra. Paola Paleico, los antecedentes\u00a0 de tres\u00a0 personas para\u00a0 ser\u00a0 \u00a0\u00a0 cotejados y habiendo analizado los mismos.<\/p>\n<p>Que es necesario que\u00a0 quienes integren\u00a0 la Oficina puedan demostrar\u00a0 fehacientemente\u00a0 que poseen\u00a0 formaci\u00f3n en perspectiva de g\u00e9nero\u00a0 y prevenci\u00f3n \u00a0 de \u00a0\u00a0 la violencia de g\u00e9nero.<\/p>\n<p>Que en caso\u00a0 de ser necesario\u00a0 se solicitar\u00e1\u00a0 la colaboraci\u00f3n\u00a0 de los Profesionales \u00a0 de \u00a0\u00a0\u00a0\u00a0\u00a0\u00a0 la Direcci\u00f3n de G\u00e9nero\u00a0 de la Provincia.<\/p>\n<p>EL HONORABLE CONCEJO DELIBERANTE DE LA MUNICIPALIDAD DE MALARG\u00dcE EN USO DE LAS FACULTADES QUE LE SON PROPIAS<\/p>\n<p>ORDENA<\/p>\n<p>ARTICULO 1\u00b0: Selecci\u00f3nese\u00a0 a la agente municipal\u00a0 Sra. Romina Jaque, D.N.I. N\u00b0 \u00a0\u00a0\u00a0\u00a0\u00a0\u00a0 34.642.615, como Responsable\u00a0 de la Oficina de Diversidad de la Municipalidad \u00a0\u00a0\u00a0\u00a0\u00a0 de Malarg\u00fce en un todo de acuerdo a lo estipulado\u00a0 en el Art\u00edculo\u00a0 2\u00b0 de la Ordenanza \u00a0\u00a0\u00a0\u00a0\u00a0\u00a0\u00a0 N\u00b0 2.068\/2.020.<\/p>\n<p>ARTICULO 2\u00b0: Comun\u00edquese\u00a0 a la agente municipal, su designaci\u00f3n, de acuerdo\u00a0 al Art\u00edculo \u00a0\u00a0 1\u00b0 de la presente Ordenanza.<\/p>\n<p>ARTICULO 3\u00b0: El\u00e9vese\u00a0 copia de la presente pieza legal\u00a0 a las Licenciadas Silvina \u00a0\u00a0\u00a0\u00a0\u00a0\u00a0 Anfuso\u00a0 y Fernanda\u00a0 \u00c1ngeles Urquiza, Directora de G\u00e9nero\u00a0 y Diversidad\u00a0 y \u00a0\u00a0\u00a0\u00a0 Coordinadora de Diversidad de la Provincia de Mendoza.<\/p>\n<p>ARTICULO 4\u00b0: Comun\u00edquese, reg\u00edstrese, c\u00famplase, publ\u00edquese, agr\u00e9guese copia de la presente en las actuaciones correspondientes y arch\u00edvese.<\/p>\n<p>DADA EN LA SALA DE SESIONES DR. RICARDO BALBIN DEL HONORABLE CONCEJO DELIBERANTE DE LA MUNICIPALIDAD DE MALARG\u00dcE A VEINTID\u00d3S D\u00cdAS DE JULIO DE DOS MIL VEINTIUNO<\/p>\n","protected":false},"excerpt":{"rendered":"<p>VISTO: La nota HC-209-21, elevada por Secretar\u00eda\u00a0 de Gobierno de la Municipalidad de Malarg\u00fce, en cumplimiento de Art. 2\u00b0 de la Ordenanza N\u00b0 2.068\/2020, terna\u00a0 designaci\u00f3n referente\u00a0 Oficina\u00a0 de la Diversidad. y; CONSIDERANDO: Que la mencionada Ordenanza estipula\u00a0 en su Art\u00edculo\u00a0 2\u00b0 que deben\u00a0 seleccionar los Ediles\u00a0 de este Honorable Cuerpo a la persona que [&hellip;]<\/p>\n","protected":false},"author":5,"featured_media":25387,"comment_status":"closed","ping_status":"closed","sticky":false,"template":"","format":"standard","meta":{"footnotes":""},"categories":[52,29,48,33],"tags":[],"class_list":["post-25386","post","type-post","status-publish","format-standard","has-post-thumbnail","hentry","category-gacetillas","category-lesgilacion","category-ordenanzas-municipales","category-prensa"],"yoast_head":"<!-- This site is optimized with the Yoast SEO plugin v19.10 - https:\/\/yoast.com\/wordpress\/plugins\/seo\/ -->\n<title>ORDENANZA N\u00b0 2.110\/2.021 - Malarg\u00fce HCD<\/title>\n<meta name=\"robots\" content=\"index, follow, max-snippet:-1, max-image-preview:large, max-video-preview:-1\" \/>\n<link rel=\"canonical\" href=\"https:\/\/hcd.malargue.gov.ar\/?p=25386\" \/>\n<meta property=\"og:locale\" content=\"es_ES\" \/>\n<meta property=\"og:type\" content=\"article\" \/>\n<meta property=\"og:title\" content=\"ORDENANZA N\u00b0 2.110\/2.021 - Malarg\u00fce HCD\" \/>\n<meta property=\"og:description\" content=\"VISTO: La nota HC-209-21, elevada por Secretar\u00eda\u00a0 de Gobierno de la Municipalidad de Malarg\u00fce, en cumplimiento de Art. 2\u00b0 de la Ordenanza N\u00b0 2.068\/2020, terna\u00a0 designaci\u00f3n referente\u00a0 Oficina\u00a0 de la Diversidad. y; CONSIDERANDO: Que la mencionada Ordenanza estipula\u00a0 en su Art\u00edculo\u00a0 2\u00b0 que deben\u00a0 seleccionar los Ediles\u00a0 de este Honorable Cuerpo a la persona que [&hellip;]\" \/>\n<meta property=\"og:url\" content=\"https:\/\/hcd.malargue.gov.ar\/?p=25386\" \/>\n<meta property=\"og:site_name\" content=\"Malarg\u00fce HCD\" \/>\n<meta property=\"article:published_time\" content=\"2021-08-04T14:31:57+00:00\" \/>\n<meta property=\"og:image\" content=\"https:\/\/hcd.malargue.gov.ar\/wp-content\/uploads\/2021\/08\/on-2110-2021.jpg\" \/>\n\t<meta property=\"og:image:width\" content=\"1280\" \/>\n\t<meta property=\"og:image:height\" content=\"720\" \/>\n\t<meta property=\"og:image:type\" content=\"image\/jpeg\" \/>\n<meta name=\"author\" content=\"Belen Pedernera Ferragut\" \/>\n<meta name=\"twitter:card\" content=\"summary_large_image\" \/>\n<meta name=\"twitter:label1\" content=\"Escrito por\" \/>\n\t<meta name=\"twitter:data1\" content=\"Belen Pedernera Ferragut\" \/>\n\t<meta name=\"twitter:label2\" content=\"Tiempo de lectura\" \/>\n\t<meta name=\"twitter:data2\" content=\"2 minutos\" \/>\n<script type=\"application\/ld+json\" class=\"yoast-schema-graph\">{\"@context\":\"https:\/\/schema.org\",\"@graph\":[{\"@type\":\"WebPage\",\"@id\":\"https:\/\/hcd.malargue.gov.ar\/?p=25386\",\"url\":\"https:\/\/hcd.malargue.gov.ar\/?p=25386\",\"name\":\"ORDENANZA N\u00b0 2.110\/2.021 - Malarg\u00fce HCD\",\"isPartOf\":{\"@id\":\"https:\/\/hcd.malargue.gov.ar\/#website\"},\"datePublished\":\"2021-08-04T14:31:57+00:00\",\"dateModified\":\"2021-08-04T14:31:57+00:00\",\"author\":{\"@id\":\"https:\/\/hcd.malargue.gov.ar\/#\/schema\/person\/3fd6bbab64edd703961b795156c955d0\"},\"breadcrumb\":{\"@id\":\"https:\/\/hcd.malargue.gov.ar\/?p=25386#breadcrumb\"},\"inLanguage\":\"es-AR\",\"potentialAction\":[{\"@type\":\"ReadAction\",\"target\":[\"https:\/\/hcd.malargue.gov.ar\/?p=25386\"]}]},{\"@type\":\"BreadcrumbList\",\"@id\":\"https:\/\/hcd.malargue.gov.ar\/?p=25386#breadcrumb\",\"itemListElement\":[{\"@type\":\"ListItem\",\"position\":1,\"name\":\"Inicio\",\"item\":\"https:\/\/hcd.malargue.gov.ar\/\"},{\"@type\":\"ListItem\",\"position\":2,\"name\":\"ORDENANZA N\u00b0 2.110\/2.021\"}]},{\"@type\":\"WebSite\",\"@id\":\"https:\/\/hcd.malargue.gov.ar\/#website\",\"url\":\"https:\/\/hcd.malargue.gov.ar\/\",\"name\":\"Malarg\u00fce HCD\",\"description\":\"Malarg\u00fce Mendoza Argentina\",\"potentialAction\":[{\"@type\":\"SearchAction\",\"target\":{\"@type\":\"EntryPoint\",\"urlTemplate\":\"https:\/\/hcd.malargue.gov.ar\/?s={search_term_string}\"},\"query-input\":\"required name=search_term_string\"}],\"inLanguage\":\"es-AR\"},{\"@type\":\"Person\",\"@id\":\"https:\/\/hcd.malargue.gov.ar\/#\/schema\/person\/3fd6bbab64edd703961b795156c955d0\",\"name\":\"Belen Pedernera Ferragut\",\"image\":{\"@type\":\"ImageObject\",\"inLanguage\":\"es-AR\",\"@id\":\"https:\/\/hcd.malargue.gov.ar\/#\/schema\/person\/image\/\",\"url\":\"https:\/\/secure.gravatar.com\/avatar\/1054ffab3893de4bb3eb29bdd22f7e34b8537bf5d34d9dab311818154ad5b71f?s=96&d=mm&r=g\",\"contentUrl\":\"https:\/\/secure.gravatar.com\/avatar\/1054ffab3893de4bb3eb29bdd22f7e34b8537bf5d34d9dab311818154ad5b71f?s=96&d=mm&r=g\",\"caption\":\"Belen Pedernera Ferragut\"},\"url\":\"https:\/\/hcd.malargue.gov.ar\/?author=5\"}]}<\/script>\n<!-- \/ Yoast SEO plugin. -->","yoast_head_json":{"title":"ORDENANZA N\u00b0 2.110\/2.021 - Malarg\u00fce HCD","robots":{"index":"index","follow":"follow","max-snippet":"max-snippet:-1","max-image-preview":"max-image-preview:large","max-video-preview":"max-video-preview:-1"},"canonical":"https:\/\/hcd.malargue.gov.ar\/?p=25386","og_locale":"es_ES","og_type":"article","og_title":"ORDENANZA N\u00b0 2.110\/2.021 - Malarg\u00fce HCD","og_description":"VISTO: La nota HC-209-21, elevada por Secretar\u00eda\u00a0 de Gobierno de la Municipalidad de Malarg\u00fce, en cumplimiento de Art. 2\u00b0 de la Ordenanza N\u00b0 2.068\/2020, terna\u00a0 designaci\u00f3n referente\u00a0 Oficina\u00a0 de la Diversidad. y; CONSIDERANDO: Que la mencionada Ordenanza estipula\u00a0 en su Art\u00edculo\u00a0 2\u00b0 que deben\u00a0 seleccionar los Ediles\u00a0 de este Honorable Cuerpo a la persona que [&hellip;]","og_url":"https:\/\/hcd.malargue.gov.ar\/?p=25386","og_site_name":"Malarg\u00fce HCD","article_published_time":"2021-08-04T14:31:57+00:00","og_image":[{"width":1280,"height":720,"url":"https:\/\/hcd.malargue.gov.ar\/wp-content\/uploads\/2021\/08\/on-2110-2021.jpg","type":"image\/jpeg"}],"author":"Belen Pedernera Ferragut","twitter_card":"summary_large_image","twitter_misc":{"Escrito por":"Belen Pedernera Ferragut","Tiempo de lectura":"2 minutos"},"schema":{"@context":"https:\/\/schema.org","@graph":[{"@type":"WebPage","@id":"https:\/\/hcd.malargue.gov.ar\/?p=25386","url":"https:\/\/hcd.malargue.gov.ar\/?p=25386","name":"ORDENANZA N\u00b0 2.110\/2.021 - Malarg\u00fce HCD","isPartOf":{"@id":"https:\/\/hcd.malargue.gov.ar\/#website"},"datePublished":"2021-08-04T14:31:57+00:00","dateModified":"2021-08-04T14:31:57+00:00","author":{"@id":"https:\/\/hcd.malargue.gov.ar\/#\/schema\/person\/3fd6bbab64edd703961b795156c955d0"},"breadcrumb":{"@id":"https:\/\/hcd.malargue.gov.ar\/?p=25386#breadcrumb"},"inLanguage":"es-AR","potentialAction":[{"@type":"ReadAction","target":["https:\/\/hcd.malargue.gov.ar\/?p=25386"]}]},{"@type":"BreadcrumbList","@id":"https:\/\/hcd.malargue.gov.ar\/?p=25386#breadcrumb","itemListElement":[{"@type":"ListItem","position":1,"name":"Inicio","item":"https:\/\/hcd.malargue.gov.ar\/"},{"@type":"ListItem","position":2,"name":"ORDENANZA N\u00b0 2.110\/2.021"}]},{"@type":"WebSite","@id":"https:\/\/hcd.malargue.gov.ar\/#website","url":"https:\/\/hcd.malargue.gov.ar\/","name":"Malarg\u00fce HCD","description":"Malarg\u00fce Mendoza Argentina","potentialAction":[{"@type":"SearchAction","target":{"@type":"EntryPoint","urlTemplate":"https:\/\/hcd.malargue.gov.ar\/?s={search_term_string}"},"query-input":"required name=search_term_string"}],"inLanguage":"es-AR"},{"@type":"Person","@id":"https:\/\/hcd.malargue.gov.ar\/#\/schema\/person\/3fd6bbab64edd703961b795156c955d0","name":"Belen Pedernera Ferragut","image":{"@type":"ImageObject","inLanguage":"es-AR","@id":"https:\/\/hcd.malargue.gov.ar\/#\/schema\/person\/image\/","url":"https:\/\/secure.gravatar.com\/avatar\/1054ffab3893de4bb3eb29bdd22f7e34b8537bf5d34d9dab311818154ad5b71f?s=96&d=mm&r=g","contentUrl":"https:\/\/secure.gravatar.com\/avatar\/1054ffab3893de4bb3eb29bdd22f7e34b8537bf5d34d9dab311818154ad5b71f?s=96&d=mm&r=g","caption":"Belen Pedernera Ferragut"},"url":"https:\/\/hcd.malargue.gov.ar\/?author=5"}]}},"_links":{"self":[{"href":"https:\/\/hcd.malargue.gov.ar\/index.php?rest_route=\/wp\/v2\/posts\/25386","targetHints":{"allow":["GET"]}}],"collection":[{"href":"https:\/\/hcd.malargue.gov.ar\/index.php?rest_route=\/wp\/v2\/posts"}],"about":[{"href":"https:\/\/hcd.malargue.gov.ar\/index.php?rest_route=\/wp\/v2\/types\/post"}],"author":[{"embeddable":true,"href":"https:\/\/hcd.malargue.gov.ar\/index.php?rest_route=\/wp\/v2\/users\/5"}],"replies":[{"embeddable":true,"href":"https:\/\/hcd.malargue.gov.ar\/index.php?rest_route=%2Fwp%2Fv2%2Fcomments&post=25386"}],"version-history":[{"count":0,"href":"https:\/\/hcd.malargue.gov.ar\/index.php?rest_route=\/wp\/v2\/posts\/25386\/revisions"}],"wp:featuredmedia":[{"embeddable":true,"href":"https:\/\/hcd.malargue.gov.ar\/index.php?rest_route=\/wp\/v2\/media\/25387"}],"wp:attachment":[{"href":"https:\/\/hcd.malargue.gov.ar\/index.php?rest_route=%2Fwp%2Fv2%2Fmedia&parent=25386"}],"wp:term":[{"taxonomy":"category","embeddable":true,"href":"https:\/\/hcd.malargue.gov.ar\/index.php?rest_route=%2Fwp%2Fv2%2Fcategories&post=25386"},{"taxonomy":"post_tag","embeddable":true,"href":"https:\/\/hcd.malargue.gov.ar\/index.php?rest_route=%2Fwp%2Fv2%2Ftags&post=25386"}],"curies":[{"name":"wp","href":"https:\/\/api.w.org\/{rel}","templated":true}]}}