{"id":25395,"date":"2021-08-04T11:56:20","date_gmt":"2021-08-04T14:56:20","guid":{"rendered":"https:\/\/hcd.malargue.gov.ar\/?p=25395"},"modified":"2021-08-04T12:03:18","modified_gmt":"2021-08-04T15:03:18","slug":"orden-del-dia-20-sesion-ordinaria","status":"publish","type":"post","link":"https:\/\/hcd.malargue.gov.ar\/?p=25395","title":{"rendered":"ORDEN DEL DIA 20\u00b0 SESION ORDINARIA"},"content":{"rendered":"<h5>D\u00eda\u00a0\u00a0 Jueves\u00a0\u00a0 05 de Agosto de 2021<\/h5>\n<h5>Hora: 09:00<a href=\"http:\/\/hcd.malargue.gov.ar\/hcdpdf\/20%20SO%20ORDEN%2005%20de%20Agosto%202021.pdf\"><img loading=\"lazy\" decoding=\"async\" class=\"alignright wp-image-7950\" src=\"https:\/\/hcd.malargue.gov.ar\/wp-content\/uploads\/2018\/06\/PDF-JPG-300x300.jpg\" alt=\"\" width=\"91\" height=\"91\" srcset=\"https:\/\/hcd.malargue.gov.ar\/wp-content\/uploads\/2018\/06\/PDF-JPG-300x300.jpg 300w, https:\/\/hcd.malargue.gov.ar\/wp-content\/uploads\/2018\/06\/PDF-JPG-150x150.jpg 150w, https:\/\/hcd.malargue.gov.ar\/wp-content\/uploads\/2018\/06\/PDF-JPG.jpg 512w\" sizes=\"auto, (max-width: 91px) 100vw, 91px\" \/><\/a><\/h5>\n<p><strong><em>a) Acto de Izar la Ense\u00f1a Patria a cargo del Sr. Concejal Gabriel ROSAS <\/em><\/strong><\/p>\n<p><strong><em>b) Homenaje de los Se\u00f1ores Concejales<\/em><\/strong><\/p>\n<p><strong><em>c) Consideraci\u00f3n Acta Sesi\u00f3n Ordinaria N\u00ba 1.071- \u201cO\u201d-2021 <\/em><\/strong><\/p>\n<p><strong><em>d) Lectura del detalle de la correspondencia recibida y emitida.<\/em><\/strong><\/p>\n<p><strong><em>e) Determinaci\u00f3n de los temas que ser\u00e1n incluidos en el punto Asuntos Varios y puesta a consideraci\u00f3n de mociones de tratamientos sobre tablas de diversos expedientes.<\/em><\/strong><\/p>\n<p><strong><em>f) Proyectos de los Se\u00f1ores Concejales: <\/em><\/strong><\/p>\n<ol>\n<li>Expte. N\u00ba 5.012-HC 037-2021 Proyecto de Resoluci\u00f3n: Solicitar a la Direcci\u00f3n Provincial de Vialidad la designaci\u00f3n de un Ingeniero Vial o Civil para cubrir el cargo de Jefe de Sub Zona Malarg\u00fce (BLOQUE FRENTE CAMBIA MENDOZA) Autor: Concejal Gabriel Rosas<\/li>\n<li>Expte. N\u00ba 5.013-HC 037-2021 Proyecto de Resoluci\u00f3n: Reparaci\u00f3n y mantenimiento de la Plaza ubicada en el Paraje El Alambrado del Departamento de Malarg\u00fce (BLOQUE FRENTE DE TODOS) Autor: Concejal Daniela Favari<\/li>\n<li>Expte. N\u00ba 5.014-HC 037-2021 Proyecto de Ordenanza: Adherir a la Ley Provincial N\u00ba6.879 y prohibir la emisi\u00f3n y renovaci\u00f3n de Licencias de Conducir para progenitores incluidos en el Registro de Deudores Alimentarios Morosos (BLOQUE FRENTE CAMBIA MENDOZA) Autores: Concejales Daiana Varas Castro y Luciana Villegas<\/li>\n<li>Expte. N\u00ba 5.015-HC 037-2021 Proyecto de Ordenanza: Normativa para proteger el patrimonio natural, cultural y tur\u00edstico en actividades de Turismo Aventura (BLOQUE FRENTE DE TODOS) Autor: Concejales Paola Jofr\u00e9, Andr\u00e9s Risi.<\/li>\n<\/ol>\n<p><strong><em>g) Expedientes provenientes del Departamento Ejecutivo <\/em><\/strong><\/p>\n<ol>\n<li>Expte. N\u00ba 3.090\/2021-0 Departamento Ejecutivo, Coordinaci\u00f3n de Gabinete: Solicita Confecci\u00f3n Comodato de Galp\u00f3n F\u00e1brica Grassi.<\/li>\n<\/ol>\n<p><strong><em>h) Despachos de las Comisiones de Trabajo:<\/em><\/strong><\/p>\n<ol>\n<li>Nota HC 151-2021 Colegio de Arquitectos de Mendoza Solicitan reuni\u00f3n a fin de tratar temas referidos a la construcci\u00f3n en nuestro Departamento (O.P.T Y R.N)<\/li>\n<li>Expte. N\u00ba 4.663-HC 012-2019 Proyecto de Resoluci\u00f3n: Solicitar al Departamento Ejecutivo a trav\u00e9s del \u00c1rea de Prensa realice campa\u00f1a INFORMATIVA respecto a porqu\u00e9 Malarg\u00fce dice SI a la Miner\u00eda responsable. (O.P.T Y R.N)<\/li>\n<li>Expte N\u00ba 5.007-HC 036-2.021 Proyecto de Resoluci\u00f3n:\u00a0 Declarar en estado de Emergencia la transitabilidad de los 190 Km.\u00a0 de la Ruta Provincial N\u00ba186 (O.P.T Y R.N)<\/li>\n<li>Expte. N\u00ba 5.009-HC 036-2021 Proyecto de Resoluci\u00f3n: Solicitar a la Direcci\u00f3n Nacional de\u00a0 Vialidad la instalaci\u00f3n de se\u00f1al\u00e9tica vertical preventiva en Ruta Nacional N\u00ba 40 Sur. (O.P.T Y R.N)<\/li>\n<li>Expte. N\u00ba 4924-HC 030-2021 Proyecto de Ordenanza: Creaci\u00f3n del Concejo Deliberante Estudiantil (H.P.L.A.C.)<\/li>\n<li>Expte. N\u00ba 2.292\/2021-0 Departamento Ejecutivo: Sec. de Gobierno Ref. Proyecto de Ordenanza Creaci\u00f3n del Fondo para Desarrollo Puestero y Trabajador Rural. (H.P.L.A.C.)<\/li>\n<li>Expte. N\u00ba 2.407\/2021-0 Departamento Ejecutivo:\u00a0 Secretar\u00eda de Gobierno Proyecto de Ordenanza : Plan de protocolo de profilaxis y tratamiento ambulatorio temprano\u00a0 para COVID 19 (E.H.M.A.S Y C\u00a0\u00a0 y H.P.L.A.C.)<\/li>\n<\/ol>\n<p><strong>i<\/strong><strong><em>) Asuntos Varios. &#8211;\u00a0\u00a0\u00a0\u00a0\u00a0\u00a0 <\/em><\/strong><\/p>\n<p><strong><em>j) Acto de arriar el Pabell\u00f3n Nacional a cargo del concejal que lo <\/em><\/strong><strong>iz\u00f3. &#8211; <\/strong><\/p>\n<p style=\"text-align: right;\"><strong>Presidencia H.C.D 03 de Agosto de 2021.-<\/strong><\/p>\n<p><strong>CORRESPONDENCIA\u00a0 PARA LA SESI\u00d3N <\/strong><\/p>\n<p><strong>Del d\u00eda Jueves 05 de Agosto de 2.021.<\/strong><\/p>\n<p><strong>NOTAS INGRESADAS<\/strong><\/p>\n<ol>\n<li>Colegio de Arquitectos de Mendoza \u2013 Regional Sur informa designaci\u00f3n de la Arq. Leticia Paez como Delegada en nuestro Departamento.<\/li>\n<li>Sra-Leticia Castro Responsable Oficina de Defensa al Consumidor, eleva informe respecto a Resoluci\u00f3n N\u00ba 254\/2021 respecto a reclamos de usuarios por cortes de energ\u00eda el\u00e9ctrica.<\/li>\n<li>Daniel Araya, Delegado de Federaci\u00f3n Gaucha, solicita hacer uso de Banca del Ciudadano para exponer temas referidos a agrupaciones gauchas.<\/li>\n<\/ol>\n","protected":false},"excerpt":{"rendered":"<p>D\u00eda\u00a0\u00a0 Jueves\u00a0\u00a0 05 de Agosto de 2021 Hora: 09:00 a) Acto de Izar la Ense\u00f1a Patria a cargo del Sr. Concejal Gabriel ROSAS b) Homenaje de los Se\u00f1ores Concejales c) Consideraci\u00f3n Acta Sesi\u00f3n Ordinaria N\u00ba 1.071- \u201cO\u201d-2021 d) Lectura del detalle de la correspondencia recibida y emitida. e) Determinaci\u00f3n de los temas que ser\u00e1n incluidos [&hellip;]<\/p>\n","protected":false},"author":5,"featured_media":0,"comment_status":"closed","ping_status":"closed","sticky":false,"template":"","format":"standard","meta":{"footnotes":""},"categories":[52,58,33,36],"tags":[],"class_list":["post-25395","post","type-post","status-publish","format-standard","hentry","category-gacetillas","category-ordinarias","category-prensa","category-sesiones"],"yoast_head":"<!-- This site is optimized with the Yoast SEO plugin v19.10 - https:\/\/yoast.com\/wordpress\/plugins\/seo\/ -->\n<title>ORDEN DEL DIA 20\u00b0 SESION ORDINARIA - Malarg\u00fce HCD<\/title>\n<meta name=\"robots\" content=\"index, follow, max-snippet:-1, max-image-preview:large, max-video-preview:-1\" \/>\n<link rel=\"canonical\" href=\"https:\/\/hcd.malargue.gov.ar\/?p=25395\" \/>\n<meta property=\"og:locale\" content=\"es_ES\" \/>\n<meta property=\"og:type\" content=\"article\" \/>\n<meta property=\"og:title\" content=\"ORDEN DEL DIA 20\u00b0 SESION ORDINARIA - Malarg\u00fce HCD\" \/>\n<meta property=\"og:description\" content=\"D\u00eda\u00a0\u00a0 Jueves\u00a0\u00a0 05 de Agosto de 2021 Hora: 09:00 a) Acto de Izar la Ense\u00f1a Patria a cargo del Sr. Concejal Gabriel ROSAS b) Homenaje de los Se\u00f1ores Concejales c) Consideraci\u00f3n Acta Sesi\u00f3n Ordinaria N\u00ba 1.071- \u201cO\u201d-2021 d) Lectura del detalle de la correspondencia recibida y emitida. e) Determinaci\u00f3n de los temas que ser\u00e1n incluidos [&hellip;]\" \/>\n<meta property=\"og:url\" content=\"https:\/\/hcd.malargue.gov.ar\/?p=25395\" \/>\n<meta property=\"og:site_name\" content=\"Malarg\u00fce HCD\" \/>\n<meta property=\"article:published_time\" content=\"2021-08-04T14:56:20+00:00\" \/>\n<meta property=\"article:modified_time\" content=\"2021-08-04T15:03:18+00:00\" \/>\n<meta property=\"og:image\" content=\"https:\/\/hcd.malargue.gov.ar\/wp-content\/uploads\/2021\/05\/Rosas-Bandera-1-scaled.jpg\" \/>\n\t<meta property=\"og:image:width\" content=\"2560\" \/>\n\t<meta property=\"og:image:height\" content=\"1700\" \/>\n\t<meta property=\"og:image:type\" content=\"image\/jpeg\" \/>\n<meta name=\"author\" content=\"Belen Pedernera Ferragut\" \/>\n<meta name=\"twitter:card\" content=\"summary_large_image\" \/>\n<meta name=\"twitter:label1\" content=\"Escrito por\" \/>\n\t<meta name=\"twitter:data1\" content=\"Belen Pedernera Ferragut\" \/>\n\t<meta name=\"twitter:label2\" content=\"Tiempo de lectura\" \/>\n\t<meta name=\"twitter:data2\" content=\"3 minutos\" \/>\n<script type=\"application\/ld+json\" class=\"yoast-schema-graph\">{\"@context\":\"https:\/\/schema.org\",\"@graph\":[{\"@type\":\"WebPage\",\"@id\":\"https:\/\/hcd.malargue.gov.ar\/?p=25395\",\"url\":\"https:\/\/hcd.malargue.gov.ar\/?p=25395\",\"name\":\"ORDEN DEL DIA 20\u00b0 SESION ORDINARIA - Malarg\u00fce HCD\",\"isPartOf\":{\"@id\":\"https:\/\/hcd.malargue.gov.ar\/#website\"},\"datePublished\":\"2021-08-04T14:56:20+00:00\",\"dateModified\":\"2021-08-04T15:03:18+00:00\",\"author\":{\"@id\":\"https:\/\/hcd.malargue.gov.ar\/#\/schema\/person\/3fd6bbab64edd703961b795156c955d0\"},\"breadcrumb\":{\"@id\":\"https:\/\/hcd.malargue.gov.ar\/?p=25395#breadcrumb\"},\"inLanguage\":\"es-AR\",\"potentialAction\":[{\"@type\":\"ReadAction\",\"target\":[\"https:\/\/hcd.malargue.gov.ar\/?p=25395\"]}]},{\"@type\":\"BreadcrumbList\",\"@id\":\"https:\/\/hcd.malargue.gov.ar\/?p=25395#breadcrumb\",\"itemListElement\":[{\"@type\":\"ListItem\",\"position\":1,\"name\":\"Inicio\",\"item\":\"https:\/\/hcd.malargue.gov.ar\/\"},{\"@type\":\"ListItem\",\"position\":2,\"name\":\"ORDEN DEL DIA 20\u00b0 SESION ORDINARIA\"}]},{\"@type\":\"WebSite\",\"@id\":\"https:\/\/hcd.malargue.gov.ar\/#website\",\"url\":\"https:\/\/hcd.malargue.gov.ar\/\",\"name\":\"Malarg\u00fce HCD\",\"description\":\"Malarg\u00fce Mendoza Argentina\",\"potentialAction\":[{\"@type\":\"SearchAction\",\"target\":{\"@type\":\"EntryPoint\",\"urlTemplate\":\"https:\/\/hcd.malargue.gov.ar\/?s={search_term_string}\"},\"query-input\":\"required name=search_term_string\"}],\"inLanguage\":\"es-AR\"},{\"@type\":\"Person\",\"@id\":\"https:\/\/hcd.malargue.gov.ar\/#\/schema\/person\/3fd6bbab64edd703961b795156c955d0\",\"name\":\"Belen Pedernera Ferragut\",\"image\":{\"@type\":\"ImageObject\",\"inLanguage\":\"es-AR\",\"@id\":\"https:\/\/hcd.malargue.gov.ar\/#\/schema\/person\/image\/\",\"url\":\"https:\/\/secure.gravatar.com\/avatar\/1054ffab3893de4bb3eb29bdd22f7e34b8537bf5d34d9dab311818154ad5b71f?s=96&d=mm&r=g\",\"contentUrl\":\"https:\/\/secure.gravatar.com\/avatar\/1054ffab3893de4bb3eb29bdd22f7e34b8537bf5d34d9dab311818154ad5b71f?s=96&d=mm&r=g\",\"caption\":\"Belen Pedernera Ferragut\"},\"url\":\"https:\/\/hcd.malargue.gov.ar\/?author=5\"}]}<\/script>\n<!-- \/ Yoast SEO plugin. -->","yoast_head_json":{"title":"ORDEN DEL DIA 20\u00b0 SESION ORDINARIA - Malarg\u00fce HCD","robots":{"index":"index","follow":"follow","max-snippet":"max-snippet:-1","max-image-preview":"max-image-preview:large","max-video-preview":"max-video-preview:-1"},"canonical":"https:\/\/hcd.malargue.gov.ar\/?p=25395","og_locale":"es_ES","og_type":"article","og_title":"ORDEN DEL DIA 20\u00b0 SESION ORDINARIA - Malarg\u00fce HCD","og_description":"D\u00eda\u00a0\u00a0 Jueves\u00a0\u00a0 05 de Agosto de 2021 Hora: 09:00 a) Acto de Izar la Ense\u00f1a Patria a cargo del Sr. Concejal Gabriel ROSAS b) Homenaje de los Se\u00f1ores Concejales c) Consideraci\u00f3n Acta Sesi\u00f3n Ordinaria N\u00ba 1.071- \u201cO\u201d-2021 d) Lectura del detalle de la correspondencia recibida y emitida. e) Determinaci\u00f3n de los temas que ser\u00e1n incluidos [&hellip;]","og_url":"https:\/\/hcd.malargue.gov.ar\/?p=25395","og_site_name":"Malarg\u00fce HCD","article_published_time":"2021-08-04T14:56:20+00:00","article_modified_time":"2021-08-04T15:03:18+00:00","og_image":[{"width":2560,"height":1700,"url":"https:\/\/hcd.malargue.gov.ar\/wp-content\/uploads\/2021\/05\/Rosas-Bandera-1-scaled.jpg","type":"image\/jpeg"}],"author":"Belen Pedernera Ferragut","twitter_card":"summary_large_image","twitter_misc":{"Escrito por":"Belen Pedernera Ferragut","Tiempo de lectura":"3 minutos"},"schema":{"@context":"https:\/\/schema.org","@graph":[{"@type":"WebPage","@id":"https:\/\/hcd.malargue.gov.ar\/?p=25395","url":"https:\/\/hcd.malargue.gov.ar\/?p=25395","name":"ORDEN DEL DIA 20\u00b0 SESION ORDINARIA - Malarg\u00fce HCD","isPartOf":{"@id":"https:\/\/hcd.malargue.gov.ar\/#website"},"datePublished":"2021-08-04T14:56:20+00:00","dateModified":"2021-08-04T15:03:18+00:00","author":{"@id":"https:\/\/hcd.malargue.gov.ar\/#\/schema\/person\/3fd6bbab64edd703961b795156c955d0"},"breadcrumb":{"@id":"https:\/\/hcd.malargue.gov.ar\/?p=25395#breadcrumb"},"inLanguage":"es-AR","potentialAction":[{"@type":"ReadAction","target":["https:\/\/hcd.malargue.gov.ar\/?p=25395"]}]},{"@type":"BreadcrumbList","@id":"https:\/\/hcd.malargue.gov.ar\/?p=25395#breadcrumb","itemListElement":[{"@type":"ListItem","position":1,"name":"Inicio","item":"https:\/\/hcd.malargue.gov.ar\/"},{"@type":"ListItem","position":2,"name":"ORDEN DEL DIA 20\u00b0 SESION ORDINARIA"}]},{"@type":"WebSite","@id":"https:\/\/hcd.malargue.gov.ar\/#website","url":"https:\/\/hcd.malargue.gov.ar\/","name":"Malarg\u00fce HCD","description":"Malarg\u00fce Mendoza Argentina","potentialAction":[{"@type":"SearchAction","target":{"@type":"EntryPoint","urlTemplate":"https:\/\/hcd.malargue.gov.ar\/?s={search_term_string}"},"query-input":"required name=search_term_string"}],"inLanguage":"es-AR"},{"@type":"Person","@id":"https:\/\/hcd.malargue.gov.ar\/#\/schema\/person\/3fd6bbab64edd703961b795156c955d0","name":"Belen Pedernera Ferragut","image":{"@type":"ImageObject","inLanguage":"es-AR","@id":"https:\/\/hcd.malargue.gov.ar\/#\/schema\/person\/image\/","url":"https:\/\/secure.gravatar.com\/avatar\/1054ffab3893de4bb3eb29bdd22f7e34b8537bf5d34d9dab311818154ad5b71f?s=96&d=mm&r=g","contentUrl":"https:\/\/secure.gravatar.com\/avatar\/1054ffab3893de4bb3eb29bdd22f7e34b8537bf5d34d9dab311818154ad5b71f?s=96&d=mm&r=g","caption":"Belen Pedernera Ferragut"},"url":"https:\/\/hcd.malargue.gov.ar\/?author=5"}]}},"_links":{"self":[{"href":"https:\/\/hcd.malargue.gov.ar\/index.php?rest_route=\/wp\/v2\/posts\/25395","targetHints":{"allow":["GET"]}}],"collection":[{"href":"https:\/\/hcd.malargue.gov.ar\/index.php?rest_route=\/wp\/v2\/posts"}],"about":[{"href":"https:\/\/hcd.malargue.gov.ar\/index.php?rest_route=\/wp\/v2\/types\/post"}],"author":[{"embeddable":true,"href":"https:\/\/hcd.malargue.gov.ar\/index.php?rest_route=\/wp\/v2\/users\/5"}],"replies":[{"embeddable":true,"href":"https:\/\/hcd.malargue.gov.ar\/index.php?rest_route=%2Fwp%2Fv2%2Fcomments&post=25395"}],"version-history":[{"count":0,"href":"https:\/\/hcd.malargue.gov.ar\/index.php?rest_route=\/wp\/v2\/posts\/25395\/revisions"}],"wp:attachment":[{"href":"https:\/\/hcd.malargue.gov.ar\/index.php?rest_route=%2Fwp%2Fv2%2Fmedia&parent=25395"}],"wp:term":[{"taxonomy":"category","embeddable":true,"href":"https:\/\/hcd.malargue.gov.ar\/index.php?rest_route=%2Fwp%2Fv2%2Fcategories&post=25395"},{"taxonomy":"post_tag","embeddable":true,"href":"https:\/\/hcd.malargue.gov.ar\/index.php?rest_route=%2Fwp%2Fv2%2Ftags&post=25395"}],"curies":[{"name":"wp","href":"https:\/\/api.w.org\/{rel}","templated":true}]}}