{"id":25420,"date":"2021-08-05T12:06:24","date_gmt":"2021-08-05T15:06:24","guid":{"rendered":"https:\/\/hcd.malargue.gov.ar\/?p=25420"},"modified":"2021-08-05T12:06:24","modified_gmt":"2021-08-05T15:06:24","slug":"el-hcd-llevo-a-cabo-la-20o-sesion-ordinaria-aprobando-una-resolucion","status":"publish","type":"post","link":"https:\/\/hcd.malargue.gov.ar\/?p=25420","title":{"rendered":"EL HCD LLEV\u00d3 A CABO LA 20\u00ba SESI\u00d3N ORDINARIA APROBANDO UNA RESOLUCI\u00d3N"},"content":{"rendered":"<h6 style=\"text-align: right;\">SESI\u00d3N ORDINARIA \u2013\u00a0 5 de agosto del 2021<\/h6>\n<h6 style=\"text-align: right;\">Presidiendo la Sesi\u00f3n:\u00a0\u00a0Concejal Martin Palma (Bloque Frente Cambia Mendoza)<\/h6>\n<h6 style=\"text-align: right;\">Concejales Presentes: Paola Jofre,\u00a0 Andres Risi, Daniela Favari (Bloque Frente de Todos), Daiana Varas, Gabriel Rosas, Paola Rojo y Luciana Villegas (Bloque Frente Cambia Mendoza)<\/h6>\n<p>A las 9:00 hs de este jueves 5 de agosto , dio inici\u00f3 el <a href=\"https:\/\/hcd.malargue.gov.ar\/?p=25395\">Orden del Dia de la Sesi\u00f3n Ordinaria convocada<\/a>.<\/p>\n<p>Luego del punto homenaje de los Sres Concejales en el cual hicieron uso de la palabra las Ediles Jofre, Favari, Villegas, Varas, Rojo y el Edil Andres Risi para referirse a diversas fechas acontecidas durante el presente mes; y continuando con el cumplimiento del Orden del D\u00eda elevaron un total de\u00a0 Notas,4 Proyectos de los Sres Concejales y 1 Expediente proveniente del Departamento Ejecutivo a las distintas comisiones de trabajo para su correspondiente tratamiento. Detalle:<\/p>\n<blockquote><p><strong><em>La COMISI\u00d3N DE HACIENDA PRESUPUESTO LEGISLACI\u00d3N Y ASUNTOS CONSTITUCIONALES (HPLAC) recepcionar\u00e1 3 proyectos:<\/em><\/strong><\/p>\n<ul>\n<li>Expte. N\u00ba 5.014-HC 037-2021 Proyecto de Ordenanza: Adherir a la Ley Provincial N\u00ba6.879 y prohibir la emisi\u00f3n y renovaci\u00f3n de Licencias de Conducir para progenitores incluidos en el Registro de Deudores Alimentarios Morosos (BLOQUE FRENTE CAMBIA MENDOZA) Autores: Concejales Daiana Varas Castro y Luciana Villegas<\/li>\n<li>Expte. N\u00ba 5.015-HC 037-2021 Proyecto de Ordenanza: Normativa para proteger el patrimonio natural, cultural y tur\u00edstico en actividades de Turismo Aventura (BLOQUE FRENTE DE TODOS) Autor: Concejales Paola Jofr\u00e9, Andr\u00e9s Risi.<\/li>\n<li>Expte. N\u00ba 3.090\/2021-0 Departamento Ejecutivo, Coordinaci\u00f3n de Gabinete: Solicita Confecci\u00f3n Comodato de Galp\u00f3n F\u00e1brica Grassi.<\/li>\n<\/ul>\n<p>&nbsp;<\/p>\n<p><em><b>La COMISI\u00d3N DE OBRAS P\u00daBLICAS, TURISMO Y RECURSOS NATURALES (OPTyRN) recepcionar\u00e1 2 <strong>proyectos:\u00a0<\/strong><\/b><\/em><\/p>\n<ul>\n<li>TRATAMIENTO PREFERENCIAL- Expte. N\u00ba 5.012-HC 037-2021 Proyecto de Resoluci\u00f3n: Solicitar a la Direcci\u00f3n Provincial de Vialidad la designaci\u00f3n de un Ingeniero Vial o Civil para cubrir el cargo de Jefe de Sub Zona Malarg\u00fce (BLOQUE FRENTE CAMBIA MENDOZA) Autor: Concejal Gabriel Rosas<\/li>\n<li>Expte. N\u00ba 5.013-HC 037-2021 Proyecto de Resoluci\u00f3n: Reparaci\u00f3n y mantenimiento de la Plaza ubicada en el Paraje El Alambrado del Departamento de Malarg\u00fce (BLOQUE FRENTE DE TODOS) Autor: Concejal Daniela Favari (Tras el an\u00e1lisis en la Comisi\u00f3n de Obras Publicas, pasa a la Comisi\u00f3n de Hacienda).<\/li>\n<\/ul>\n<\/blockquote>\n<p>En el punto <em><strong>h)<\/strong><\/em> se aprob\u00f3 1 Pieza Legal con caracter de Resoluci\u00f3n, detalle:<\/p>\n<blockquote><p><strong>Resoluci\u00f3n<\/strong>: Solicitar a la Direcci\u00f3n Nacional de Vialidad la instalaci\u00f3n de se\u00f1al\u00e9tica vertical preventiva en Ruta Nacional N\u00ba 40 Sur. (Expte. N\u00ba 5.009-HC 036-2021)<\/p><\/blockquote>\n<p>Sin m\u00e1s que tratar, el Presidente del Cuerpo Deliberativo dio por finalizada la sesi\u00f3n.<\/p>\n<p>Bel\u00e9n Pedernera Ferragut \/ Prensa HCD<\/p>\n<p>VER LA SESI\u00d3N EN VIVO:<a href=\"https:\/\/www.youtube.com\/watch?v=eU5qFrMm7vk\">https:\/\/www.youtube.com\/watch?v=eU5qFrMm7vk<\/a><\/p>\n<p>GALERIA DE FOTOS:<\/p>\n<div id='gallery-1' class='gallery galleryid-25420 gallery-columns-9 gallery-size-thumbnail'><figure class='gallery-item'>\n\t\t\t<div class='gallery-icon landscape'>\n\t\t\t\t<a href='https:\/\/hcd.malargue.gov.ar\/wp-content\/uploads\/2021\/08\/IMGP0244-2-compressed-scaled.jpg'><img loading=\"lazy\" decoding=\"async\" width=\"150\" height=\"150\" src=\"https:\/\/hcd.malargue.gov.ar\/wp-content\/uploads\/2021\/08\/IMGP0244-2-compressed-scaled-150x150.jpg\" class=\"attachment-thumbnail size-thumbnail\" alt=\"\" \/><\/a>\n\t\t\t<\/div><\/figure><figure class='gallery-item'>\n\t\t\t<div class='gallery-icon landscape'>\n\t\t\t\t<a href='https:\/\/hcd.malargue.gov.ar\/wp-content\/uploads\/2021\/08\/IMGP0245-compressed-scaled.jpg'><img loading=\"lazy\" decoding=\"async\" width=\"150\" height=\"150\" src=\"https:\/\/hcd.malargue.gov.ar\/wp-content\/uploads\/2021\/08\/IMGP0245-compressed-scaled-150x150.jpg\" class=\"attachment-thumbnail size-thumbnail\" alt=\"\" \/><\/a>\n\t\t\t<\/div><\/figure><figure class='gallery-item'>\n\t\t\t<div class='gallery-icon landscape'>\n\t\t\t\t<a href='https:\/\/hcd.malargue.gov.ar\/wp-content\/uploads\/2021\/08\/IMGP0247-compressed-scaled.jpg'><img loading=\"lazy\" decoding=\"async\" width=\"150\" height=\"150\" src=\"https:\/\/hcd.malargue.gov.ar\/wp-content\/uploads\/2021\/08\/IMGP0247-compressed-scaled-150x150.jpg\" class=\"attachment-thumbnail size-thumbnail\" alt=\"\" \/><\/a>\n\t\t\t<\/div><\/figure><figure class='gallery-item'>\n\t\t\t<div class='gallery-icon landscape'>\n\t\t\t\t<a href='https:\/\/hcd.malargue.gov.ar\/wp-content\/uploads\/2021\/08\/IMGP0248-compressed-scaled.jpg'><img loading=\"lazy\" decoding=\"async\" width=\"150\" height=\"150\" src=\"https:\/\/hcd.malargue.gov.ar\/wp-content\/uploads\/2021\/08\/IMGP0248-compressed-scaled-150x150.jpg\" class=\"attachment-thumbnail size-thumbnail\" alt=\"\" \/><\/a>\n\t\t\t<\/div><\/figure><figure class='gallery-item'>\n\t\t\t<div class='gallery-icon portrait'>\n\t\t\t\t<a href='https:\/\/hcd.malargue.gov.ar\/wp-content\/uploads\/2021\/08\/IMGP0249-compressed-scaled.jpg'><img loading=\"lazy\" decoding=\"async\" width=\"150\" height=\"150\" src=\"https:\/\/hcd.malargue.gov.ar\/wp-content\/uploads\/2021\/08\/IMGP0249-compressed-scaled-150x150.jpg\" class=\"attachment-thumbnail size-thumbnail\" alt=\"\" \/><\/a>\n\t\t\t<\/div><\/figure><figure class='gallery-item'>\n\t\t\t<div class='gallery-icon portrait'>\n\t\t\t\t<a href='https:\/\/hcd.malargue.gov.ar\/wp-content\/uploads\/2021\/08\/IMGP0251-compressed-scaled.jpg'><img loading=\"lazy\" decoding=\"async\" width=\"150\" height=\"150\" src=\"https:\/\/hcd.malargue.gov.ar\/wp-content\/uploads\/2021\/08\/IMGP0251-compressed-scaled-150x150.jpg\" class=\"attachment-thumbnail size-thumbnail\" alt=\"\" \/><\/a>\n\t\t\t<\/div><\/figure><figure class='gallery-item'>\n\t\t\t<div class='gallery-icon landscape'>\n\t\t\t\t<a href='https:\/\/hcd.malargue.gov.ar\/wp-content\/uploads\/2021\/08\/IMGP0252-compressed-scaled.jpg'><img loading=\"lazy\" decoding=\"async\" width=\"150\" height=\"150\" src=\"https:\/\/hcd.malargue.gov.ar\/wp-content\/uploads\/2021\/08\/IMGP0252-compressed-scaled-150x150.jpg\" class=\"attachment-thumbnail size-thumbnail\" alt=\"\" \/><\/a>\n\t\t\t<\/div><\/figure><figure class='gallery-item'>\n\t\t\t<div class='gallery-icon portrait'>\n\t\t\t\t<a href='https:\/\/hcd.malargue.gov.ar\/wp-content\/uploads\/2021\/08\/IMGP0253-compressed-scaled.jpg'><img loading=\"lazy\" decoding=\"async\" width=\"150\" height=\"150\" src=\"https:\/\/hcd.malargue.gov.ar\/wp-content\/uploads\/2021\/08\/IMGP0253-compressed-scaled-150x150.jpg\" class=\"attachment-thumbnail size-thumbnail\" alt=\"\" \/><\/a>\n\t\t\t<\/div><\/figure><figure class='gallery-item'>\n\t\t\t<div class='gallery-icon portrait'>\n\t\t\t\t<a href='https:\/\/hcd.malargue.gov.ar\/wp-content\/uploads\/2021\/08\/IMGP0254-compressed-scaled.jpg'><img loading=\"lazy\" decoding=\"async\" width=\"150\" height=\"150\" src=\"https:\/\/hcd.malargue.gov.ar\/wp-content\/uploads\/2021\/08\/IMGP0254-compressed-scaled-150x150.jpg\" class=\"attachment-thumbnail size-thumbnail\" alt=\"\" \/><\/a>\n\t\t\t<\/div><\/figure><figure class='gallery-item'>\n\t\t\t<div class='gallery-icon portrait'>\n\t\t\t\t<a href='https:\/\/hcd.malargue.gov.ar\/wp-content\/uploads\/2021\/08\/IMGP0255-compressed-scaled.jpg'><img loading=\"lazy\" decoding=\"async\" width=\"150\" height=\"150\" src=\"https:\/\/hcd.malargue.gov.ar\/wp-content\/uploads\/2021\/08\/IMGP0255-compressed-scaled-150x150.jpg\" class=\"attachment-thumbnail size-thumbnail\" alt=\"\" \/><\/a>\n\t\t\t<\/div><\/figure><figure class='gallery-item'>\n\t\t\t<div class='gallery-icon portrait'>\n\t\t\t\t<a href='https:\/\/hcd.malargue.gov.ar\/wp-content\/uploads\/2021\/08\/IMGP0256-compressed-scaled.jpg'><img loading=\"lazy\" decoding=\"async\" width=\"150\" height=\"150\" src=\"https:\/\/hcd.malargue.gov.ar\/wp-content\/uploads\/2021\/08\/IMGP0256-compressed-scaled-150x150.jpg\" class=\"attachment-thumbnail size-thumbnail\" alt=\"\" \/><\/a>\n\t\t\t<\/div><\/figure><figure class='gallery-item'>\n\t\t\t<div class='gallery-icon portrait'>\n\t\t\t\t<a href='https:\/\/hcd.malargue.gov.ar\/wp-content\/uploads\/2021\/08\/IMGP0258-compressed-scaled.jpg'><img loading=\"lazy\" decoding=\"async\" width=\"150\" height=\"150\" src=\"https:\/\/hcd.malargue.gov.ar\/wp-content\/uploads\/2021\/08\/IMGP0258-compressed-scaled-150x150.jpg\" class=\"attachment-thumbnail size-thumbnail\" alt=\"\" \/><\/a>\n\t\t\t<\/div><\/figure><figure class='gallery-item'>\n\t\t\t<div class='gallery-icon landscape'>\n\t\t\t\t<a href='https:\/\/hcd.malargue.gov.ar\/wp-content\/uploads\/2021\/08\/IMGP0262-compressed-scaled.jpg'><img loading=\"lazy\" decoding=\"async\" width=\"150\" height=\"150\" src=\"https:\/\/hcd.malargue.gov.ar\/wp-content\/uploads\/2021\/08\/IMGP0262-compressed-scaled-150x150.jpg\" class=\"attachment-thumbnail size-thumbnail\" alt=\"\" \/><\/a>\n\t\t\t<\/div><\/figure><figure class='gallery-item'>\n\t\t\t<div class='gallery-icon landscape'>\n\t\t\t\t<a href='https:\/\/hcd.malargue.gov.ar\/wp-content\/uploads\/2021\/08\/IMGP0263-compressed-scaled.jpg'><img loading=\"lazy\" decoding=\"async\" width=\"150\" height=\"150\" src=\"https:\/\/hcd.malargue.gov.ar\/wp-content\/uploads\/2021\/08\/IMGP0263-compressed-scaled-150x150.jpg\" class=\"attachment-thumbnail size-thumbnail\" alt=\"\" \/><\/a>\n\t\t\t<\/div><\/figure><figure class='gallery-item'>\n\t\t\t<div class='gallery-icon landscape'>\n\t\t\t\t<a href='https:\/\/hcd.malargue.gov.ar\/wp-content\/uploads\/2021\/08\/IMGP0267-compressed-scaled.jpg'><img loading=\"lazy\" decoding=\"async\" width=\"150\" height=\"150\" src=\"https:\/\/hcd.malargue.gov.ar\/wp-content\/uploads\/2021\/08\/IMGP0267-compressed-scaled-150x150.jpg\" class=\"attachment-thumbnail size-thumbnail\" alt=\"\" \/><\/a>\n\t\t\t<\/div><\/figure><figure class='gallery-item'>\n\t\t\t<div class='gallery-icon landscape'>\n\t\t\t\t<a href='https:\/\/hcd.malargue.gov.ar\/wp-content\/uploads\/2021\/08\/IMGP0270-compressed-scaled.jpg'><img loading=\"lazy\" decoding=\"async\" width=\"150\" height=\"150\" src=\"https:\/\/hcd.malargue.gov.ar\/wp-content\/uploads\/2021\/08\/IMGP0270-compressed-scaled-150x150.jpg\" class=\"attachment-thumbnail size-thumbnail\" alt=\"\" \/><\/a>\n\t\t\t<\/div><\/figure><figure class='gallery-item'>\n\t\t\t<div class='gallery-icon portrait'>\n\t\t\t\t<a href='https:\/\/hcd.malargue.gov.ar\/wp-content\/uploads\/2021\/08\/IMGP0273-compressed-scaled.jpg'><img loading=\"lazy\" decoding=\"async\" width=\"150\" height=\"150\" src=\"https:\/\/hcd.malargue.gov.ar\/wp-content\/uploads\/2021\/08\/IMGP0273-compressed-scaled-150x150.jpg\" class=\"attachment-thumbnail size-thumbnail\" alt=\"\" \/><\/a>\n\t\t\t<\/div><\/figure>\n\t\t<\/div>\n\n","protected":false},"excerpt":{"rendered":"<p>SESI\u00d3N ORDINARIA \u2013\u00a0 5 de agosto del 2021 Presidiendo la Sesi\u00f3n:\u00a0\u00a0Concejal Martin Palma (Bloque Frente Cambia Mendoza) Concejales Presentes: Paola Jofre,\u00a0 Andres Risi, Daniela Favari (Bloque Frente de Todos), Daiana Varas, Gabriel Rosas, Paola Rojo y Luciana Villegas (Bloque Frente Cambia Mendoza) A las 9:00 hs de este jueves 5 de agosto , dio inici\u00f3 [&hellip;]<\/p>\n","protected":false},"author":5,"featured_media":25440,"comment_status":"closed","ping_status":"closed","sticky":false,"template":"","format":"standard","meta":{"footnotes":""},"categories":[52,58,33,36],"tags":[],"class_list":["post-25420","post","type-post","status-publish","format-standard","has-post-thumbnail","hentry","category-gacetillas","category-ordinarias","category-prensa","category-sesiones"],"yoast_head":"<!-- This site is optimized with the Yoast SEO plugin v19.10 - https:\/\/yoast.com\/wordpress\/plugins\/seo\/ -->\n<title>EL HCD LLEV\u00d3 A CABO LA 20\u00ba SESI\u00d3N ORDINARIA APROBANDO UNA RESOLUCI\u00d3N - Malarg\u00fce HCD<\/title>\n<meta name=\"robots\" content=\"index, follow, max-snippet:-1, max-image-preview:large, max-video-preview:-1\" \/>\n<link rel=\"canonical\" href=\"https:\/\/hcd.malargue.gov.ar\/?p=25420\" \/>\n<meta property=\"og:locale\" content=\"es_ES\" \/>\n<meta property=\"og:type\" content=\"article\" \/>\n<meta property=\"og:title\" content=\"EL HCD LLEV\u00d3 A CABO LA 20\u00ba SESI\u00d3N ORDINARIA APROBANDO UNA RESOLUCI\u00d3N - Malarg\u00fce HCD\" \/>\n<meta property=\"og:description\" content=\"SESI\u00d3N ORDINARIA \u2013\u00a0 5 de agosto del 2021 Presidiendo la Sesi\u00f3n:\u00a0\u00a0Concejal Martin Palma (Bloque Frente Cambia Mendoza) Concejales Presentes: Paola Jofre,\u00a0 Andres Risi, Daniela Favari (Bloque Frente de Todos), Daiana Varas, Gabriel Rosas, Paola Rojo y Luciana Villegas (Bloque Frente Cambia Mendoza) A las 9:00 hs de este jueves 5 de agosto , dio inici\u00f3 [&hellip;]\" \/>\n<meta property=\"og:url\" content=\"https:\/\/hcd.malargue.gov.ar\/?p=25420\" \/>\n<meta property=\"og:site_name\" content=\"Malarg\u00fce HCD\" \/>\n<meta property=\"article:published_time\" content=\"2021-08-05T15:06:24+00:00\" \/>\n<meta property=\"og:image\" content=\"https:\/\/hcd.malargue.gov.ar\/wp-content\/uploads\/2021\/08\/IMGP0270-compressed-scaled.jpg\" \/>\n\t<meta property=\"og:image:width\" content=\"2560\" \/>\n\t<meta property=\"og:image:height\" content=\"1700\" \/>\n\t<meta property=\"og:image:type\" content=\"image\/jpeg\" \/>\n<meta name=\"author\" content=\"Belen Pedernera Ferragut\" \/>\n<meta name=\"twitter:card\" content=\"summary_large_image\" \/>\n<meta name=\"twitter:label1\" content=\"Escrito por\" \/>\n\t<meta name=\"twitter:data1\" content=\"Belen Pedernera Ferragut\" \/>\n\t<meta name=\"twitter:label2\" content=\"Tiempo de lectura\" \/>\n\t<meta name=\"twitter:data2\" content=\"2 minutos\" \/>\n<script type=\"application\/ld+json\" class=\"yoast-schema-graph\">{\"@context\":\"https:\/\/schema.org\",\"@graph\":[{\"@type\":\"WebPage\",\"@id\":\"https:\/\/hcd.malargue.gov.ar\/?p=25420\",\"url\":\"https:\/\/hcd.malargue.gov.ar\/?p=25420\",\"name\":\"EL HCD LLEV\u00d3 A CABO LA 20\u00ba SESI\u00d3N ORDINARIA APROBANDO UNA RESOLUCI\u00d3N - Malarg\u00fce HCD\",\"isPartOf\":{\"@id\":\"https:\/\/hcd.malargue.gov.ar\/#website\"},\"datePublished\":\"2021-08-05T15:06:24+00:00\",\"dateModified\":\"2021-08-05T15:06:24+00:00\",\"author\":{\"@id\":\"https:\/\/hcd.malargue.gov.ar\/#\/schema\/person\/3fd6bbab64edd703961b795156c955d0\"},\"breadcrumb\":{\"@id\":\"https:\/\/hcd.malargue.gov.ar\/?p=25420#breadcrumb\"},\"inLanguage\":\"es-AR\",\"potentialAction\":[{\"@type\":\"ReadAction\",\"target\":[\"https:\/\/hcd.malargue.gov.ar\/?p=25420\"]}]},{\"@type\":\"BreadcrumbList\",\"@id\":\"https:\/\/hcd.malargue.gov.ar\/?p=25420#breadcrumb\",\"itemListElement\":[{\"@type\":\"ListItem\",\"position\":1,\"name\":\"Inicio\",\"item\":\"https:\/\/hcd.malargue.gov.ar\/\"},{\"@type\":\"ListItem\",\"position\":2,\"name\":\"EL HCD LLEV\u00d3 A CABO LA 20\u00ba SESI\u00d3N ORDINARIA APROBANDO UNA RESOLUCI\u00d3N\"}]},{\"@type\":\"WebSite\",\"@id\":\"https:\/\/hcd.malargue.gov.ar\/#website\",\"url\":\"https:\/\/hcd.malargue.gov.ar\/\",\"name\":\"Malarg\u00fce HCD\",\"description\":\"Malarg\u00fce Mendoza Argentina\",\"potentialAction\":[{\"@type\":\"SearchAction\",\"target\":{\"@type\":\"EntryPoint\",\"urlTemplate\":\"https:\/\/hcd.malargue.gov.ar\/?s={search_term_string}\"},\"query-input\":\"required name=search_term_string\"}],\"inLanguage\":\"es-AR\"},{\"@type\":\"Person\",\"@id\":\"https:\/\/hcd.malargue.gov.ar\/#\/schema\/person\/3fd6bbab64edd703961b795156c955d0\",\"name\":\"Belen Pedernera Ferragut\",\"image\":{\"@type\":\"ImageObject\",\"inLanguage\":\"es-AR\",\"@id\":\"https:\/\/hcd.malargue.gov.ar\/#\/schema\/person\/image\/\",\"url\":\"https:\/\/secure.gravatar.com\/avatar\/1054ffab3893de4bb3eb29bdd22f7e34b8537bf5d34d9dab311818154ad5b71f?s=96&d=mm&r=g\",\"contentUrl\":\"https:\/\/secure.gravatar.com\/avatar\/1054ffab3893de4bb3eb29bdd22f7e34b8537bf5d34d9dab311818154ad5b71f?s=96&d=mm&r=g\",\"caption\":\"Belen Pedernera Ferragut\"},\"url\":\"https:\/\/hcd.malargue.gov.ar\/?author=5\"}]}<\/script>\n<!-- \/ Yoast SEO plugin. -->","yoast_head_json":{"title":"EL HCD LLEV\u00d3 A CABO LA 20\u00ba SESI\u00d3N ORDINARIA APROBANDO UNA RESOLUCI\u00d3N - Malarg\u00fce HCD","robots":{"index":"index","follow":"follow","max-snippet":"max-snippet:-1","max-image-preview":"max-image-preview:large","max-video-preview":"max-video-preview:-1"},"canonical":"https:\/\/hcd.malargue.gov.ar\/?p=25420","og_locale":"es_ES","og_type":"article","og_title":"EL HCD LLEV\u00d3 A CABO LA 20\u00ba SESI\u00d3N ORDINARIA APROBANDO UNA RESOLUCI\u00d3N - Malarg\u00fce HCD","og_description":"SESI\u00d3N ORDINARIA \u2013\u00a0 5 de agosto del 2021 Presidiendo la Sesi\u00f3n:\u00a0\u00a0Concejal Martin Palma (Bloque Frente Cambia Mendoza) Concejales Presentes: Paola Jofre,\u00a0 Andres Risi, Daniela Favari (Bloque Frente de Todos), Daiana Varas, Gabriel Rosas, Paola Rojo y Luciana Villegas (Bloque Frente Cambia Mendoza) A las 9:00 hs de este jueves 5 de agosto , dio inici\u00f3 [&hellip;]","og_url":"https:\/\/hcd.malargue.gov.ar\/?p=25420","og_site_name":"Malarg\u00fce HCD","article_published_time":"2021-08-05T15:06:24+00:00","og_image":[{"width":2560,"height":1700,"url":"https:\/\/hcd.malargue.gov.ar\/wp-content\/uploads\/2021\/08\/IMGP0270-compressed-scaled.jpg","type":"image\/jpeg"}],"author":"Belen Pedernera Ferragut","twitter_card":"summary_large_image","twitter_misc":{"Escrito por":"Belen Pedernera Ferragut","Tiempo de lectura":"2 minutos"},"schema":{"@context":"https:\/\/schema.org","@graph":[{"@type":"WebPage","@id":"https:\/\/hcd.malargue.gov.ar\/?p=25420","url":"https:\/\/hcd.malargue.gov.ar\/?p=25420","name":"EL HCD LLEV\u00d3 A CABO LA 20\u00ba SESI\u00d3N ORDINARIA APROBANDO UNA RESOLUCI\u00d3N - Malarg\u00fce HCD","isPartOf":{"@id":"https:\/\/hcd.malargue.gov.ar\/#website"},"datePublished":"2021-08-05T15:06:24+00:00","dateModified":"2021-08-05T15:06:24+00:00","author":{"@id":"https:\/\/hcd.malargue.gov.ar\/#\/schema\/person\/3fd6bbab64edd703961b795156c955d0"},"breadcrumb":{"@id":"https:\/\/hcd.malargue.gov.ar\/?p=25420#breadcrumb"},"inLanguage":"es-AR","potentialAction":[{"@type":"ReadAction","target":["https:\/\/hcd.malargue.gov.ar\/?p=25420"]}]},{"@type":"BreadcrumbList","@id":"https:\/\/hcd.malargue.gov.ar\/?p=25420#breadcrumb","itemListElement":[{"@type":"ListItem","position":1,"name":"Inicio","item":"https:\/\/hcd.malargue.gov.ar\/"},{"@type":"ListItem","position":2,"name":"EL HCD LLEV\u00d3 A CABO LA 20\u00ba SESI\u00d3N ORDINARIA APROBANDO UNA RESOLUCI\u00d3N"}]},{"@type":"WebSite","@id":"https:\/\/hcd.malargue.gov.ar\/#website","url":"https:\/\/hcd.malargue.gov.ar\/","name":"Malarg\u00fce HCD","description":"Malarg\u00fce Mendoza Argentina","potentialAction":[{"@type":"SearchAction","target":{"@type":"EntryPoint","urlTemplate":"https:\/\/hcd.malargue.gov.ar\/?s={search_term_string}"},"query-input":"required name=search_term_string"}],"inLanguage":"es-AR"},{"@type":"Person","@id":"https:\/\/hcd.malargue.gov.ar\/#\/schema\/person\/3fd6bbab64edd703961b795156c955d0","name":"Belen Pedernera Ferragut","image":{"@type":"ImageObject","inLanguage":"es-AR","@id":"https:\/\/hcd.malargue.gov.ar\/#\/schema\/person\/image\/","url":"https:\/\/secure.gravatar.com\/avatar\/1054ffab3893de4bb3eb29bdd22f7e34b8537bf5d34d9dab311818154ad5b71f?s=96&d=mm&r=g","contentUrl":"https:\/\/secure.gravatar.com\/avatar\/1054ffab3893de4bb3eb29bdd22f7e34b8537bf5d34d9dab311818154ad5b71f?s=96&d=mm&r=g","caption":"Belen Pedernera Ferragut"},"url":"https:\/\/hcd.malargue.gov.ar\/?author=5"}]}},"_links":{"self":[{"href":"https:\/\/hcd.malargue.gov.ar\/index.php?rest_route=\/wp\/v2\/posts\/25420","targetHints":{"allow":["GET"]}}],"collection":[{"href":"https:\/\/hcd.malargue.gov.ar\/index.php?rest_route=\/wp\/v2\/posts"}],"about":[{"href":"https:\/\/hcd.malargue.gov.ar\/index.php?rest_route=\/wp\/v2\/types\/post"}],"author":[{"embeddable":true,"href":"https:\/\/hcd.malargue.gov.ar\/index.php?rest_route=\/wp\/v2\/users\/5"}],"replies":[{"embeddable":true,"href":"https:\/\/hcd.malargue.gov.ar\/index.php?rest_route=%2Fwp%2Fv2%2Fcomments&post=25420"}],"version-history":[{"count":0,"href":"https:\/\/hcd.malargue.gov.ar\/index.php?rest_route=\/wp\/v2\/posts\/25420\/revisions"}],"wp:featuredmedia":[{"embeddable":true,"href":"https:\/\/hcd.malargue.gov.ar\/index.php?rest_route=\/wp\/v2\/media\/25440"}],"wp:attachment":[{"href":"https:\/\/hcd.malargue.gov.ar\/index.php?rest_route=%2Fwp%2Fv2%2Fmedia&parent=25420"}],"wp:term":[{"taxonomy":"category","embeddable":true,"href":"https:\/\/hcd.malargue.gov.ar\/index.php?rest_route=%2Fwp%2Fv2%2Fcategories&post=25420"},{"taxonomy":"post_tag","embeddable":true,"href":"https:\/\/hcd.malargue.gov.ar\/index.php?rest_route=%2Fwp%2Fv2%2Ftags&post=25420"}],"curies":[{"name":"wp","href":"https:\/\/api.w.org\/{rel}","templated":true}]}}