{"id":25461,"date":"2021-08-11T00:00:44","date_gmt":"2021-08-11T03:00:44","guid":{"rendered":"https:\/\/hcd.malargue.gov.ar\/?p=25461"},"modified":"2021-08-06T09:52:26","modified_gmt":"2021-08-06T12:52:26","slug":"11-de-agosto-dia-del-nutriconista","status":"publish","type":"post","link":"https:\/\/hcd.malargue.gov.ar\/?p=25461","title":{"rendered":"11 DE AGOSTO- DIA DEL NUTRICONISTA"},"content":{"rendered":"<p>El 11 de agosto se celebra el D\u00eda del Nutricionista en toda Latinoam\u00e9rica. La fecha fue elegida en conmemoraci\u00f3n del nacimiento de Pedro Escudero, un m\u00e9dico argentino que fue pionero de la Nutrici\u00f3n en el mundo y fundador de la actual Escuela de Nutrici\u00f3n de la UBA. La mejor manera de celebrarlo es seguir trabajando como comunidad para alcanzar h\u00e1bitos de vida m\u00e1s saludables.<\/p>\n<p>Respecto a la labor diaria de estos profesionales, se destaca la importancia de su intervenci\u00f3n en el diagn\u00f3stico, tratamiento y seguimiento de las enfermedades cr\u00f3nicas, el trabajo con las instituciones educativas, el acompa\u00f1amiento a los jardines municipales, los espacios de consejer\u00edas a ni\u00f1os, adolescentes, adultos, embarazadas y adultos mayores, la puesta en marcha de programas de promoci\u00f3n, difusi\u00f3n y concientizaci\u00f3n de h\u00e1bitos saludables, entre otras innumerables acciones que hacen a la mejora de la calidad de vid.<\/p>\n<p>En este d\u00eda, destacamos a las Licenciadas y los Licenciados en Nutrici\u00f3n\u00a0 en especial a quienes reciden en Nuestro Malarg\u00fce.-<\/p>\n","protected":false},"excerpt":{"rendered":"<p>El 11 de agosto se celebra el D\u00eda del Nutricionista en toda Latinoam\u00e9rica. La fecha fue elegida en conmemoraci\u00f3n del nacimiento de Pedro Escudero, un m\u00e9dico argentino que fue pionero de la Nutrici\u00f3n en el mundo y fundador de la actual Escuela de Nutrici\u00f3n de la UBA. La mejor manera de celebrarlo es seguir trabajando [&hellip;]<\/p>\n","protected":false},"author":5,"featured_media":25462,"comment_status":"closed","ping_status":"closed","sticky":false,"template":"","format":"standard","meta":{"footnotes":""},"categories":[69,52,33],"tags":[],"class_list":["post-25461","post","type-post","status-publish","format-standard","has-post-thumbnail","hentry","category-efemerides","category-gacetillas","category-prensa"],"yoast_head":"<!-- This site is optimized with the Yoast SEO plugin v19.10 - https:\/\/yoast.com\/wordpress\/plugins\/seo\/ -->\n<title>11 DE AGOSTO- DIA DEL NUTRICONISTA - Malarg\u00fce HCD<\/title>\n<meta name=\"robots\" content=\"index, follow, max-snippet:-1, max-image-preview:large, max-video-preview:-1\" \/>\n<link rel=\"canonical\" href=\"https:\/\/hcd.malargue.gov.ar\/?p=25461\" \/>\n<meta property=\"og:locale\" content=\"es_ES\" \/>\n<meta property=\"og:type\" content=\"article\" \/>\n<meta property=\"og:title\" content=\"11 DE AGOSTO- DIA DEL NUTRICONISTA - Malarg\u00fce HCD\" \/>\n<meta property=\"og:description\" content=\"El 11 de agosto se celebra el D\u00eda del Nutricionista en toda Latinoam\u00e9rica. La fecha fue elegida en conmemoraci\u00f3n del nacimiento de Pedro Escudero, un m\u00e9dico argentino que fue pionero de la Nutrici\u00f3n en el mundo y fundador de la actual Escuela de Nutrici\u00f3n de la UBA. La mejor manera de celebrarlo es seguir trabajando [&hellip;]\" \/>\n<meta property=\"og:url\" content=\"https:\/\/hcd.malargue.gov.ar\/?p=25461\" \/>\n<meta property=\"og:site_name\" content=\"Malarg\u00fce HCD\" \/>\n<meta property=\"article:published_time\" content=\"2021-08-11T03:00:44+00:00\" \/>\n<meta property=\"article:modified_time\" content=\"2021-08-06T12:52:26+00:00\" \/>\n<meta property=\"og:image\" content=\"https:\/\/hcd.malargue.gov.ar\/wp-content\/uploads\/2021\/08\/DIA-NUTRICIONISTA-.jpg\" \/>\n\t<meta property=\"og:image:width\" content=\"699\" \/>\n\t<meta property=\"og:image:height\" content=\"612\" \/>\n\t<meta property=\"og:image:type\" content=\"image\/jpeg\" \/>\n<meta name=\"author\" content=\"Belen Pedernera Ferragut\" \/>\n<meta name=\"twitter:card\" content=\"summary_large_image\" \/>\n<meta name=\"twitter:label1\" content=\"Escrito por\" \/>\n\t<meta name=\"twitter:data1\" content=\"Belen Pedernera Ferragut\" \/>\n\t<meta name=\"twitter:label2\" content=\"Tiempo de lectura\" \/>\n\t<meta name=\"twitter:data2\" content=\"1 minuto\" \/>\n<script type=\"application\/ld+json\" class=\"yoast-schema-graph\">{\"@context\":\"https:\/\/schema.org\",\"@graph\":[{\"@type\":\"WebPage\",\"@id\":\"https:\/\/hcd.malargue.gov.ar\/?p=25461\",\"url\":\"https:\/\/hcd.malargue.gov.ar\/?p=25461\",\"name\":\"11 DE AGOSTO- DIA DEL NUTRICONISTA - Malarg\u00fce HCD\",\"isPartOf\":{\"@id\":\"https:\/\/hcd.malargue.gov.ar\/#website\"},\"datePublished\":\"2021-08-11T03:00:44+00:00\",\"dateModified\":\"2021-08-06T12:52:26+00:00\",\"author\":{\"@id\":\"https:\/\/hcd.malargue.gov.ar\/#\/schema\/person\/3fd6bbab64edd703961b795156c955d0\"},\"breadcrumb\":{\"@id\":\"https:\/\/hcd.malargue.gov.ar\/?p=25461#breadcrumb\"},\"inLanguage\":\"es-AR\",\"potentialAction\":[{\"@type\":\"ReadAction\",\"target\":[\"https:\/\/hcd.malargue.gov.ar\/?p=25461\"]}]},{\"@type\":\"BreadcrumbList\",\"@id\":\"https:\/\/hcd.malargue.gov.ar\/?p=25461#breadcrumb\",\"itemListElement\":[{\"@type\":\"ListItem\",\"position\":1,\"name\":\"Inicio\",\"item\":\"https:\/\/hcd.malargue.gov.ar\/\"},{\"@type\":\"ListItem\",\"position\":2,\"name\":\"11 DE AGOSTO- DIA DEL NUTRICONISTA\"}]},{\"@type\":\"WebSite\",\"@id\":\"https:\/\/hcd.malargue.gov.ar\/#website\",\"url\":\"https:\/\/hcd.malargue.gov.ar\/\",\"name\":\"Malarg\u00fce HCD\",\"description\":\"Malarg\u00fce Mendoza Argentina\",\"potentialAction\":[{\"@type\":\"SearchAction\",\"target\":{\"@type\":\"EntryPoint\",\"urlTemplate\":\"https:\/\/hcd.malargue.gov.ar\/?s={search_term_string}\"},\"query-input\":\"required name=search_term_string\"}],\"inLanguage\":\"es-AR\"},{\"@type\":\"Person\",\"@id\":\"https:\/\/hcd.malargue.gov.ar\/#\/schema\/person\/3fd6bbab64edd703961b795156c955d0\",\"name\":\"Belen Pedernera Ferragut\",\"image\":{\"@type\":\"ImageObject\",\"inLanguage\":\"es-AR\",\"@id\":\"https:\/\/hcd.malargue.gov.ar\/#\/schema\/person\/image\/\",\"url\":\"https:\/\/secure.gravatar.com\/avatar\/1054ffab3893de4bb3eb29bdd22f7e34b8537bf5d34d9dab311818154ad5b71f?s=96&d=mm&r=g\",\"contentUrl\":\"https:\/\/secure.gravatar.com\/avatar\/1054ffab3893de4bb3eb29bdd22f7e34b8537bf5d34d9dab311818154ad5b71f?s=96&d=mm&r=g\",\"caption\":\"Belen Pedernera Ferragut\"},\"url\":\"https:\/\/hcd.malargue.gov.ar\/?author=5\"}]}<\/script>\n<!-- \/ Yoast SEO plugin. -->","yoast_head_json":{"title":"11 DE AGOSTO- DIA DEL NUTRICONISTA - Malarg\u00fce HCD","robots":{"index":"index","follow":"follow","max-snippet":"max-snippet:-1","max-image-preview":"max-image-preview:large","max-video-preview":"max-video-preview:-1"},"canonical":"https:\/\/hcd.malargue.gov.ar\/?p=25461","og_locale":"es_ES","og_type":"article","og_title":"11 DE AGOSTO- DIA DEL NUTRICONISTA - Malarg\u00fce HCD","og_description":"El 11 de agosto se celebra el D\u00eda del Nutricionista en toda Latinoam\u00e9rica. La fecha fue elegida en conmemoraci\u00f3n del nacimiento de Pedro Escudero, un m\u00e9dico argentino que fue pionero de la Nutrici\u00f3n en el mundo y fundador de la actual Escuela de Nutrici\u00f3n de la UBA. La mejor manera de celebrarlo es seguir trabajando [&hellip;]","og_url":"https:\/\/hcd.malargue.gov.ar\/?p=25461","og_site_name":"Malarg\u00fce HCD","article_published_time":"2021-08-11T03:00:44+00:00","article_modified_time":"2021-08-06T12:52:26+00:00","og_image":[{"width":699,"height":612,"url":"https:\/\/hcd.malargue.gov.ar\/wp-content\/uploads\/2021\/08\/DIA-NUTRICIONISTA-.jpg","type":"image\/jpeg"}],"author":"Belen Pedernera Ferragut","twitter_card":"summary_large_image","twitter_misc":{"Escrito por":"Belen Pedernera Ferragut","Tiempo de lectura":"1 minuto"},"schema":{"@context":"https:\/\/schema.org","@graph":[{"@type":"WebPage","@id":"https:\/\/hcd.malargue.gov.ar\/?p=25461","url":"https:\/\/hcd.malargue.gov.ar\/?p=25461","name":"11 DE AGOSTO- DIA DEL NUTRICONISTA - Malarg\u00fce HCD","isPartOf":{"@id":"https:\/\/hcd.malargue.gov.ar\/#website"},"datePublished":"2021-08-11T03:00:44+00:00","dateModified":"2021-08-06T12:52:26+00:00","author":{"@id":"https:\/\/hcd.malargue.gov.ar\/#\/schema\/person\/3fd6bbab64edd703961b795156c955d0"},"breadcrumb":{"@id":"https:\/\/hcd.malargue.gov.ar\/?p=25461#breadcrumb"},"inLanguage":"es-AR","potentialAction":[{"@type":"ReadAction","target":["https:\/\/hcd.malargue.gov.ar\/?p=25461"]}]},{"@type":"BreadcrumbList","@id":"https:\/\/hcd.malargue.gov.ar\/?p=25461#breadcrumb","itemListElement":[{"@type":"ListItem","position":1,"name":"Inicio","item":"https:\/\/hcd.malargue.gov.ar\/"},{"@type":"ListItem","position":2,"name":"11 DE AGOSTO- DIA DEL NUTRICONISTA"}]},{"@type":"WebSite","@id":"https:\/\/hcd.malargue.gov.ar\/#website","url":"https:\/\/hcd.malargue.gov.ar\/","name":"Malarg\u00fce HCD","description":"Malarg\u00fce Mendoza Argentina","potentialAction":[{"@type":"SearchAction","target":{"@type":"EntryPoint","urlTemplate":"https:\/\/hcd.malargue.gov.ar\/?s={search_term_string}"},"query-input":"required name=search_term_string"}],"inLanguage":"es-AR"},{"@type":"Person","@id":"https:\/\/hcd.malargue.gov.ar\/#\/schema\/person\/3fd6bbab64edd703961b795156c955d0","name":"Belen Pedernera Ferragut","image":{"@type":"ImageObject","inLanguage":"es-AR","@id":"https:\/\/hcd.malargue.gov.ar\/#\/schema\/person\/image\/","url":"https:\/\/secure.gravatar.com\/avatar\/1054ffab3893de4bb3eb29bdd22f7e34b8537bf5d34d9dab311818154ad5b71f?s=96&d=mm&r=g","contentUrl":"https:\/\/secure.gravatar.com\/avatar\/1054ffab3893de4bb3eb29bdd22f7e34b8537bf5d34d9dab311818154ad5b71f?s=96&d=mm&r=g","caption":"Belen Pedernera Ferragut"},"url":"https:\/\/hcd.malargue.gov.ar\/?author=5"}]}},"_links":{"self":[{"href":"https:\/\/hcd.malargue.gov.ar\/index.php?rest_route=\/wp\/v2\/posts\/25461","targetHints":{"allow":["GET"]}}],"collection":[{"href":"https:\/\/hcd.malargue.gov.ar\/index.php?rest_route=\/wp\/v2\/posts"}],"about":[{"href":"https:\/\/hcd.malargue.gov.ar\/index.php?rest_route=\/wp\/v2\/types\/post"}],"author":[{"embeddable":true,"href":"https:\/\/hcd.malargue.gov.ar\/index.php?rest_route=\/wp\/v2\/users\/5"}],"replies":[{"embeddable":true,"href":"https:\/\/hcd.malargue.gov.ar\/index.php?rest_route=%2Fwp%2Fv2%2Fcomments&post=25461"}],"version-history":[{"count":0,"href":"https:\/\/hcd.malargue.gov.ar\/index.php?rest_route=\/wp\/v2\/posts\/25461\/revisions"}],"wp:featuredmedia":[{"embeddable":true,"href":"https:\/\/hcd.malargue.gov.ar\/index.php?rest_route=\/wp\/v2\/media\/25462"}],"wp:attachment":[{"href":"https:\/\/hcd.malargue.gov.ar\/index.php?rest_route=%2Fwp%2Fv2%2Fmedia&parent=25461"}],"wp:term":[{"taxonomy":"category","embeddable":true,"href":"https:\/\/hcd.malargue.gov.ar\/index.php?rest_route=%2Fwp%2Fv2%2Fcategories&post=25461"},{"taxonomy":"post_tag","embeddable":true,"href":"https:\/\/hcd.malargue.gov.ar\/index.php?rest_route=%2Fwp%2Fv2%2Ftags&post=25461"}],"curies":[{"name":"wp","href":"https:\/\/api.w.org\/{rel}","templated":true}]}}