{"id":25492,"date":"2021-08-11T12:12:29","date_gmt":"2021-08-11T15:12:29","guid":{"rendered":"https:\/\/hcd.malargue.gov.ar\/?p=25492"},"modified":"2021-08-25T09:23:22","modified_gmt":"2021-08-25T12:23:22","slug":"orden-del-dia-21-sesion-ordinaria","status":"publish","type":"post","link":"https:\/\/hcd.malargue.gov.ar\/?p=25492","title":{"rendered":"ORDEN DEL DIA 21\u00b0 SESION ORDINARIA"},"content":{"rendered":"<h5><a href=\"http:\/\/hcd.malargue.gov.ar\/hcdpdf\/21%20SO%20ORDEN%2012%20de%20Agosto%202021.pdf\"><img loading=\"lazy\" decoding=\"async\" class=\"alignright wp-image-7950\" src=\"https:\/\/hcd.malargue.gov.ar\/wp-content\/uploads\/2018\/06\/PDF-JPG-300x300.jpg\" alt=\"\" width=\"77\" height=\"77\" srcset=\"https:\/\/hcd.malargue.gov.ar\/wp-content\/uploads\/2018\/06\/PDF-JPG-300x300.jpg 300w, https:\/\/hcd.malargue.gov.ar\/wp-content\/uploads\/2018\/06\/PDF-JPG-150x150.jpg 150w, https:\/\/hcd.malargue.gov.ar\/wp-content\/uploads\/2018\/06\/PDF-JPG.jpg 512w\" sizes=\"auto, (max-width: 77px) 100vw, 77px\" \/><\/a>D\u00eda \u00a0\u00a0Jueves\u00a0\u00a0 12 de Agosto de 2021<\/h5>\n<h5>Hora: 09:00<\/h5>\n<p><strong><em>a) Acto de Izar la Ense\u00f1a Patria\u00a0\u00a0 a cargo de la Sra. Concejal Paola Lorena ROJO <\/em><\/strong><\/p>\n<p><strong><em>b) Homenaje de los Se\u00f1ores Concejales<\/em><\/strong><\/p>\n<p><strong><em>c) Consideraci\u00f3n Acta Sesi\u00f3n Ordinaria N\u00ba 1.072- \u201cO\u201d-2021 <\/em><\/strong><\/p>\n<p><strong><em>d) Lectura del detalle de la correspondencia recibida y emitida.<\/em><\/strong><\/p>\n<p><strong><em>e) Determinaci\u00f3n de los temas que ser\u00e1n incluidos en el punto Asuntos Varios y puesta a consideraci\u00f3n de mociones de tratamientos sobre tablas de diversos expedientes.<\/em><\/strong><\/p>\n<p><strong><em>f) Proyectos de los Se\u00f1ores Concejales: <\/em><\/strong><\/p>\n<ol>\n<li>Expte. N\u00ba 5.016-HC 037-2021 Proyecto de Ordenanza: Cr\u00e9ase el Registro Municipal permanente, \u00fanico y obligatorio de Directores T\u00e9cnicos de Establecimientos que elaboren, fraccionen, comercialicen y\/o distribuyan productos alimenticios dentro del \u00e1mbito municipal. (BLOQUE FRENTE CAMBIA MENDOZA) Autor: Concejal Paola Rojo<\/li>\n<li>Expte. N\u00ba 5.017-HC 037-2021 Proyecto de Ordenanza: Fac\u00faltese al D.E.M la Creaci\u00f3n de la Unidad Coordinadora y Ejecutora\u00a0 de Promotores Ambientales , en el \u00e1mbito departamental. (BLOQUE FRENTE CAMBIA MENDOZA) Autor: Concejal Paola Rojo<\/li>\n<li>Expte. N\u00ba 5.018-HC 037-2021 Proyecto de Ordenanza: Cr\u00e9ase el Fondo Municipal de Forestaci\u00f3n (F.M.F) para desarrollar el Programa de Amparo del Arbolado P\u00fablico, dentro del \u00e1mbito departamental. (BLOQUE FRENTE CAMBIA MENDOZA) Autor: Concejales Paola Rojo<\/li>\n<li>Expte. N\u00ba 5.019-HC 037-2021 Proyecto de Ordenanza: Autor\u00edcese la venta de los terrenos ubicados en el Barrio Virgen del Carmen y Colonia Emprendedores. (BLOQUE FRENTE CAMBIA MENDOZA) Autor: Concejales Paola Rojo, Luciana Villegas<\/li>\n<\/ol>\n<p><strong><em>g) Expedientes provenientes del Departamento Ejecutivo <\/em><\/strong><\/p>\n<ol>\n<li>Expte. N\u00ba 3.581\/2021-0 Secretar\u00eda de Gobierno: Remite Decretos N\u00ba 912\/2021- 926\/2021- 951\/2021 n\u00f3mina de empleados beneficiados -Ordenanza N\u00ba2096\/2021 Re Categorizaci\u00f3n Empleados Municipales.<\/li>\n<\/ol>\n<p><strong><em>h) Despachos de las Comisiones de Trabajo:<\/em><\/strong><\/p>\n<ol>\n<li>Nota HC 219-2021 y Nota HC 246-2021 Ing. Jorge Fern\u00e1ndez, remite informaci\u00f3n solicitada mediante Resoluci\u00f3n N\u00ba181\/2021 \u2013 S\/ Informaci\u00f3n solicitada sobre erradicaci\u00f3n de forestales. (O.P.T Y R.N)<\/li>\n<li>Expte. N\u00ba 4.971-HC 033-2021 Proyecto de Ordenanza: Modificar Art. 1\u00ba de la Ordenanza 2021\/19 Donaci\u00f3n de ochavas y espacios de equipamientos ubicado en los Barrios Cari Lauquen, Palau Mahuida I , Palau Mahuida II , Mechenquil, El Trapal II, SUTE y Nahuel Cur\u00e1. (O.P.T Y R.N)<\/li>\n<li>Expte N\u00ba 4.862-HC 025-2020 \u00a0Proyecto de Resoluci\u00f3n: Solicitar a Legisladores Nacionales por Mendoza gestiones ante Agencia de Bienes del Estado y Administraci\u00f3n de Infraestructuras Ferroviarias S.E para brindar a la Municipalidad de Malarg\u00fce la posesi\u00f3n dominial de tierras donde se ubican los Barrios Ferrocarril y Carbometal. \/ Expte. N\u00ba 4.888-HC 027-2020 Proyecto de Resoluci\u00f3n: Solicitar la excepci\u00f3n del pago a la Familia S\u00e1nchez por el secuestro de cabras pre\u00f1adas sobre la Ruta N\u00ba40 a la Direcci\u00f3n de Ganader\u00eda de la Provincia \/ Expte. N\u00ba 4.829-HC 023-2020 Proyecto de Resoluci\u00f3n:\u00a0 Solicitar a propietarios la disminuci\u00f3n del monto de arrendamiento de campos de invernada y\/o veranada a puesteros de nuestro Departamento. \/ Expte. N\u00ba 4.881-HC 027-2020 Proyecto de Ordenanza: Creaci\u00f3n del Programa Municipal para abastecimiento de agua potable a zonas rurales y de \u00e1reas perif\u00e9ricas a la Ciudad. \u00a0\/ Expte. N\u00ba 4.994-HC 035-2021 Proyecto de Resoluci\u00f3n: Solicitar a la Direcci\u00f3n Provincial de Ganader\u00eda la capacitaci\u00f3n de personal administrativo para atenci\u00f3n en los Parajes El Cortaderal, Ranquil Norte, Las Loicas y Los Molles. \/ Expte. N\u00ba 4.983-HC 034-2021 Proyecto de Resoluci\u00f3n: Solicitar a Direcci\u00f3n de Ganader\u00eda de la Provincia de Mendoza arbitre los medios necesarios para la habilitaci\u00f3n de una Oficina de la Delegaci\u00f3n en el Paraje de Bardas Blancas. (H.P.L.A.C.)<\/li>\n<li>Expte.\u00a0 N\u00ba 4.816-HC 022-2020 Proyecto de Resoluci\u00f3n: Solicitar informe sobre la facturaci\u00f3n de la Distribuidora de Gas Cuyana S.A. (ECOGAS) en el Departamento en comparaci\u00f3n con otros de la Provincia. (O.P.T Y R.N)<\/li>\n<li>Expte. N\u00ba 4.997-HC 035-2021 Proyecto de Resoluci\u00f3n: Solicitar al Ministerio de Salud, Desarrollo Social y Deportes, informaci\u00f3n sobre la habilitaci\u00f3n de los geri\u00e1tricos en el Departamento de Malarg\u00fce (E.H.M.A.S Y C )<\/li>\n<li>Expte. N\u00ba 4.996-HC 035-2021 Proyecto de Resoluci\u00f3n: Solicitar al Director General de OSEP Dr. Carlos Funes tenga en cuenta el reclamo de afiliados del Departamento de Malarg\u00fce con el fin de mejorar las atenciones en la Subdelegaci\u00f3n del Departamento. (E.H.M.AS Y C)<\/li>\n<li>Expte. N\u00ba 4.986-HC 034-2021 Proyecto de Resoluci\u00f3n: Adherir a Carta P\u00fablica remitida al Director de OSEP por Jubilados y Pensionados y otros. (E. H.M.A. S Y C)<\/li>\n<li>Expte. N\u00ba5.011-HC 037-2021 Proyecto de Resoluci\u00f3n: Declarar de Inter\u00e9s Departamental Educativo y de Fortalecimiento Econ\u00f3mico la Elaboraci\u00f3n de Charqui Caprino-Escuela N\u00ba4-191 Daniel Hugo Pierini. (E.H.M.A.S Y C)<\/li>\n<li>Expte. N\u00ba 4.984-HC 034-2021 Proyecto de Resoluci\u00f3n: Crear el Programa Municipal para la Erradicaci\u00f3n del Trabajo Infantil (E. H.M.A. S Y C)<\/li>\n<li>Expte. N\u00ba 5.003-HC 036-2021 Proyecto de Resoluci\u00f3n: Solicitar al Ejecutivo Municipal gestione la creaci\u00f3n de un Centro de Salud de Atenci\u00f3n Primaria en el Paraje Los Molles (E.H.M.A.S y C)<\/li>\n<\/ol>\n<p><strong>i<\/strong><strong><em>) Asuntos Varios. &#8211;\u00a0\u00a0\u00a0\u00a0\u00a0\u00a0 <\/em><\/strong><\/p>\n<p><strong><em>j) Acto de arriar el Pabell\u00f3n Nacional a cargo de la concejal que lo <\/em><\/strong><strong>iz\u00f3. &#8211; <\/strong><\/p>\n<p style=\"text-align: right;\"><strong>\u00a0\u00a0\u00a0\u00a0\u00a0\u00a0\u00a0\u00a0\u00a0\u00a0\u00a0\u00a0\u00a0\u00a0\u00a0\u00a0\u00a0\u00a0\u00a0\u00a0\u00a0\u00a0\u00a0\u00a0\u00a0\u00a0\u00a0\u00a0\u00a0 \u00a0\u00a0\u00a0\u00a0\u00a0\u00a0\u00a0\u00a0\u00a0\u00a0\u00a0\u00a0\u00a0\u00a0\u00a0\u00a0\u00a0\u00a0\u00a0\u00a0\u00a0\u00a0\u00a0\u00a0\u00a0\u00a0\u00a0 \u00a0\u00a0\u00a0\u00a0\u00a0\u00a0\u00a0\u00a0\u00a0\u00a0\u00a0\u00a0\u00a0\u00a0\u00a0\u00a0\u00a0\u00a0\u00a0\u00a0\u00a0 Presidencia H.C.D 10 de Agosto de 2021.-<\/strong><\/p>\n<p><strong>CORRESPONDENCIA\u00a0 PARA LA SESI\u00d3N<\/strong><\/p>\n<p><strong>Del d\u00eda\u00a0 jueves 12\u00a0\u00a0 de agosto\u00a0\u00a0\u00a0 de 2.021<\/strong><\/p>\n<p><strong>NOTAS INGRESADAS<\/strong><\/p>\n<ol>\n<li>Concejal Sra. Paola Jofre, Bloque Frente de Todos manifiesta situaci\u00f3n acaecida en su Bloque.<\/li>\n<li>M\u00f3nica Pino, en representaci\u00f3n de la Iglesia Manto de Cristo, solicita colaboraci\u00f3n, para agasajo D\u00eda del Ni\u00f1o.<\/li>\n<li>Javier Castro Vicepresidente Club Social y Deportivo Malarg\u00fce, solicita ayuda econ\u00f3mica para\u00a0 j\u00f3venes que participar\u00e1n en Campeonato, a realizarse en\u00a0 la Ciudad de San Rafael, el d\u00eda domingo 15 de agosto del corriente a\u00f1o.<\/li>\n<\/ol>\n","protected":false},"excerpt":{"rendered":"<p>D\u00eda \u00a0\u00a0Jueves\u00a0\u00a0 12 de Agosto de 2021 Hora: 09:00 a) Acto de Izar la Ense\u00f1a Patria\u00a0\u00a0 a cargo de la Sra. Concejal Paola Lorena ROJO b) Homenaje de los Se\u00f1ores Concejales c) Consideraci\u00f3n Acta Sesi\u00f3n Ordinaria N\u00ba 1.072- \u201cO\u201d-2021 d) Lectura del detalle de la correspondencia recibida y emitida. e) Determinaci\u00f3n de los temas que [&hellip;]<\/p>\n","protected":false},"author":5,"featured_media":0,"comment_status":"closed","ping_status":"closed","sticky":false,"template":"","format":"standard","meta":{"footnotes":""},"categories":[52,58,33,36],"tags":[],"class_list":["post-25492","post","type-post","status-publish","format-standard","hentry","category-gacetillas","category-ordinarias","category-prensa","category-sesiones"],"yoast_head":"<!-- This site is optimized with the Yoast SEO plugin v19.10 - https:\/\/yoast.com\/wordpress\/plugins\/seo\/ -->\n<title>ORDEN DEL DIA 21\u00b0 SESION ORDINARIA - Malarg\u00fce HCD<\/title>\n<meta name=\"robots\" content=\"index, follow, max-snippet:-1, max-image-preview:large, max-video-preview:-1\" \/>\n<link rel=\"canonical\" href=\"https:\/\/hcd.malargue.gov.ar\/?p=25492\" \/>\n<meta property=\"og:locale\" content=\"es_ES\" \/>\n<meta property=\"og:type\" content=\"article\" \/>\n<meta property=\"og:title\" content=\"ORDEN DEL DIA 21\u00b0 SESION ORDINARIA - Malarg\u00fce HCD\" \/>\n<meta property=\"og:description\" content=\"D\u00eda \u00a0\u00a0Jueves\u00a0\u00a0 12 de Agosto de 2021 Hora: 09:00 a) Acto de Izar la Ense\u00f1a Patria\u00a0\u00a0 a cargo de la Sra. Concejal Paola Lorena ROJO b) Homenaje de los Se\u00f1ores Concejales c) Consideraci\u00f3n Acta Sesi\u00f3n Ordinaria N\u00ba 1.072- \u201cO\u201d-2021 d) Lectura del detalle de la correspondencia recibida y emitida. e) Determinaci\u00f3n de los temas que [&hellip;]\" \/>\n<meta property=\"og:url\" content=\"https:\/\/hcd.malargue.gov.ar\/?p=25492\" \/>\n<meta property=\"og:site_name\" content=\"Malarg\u00fce HCD\" \/>\n<meta property=\"article:published_time\" content=\"2021-08-11T15:12:29+00:00\" \/>\n<meta property=\"article:modified_time\" content=\"2021-08-25T12:23:22+00:00\" \/>\n<meta property=\"og:image\" content=\"https:\/\/hcd.malargue.gov.ar\/wp-content\/uploads\/2021\/05\/ROJO-Bandera-2-scaled.jpg\" \/>\n\t<meta property=\"og:image:width\" content=\"2560\" \/>\n\t<meta property=\"og:image:height\" content=\"1700\" \/>\n\t<meta property=\"og:image:type\" content=\"image\/jpeg\" \/>\n<meta name=\"author\" content=\"Belen Pedernera Ferragut\" \/>\n<meta name=\"twitter:card\" content=\"summary_large_image\" \/>\n<meta name=\"twitter:label1\" content=\"Escrito por\" \/>\n\t<meta name=\"twitter:data1\" content=\"Belen Pedernera Ferragut\" \/>\n\t<meta name=\"twitter:label2\" content=\"Tiempo de lectura\" \/>\n\t<meta name=\"twitter:data2\" content=\"5 minutos\" \/>\n<script type=\"application\/ld+json\" class=\"yoast-schema-graph\">{\"@context\":\"https:\/\/schema.org\",\"@graph\":[{\"@type\":\"WebPage\",\"@id\":\"https:\/\/hcd.malargue.gov.ar\/?p=25492\",\"url\":\"https:\/\/hcd.malargue.gov.ar\/?p=25492\",\"name\":\"ORDEN DEL DIA 21\u00b0 SESION ORDINARIA - Malarg\u00fce HCD\",\"isPartOf\":{\"@id\":\"https:\/\/hcd.malargue.gov.ar\/#website\"},\"datePublished\":\"2021-08-11T15:12:29+00:00\",\"dateModified\":\"2021-08-25T12:23:22+00:00\",\"author\":{\"@id\":\"https:\/\/hcd.malargue.gov.ar\/#\/schema\/person\/3fd6bbab64edd703961b795156c955d0\"},\"breadcrumb\":{\"@id\":\"https:\/\/hcd.malargue.gov.ar\/?p=25492#breadcrumb\"},\"inLanguage\":\"es-AR\",\"potentialAction\":[{\"@type\":\"ReadAction\",\"target\":[\"https:\/\/hcd.malargue.gov.ar\/?p=25492\"]}]},{\"@type\":\"BreadcrumbList\",\"@id\":\"https:\/\/hcd.malargue.gov.ar\/?p=25492#breadcrumb\",\"itemListElement\":[{\"@type\":\"ListItem\",\"position\":1,\"name\":\"Inicio\",\"item\":\"https:\/\/hcd.malargue.gov.ar\/\"},{\"@type\":\"ListItem\",\"position\":2,\"name\":\"ORDEN DEL DIA 21\u00b0 SESION ORDINARIA\"}]},{\"@type\":\"WebSite\",\"@id\":\"https:\/\/hcd.malargue.gov.ar\/#website\",\"url\":\"https:\/\/hcd.malargue.gov.ar\/\",\"name\":\"Malarg\u00fce HCD\",\"description\":\"Malarg\u00fce Mendoza Argentina\",\"potentialAction\":[{\"@type\":\"SearchAction\",\"target\":{\"@type\":\"EntryPoint\",\"urlTemplate\":\"https:\/\/hcd.malargue.gov.ar\/?s={search_term_string}\"},\"query-input\":\"required name=search_term_string\"}],\"inLanguage\":\"es-AR\"},{\"@type\":\"Person\",\"@id\":\"https:\/\/hcd.malargue.gov.ar\/#\/schema\/person\/3fd6bbab64edd703961b795156c955d0\",\"name\":\"Belen Pedernera Ferragut\",\"image\":{\"@type\":\"ImageObject\",\"inLanguage\":\"es-AR\",\"@id\":\"https:\/\/hcd.malargue.gov.ar\/#\/schema\/person\/image\/\",\"url\":\"https:\/\/secure.gravatar.com\/avatar\/1054ffab3893de4bb3eb29bdd22f7e34b8537bf5d34d9dab311818154ad5b71f?s=96&d=mm&r=g\",\"contentUrl\":\"https:\/\/secure.gravatar.com\/avatar\/1054ffab3893de4bb3eb29bdd22f7e34b8537bf5d34d9dab311818154ad5b71f?s=96&d=mm&r=g\",\"caption\":\"Belen Pedernera Ferragut\"},\"url\":\"https:\/\/hcd.malargue.gov.ar\/?author=5\"}]}<\/script>\n<!-- \/ Yoast SEO plugin. -->","yoast_head_json":{"title":"ORDEN DEL DIA 21\u00b0 SESION ORDINARIA - Malarg\u00fce HCD","robots":{"index":"index","follow":"follow","max-snippet":"max-snippet:-1","max-image-preview":"max-image-preview:large","max-video-preview":"max-video-preview:-1"},"canonical":"https:\/\/hcd.malargue.gov.ar\/?p=25492","og_locale":"es_ES","og_type":"article","og_title":"ORDEN DEL DIA 21\u00b0 SESION ORDINARIA - Malarg\u00fce HCD","og_description":"D\u00eda \u00a0\u00a0Jueves\u00a0\u00a0 12 de Agosto de 2021 Hora: 09:00 a) Acto de Izar la Ense\u00f1a Patria\u00a0\u00a0 a cargo de la Sra. Concejal Paola Lorena ROJO b) Homenaje de los Se\u00f1ores Concejales c) Consideraci\u00f3n Acta Sesi\u00f3n Ordinaria N\u00ba 1.072- \u201cO\u201d-2021 d) Lectura del detalle de la correspondencia recibida y emitida. e) Determinaci\u00f3n de los temas que [&hellip;]","og_url":"https:\/\/hcd.malargue.gov.ar\/?p=25492","og_site_name":"Malarg\u00fce HCD","article_published_time":"2021-08-11T15:12:29+00:00","article_modified_time":"2021-08-25T12:23:22+00:00","og_image":[{"width":2560,"height":1700,"url":"https:\/\/hcd.malargue.gov.ar\/wp-content\/uploads\/2021\/05\/ROJO-Bandera-2-scaled.jpg","type":"image\/jpeg"}],"author":"Belen Pedernera Ferragut","twitter_card":"summary_large_image","twitter_misc":{"Escrito por":"Belen Pedernera Ferragut","Tiempo de lectura":"5 minutos"},"schema":{"@context":"https:\/\/schema.org","@graph":[{"@type":"WebPage","@id":"https:\/\/hcd.malargue.gov.ar\/?p=25492","url":"https:\/\/hcd.malargue.gov.ar\/?p=25492","name":"ORDEN DEL DIA 21\u00b0 SESION ORDINARIA - Malarg\u00fce HCD","isPartOf":{"@id":"https:\/\/hcd.malargue.gov.ar\/#website"},"datePublished":"2021-08-11T15:12:29+00:00","dateModified":"2021-08-25T12:23:22+00:00","author":{"@id":"https:\/\/hcd.malargue.gov.ar\/#\/schema\/person\/3fd6bbab64edd703961b795156c955d0"},"breadcrumb":{"@id":"https:\/\/hcd.malargue.gov.ar\/?p=25492#breadcrumb"},"inLanguage":"es-AR","potentialAction":[{"@type":"ReadAction","target":["https:\/\/hcd.malargue.gov.ar\/?p=25492"]}]},{"@type":"BreadcrumbList","@id":"https:\/\/hcd.malargue.gov.ar\/?p=25492#breadcrumb","itemListElement":[{"@type":"ListItem","position":1,"name":"Inicio","item":"https:\/\/hcd.malargue.gov.ar\/"},{"@type":"ListItem","position":2,"name":"ORDEN DEL DIA 21\u00b0 SESION ORDINARIA"}]},{"@type":"WebSite","@id":"https:\/\/hcd.malargue.gov.ar\/#website","url":"https:\/\/hcd.malargue.gov.ar\/","name":"Malarg\u00fce HCD","description":"Malarg\u00fce Mendoza Argentina","potentialAction":[{"@type":"SearchAction","target":{"@type":"EntryPoint","urlTemplate":"https:\/\/hcd.malargue.gov.ar\/?s={search_term_string}"},"query-input":"required name=search_term_string"}],"inLanguage":"es-AR"},{"@type":"Person","@id":"https:\/\/hcd.malargue.gov.ar\/#\/schema\/person\/3fd6bbab64edd703961b795156c955d0","name":"Belen Pedernera Ferragut","image":{"@type":"ImageObject","inLanguage":"es-AR","@id":"https:\/\/hcd.malargue.gov.ar\/#\/schema\/person\/image\/","url":"https:\/\/secure.gravatar.com\/avatar\/1054ffab3893de4bb3eb29bdd22f7e34b8537bf5d34d9dab311818154ad5b71f?s=96&d=mm&r=g","contentUrl":"https:\/\/secure.gravatar.com\/avatar\/1054ffab3893de4bb3eb29bdd22f7e34b8537bf5d34d9dab311818154ad5b71f?s=96&d=mm&r=g","caption":"Belen Pedernera Ferragut"},"url":"https:\/\/hcd.malargue.gov.ar\/?author=5"}]}},"_links":{"self":[{"href":"https:\/\/hcd.malargue.gov.ar\/index.php?rest_route=\/wp\/v2\/posts\/25492","targetHints":{"allow":["GET"]}}],"collection":[{"href":"https:\/\/hcd.malargue.gov.ar\/index.php?rest_route=\/wp\/v2\/posts"}],"about":[{"href":"https:\/\/hcd.malargue.gov.ar\/index.php?rest_route=\/wp\/v2\/types\/post"}],"author":[{"embeddable":true,"href":"https:\/\/hcd.malargue.gov.ar\/index.php?rest_route=\/wp\/v2\/users\/5"}],"replies":[{"embeddable":true,"href":"https:\/\/hcd.malargue.gov.ar\/index.php?rest_route=%2Fwp%2Fv2%2Fcomments&post=25492"}],"version-history":[{"count":0,"href":"https:\/\/hcd.malargue.gov.ar\/index.php?rest_route=\/wp\/v2\/posts\/25492\/revisions"}],"wp:attachment":[{"href":"https:\/\/hcd.malargue.gov.ar\/index.php?rest_route=%2Fwp%2Fv2%2Fmedia&parent=25492"}],"wp:term":[{"taxonomy":"category","embeddable":true,"href":"https:\/\/hcd.malargue.gov.ar\/index.php?rest_route=%2Fwp%2Fv2%2Fcategories&post=25492"},{"taxonomy":"post_tag","embeddable":true,"href":"https:\/\/hcd.malargue.gov.ar\/index.php?rest_route=%2Fwp%2Fv2%2Ftags&post=25492"}],"curies":[{"name":"wp","href":"https:\/\/api.w.org\/{rel}","templated":true}]}}