{"id":25559,"date":"2021-08-18T12:14:58","date_gmt":"2021-08-18T15:14:58","guid":{"rendered":"https:\/\/hcd.malargue.gov.ar\/?p=25559"},"modified":"2021-08-25T09:24:39","modified_gmt":"2021-08-25T12:24:39","slug":"orden-del-dia-22-sesion-ordinaria","status":"publish","type":"post","link":"https:\/\/hcd.malargue.gov.ar\/?p=25559","title":{"rendered":"ORDEN DEL DIA 22\u00b0 SESION ORDINARIA"},"content":{"rendered":"<h5>D\u00eda \u00a0\u00a0Jueves\u00a0\u00a0 19 de Agosto de 2021<\/h5>\n<h5 data-wp-editing=\"1\">Hora: 08:50 <a href=\"http:\/\/hcd.malargue.gov.ar\/hcdpdf\/22%20SO%20ORDEN%2019%20de%20Agosto%20de%202021.pdf\"><img loading=\"lazy\" decoding=\"async\" class=\"alignright wp-image-7950\" src=\"https:\/\/hcd.malargue.gov.ar\/wp-content\/uploads\/2018\/06\/PDF-JPG-300x300.jpg\" alt=\"\" width=\"94\" height=\"94\" srcset=\"https:\/\/hcd.malargue.gov.ar\/wp-content\/uploads\/2018\/06\/PDF-JPG-300x300.jpg 300w, https:\/\/hcd.malargue.gov.ar\/wp-content\/uploads\/2018\/06\/PDF-JPG-150x150.jpg 150w, https:\/\/hcd.malargue.gov.ar\/wp-content\/uploads\/2018\/06\/PDF-JPG.jpg 512w\" sizes=\"auto, (max-width: 94px) 100vw, 94px\" \/><\/a><\/h5>\n<p>BANCA DEL CIUDADANO:\u00a0 Sr. Daniel ARAYA Delegado Malarg\u00fce Federaci\u00f3n Gaucha<\/p>\n<p>TEMA.: Diversos temas de la Asociaci\u00f3n.<\/p>\n<p><strong><em>a)Acto de Izar la Ense\u00f1a Patria a cargo de la Sra. Concejal Daiana VARAS CASTRO<\/em><\/strong><\/p>\n<p><strong><em>b) Homenaje de los Se\u00f1ores Concejales.<\/em><\/strong><\/p>\n<p><strong><em>c) Consideraci\u00f3n Acta Sesi\u00f3n Ordinaria N\u00ba 1073- \u201cO\u201d-2021.-<\/em><\/strong><\/p>\n<p><strong><em>d) Lectura del detalle de la correspondencia recibida y emitida.<\/em><\/strong><\/p>\n<p><strong><em>e) Determinaci\u00f3n de los temas que ser\u00e1n incluidos en el punto Asuntos Varios y puesta a consideraci\u00f3n de mociones de tratamientos sobre tablas de diversos expedientes.<\/em><\/strong><\/p>\n<p><strong><em>f) Proyectos de los Se\u00f1ores Concejales: <\/em><\/strong><\/p>\n<ol>\n<li>Expte. N\u00ba 5.020-HC 037-2021 Proyecto de Ordenanza: Uso de dominio p\u00fablico, denominaci\u00f3n y sentido de circulaci\u00f3n de calle que limita la Colonia H\u00edpica y la cubierta sanitaria. (BLOQUE FRENTE DE TODOS) Autores:\u00a0 Concejales Paola Jofr\u00e9, Daniela Favari, Jos\u00e9 Barro y Andr\u00e9s Risi<\/li>\n<\/ol>\n<p><strong><em>g) Expedientes provenientes del Departamento Ejecutivo <\/em><\/strong><\/p>\n<ol>\n<li>Expte. N\u00ba 3745\/2021-0 Secretar\u00eda de Gobierno Proyecto de Ordenanza: Constituci\u00f3n de la Municipalidad de Malarg\u00fce como operador de Servicio de Agua Potable\u201d<\/li>\n<li>Expte. N\u00ba 3827\/2021-0 Asesor\u00eda Letrada. Ref. Ordenanza N\u00ba 2076\/2020 Creaci\u00f3n del Parque Agrario Malarg\u00fce. Requerimientos b\u00e1sicos para su otorgamiento.<\/li>\n<\/ol>\n<p><strong><em>h) Despachos de las Comisiones de Trabajo:<\/em><\/strong><\/p>\n<ol>\n<li>Expte. N\u00ba 4.206-HC 266-2017 Proyecto de Resoluci\u00f3n: Creaci\u00f3n de una Oficina Consular en la Regi\u00f3n del Maule con sede Talca donde se puedan realizar tr\u00e1mites en caso de extrav\u00edo de Documentaci\u00f3n de personas argentinas que viajan al vecino pa\u00eds. (COMISION PASOS INTERNACIONALES)<\/li>\n<li>Expte. N\u00ba 5.012-HC 037-2021 Proyecto de Resoluci\u00f3n: Solicitar a la Direcci\u00f3n Provincial de Vialidad la designaci\u00f3n de un Ingeniero Vial o Civil para cubrir el cargo de Jefe de Sub Zona Malarg\u00fce (O.P.T Y R.N)<\/li>\n<li>Expte. N\u00ba 4.908-HC 029-2021 Proyecto de Ordenanza Paridad de G\u00e9nero en la nomenclatura de espacios p\u00fablicos. (O.P.T Y R.N y H.P.L.A.C.)<\/li>\n<li>Expte. N\u00ba 5.002-HC 036-2021 Proyecto de Ordenanza: Adherir a la Ley N\u00ba 7644-Regi\u00f3n de Obstaculizadores de Lazos Familiares. (H.P.L.A.C.)<\/li>\n<li>Expte. N\u00ba 4.982-HC 034-2021 Proyecto de Resoluci\u00f3n: Crear un Informador Tur\u00edstico en la Localidad de Las Loicas (O.P.T Y R.N y H.P.L.A.C)<\/li>\n<li>Expte. N\u00ba4.999-HC 036-2021 Proyecto de Resoluci\u00f3n: Solicitar al Gobierno Provincial y Organismos correspondientes proh\u00edba el ingreso al territorio provincial de Organismos modificados para producci\u00f3n de papa semilla. Ley 5326\/88 (H.P.L.A.C)<\/li>\n<li>Expte. N\u00ba 4.950-HC 031-2021 Proyecto de Resoluci\u00f3n: Solicitar al Departamento Ejecutivo Municipal el mantenimiento efectivo de todas las instalaciones de reservorio de agua (tanque) plantas potabilizadoras y\/o de tratamiento y bombas de profundidad que proveen el vital elemento al Departamento de Malarg\u00fce (E.H.M.A.S Y C; O.P.T Y R.N y H.P.L.A.C.)<\/li>\n<li>Expte. N\u00ba 5.006-HC- 036-2021 Proyecto de Resoluci\u00f3n: Reconocer a las Instituciones y Personal de Salud por su trabajo durante los a\u00f1os 2020 y 2021, abocados a Pandemia COVID 19 (H.P.L.A.C.)<\/li>\n<li>Expte. N\u00ba 4.833-HC 023-2020 Proyecto de Ordenanza: Limpieza de circuitos deportivos en ambientes naturales por parte de organizadores de los eventos (E.H.M.A.S y C; O.P.T Y R.N y H.P.L.A.C.)<\/li>\n<li>Expte. N\u00ba 5.014-HC 037-2021 Proyecto de Ordenanza: Adherir a la Ley Provincial N\u00ba6.879 y prohibir la emisi\u00f3n y renovaci\u00f3n de Licencias de Conducir para progenitores incluidos en el Registro de Deudores Alimentarios Morosos (H.P.L.A.C.)<\/li>\n<li>Expte. N\u00ba 4.879-HC 027-2020 Proyecto de Ordenanza: Adecuar todas las plazas del Departamento con juegos inclusivos. (O.P.T Y R.N)<\/li>\n<\/ol>\n<p><strong>i<\/strong><strong><em>) Asuntos Varios. &#8211; <\/em><\/strong><\/p>\n<p><strong><em>j) Acto de arriar el Pabell\u00f3n Nacional a cargo de la concejal que lo<\/em><\/strong><strong> iz\u00f3. &#8211;<\/strong><strong><br \/>\n<\/strong><\/p>\n<p style=\"text-align: right;\"><strong>\u00a0\u00a0\u00a0\u00a0\u00a0\u00a0\u00a0\u00a0\u00a0\u00a0\u00a0\u00a0\u00a0\u00a0\u00a0\u00a0\u00a0\u00a0\u00a0\u00a0\u00a0\u00a0\u00a0\u00a0\u00a0\u00a0\u00a0\u00a0\u00a0\u00a0\u00a0\u00a0\u00a0\u00a0\u00a0\u00a0\u00a0\u00a0\u00a0\u00a0\u00a0\u00a0\u00a0\u00a0\u00a0\u00a0\u00a0\u00a0\u00a0\u00a0\u00a0\u00a0\u00a0\u00a0\u00a0\u00a0\u00a0\u00a0\u00a0\u00a0\u00a0\u00a0\u00a0\u00a0\u00a0\u00a0\u00a0\u00a0\u00a0\u00a0\u00a0\u00a0\u00a0\u00a0\u00a0\u00a0\u00a0\u00a0\u00a0\u00a0\u00a0\u00a0\u00a0\u00a0\u00a0\u00a0\u00a0\u00a0\u00a0 Presidencia H.C.D \u00a0\u00a017 de Agosto de 2021 <\/strong><\/p>\n<p><strong>CORRESPONDENCIA\u00a0 PARA LA SESI\u00d3N <\/strong><\/p>\n<p><strong>Del d\u00eda Jueves 19 de Agosto de 2.021.<\/strong><\/p>\n<p><strong>NOTAS INGRESADAS<\/strong><\/p>\n<ol>\n<li>Lorena Payalaf, en representaci\u00f3n de Vecinos de Loteo Independencia, reclaman escritura de terrenos, a fin de contar con servicios p\u00fablicos. (recolecci\u00f3n de residuos)<\/li>\n<li>Marisol Leguizam\u00f3n, en representaci\u00f3n de sus Vecinos, solicita denominaci\u00f3n \u201cJos\u00e9 Flores\u201d\u00a0 a callej\u00f3n p\u00fablico seg\u00fan croquis adjunto.<\/li>\n<li>C\u00e1mara de Comercio y Afines, invita a participar de reuni\u00f3n a realizarse en el Polideportivo de Agua Escondida el pr\u00f3ximo domingo 22 de Agosto a fin de abordar temas de integraci\u00f3n y desarrollo regional.<\/li>\n<li>Mart\u00edn Vargas, Medico Veterinario, eleva considerandos que justifican la adhesi\u00f3n a la Ley 6472, Ley de Ejercicio de la Profesi\u00f3n.<\/li>\n<li>Ana L. Navarro, por Uni\u00f3n Vecinal Colonia Emprendedores\u00a0 manifiesta disconformidad al Proyecto de Ordenanza N\u00ba 5.019 HC 037 respecto a la venta de terrenos de la zona.<\/li>\n<\/ol>\n<p><strong>NOTAS\u00a0 EMITIDAS<\/strong><\/p>\n<ol>\n<li>Al Sr. Jefe de 4\u00ba Distrito de Vialidad Nacional, Sr. Jefe Delegaci\u00f3n Malarg\u00fce de Direcci\u00f3n Nacional de Vialidad y Directivos de las Escuelas N\u00ba 8-443 Hector Alfredo Cubo, N\u00ba 4-200 Alberto Eraso, N\u00ba 8-511 Peregrina Cantos y N\u00ba 4-206 Map\u00fa Mahuida, remitiendo copia de Resoluci\u00f3n N\u00ba 293\/2.021 solicitando la instalaci\u00f3n de se\u00f1al\u00e9ctica vertical preventiva en la Ruta Nacional N\u00ba 40 Sur.<\/li>\n<li>Al Sr. Presidente del Directorio y Sr. Gerente Sucursal Malarg\u00fce del Banco de la Naci\u00f3n Argentina, remitiendo copia de Comunicaci\u00f3n N\u00ba 475\/2.021, solicitando la colocaci\u00f3n de dos cajeros autom\u00e1ticos en la zona sur de la Ciudad.<\/li>\n<li>Al Sr. Director General de Escuelas, Subdelegaci\u00f3n Administrativa Delegaci\u00f3n Malarg\u00fce de Direcci\u00f3n General de Escuelas, Coordinadora de Oficina de la Legislatura, Rectorado del IES 9-018 Celso Alejandro Jaque y Legisladores Provinciales por el Cuarto Distrito Electoral, remitiendo copia de Resoluci\u00f3n N\u00ba 279\/2.021, declarando de Inter\u00e9s Departamental Educativo e Integral el 2\u00ba Congreso Binacional Educaci\u00f3n y Sociedad.<\/li>\n<li>A la Directora de Hospital Malarg\u00fce, Coordinador del Area Sanitaria Malarg\u00fce y Legisladores Provinciales por el Cuarto Distrito Electoral, remitiendo copia de Resoluci\u00f3n N\u00ba 281\/2.021 solicitando se mejoren las condiciones de trabajo para los servicios de la zona rural del Departamento.<\/li>\n<li>A la Sra. Secretaria de Gobierno, remitiendo nota HC 259\/2.021 Iglesia Manto de Cristo solicitud de colaboraci\u00f3n<\/li>\n<\/ol>\n","protected":false},"excerpt":{"rendered":"<p>D\u00eda \u00a0\u00a0Jueves\u00a0\u00a0 19 de Agosto de 2021 Hora: 08:50 BANCA DEL CIUDADANO:\u00a0 Sr. Daniel ARAYA Delegado Malarg\u00fce Federaci\u00f3n Gaucha TEMA.: Diversos temas de la Asociaci\u00f3n. a)Acto de Izar la Ense\u00f1a Patria a cargo de la Sra. Concejal Daiana VARAS CASTRO b) Homenaje de los Se\u00f1ores Concejales. c) Consideraci\u00f3n Acta Sesi\u00f3n Ordinaria N\u00ba 1073- \u201cO\u201d-2021.- d) [&hellip;]<\/p>\n","protected":false},"author":5,"featured_media":0,"comment_status":"closed","ping_status":"closed","sticky":false,"template":"","format":"standard","meta":{"footnotes":""},"categories":[52,58,33,36],"tags":[],"class_list":["post-25559","post","type-post","status-publish","format-standard","hentry","category-gacetillas","category-ordinarias","category-prensa","category-sesiones"],"yoast_head":"<!-- This site is optimized with the Yoast SEO plugin v19.10 - https:\/\/yoast.com\/wordpress\/plugins\/seo\/ -->\n<title>ORDEN DEL DIA 22\u00b0 SESION ORDINARIA - Malarg\u00fce HCD<\/title>\n<meta name=\"robots\" content=\"index, follow, max-snippet:-1, max-image-preview:large, max-video-preview:-1\" \/>\n<link rel=\"canonical\" href=\"https:\/\/hcd.malargue.gov.ar\/?p=25559\" \/>\n<meta property=\"og:locale\" content=\"es_ES\" \/>\n<meta property=\"og:type\" content=\"article\" \/>\n<meta property=\"og:title\" content=\"ORDEN DEL DIA 22\u00b0 SESION ORDINARIA - Malarg\u00fce HCD\" \/>\n<meta property=\"og:description\" content=\"D\u00eda \u00a0\u00a0Jueves\u00a0\u00a0 19 de Agosto de 2021 Hora: 08:50 BANCA DEL CIUDADANO:\u00a0 Sr. Daniel ARAYA Delegado Malarg\u00fce Federaci\u00f3n Gaucha TEMA.: Diversos temas de la Asociaci\u00f3n. a)Acto de Izar la Ense\u00f1a Patria a cargo de la Sra. Concejal Daiana VARAS CASTRO b) Homenaje de los Se\u00f1ores Concejales. c) Consideraci\u00f3n Acta Sesi\u00f3n Ordinaria N\u00ba 1073- \u201cO\u201d-2021.- d) [&hellip;]\" \/>\n<meta property=\"og:url\" content=\"https:\/\/hcd.malargue.gov.ar\/?p=25559\" \/>\n<meta property=\"og:site_name\" content=\"Malarg\u00fce HCD\" \/>\n<meta property=\"article:published_time\" content=\"2021-08-18T15:14:58+00:00\" \/>\n<meta property=\"article:modified_time\" content=\"2021-08-25T12:24:39+00:00\" \/>\n<meta property=\"og:image\" content=\"https:\/\/hcd.malargue.gov.ar\/wp-content\/uploads\/2021\/05\/VARAS-Bandera-4-scaled.jpg\" \/>\n\t<meta property=\"og:image:width\" content=\"2560\" \/>\n\t<meta property=\"og:image:height\" content=\"1700\" \/>\n\t<meta property=\"og:image:type\" content=\"image\/jpeg\" \/>\n<meta name=\"author\" content=\"Belen Pedernera Ferragut\" \/>\n<meta name=\"twitter:card\" content=\"summary_large_image\" \/>\n<meta name=\"twitter:label1\" content=\"Escrito por\" \/>\n\t<meta name=\"twitter:data1\" content=\"Belen Pedernera Ferragut\" \/>\n\t<meta name=\"twitter:label2\" content=\"Tiempo de lectura\" \/>\n\t<meta name=\"twitter:data2\" content=\"5 minutos\" \/>\n<script type=\"application\/ld+json\" class=\"yoast-schema-graph\">{\"@context\":\"https:\/\/schema.org\",\"@graph\":[{\"@type\":\"WebPage\",\"@id\":\"https:\/\/hcd.malargue.gov.ar\/?p=25559\",\"url\":\"https:\/\/hcd.malargue.gov.ar\/?p=25559\",\"name\":\"ORDEN DEL DIA 22\u00b0 SESION ORDINARIA - Malarg\u00fce HCD\",\"isPartOf\":{\"@id\":\"https:\/\/hcd.malargue.gov.ar\/#website\"},\"datePublished\":\"2021-08-18T15:14:58+00:00\",\"dateModified\":\"2021-08-25T12:24:39+00:00\",\"author\":{\"@id\":\"https:\/\/hcd.malargue.gov.ar\/#\/schema\/person\/3fd6bbab64edd703961b795156c955d0\"},\"breadcrumb\":{\"@id\":\"https:\/\/hcd.malargue.gov.ar\/?p=25559#breadcrumb\"},\"inLanguage\":\"es-AR\",\"potentialAction\":[{\"@type\":\"ReadAction\",\"target\":[\"https:\/\/hcd.malargue.gov.ar\/?p=25559\"]}]},{\"@type\":\"BreadcrumbList\",\"@id\":\"https:\/\/hcd.malargue.gov.ar\/?p=25559#breadcrumb\",\"itemListElement\":[{\"@type\":\"ListItem\",\"position\":1,\"name\":\"Inicio\",\"item\":\"https:\/\/hcd.malargue.gov.ar\/\"},{\"@type\":\"ListItem\",\"position\":2,\"name\":\"ORDEN DEL DIA 22\u00b0 SESION ORDINARIA\"}]},{\"@type\":\"WebSite\",\"@id\":\"https:\/\/hcd.malargue.gov.ar\/#website\",\"url\":\"https:\/\/hcd.malargue.gov.ar\/\",\"name\":\"Malarg\u00fce HCD\",\"description\":\"Malarg\u00fce Mendoza Argentina\",\"potentialAction\":[{\"@type\":\"SearchAction\",\"target\":{\"@type\":\"EntryPoint\",\"urlTemplate\":\"https:\/\/hcd.malargue.gov.ar\/?s={search_term_string}\"},\"query-input\":\"required name=search_term_string\"}],\"inLanguage\":\"es-AR\"},{\"@type\":\"Person\",\"@id\":\"https:\/\/hcd.malargue.gov.ar\/#\/schema\/person\/3fd6bbab64edd703961b795156c955d0\",\"name\":\"Belen Pedernera Ferragut\",\"image\":{\"@type\":\"ImageObject\",\"inLanguage\":\"es-AR\",\"@id\":\"https:\/\/hcd.malargue.gov.ar\/#\/schema\/person\/image\/\",\"url\":\"https:\/\/secure.gravatar.com\/avatar\/1054ffab3893de4bb3eb29bdd22f7e34b8537bf5d34d9dab311818154ad5b71f?s=96&d=mm&r=g\",\"contentUrl\":\"https:\/\/secure.gravatar.com\/avatar\/1054ffab3893de4bb3eb29bdd22f7e34b8537bf5d34d9dab311818154ad5b71f?s=96&d=mm&r=g\",\"caption\":\"Belen Pedernera Ferragut\"},\"url\":\"https:\/\/hcd.malargue.gov.ar\/?author=5\"}]}<\/script>\n<!-- \/ Yoast SEO plugin. -->","yoast_head_json":{"title":"ORDEN DEL DIA 22\u00b0 SESION ORDINARIA - Malarg\u00fce HCD","robots":{"index":"index","follow":"follow","max-snippet":"max-snippet:-1","max-image-preview":"max-image-preview:large","max-video-preview":"max-video-preview:-1"},"canonical":"https:\/\/hcd.malargue.gov.ar\/?p=25559","og_locale":"es_ES","og_type":"article","og_title":"ORDEN DEL DIA 22\u00b0 SESION ORDINARIA - Malarg\u00fce HCD","og_description":"D\u00eda \u00a0\u00a0Jueves\u00a0\u00a0 19 de Agosto de 2021 Hora: 08:50 BANCA DEL CIUDADANO:\u00a0 Sr. Daniel ARAYA Delegado Malarg\u00fce Federaci\u00f3n Gaucha TEMA.: Diversos temas de la Asociaci\u00f3n. a)Acto de Izar la Ense\u00f1a Patria a cargo de la Sra. Concejal Daiana VARAS CASTRO b) Homenaje de los Se\u00f1ores Concejales. c) Consideraci\u00f3n Acta Sesi\u00f3n Ordinaria N\u00ba 1073- \u201cO\u201d-2021.- d) [&hellip;]","og_url":"https:\/\/hcd.malargue.gov.ar\/?p=25559","og_site_name":"Malarg\u00fce HCD","article_published_time":"2021-08-18T15:14:58+00:00","article_modified_time":"2021-08-25T12:24:39+00:00","og_image":[{"width":2560,"height":1700,"url":"https:\/\/hcd.malargue.gov.ar\/wp-content\/uploads\/2021\/05\/VARAS-Bandera-4-scaled.jpg","type":"image\/jpeg"}],"author":"Belen Pedernera Ferragut","twitter_card":"summary_large_image","twitter_misc":{"Escrito por":"Belen Pedernera Ferragut","Tiempo de lectura":"5 minutos"},"schema":{"@context":"https:\/\/schema.org","@graph":[{"@type":"WebPage","@id":"https:\/\/hcd.malargue.gov.ar\/?p=25559","url":"https:\/\/hcd.malargue.gov.ar\/?p=25559","name":"ORDEN DEL DIA 22\u00b0 SESION ORDINARIA - Malarg\u00fce HCD","isPartOf":{"@id":"https:\/\/hcd.malargue.gov.ar\/#website"},"datePublished":"2021-08-18T15:14:58+00:00","dateModified":"2021-08-25T12:24:39+00:00","author":{"@id":"https:\/\/hcd.malargue.gov.ar\/#\/schema\/person\/3fd6bbab64edd703961b795156c955d0"},"breadcrumb":{"@id":"https:\/\/hcd.malargue.gov.ar\/?p=25559#breadcrumb"},"inLanguage":"es-AR","potentialAction":[{"@type":"ReadAction","target":["https:\/\/hcd.malargue.gov.ar\/?p=25559"]}]},{"@type":"BreadcrumbList","@id":"https:\/\/hcd.malargue.gov.ar\/?p=25559#breadcrumb","itemListElement":[{"@type":"ListItem","position":1,"name":"Inicio","item":"https:\/\/hcd.malargue.gov.ar\/"},{"@type":"ListItem","position":2,"name":"ORDEN DEL DIA 22\u00b0 SESION ORDINARIA"}]},{"@type":"WebSite","@id":"https:\/\/hcd.malargue.gov.ar\/#website","url":"https:\/\/hcd.malargue.gov.ar\/","name":"Malarg\u00fce HCD","description":"Malarg\u00fce Mendoza Argentina","potentialAction":[{"@type":"SearchAction","target":{"@type":"EntryPoint","urlTemplate":"https:\/\/hcd.malargue.gov.ar\/?s={search_term_string}"},"query-input":"required name=search_term_string"}],"inLanguage":"es-AR"},{"@type":"Person","@id":"https:\/\/hcd.malargue.gov.ar\/#\/schema\/person\/3fd6bbab64edd703961b795156c955d0","name":"Belen Pedernera Ferragut","image":{"@type":"ImageObject","inLanguage":"es-AR","@id":"https:\/\/hcd.malargue.gov.ar\/#\/schema\/person\/image\/","url":"https:\/\/secure.gravatar.com\/avatar\/1054ffab3893de4bb3eb29bdd22f7e34b8537bf5d34d9dab311818154ad5b71f?s=96&d=mm&r=g","contentUrl":"https:\/\/secure.gravatar.com\/avatar\/1054ffab3893de4bb3eb29bdd22f7e34b8537bf5d34d9dab311818154ad5b71f?s=96&d=mm&r=g","caption":"Belen Pedernera Ferragut"},"url":"https:\/\/hcd.malargue.gov.ar\/?author=5"}]}},"_links":{"self":[{"href":"https:\/\/hcd.malargue.gov.ar\/index.php?rest_route=\/wp\/v2\/posts\/25559","targetHints":{"allow":["GET"]}}],"collection":[{"href":"https:\/\/hcd.malargue.gov.ar\/index.php?rest_route=\/wp\/v2\/posts"}],"about":[{"href":"https:\/\/hcd.malargue.gov.ar\/index.php?rest_route=\/wp\/v2\/types\/post"}],"author":[{"embeddable":true,"href":"https:\/\/hcd.malargue.gov.ar\/index.php?rest_route=\/wp\/v2\/users\/5"}],"replies":[{"embeddable":true,"href":"https:\/\/hcd.malargue.gov.ar\/index.php?rest_route=%2Fwp%2Fv2%2Fcomments&post=25559"}],"version-history":[{"count":0,"href":"https:\/\/hcd.malargue.gov.ar\/index.php?rest_route=\/wp\/v2\/posts\/25559\/revisions"}],"wp:attachment":[{"href":"https:\/\/hcd.malargue.gov.ar\/index.php?rest_route=%2Fwp%2Fv2%2Fmedia&parent=25559"}],"wp:term":[{"taxonomy":"category","embeddable":true,"href":"https:\/\/hcd.malargue.gov.ar\/index.php?rest_route=%2Fwp%2Fv2%2Fcategories&post=25559"},{"taxonomy":"post_tag","embeddable":true,"href":"https:\/\/hcd.malargue.gov.ar\/index.php?rest_route=%2Fwp%2Fv2%2Ftags&post=25559"}],"curies":[{"name":"wp","href":"https:\/\/api.w.org\/{rel}","templated":true}]}}