{"id":25650,"date":"2021-08-23T10:40:50","date_gmt":"2021-08-23T13:40:50","guid":{"rendered":"https:\/\/hcd.malargue.gov.ar\/?p=25650"},"modified":"2021-08-23T10:40:50","modified_gmt":"2021-08-23T13:40:50","slug":"resolucion-n-315-2-021","status":"publish","type":"post","link":"https:\/\/hcd.malargue.gov.ar\/?p=25650","title":{"rendered":"RESOLUCI\u00d3N N\u00b0 315\/2.021"},"content":{"rendered":"<p><strong>AUTORES:<\/strong> CONCEJALES DANIELA FAVARI Y ANDRES RISI<\/p>\n<p>BLOQUE FRENTE DE TODOS\u00a0 <a href=\"http:\/\/hcd.malargue.gov.ar\/hcdpdf\/rn%20315%202021%20centro%20de%20salud%20los%20molles.pdf\"><img loading=\"lazy\" decoding=\"async\" class=\"alignright wp-image-7950\" src=\"https:\/\/hcd.malargue.gov.ar\/wp-content\/uploads\/2018\/06\/PDF-JPG-300x300.jpg\" alt=\"\" width=\"81\" height=\"81\" srcset=\"https:\/\/hcd.malargue.gov.ar\/wp-content\/uploads\/2018\/06\/PDF-JPG-300x300.jpg 300w, https:\/\/hcd.malargue.gov.ar\/wp-content\/uploads\/2018\/06\/PDF-JPG-150x150.jpg 150w, https:\/\/hcd.malargue.gov.ar\/wp-content\/uploads\/2018\/06\/PDF-JPG.jpg 512w\" sizes=\"auto, (max-width: 81px) 100vw, 81px\" \/><\/a><\/p>\n<p>VISTO: El Expte. N\u00b05.003-HC-036-2.021. Bloque Frente de Todos. Proyecto de Resoluci\u00f3n:\u00a0 Solicitar al Ejecutivo Municipal gestione\u00a0 la creaci\u00f3n de\u00a0 un Centro de Salud de Atenci\u00f3n Primaria\u00a0 en el Paraje Los Molles del Departamento de Malarg\u00fce.<\/p>\n<p>La necesidad de que el Paraje los Molles cuente con un Centro de Salud de atenci\u00f3n primaria para los pobladores del lugar\u00a0 y zonas aleda\u00f1as<\/p>\n<p>y;<\/p>\n<p>CONSIDERANDO: Que un\u00a0 Centro de Salud de atenci\u00f3n primaria brinda un servicio indispensable para la comunidad que vive en una zona alejada como es Los Molles y teniendo en cuenta que es tambi\u00e9n una zona tur\u00edstica al que acuden una\u00a0 gran cantidad de visitantes en temporada de invierno y verano.<\/p>\n<p>Que es necesario satisfacer\u00a0 desde el estado las necesidades b\u00e1sicas y poder as\u00ed\u00a0 brindar una mejor calidad de vida a los pobladores de la zona. El motivo que lleva al pedido de \u00e9ste Centro de Salud de atenci\u00f3n primaria, es el inter\u00e9s de la \u00a0\u00a0 poblaci\u00f3n, las cuales se han estado esforzando\u00a0 desde hace tiempo para mejorar su Paraje, pero adem\u00e1s\u00a0 desde la comunidad de los Molles vienen haciendo este reclamo de un Centro de Salud de atenci\u00f3n primaria de forma permanente.<\/p>\n<p>Que al ver las problem\u00e1ticas de cerca, claramente se puede observar como las\u00a0\u00a0\u00a0 necesidades con respecto a salud hacen la diferencia en la calidad de vida de los pobladores de las zonas alejadas a la ciudad.<\/p>\n<p>Que la salud en la Ciudad representa solo un servicio al cual podemos acudir diariamente y obtener beneficios. En cambio en las zonas rurales y alejadas, se hace dificultoso por razones de distancia, es una preocupaci\u00f3n y un tema de primera importancia poder acceder a turnos o consultas m\u00e9dicas y que a trav\u00e9s de \u00e9ste \u00a0\u00a0\u00a0\u00a0 proyecto pretendemos poner en valor.<\/p>\n<p>Que tener disponibilidad inmediata de los servicios de salud como enfermeros, \u00a0\u00a0 m\u00e9dicos, ambulancia para poder acceder a tratamientos m\u00e9dicos y ser atendidos de urgencia son los pilares b\u00e1sicos de nuestra sociedad que con el tiempo ha adquirido derechos.<\/p>\n<p>Que esta realidad deja al descubierto que la salud p\u00fablica en las zonas rurales hace\u00a0 frente a los siguientes desaf\u00edos:<\/p>\n<ul>\n<li>Mejorar la accesibilidad de los servicios integrales que conforman el\u00a0 sistema sanitario<\/li>\n<li>Disminuir los problemas de mortalidad y morbilidad m\u00e1s prevalentes \u00a0\u00a0en la poblaci\u00f3n rural<\/li>\n<li>Reducir el tiempo de espera de los servicios sanitarios<\/li>\n<li>Acortar las distancias desde cualquier lugar hasta el Centro de Salud u Hospital m\u00e1s cercano<\/li>\n<li>Poner en valor un lugar tur\u00edstico como Los Molles, es tambi\u00e9n concretar este pedido del lugar y de los prestadores de la zona.<\/li>\n<\/ul>\n<p>Que la zona de Los Molles se ha convertido en un lugar tur\u00edstico de importancia a nivel Nacional, Provincial e Internacional, que\u00a0 cuenta con un importante centro de alojamientos y\u00a0 ba\u00f1os termales que\u00a0 son muy concurridos en toda \u00e9poca del a\u00f1o por\u00a0 una gran cantidad de turistas que provienen de todas partes del pa\u00eds y del mundo.<\/p>\n<p>Que Los Molles se ubica a 55 km de la Ciudad de Malarg\u00fce, y cuenta con una poblaci\u00f3n de 648 habitantes aproximadamente con una escuela primaria y complejos\u00a0 tur\u00edsticos.<\/p>\n<p>Que para la Organizaci\u00f3n Mundial de la Salud la atenci\u00f3n primaria es un enfoque para \u00a0 la salud y el bienestar centrado en las necesidades y circunstancias de las personas, las familias y las comunidades. Aborda la salud y el bienestar f\u00edsico, mental y social \u00a0de una forma global e interrelacionada.<\/p>\n<p>Que proporciona una atenci\u00f3n integral de la persona para satisfacer las necesidades\u00a0 sanitarias a lo largo de su vida, no solo para una serie de enfermedades espec\u00edficas.\u00a0 La atenci\u00f3n primaria vela para que las personas reciban un tratamiento integral, desde la promoci\u00f3n y la prevenci\u00f3n hasta el tratamiento, la rehabilitaci\u00f3n y los cuidados paliativos, de una forma lo m\u00e1s ajustada posible a su entorno cotidiano.<\/p>\n<p>Que la atenci\u00f3n primaria se basa en un compromiso con la justicia social y la equidad \u00a0\u00a0\u00a0 y en el reconocimiento del derecho fundamental al goce del grado m\u00e1ximo de salud\u00a0 que se pueda lograr, tal como dispone el Art\u00edculo 25\u00b0 de la Declaraci\u00f3n Universal de Derechos Humanos: \u00abToda persona tiene derecho a un nivel de vida adecuado que le asegure, as\u00ed como a su familia, la salud y el bienestar, y en especial la alimentaci\u00f3n, el vestido, la vivienda, la asistencia m\u00e9dica y los servicios sociales necesarios<\/p>\n<p>Que &#8220;La Atenci\u00f3n Primaria comienza con la gente y sus problemas&#8230;&#8221; (OMS).&#8221;La\u00a0 diferencia esencial entre la Atenci\u00f3n Primaria y la Atenci\u00f3n M\u00e9dica es el compromiso activo de la poblaci\u00f3n&#8221;\u00a0 lo sostiene la Organizaci\u00f3n Mundial de la Salud, OMS.<\/p>\n<p>Que este Honorable\u00a0 Concejo Deliberante\u00a0 aprob\u00f3 las Resoluciones N\u00ba 308\/2004 creaci\u00f3n de Centro de Salud en las Localidades de La Junta y Los Molles y la Resoluci\u00f3n N\u00b0 \u00a0\u00a0053\/2010\u00a0 que solicita al Gobierno de la Provincia la instalaci\u00f3n de \u00a0\u00a0 Centro de Salud en el Paraje de Los Molles y la\u00a0 Ordenanza N\u00ba 634\/94 que resuelve \u00a0 sobre la intenci\u00f3n de donaci\u00f3n a la \u00a0 Municipalidad de Malarg\u00fce, de una fracci\u00f3n de terreno ubicado en el Paraje de Los \u00a0 Molles con destino a\u00a0 la creaci\u00f3n de un Centro C\u00edvico, formulado por su propietario y su\u00a0 modificatoria\u00a0 N\u00b0 698\/95 en vigencia.<\/p>\n<p>Que se encuentran vigentes las Ordenanzas\u00a0 N\u00b0 634\/94 y 698\/95 y la Resoluci\u00f3n N\u00b0 053\/2010.<\/p>\n<p>EL HONORABLE CONCEJO DELIBERANTE DE LA MUNICIPALIDAD DE MALARGUE EN USO DE LAS FACULTADES QUE LE SON PROPIAS<\/p>\n<p>RESUELVE<\/p>\n<p>ART\u00cdCULO 1: Solicitar al Ejecutivo Municipal que a trav\u00e9s del \u00e1rea que corresponda arbitre \u00a0\u00a0 todos los medios y gestiones en el\u00a0 Ministerio de Salud de la Provincia de Mendoza\u00a0 \u00a0\u00a0\u00a0\u00a0\u00a0\u00a0\u00a0\u00a0 para la\u00a0 creaci\u00f3n de\u00a0 un Centro de Salud de Atenci\u00f3n Primaria\u00a0 en el Paraje Los Molles<\/p>\n<p>ART\u00cdCULO 2: Enviar copia de la presente pieza legal al Ministerio de Salud de la Provincia, \u00a0\u00a0 a Legisladores Provinciales por el Cuarto Distrito Electoral, \u00c1rea Sanitaria del \u00a0\u00a0\u00a0 Departamento de Malarg\u00fce.<\/p>\n<p>ART\u00cdCULO 3: Comun\u00edquese, reg\u00edstrese, agr\u00e9guese copia de la presente en las actuaciones \u00a0\u00a0\u00a0\u00a0\u00a0\u00a0\u00a0\u00a0\u00a0\u00a0\u00a0 correspondientes y arch\u00edvese.<\/p>\n<p>DADA EN LA SALA DE SESIONES DR. RICARDO BALBIN DEL HONORABLE CONCEJO DELIBERANTE DE LA MUNICIPALIDAD DE MALARG\u00dcE A DOCE D\u00cdAS DE AGOSTO DE DOS MIL VEINTIUNO<\/p>\n","protected":false},"excerpt":{"rendered":"<p>AUTORES: CONCEJALES DANIELA FAVARI Y ANDRES RISI BLOQUE FRENTE DE TODOS\u00a0 VISTO: El Expte. N\u00b05.003-HC-036-2.021. Bloque Frente de Todos. Proyecto de Resoluci\u00f3n:\u00a0 Solicitar al Ejecutivo Municipal gestione\u00a0 la creaci\u00f3n de\u00a0 un Centro de Salud de Atenci\u00f3n Primaria\u00a0 en el Paraje Los Molles del Departamento de Malarg\u00fce. La necesidad de que el Paraje los Molles cuente [&hellip;]<\/p>\n","protected":false},"author":5,"featured_media":25651,"comment_status":"closed","ping_status":"closed","sticky":false,"template":"","format":"standard","meta":{"footnotes":""},"categories":[52,29,33,51],"tags":[],"class_list":["post-25650","post","type-post","status-publish","format-standard","has-post-thumbnail","hentry","category-gacetillas","category-lesgilacion","category-prensa","category-resoluciones"],"yoast_head":"<!-- This site is optimized with the Yoast SEO plugin v19.10 - https:\/\/yoast.com\/wordpress\/plugins\/seo\/ -->\n<title>RESOLUCI\u00d3N N\u00b0 315\/2.021 - Malarg\u00fce HCD<\/title>\n<meta name=\"robots\" content=\"index, follow, max-snippet:-1, max-image-preview:large, max-video-preview:-1\" \/>\n<link rel=\"canonical\" href=\"https:\/\/hcd.malargue.gov.ar\/?p=25650\" \/>\n<meta property=\"og:locale\" content=\"es_ES\" \/>\n<meta property=\"og:type\" content=\"article\" \/>\n<meta property=\"og:title\" content=\"RESOLUCI\u00d3N N\u00b0 315\/2.021 - Malarg\u00fce HCD\" \/>\n<meta property=\"og:description\" content=\"AUTORES: CONCEJALES DANIELA FAVARI Y ANDRES RISI BLOQUE FRENTE DE TODOS\u00a0 VISTO: El Expte. N\u00b05.003-HC-036-2.021. Bloque Frente de Todos. Proyecto de Resoluci\u00f3n:\u00a0 Solicitar al Ejecutivo Municipal gestione\u00a0 la creaci\u00f3n de\u00a0 un Centro de Salud de Atenci\u00f3n Primaria\u00a0 en el Paraje Los Molles del Departamento de Malarg\u00fce. La necesidad de que el Paraje los Molles cuente [&hellip;]\" \/>\n<meta property=\"og:url\" content=\"https:\/\/hcd.malargue.gov.ar\/?p=25650\" \/>\n<meta property=\"og:site_name\" content=\"Malarg\u00fce HCD\" \/>\n<meta property=\"article:published_time\" content=\"2021-08-23T13:40:50+00:00\" \/>\n<meta property=\"og:image\" content=\"https:\/\/hcd.malargue.gov.ar\/wp-content\/uploads\/2021\/08\/rn-315-2021.jpg\" \/>\n\t<meta property=\"og:image:width\" content=\"1280\" \/>\n\t<meta property=\"og:image:height\" content=\"720\" \/>\n\t<meta property=\"og:image:type\" content=\"image\/jpeg\" \/>\n<meta name=\"author\" content=\"Belen Pedernera Ferragut\" \/>\n<meta name=\"twitter:card\" content=\"summary_large_image\" \/>\n<meta name=\"twitter:label1\" content=\"Escrito por\" \/>\n\t<meta name=\"twitter:data1\" content=\"Belen Pedernera Ferragut\" \/>\n\t<meta name=\"twitter:label2\" content=\"Tiempo de lectura\" \/>\n\t<meta name=\"twitter:data2\" content=\"5 minutos\" \/>\n<script type=\"application\/ld+json\" class=\"yoast-schema-graph\">{\"@context\":\"https:\/\/schema.org\",\"@graph\":[{\"@type\":\"WebPage\",\"@id\":\"https:\/\/hcd.malargue.gov.ar\/?p=25650\",\"url\":\"https:\/\/hcd.malargue.gov.ar\/?p=25650\",\"name\":\"RESOLUCI\u00d3N N\u00b0 315\/2.021 - Malarg\u00fce HCD\",\"isPartOf\":{\"@id\":\"https:\/\/hcd.malargue.gov.ar\/#website\"},\"datePublished\":\"2021-08-23T13:40:50+00:00\",\"dateModified\":\"2021-08-23T13:40:50+00:00\",\"author\":{\"@id\":\"https:\/\/hcd.malargue.gov.ar\/#\/schema\/person\/3fd6bbab64edd703961b795156c955d0\"},\"breadcrumb\":{\"@id\":\"https:\/\/hcd.malargue.gov.ar\/?p=25650#breadcrumb\"},\"inLanguage\":\"es-AR\",\"potentialAction\":[{\"@type\":\"ReadAction\",\"target\":[\"https:\/\/hcd.malargue.gov.ar\/?p=25650\"]}]},{\"@type\":\"BreadcrumbList\",\"@id\":\"https:\/\/hcd.malargue.gov.ar\/?p=25650#breadcrumb\",\"itemListElement\":[{\"@type\":\"ListItem\",\"position\":1,\"name\":\"Inicio\",\"item\":\"https:\/\/hcd.malargue.gov.ar\/\"},{\"@type\":\"ListItem\",\"position\":2,\"name\":\"RESOLUCI\u00d3N N\u00b0 315\/2.021\"}]},{\"@type\":\"WebSite\",\"@id\":\"https:\/\/hcd.malargue.gov.ar\/#website\",\"url\":\"https:\/\/hcd.malargue.gov.ar\/\",\"name\":\"Malarg\u00fce HCD\",\"description\":\"Malarg\u00fce Mendoza Argentina\",\"potentialAction\":[{\"@type\":\"SearchAction\",\"target\":{\"@type\":\"EntryPoint\",\"urlTemplate\":\"https:\/\/hcd.malargue.gov.ar\/?s={search_term_string}\"},\"query-input\":\"required name=search_term_string\"}],\"inLanguage\":\"es-AR\"},{\"@type\":\"Person\",\"@id\":\"https:\/\/hcd.malargue.gov.ar\/#\/schema\/person\/3fd6bbab64edd703961b795156c955d0\",\"name\":\"Belen Pedernera Ferragut\",\"image\":{\"@type\":\"ImageObject\",\"inLanguage\":\"es-AR\",\"@id\":\"https:\/\/hcd.malargue.gov.ar\/#\/schema\/person\/image\/\",\"url\":\"https:\/\/secure.gravatar.com\/avatar\/1054ffab3893de4bb3eb29bdd22f7e34b8537bf5d34d9dab311818154ad5b71f?s=96&d=mm&r=g\",\"contentUrl\":\"https:\/\/secure.gravatar.com\/avatar\/1054ffab3893de4bb3eb29bdd22f7e34b8537bf5d34d9dab311818154ad5b71f?s=96&d=mm&r=g\",\"caption\":\"Belen Pedernera Ferragut\"},\"url\":\"https:\/\/hcd.malargue.gov.ar\/?author=5\"}]}<\/script>\n<!-- \/ Yoast SEO plugin. -->","yoast_head_json":{"title":"RESOLUCI\u00d3N N\u00b0 315\/2.021 - Malarg\u00fce HCD","robots":{"index":"index","follow":"follow","max-snippet":"max-snippet:-1","max-image-preview":"max-image-preview:large","max-video-preview":"max-video-preview:-1"},"canonical":"https:\/\/hcd.malargue.gov.ar\/?p=25650","og_locale":"es_ES","og_type":"article","og_title":"RESOLUCI\u00d3N N\u00b0 315\/2.021 - Malarg\u00fce HCD","og_description":"AUTORES: CONCEJALES DANIELA FAVARI Y ANDRES RISI BLOQUE FRENTE DE TODOS\u00a0 VISTO: El Expte. N\u00b05.003-HC-036-2.021. Bloque Frente de Todos. Proyecto de Resoluci\u00f3n:\u00a0 Solicitar al Ejecutivo Municipal gestione\u00a0 la creaci\u00f3n de\u00a0 un Centro de Salud de Atenci\u00f3n Primaria\u00a0 en el Paraje Los Molles del Departamento de Malarg\u00fce. La necesidad de que el Paraje los Molles cuente [&hellip;]","og_url":"https:\/\/hcd.malargue.gov.ar\/?p=25650","og_site_name":"Malarg\u00fce HCD","article_published_time":"2021-08-23T13:40:50+00:00","og_image":[{"width":1280,"height":720,"url":"https:\/\/hcd.malargue.gov.ar\/wp-content\/uploads\/2021\/08\/rn-315-2021.jpg","type":"image\/jpeg"}],"author":"Belen Pedernera Ferragut","twitter_card":"summary_large_image","twitter_misc":{"Escrito por":"Belen Pedernera Ferragut","Tiempo de lectura":"5 minutos"},"schema":{"@context":"https:\/\/schema.org","@graph":[{"@type":"WebPage","@id":"https:\/\/hcd.malargue.gov.ar\/?p=25650","url":"https:\/\/hcd.malargue.gov.ar\/?p=25650","name":"RESOLUCI\u00d3N N\u00b0 315\/2.021 - Malarg\u00fce HCD","isPartOf":{"@id":"https:\/\/hcd.malargue.gov.ar\/#website"},"datePublished":"2021-08-23T13:40:50+00:00","dateModified":"2021-08-23T13:40:50+00:00","author":{"@id":"https:\/\/hcd.malargue.gov.ar\/#\/schema\/person\/3fd6bbab64edd703961b795156c955d0"},"breadcrumb":{"@id":"https:\/\/hcd.malargue.gov.ar\/?p=25650#breadcrumb"},"inLanguage":"es-AR","potentialAction":[{"@type":"ReadAction","target":["https:\/\/hcd.malargue.gov.ar\/?p=25650"]}]},{"@type":"BreadcrumbList","@id":"https:\/\/hcd.malargue.gov.ar\/?p=25650#breadcrumb","itemListElement":[{"@type":"ListItem","position":1,"name":"Inicio","item":"https:\/\/hcd.malargue.gov.ar\/"},{"@type":"ListItem","position":2,"name":"RESOLUCI\u00d3N N\u00b0 315\/2.021"}]},{"@type":"WebSite","@id":"https:\/\/hcd.malargue.gov.ar\/#website","url":"https:\/\/hcd.malargue.gov.ar\/","name":"Malarg\u00fce HCD","description":"Malarg\u00fce Mendoza Argentina","potentialAction":[{"@type":"SearchAction","target":{"@type":"EntryPoint","urlTemplate":"https:\/\/hcd.malargue.gov.ar\/?s={search_term_string}"},"query-input":"required name=search_term_string"}],"inLanguage":"es-AR"},{"@type":"Person","@id":"https:\/\/hcd.malargue.gov.ar\/#\/schema\/person\/3fd6bbab64edd703961b795156c955d0","name":"Belen Pedernera Ferragut","image":{"@type":"ImageObject","inLanguage":"es-AR","@id":"https:\/\/hcd.malargue.gov.ar\/#\/schema\/person\/image\/","url":"https:\/\/secure.gravatar.com\/avatar\/1054ffab3893de4bb3eb29bdd22f7e34b8537bf5d34d9dab311818154ad5b71f?s=96&d=mm&r=g","contentUrl":"https:\/\/secure.gravatar.com\/avatar\/1054ffab3893de4bb3eb29bdd22f7e34b8537bf5d34d9dab311818154ad5b71f?s=96&d=mm&r=g","caption":"Belen Pedernera Ferragut"},"url":"https:\/\/hcd.malargue.gov.ar\/?author=5"}]}},"_links":{"self":[{"href":"https:\/\/hcd.malargue.gov.ar\/index.php?rest_route=\/wp\/v2\/posts\/25650","targetHints":{"allow":["GET"]}}],"collection":[{"href":"https:\/\/hcd.malargue.gov.ar\/index.php?rest_route=\/wp\/v2\/posts"}],"about":[{"href":"https:\/\/hcd.malargue.gov.ar\/index.php?rest_route=\/wp\/v2\/types\/post"}],"author":[{"embeddable":true,"href":"https:\/\/hcd.malargue.gov.ar\/index.php?rest_route=\/wp\/v2\/users\/5"}],"replies":[{"embeddable":true,"href":"https:\/\/hcd.malargue.gov.ar\/index.php?rest_route=%2Fwp%2Fv2%2Fcomments&post=25650"}],"version-history":[{"count":0,"href":"https:\/\/hcd.malargue.gov.ar\/index.php?rest_route=\/wp\/v2\/posts\/25650\/revisions"}],"wp:featuredmedia":[{"embeddable":true,"href":"https:\/\/hcd.malargue.gov.ar\/index.php?rest_route=\/wp\/v2\/media\/25651"}],"wp:attachment":[{"href":"https:\/\/hcd.malargue.gov.ar\/index.php?rest_route=%2Fwp%2Fv2%2Fmedia&parent=25650"}],"wp:term":[{"taxonomy":"category","embeddable":true,"href":"https:\/\/hcd.malargue.gov.ar\/index.php?rest_route=%2Fwp%2Fv2%2Fcategories&post=25650"},{"taxonomy":"post_tag","embeddable":true,"href":"https:\/\/hcd.malargue.gov.ar\/index.php?rest_route=%2Fwp%2Fv2%2Ftags&post=25650"}],"curies":[{"name":"wp","href":"https:\/\/api.w.org\/{rel}","templated":true}]}}