{"id":25688,"date":"2021-08-24T10:33:15","date_gmt":"2021-08-24T13:33:15","guid":{"rendered":"https:\/\/hcd.malargue.gov.ar\/?p=25688"},"modified":"2021-08-24T10:33:15","modified_gmt":"2021-08-24T13:33:15","slug":"resolucion-n-323-2-021","status":"publish","type":"post","link":"https:\/\/hcd.malargue.gov.ar\/?p=25688","title":{"rendered":"RESOLUCI\u00d3N N\u00b0 323\/2.021"},"content":{"rendered":"<p><strong>AUTORES:<\/strong> CONCEJALES DAIANA VARAS Y GABRIEL ROSAS<\/p>\n<p data-wp-editing=\"1\">BLOQUE FRENTE CAMBIA MENDOZA <a href=\"http:\/\/hcd.malargue.gov.ar\/hcdpdf\/Rn%20323%202021%20prohibir%20el%20ingreso.pdf\"><img loading=\"lazy\" decoding=\"async\" class=\"alignright wp-image-7950\" src=\"https:\/\/hcd.malargue.gov.ar\/wp-content\/uploads\/2018\/06\/PDF-JPG-300x300.jpg\" alt=\"\" width=\"93\" height=\"93\" srcset=\"https:\/\/hcd.malargue.gov.ar\/wp-content\/uploads\/2018\/06\/PDF-JPG-300x300.jpg 300w, https:\/\/hcd.malargue.gov.ar\/wp-content\/uploads\/2018\/06\/PDF-JPG-150x150.jpg 150w, https:\/\/hcd.malargue.gov.ar\/wp-content\/uploads\/2018\/06\/PDF-JPG.jpg 512w\" sizes=\"auto, (max-width: 93px) 100vw, 93px\" \/><\/a><\/p>\n<p>VISTO: El contenido del Expediente N\u00b0 4.999 HC 036 \u2013 2.021. Bloque Frente Cambia Mendoza. Proyecto de Resoluci\u00f3n: Solicitar al Gobierno Provincial y Organismos correspondientes proh\u00edba el ingreso al territorio provincial de organismos modificados para la producci\u00f3n de papa semilla Ley Provincial N\u00ba 5326\/88.<\/p>\n<p>La Ley N\u00b0 5326\/88 que Declara de Inter\u00e9s Provincial la producci\u00f3n de semillas de papa en el departamento de Malarg\u00fce, con car\u00e1cter de \u00c1rea Protegida, con la prohibici\u00f3n de realizar cultivos que no sean originados en semilla de papa fiscalizada obtenida en el departamento.<\/p>\n<p>Y;<\/p>\n<p>CONSIDERANDO: Que la Resoluci\u00f3n N\u00b0 217\/02 del Instituto Nacional de Semillas, que regula la producci\u00f3n de papa semilla en todo el pa\u00eds no hace menci\u00f3n a la producci\u00f3n de materiales gen\u00e9ticamente modificados (transg\u00e9nicos).<\/p>\n<p>Que la Resoluci\u00f3n de ISCAMEN N\u00ba 112-i-03 que regula la producci\u00f3n de papa en la Zona Diferenciada Malarg\u00fce, dispuso que todos los cultivos de papa desarrollados en la mencionada zona deben ser originados con semilla de papa de categor\u00eda b\u00e1sica y prohibi\u00f3 la plantaci\u00f3n de otra categor\u00eda, de acuerdo al est\u00e1ndar establecido en la Resoluci\u00f3n N\u00ba 217\/2002 de la entonces Secretar\u00eda de Agricultura, Ganader\u00eda, Pesca y Alimentos de la Naci\u00f3n.<\/p>\n<p>Que la Resoluci\u00f3n N\u00ba 65\/2018 de la Secretar\u00eda de Alimentos y Bioeconom\u00eda del Ministerio de Agroindustria de la Naci\u00f3n autoriz\u00f3 la comercializaci\u00f3n de la semilla y de los productos y subproductos derivados de \u00e9sta, provenientes del evento transg\u00e9nico de papa TIC-AR233-5, solicitada por la firma TECNOPLANT S.A.<\/p>\n<p>Que las \u00e1reas diferenciadas establecidas en valles de altura constituyen verdaderas reservas fitosanitarias estrat\u00e9gicas que posibilitan el suministro de semillas de alta sanidad a otras \u00e1reas de multiplicaci\u00f3n y a productores de papas para consumo de todo el pa\u00eds.<\/p>\n<p>Que con la Declaraci\u00f3n de Inter\u00e9s Provincial de la producci\u00f3n de semilla de papa en el Departamento de Malarg\u00fce con car\u00e1cter de \u00c1rea Protegida se consideran como altamente beneficiosos para los sectores productivos ya que se evit\u00f3 la introducci\u00f3n al pa\u00eds de papa semilla posiblemente portadora de plagas y enfermedades cuarentenarias, asegurando un mayor aislamiento y control de cultivos involucrados en la iniciativa, y posibilit\u00f3 de esa manera el desarrollo de la papa semilla con est\u00e1ndares de sanidad y calidad cada vez m\u00e1s altos.<\/p>\n<p>Que la producci\u00f3n de papa semilla en Malarg\u00fce es uno de los principales ingresos de recursos econ\u00f3micos al departamento y el principal recurso de origen agropecuario.<\/p>\n<p>Que no existen protocolos, seg\u00fan la Resoluci\u00f3n N\u00b0 217\/2002 de la entonces Secretar\u00eda de Agricultura, Ganader\u00eda, Pesca y Alimentos de la Naci\u00f3n, que permitan la fiscalizaci\u00f3n de papas transg\u00e9nicas.<\/p>\n<p>Que de acuerdo con la informaci\u00f3n aportada por la empresa que inscribe el evento transg\u00e9nico, la \u00fanica virtud del mismo ser\u00eda la resistencia al Virus Y de la papa (PVY) y en Malarg\u00fce este virus no representa un problema serio en la producci\u00f3n de semilla de alta sanidad.<\/p>\n<p>Que es preciso tomar las medidas que aseguren la continuidad de las condiciones productivas del \u00e1rea protegida, brindando confianza a los sectores demandantes de semillas de alta sanidad y pureza varietal dentro y fuera del pa\u00eds.<\/p>\n<p>Que la incorporaci\u00f3n en el \u00c1rea Protegida Malarg\u00fce, de papa con el mencionado evento transg\u00e9nico podr\u00eda redundar en la p\u00e9rdida de mercados como consecuencia de que los grandes industriales de la cadena de comercializaci\u00f3n de la papa decidan no comprar, recibir o procesar papas gen\u00e9ticamente modificadas, en consideraci\u00f3n de que los pa\u00edses importadores de productos derivados de papa no admiten el consumo de organismos gen\u00e9ticamente modificados (OGN).<\/p>\n<p>EL HONORABLE CONCEJO DELIBERANTE DE LA MUNICIPALIDAD DE MALARG\u00dcE EN USO DE LAS FACULTADES QUE LE SON PROPIAS<\/p>\n<p>RESUELVE<\/p>\n<p>ART\u00cdCULO 1\u00ba: Solicitar al Gobierno de la Provincia, a trav\u00e9s de la Subsecretar\u00eda de Agricultura y Ganader\u00eda, en articulaci\u00f3n con el Instituto de Sanidad y Calidad Agropecuaria de Mendoza (ISCAMEN) se instrumenten las acciones para adecuar los marcos normativos preexistentes a efectos de prohibir el ingreso al territorio provincial de organismos gen\u00e9ticamente modificados para la producci\u00f3n agropecuaria de papa semilla fiscalizada, especialmente de la categor\u00eda transg\u00e9nica STP- Ticar, otorgando tambi\u00e9n adecuaci\u00f3n normativa a la Ley Provincial N\u00ba 5326\/88<\/p>\n<p>ART\u00cdCULO 2\u00ba: Env\u00edese copia de la presente pieza legal al Gobernador de la Provincia de Mendoza, Rodolfo Suarez, al Subsecretario de Agricultura y Ganader\u00eda, Dn. Sergio Moralejo y al Presidente del ISCAMEN Dn. \u00a0Alejandro Molero<\/p>\n<p>ARTICULO 3\u00b0: Comun\u00edquese, reg\u00edstrese, agr\u00e9guese\u00a0 copia de la presente en las actuaciones correspondientes y arch\u00edvese.<\/p>\n<p>DADA EN LA SALA DE SESIONES DR. RICARDO BALBIN DEL HONORABLE CONCEJO DELIBERANTE DE LA MUNICIPALIDAD DE MALARG\u00dcE A DIECINUEVE D\u00cdAS DE AGOSTO DE DOS MIL VEINTIUNO<\/p>\n<p>&nbsp;<\/p>\n","protected":false},"excerpt":{"rendered":"<p>AUTORES: CONCEJALES DAIANA VARAS Y GABRIEL ROSAS BLOQUE FRENTE CAMBIA MENDOZA VISTO: El contenido del Expediente N\u00b0 4.999 HC 036 \u2013 2.021. Bloque Frente Cambia Mendoza. Proyecto de Resoluci\u00f3n: Solicitar al Gobierno Provincial y Organismos correspondientes proh\u00edba el ingreso al territorio provincial de organismos modificados para la producci\u00f3n de papa semilla Ley Provincial N\u00ba 5326\/88. [&hellip;]<\/p>\n","protected":false},"author":5,"featured_media":25689,"comment_status":"closed","ping_status":"closed","sticky":false,"template":"","format":"standard","meta":{"footnotes":""},"categories":[52,29,33,51],"tags":[],"class_list":["post-25688","post","type-post","status-publish","format-standard","has-post-thumbnail","hentry","category-gacetillas","category-lesgilacion","category-prensa","category-resoluciones"],"yoast_head":"<!-- This site is optimized with the Yoast SEO plugin v19.10 - https:\/\/yoast.com\/wordpress\/plugins\/seo\/ -->\n<title>RESOLUCI\u00d3N N\u00b0 323\/2.021 - Malarg\u00fce HCD<\/title>\n<meta name=\"robots\" content=\"index, follow, max-snippet:-1, max-image-preview:large, max-video-preview:-1\" \/>\n<link rel=\"canonical\" href=\"https:\/\/hcd.malargue.gov.ar\/?p=25688\" \/>\n<meta property=\"og:locale\" content=\"es_ES\" \/>\n<meta property=\"og:type\" content=\"article\" \/>\n<meta property=\"og:title\" content=\"RESOLUCI\u00d3N N\u00b0 323\/2.021 - Malarg\u00fce HCD\" \/>\n<meta property=\"og:description\" content=\"AUTORES: CONCEJALES DAIANA VARAS Y GABRIEL ROSAS BLOQUE FRENTE CAMBIA MENDOZA VISTO: El contenido del Expediente N\u00b0 4.999 HC 036 \u2013 2.021. Bloque Frente Cambia Mendoza. Proyecto de Resoluci\u00f3n: Solicitar al Gobierno Provincial y Organismos correspondientes proh\u00edba el ingreso al territorio provincial de organismos modificados para la producci\u00f3n de papa semilla Ley Provincial N\u00ba 5326\/88. [&hellip;]\" \/>\n<meta property=\"og:url\" content=\"https:\/\/hcd.malargue.gov.ar\/?p=25688\" \/>\n<meta property=\"og:site_name\" content=\"Malarg\u00fce HCD\" \/>\n<meta property=\"article:published_time\" content=\"2021-08-24T13:33:15+00:00\" \/>\n<meta property=\"og:image\" content=\"https:\/\/hcd.malargue.gov.ar\/wp-content\/uploads\/2021\/08\/rn-323-2021.jpg\" \/>\n\t<meta property=\"og:image:width\" content=\"1280\" \/>\n\t<meta property=\"og:image:height\" content=\"720\" \/>\n\t<meta property=\"og:image:type\" content=\"image\/jpeg\" \/>\n<meta name=\"author\" content=\"Belen Pedernera Ferragut\" \/>\n<meta name=\"twitter:card\" content=\"summary_large_image\" \/>\n<meta name=\"twitter:label1\" content=\"Escrito por\" \/>\n\t<meta name=\"twitter:data1\" content=\"Belen Pedernera Ferragut\" \/>\n\t<meta name=\"twitter:label2\" content=\"Tiempo de lectura\" \/>\n\t<meta name=\"twitter:data2\" content=\"4 minutos\" \/>\n<script type=\"application\/ld+json\" class=\"yoast-schema-graph\">{\"@context\":\"https:\/\/schema.org\",\"@graph\":[{\"@type\":\"WebPage\",\"@id\":\"https:\/\/hcd.malargue.gov.ar\/?p=25688\",\"url\":\"https:\/\/hcd.malargue.gov.ar\/?p=25688\",\"name\":\"RESOLUCI\u00d3N N\u00b0 323\/2.021 - Malarg\u00fce HCD\",\"isPartOf\":{\"@id\":\"https:\/\/hcd.malargue.gov.ar\/#website\"},\"datePublished\":\"2021-08-24T13:33:15+00:00\",\"dateModified\":\"2021-08-24T13:33:15+00:00\",\"author\":{\"@id\":\"https:\/\/hcd.malargue.gov.ar\/#\/schema\/person\/3fd6bbab64edd703961b795156c955d0\"},\"breadcrumb\":{\"@id\":\"https:\/\/hcd.malargue.gov.ar\/?p=25688#breadcrumb\"},\"inLanguage\":\"es-AR\",\"potentialAction\":[{\"@type\":\"ReadAction\",\"target\":[\"https:\/\/hcd.malargue.gov.ar\/?p=25688\"]}]},{\"@type\":\"BreadcrumbList\",\"@id\":\"https:\/\/hcd.malargue.gov.ar\/?p=25688#breadcrumb\",\"itemListElement\":[{\"@type\":\"ListItem\",\"position\":1,\"name\":\"Inicio\",\"item\":\"https:\/\/hcd.malargue.gov.ar\/\"},{\"@type\":\"ListItem\",\"position\":2,\"name\":\"RESOLUCI\u00d3N N\u00b0 323\/2.021\"}]},{\"@type\":\"WebSite\",\"@id\":\"https:\/\/hcd.malargue.gov.ar\/#website\",\"url\":\"https:\/\/hcd.malargue.gov.ar\/\",\"name\":\"Malarg\u00fce HCD\",\"description\":\"Malarg\u00fce Mendoza Argentina\",\"potentialAction\":[{\"@type\":\"SearchAction\",\"target\":{\"@type\":\"EntryPoint\",\"urlTemplate\":\"https:\/\/hcd.malargue.gov.ar\/?s={search_term_string}\"},\"query-input\":\"required name=search_term_string\"}],\"inLanguage\":\"es-AR\"},{\"@type\":\"Person\",\"@id\":\"https:\/\/hcd.malargue.gov.ar\/#\/schema\/person\/3fd6bbab64edd703961b795156c955d0\",\"name\":\"Belen Pedernera Ferragut\",\"image\":{\"@type\":\"ImageObject\",\"inLanguage\":\"es-AR\",\"@id\":\"https:\/\/hcd.malargue.gov.ar\/#\/schema\/person\/image\/\",\"url\":\"https:\/\/secure.gravatar.com\/avatar\/1054ffab3893de4bb3eb29bdd22f7e34b8537bf5d34d9dab311818154ad5b71f?s=96&d=mm&r=g\",\"contentUrl\":\"https:\/\/secure.gravatar.com\/avatar\/1054ffab3893de4bb3eb29bdd22f7e34b8537bf5d34d9dab311818154ad5b71f?s=96&d=mm&r=g\",\"caption\":\"Belen Pedernera Ferragut\"},\"url\":\"https:\/\/hcd.malargue.gov.ar\/?author=5\"}]}<\/script>\n<!-- \/ Yoast SEO plugin. -->","yoast_head_json":{"title":"RESOLUCI\u00d3N N\u00b0 323\/2.021 - Malarg\u00fce HCD","robots":{"index":"index","follow":"follow","max-snippet":"max-snippet:-1","max-image-preview":"max-image-preview:large","max-video-preview":"max-video-preview:-1"},"canonical":"https:\/\/hcd.malargue.gov.ar\/?p=25688","og_locale":"es_ES","og_type":"article","og_title":"RESOLUCI\u00d3N N\u00b0 323\/2.021 - Malarg\u00fce HCD","og_description":"AUTORES: CONCEJALES DAIANA VARAS Y GABRIEL ROSAS BLOQUE FRENTE CAMBIA MENDOZA VISTO: El contenido del Expediente N\u00b0 4.999 HC 036 \u2013 2.021. Bloque Frente Cambia Mendoza. Proyecto de Resoluci\u00f3n: Solicitar al Gobierno Provincial y Organismos correspondientes proh\u00edba el ingreso al territorio provincial de organismos modificados para la producci\u00f3n de papa semilla Ley Provincial N\u00ba 5326\/88. [&hellip;]","og_url":"https:\/\/hcd.malargue.gov.ar\/?p=25688","og_site_name":"Malarg\u00fce HCD","article_published_time":"2021-08-24T13:33:15+00:00","og_image":[{"width":1280,"height":720,"url":"https:\/\/hcd.malargue.gov.ar\/wp-content\/uploads\/2021\/08\/rn-323-2021.jpg","type":"image\/jpeg"}],"author":"Belen Pedernera Ferragut","twitter_card":"summary_large_image","twitter_misc":{"Escrito por":"Belen Pedernera Ferragut","Tiempo de lectura":"4 minutos"},"schema":{"@context":"https:\/\/schema.org","@graph":[{"@type":"WebPage","@id":"https:\/\/hcd.malargue.gov.ar\/?p=25688","url":"https:\/\/hcd.malargue.gov.ar\/?p=25688","name":"RESOLUCI\u00d3N N\u00b0 323\/2.021 - Malarg\u00fce HCD","isPartOf":{"@id":"https:\/\/hcd.malargue.gov.ar\/#website"},"datePublished":"2021-08-24T13:33:15+00:00","dateModified":"2021-08-24T13:33:15+00:00","author":{"@id":"https:\/\/hcd.malargue.gov.ar\/#\/schema\/person\/3fd6bbab64edd703961b795156c955d0"},"breadcrumb":{"@id":"https:\/\/hcd.malargue.gov.ar\/?p=25688#breadcrumb"},"inLanguage":"es-AR","potentialAction":[{"@type":"ReadAction","target":["https:\/\/hcd.malargue.gov.ar\/?p=25688"]}]},{"@type":"BreadcrumbList","@id":"https:\/\/hcd.malargue.gov.ar\/?p=25688#breadcrumb","itemListElement":[{"@type":"ListItem","position":1,"name":"Inicio","item":"https:\/\/hcd.malargue.gov.ar\/"},{"@type":"ListItem","position":2,"name":"RESOLUCI\u00d3N N\u00b0 323\/2.021"}]},{"@type":"WebSite","@id":"https:\/\/hcd.malargue.gov.ar\/#website","url":"https:\/\/hcd.malargue.gov.ar\/","name":"Malarg\u00fce HCD","description":"Malarg\u00fce Mendoza Argentina","potentialAction":[{"@type":"SearchAction","target":{"@type":"EntryPoint","urlTemplate":"https:\/\/hcd.malargue.gov.ar\/?s={search_term_string}"},"query-input":"required name=search_term_string"}],"inLanguage":"es-AR"},{"@type":"Person","@id":"https:\/\/hcd.malargue.gov.ar\/#\/schema\/person\/3fd6bbab64edd703961b795156c955d0","name":"Belen Pedernera Ferragut","image":{"@type":"ImageObject","inLanguage":"es-AR","@id":"https:\/\/hcd.malargue.gov.ar\/#\/schema\/person\/image\/","url":"https:\/\/secure.gravatar.com\/avatar\/1054ffab3893de4bb3eb29bdd22f7e34b8537bf5d34d9dab311818154ad5b71f?s=96&d=mm&r=g","contentUrl":"https:\/\/secure.gravatar.com\/avatar\/1054ffab3893de4bb3eb29bdd22f7e34b8537bf5d34d9dab311818154ad5b71f?s=96&d=mm&r=g","caption":"Belen Pedernera Ferragut"},"url":"https:\/\/hcd.malargue.gov.ar\/?author=5"}]}},"_links":{"self":[{"href":"https:\/\/hcd.malargue.gov.ar\/index.php?rest_route=\/wp\/v2\/posts\/25688","targetHints":{"allow":["GET"]}}],"collection":[{"href":"https:\/\/hcd.malargue.gov.ar\/index.php?rest_route=\/wp\/v2\/posts"}],"about":[{"href":"https:\/\/hcd.malargue.gov.ar\/index.php?rest_route=\/wp\/v2\/types\/post"}],"author":[{"embeddable":true,"href":"https:\/\/hcd.malargue.gov.ar\/index.php?rest_route=\/wp\/v2\/users\/5"}],"replies":[{"embeddable":true,"href":"https:\/\/hcd.malargue.gov.ar\/index.php?rest_route=%2Fwp%2Fv2%2Fcomments&post=25688"}],"version-history":[{"count":0,"href":"https:\/\/hcd.malargue.gov.ar\/index.php?rest_route=\/wp\/v2\/posts\/25688\/revisions"}],"wp:featuredmedia":[{"embeddable":true,"href":"https:\/\/hcd.malargue.gov.ar\/index.php?rest_route=\/wp\/v2\/media\/25689"}],"wp:attachment":[{"href":"https:\/\/hcd.malargue.gov.ar\/index.php?rest_route=%2Fwp%2Fv2%2Fmedia&parent=25688"}],"wp:term":[{"taxonomy":"category","embeddable":true,"href":"https:\/\/hcd.malargue.gov.ar\/index.php?rest_route=%2Fwp%2Fv2%2Fcategories&post=25688"},{"taxonomy":"post_tag","embeddable":true,"href":"https:\/\/hcd.malargue.gov.ar\/index.php?rest_route=%2Fwp%2Fv2%2Ftags&post=25688"}],"curies":[{"name":"wp","href":"https:\/\/api.w.org\/{rel}","templated":true}]}}