{"id":25713,"date":"2021-08-25T11:23:53","date_gmt":"2021-08-25T14:23:53","guid":{"rendered":"https:\/\/hcd.malargue.gov.ar\/?p=25713"},"modified":"2021-08-25T11:23:53","modified_gmt":"2021-08-25T14:23:53","slug":"orden-del-dia-23-sesion-ordinaria","status":"publish","type":"post","link":"https:\/\/hcd.malargue.gov.ar\/?p=25713","title":{"rendered":"ORDEN DEL DIA 23\u00b0 SESION ORDINARIA"},"content":{"rendered":"<h5>D\u00eda\u00a0\u00a0 Jueves\u00a0\u00a0 26 de Agosto de 2021<\/h5>\n<h5>Hora: 09:00 <a href=\"http:\/\/hcd.malargue.gov.ar\/hcdpdf\/23%20SO%20ORDEN%2026%20de%20Agosto%202021.pdf\"><img loading=\"lazy\" decoding=\"async\" class=\"alignright wp-image-7950\" src=\"https:\/\/hcd.malargue.gov.ar\/wp-content\/uploads\/2018\/06\/PDF-JPG-300x300.jpg\" alt=\"\" width=\"89\" height=\"89\" srcset=\"https:\/\/hcd.malargue.gov.ar\/wp-content\/uploads\/2018\/06\/PDF-JPG-300x300.jpg 300w, https:\/\/hcd.malargue.gov.ar\/wp-content\/uploads\/2018\/06\/PDF-JPG-150x150.jpg 150w, https:\/\/hcd.malargue.gov.ar\/wp-content\/uploads\/2018\/06\/PDF-JPG.jpg 512w\" sizes=\"auto, (max-width: 89px) 100vw, 89px\" \/><\/a><\/h5>\n<p><strong><em>a) Acto de Izar la Ense\u00f1a Patria\u00a0\u00a0 a cargo de la Sra. Concejal Luciana Andrea VILLEGAS\u00a0 <\/em><\/strong><\/p>\n<p><strong><em>b) Homenaje de los Se\u00f1ores Concejales<\/em><\/strong><\/p>\n<p><strong><em>c) Consideraci\u00f3n Acta Sesi\u00f3n Ordinaria N\u00ba 1.074- \u201cO\u201d-2021 <\/em><\/strong><\/p>\n<p><strong><em>d) Lectura del detalle de la correspondencia recibida y emitida.<\/em><\/strong><\/p>\n<p><strong><em>e) Determinaci\u00f3n de los temas que ser\u00e1n incluidos en el punto Asuntos Varios y puesta a consideraci\u00f3n de mociones de tratamientos sobre tablas de diversos expedientes.<\/em><\/strong><\/p>\n<p><strong><em>f) Proyectos de los Se\u00f1ores Concejales: <\/em><\/strong><\/p>\n<ol>\n<li>Expte. N\u00ba 5.021-HC 037-2021 Proyecto de Resoluci\u00f3n: Solicitar al Ministerio de Seguridad de la Provincia de Mendoza el emplazamiento de un destacamento policial en el Paraje La Junta. (BLOQUE FRENTE CAMBIA MENDOZA) Autor: Concejal Daiana Varas Castro<\/li>\n<li>Expte. N\u00ba 5.022-HC 037-2021 Proyecto de Ordenanza: Instit\u00fayase murales con el Alfabeto de Lengua de Se\u00f1as Argentinas (LSA) como medio de comunicaci\u00f3n e inclusi\u00f3n denominados \u201cManos que Hablan\u201d (BLOQUE FRENTE CAMBIA MENDOZA) Autor: Concejal Paola Rojo<\/li>\n<li>Expte. N\u00ba 5.023-HC 037-2021 Proyecto de Ordenanza: Acondici\u00f3nese como Pista de Salud con innovaci\u00f3n C\u00f3digo QR, el paseo ubicado sobre calle Esquivel Aldao, entre calles Cuarta Divisi\u00f3n Oeste y Capdeville Oeste . (BLOQUE FRENTE CAMBIA MENDOZA) Autor: Concejal Paola Rojo<\/li>\n<li>Expte. N\u00ba 5.024-HC 037-2021 Proyecto de Resoluci\u00f3n: Conformar la Comisi\u00f3n Especial de \u201cGenero, Equidad y Diversidad\u201d en el \u00e1mbito del Honorable Concejo Deliberante. (BLOQUES FRENTE CAMBIA MENDOZA Y FRENTE DE TODOS) Autores: Concejales Daiana Varas Castro, Paola Rojo, Luciana Villegas y Paola Jofr\u00e9 .<\/li>\n<li>Expte. N\u00ba 5.025-HC 037-2021 Proyecto de Ordenanza: Programa de erradicaci\u00f3n de basurales a Cielo Abierto de la zona rural. (BLOQUE FRENTE DE TODOS) Autores: Concejales Paola Jofr\u00e9, Jos\u00e9 Barro, Daniela Favari y Andr\u00e9s Risi<\/li>\n<li>Expte. N\u00ba 5.026-HC 038-2021 Proyecto de Ordenanza: Creaci\u00f3n de la Delegaci\u00f3n Municipal en Pata Mora. (BLOQUE FRENTE DE TODOS) Autores Concejales Andr\u00e9s Risi., Paola Jofr\u00e9, Jos\u00e9 Barro y Daniela Favari<\/li>\n<\/ol>\n<p><strong><em>g) Expedientes provenientes del Departamento Ejecutivo <\/em><\/strong><\/p>\n<ol>\n<li>Expte. N\u00ba 3.966\/2018-0 Secretar\u00eda de Obras y Servicios P\u00fablicos y Ambiente: Solicita llamado a Licitaci\u00f3n P\u00fablica Nacional para la Concesi\u00f3n Remodelaci\u00f3n, Explotaci\u00f3n y Mantenimiento del Hotel Turismo Malarg\u00fce<\/li>\n<li>Expte. N\u00ba 3.269\/2021-0 Asesor\u00eda Letrada Ref.: Eleva Proyecto de Ordenanza \u201cContribuci\u00f3n por Mejora\u201d (ECOGAS y AySAM)<\/li>\n<li>Expte. N\u00ba 3.613\/2021-0 Asesor\u00eda Letrada. Convenio Marco de Cooperaci\u00f3n entre la Municipalidad de Malarg\u00fce y el Instituto Universitario de Seguridad P\u00fablica<\/li>\n<\/ol>\n<p><strong><em>h) Despachos de las Comisiones de Trabajo:<\/em><\/strong><\/p>\n<ol>\n<li>Expte. N\u00ba 4.974-HC 033-2021 Proyecto de Resoluci\u00f3n: Solicitar al Departamento Ejecutivo Municipal informe sobre ayudas alimentarias a familias en situaci\u00f3n de vulnerabilidad social y econ\u00f3mica. (E.H.M.A.S. y C)<\/li>\n<li>Expte. N\u00ba 5.007-HC 036-2021 Proyecto de Resoluci\u00f3n: Declarar en estado de Emergencia la transitabilidad de los 190 Km. de la Ruta Provincial N\u00ba186 (O.P.T Y R.N)<\/li>\n<li>Expte. N\u00ba 4.994-HC 035-2021 Proyecto de Resoluci\u00f3n: Solicitar a la Direcci\u00f3n Provincial de Ganader\u00eda la capacitaci\u00f3n de personal administrativo para atenci\u00f3n en los Parajes El Cortaderal, Ranquil Norte, Las Loicas y Los Molles (COM. ESPECIAL DE ASUNTOS TERRITORIALES)<\/li>\n<\/ol>\n<p><strong>i<\/strong><strong><em>) Asuntos Varios. &#8211;\u00a0\u00a0\u00a0\u00a0\u00a0\u00a0 <\/em><\/strong><\/p>\n<p><strong><em>j) Acto de arriar el Pabell\u00f3n Nacional a cargo de la concejal que lo <\/em><\/strong><strong>iz\u00f3. &#8211; <\/strong><\/p>\n<p style=\"text-align: right;\"><strong>\u00a0\u00a0\u00a0\u00a0\u00a0\u00a0\u00a0\u00a0\u00a0\u00a0\u00a0\u00a0\u00a0\u00a0\u00a0\u00a0\u00a0\u00a0\u00a0\u00a0\u00a0\u00a0\u00a0\u00a0\u00a0\u00a0\u00a0\u00a0\u00a0\u00a0\u00a0\u00a0\u00a0\u00a0\u00a0\u00a0\u00a0\u00a0\u00a0\u00a0\u00a0\u00a0\u00a0\u00a0\u00a0\u00a0 \u00a0\u00a0\u00a0\u00a0\u00a0\u00a0\u00a0\u00a0\u00a0\u00a0 \u00a0\u00a0\u00a0\u00a0\u00a0\u00a0\u00a0\u00a0\u00a0\u00a0\u00a0\u00a0\u00a0\u00a0\u00a0\u00a0\u00a0\u00a0\u00a0\u00a0\u00a0\u00a0\u00a0\u00a0\u00a0\u00a0\u00a0\u00a0\u00a0\u00a0\u00a0\u00a0\u00a0\u00a0\u00a0 Presidencia H.C.D 24 de Agosto de 2021.<\/strong><\/p>\n<p><strong>CORRESPONDENCIA\u00a0 PARA LA SESI\u00d3N <\/strong><\/p>\n<p><strong>Del d\u00eda Jueves 26 de Agosto de 2.021.<\/strong><\/p>\n<p><strong>NOTAS INGRESADAS<\/strong><\/p>\n<ol>\n<li>Daniel Araya en representaci\u00f3n de Centro Tradicionalista Don Claudio, invita a participar de reuni\u00f3n con el Presidente de la Federaci\u00f3n Gaucha de Mendoza, a realizarse el pr\u00f3ximo viernes 27 a las 10:30 hs en el Centro de Convenciones Thesaurus.<\/li>\n<li>Departamento Ejecutivo, eleva informe solicitado por la Comisi\u00f3n de Obras P\u00fablicas respecto al Expte N\u00ba 4886 HC 027-2020 Pedido de Informe sobre deterioro del edificio conocido como YPF vieja.<\/li>\n<li>Departamento Ejecutivo, eleva copia de Organigrama Municipal actualizado solicitado por la Comisi\u00f3n de Obras P\u00fablicas.<\/li>\n<li>Maria Paz Zabalegui, Juez de Juzgado de Paz, Tributario y Contravencional de Malarg\u00fce, solicita nomina de integrantes del Jury de Tachas.<\/li>\n<\/ol>\n<p><strong>NOTAS\u00a0 EMITIDAS<\/strong><\/p>\n<ol>\n<li>A la Sra. Delegada Administrativa de Direcci\u00f3n Gral. de Escuelas, Directora de Escuela N\u00ba 4-191 Daniel H. Pierini , Profesora Asesora Lic. Valeria Ana Mendoza y Legisladores Provinciales por el 4\u00ba Distrito Electoral, remitiendo copia de Resoluci\u00f3n N\u00ba 300\/2021 declarando de Inter\u00e9s Departamental, Educativo y Fortalecimiento Econ\u00f3mico la \u201cElaboraci\u00f3n de Charqui Caprino\u201d.<\/li>\n<li>Al Sr. Gobernador de la Provincia, Sr. Subsecretario de Agricultura y Ganader\u00eda y Sr. Presidente de ISCAMEN, remitiendo copia de Resoluci\u00f3n N\u00ba 323\/2021 solicitando se adecuen las normativas existentes a fin de prohibir el ingreso al territorio provincial de organismos gen\u00e9ticamente modificados para la producci\u00f3n de papa semilla fiscalizada.<\/li>\n<li>Al Sr. Responsable de ECOGAS, remitiendo copia de Resoluci\u00f3n N\u00ba 308\/2021 solicitando la designaci\u00f3n de personal autorizado e id\u00f3neo a fin de participar de reuni\u00f3n en la Instituci\u00f3n.<\/li>\n<li>Al Sr. Administrador General de Direcci\u00f3n Provincial de Vialidad, remitiendo copia de Resoluci\u00f3n N\u00ba 327\/2021 solicitando la designaci\u00f3n de Ingeniero Vial y\/o Civil en el cargo de Jefe Sub Zona Malarg\u00fce.<\/li>\n<li>A la Sra. Directora de Hospital Malarg\u00fce, Sr. Coordinador de Area Sanitaria Malarg\u00fce, Sr. Gerente OSEP Y Legisladoras Provinciales por Malarg\u00fce, remitiendo copia de Resoluci\u00f3n N\u00ba 325\/2021 a trav\u00e9s de la cual se reconoce a las Instituciones y Personal de Salud por la labor desarrollada durante los a\u00f1os 2020 y 2021 en el contexto de Pandemia.<\/li>\n<li>Al Sr. Canciller Ministro de Relaciones Exteriores, Comercio Internacional y Culto, Sr. Embajador de Argentina en Chile y Sr. C\u00f3nsul Honorario del Gobierno de Chile,\u00a0 remitiendo copia de Resoluci\u00f3n N\u00ba 334\/2021, solicitando se realicen gestiones para la creaci\u00f3n de una Oficina Consular en la Regi\u00f3n del Maule Rep\u00fablica de Chile.<\/li>\n<li>A la Sra. Ministra de Salud, Desarrollo Social y Deportes, Sra. Coordinadora de Rentas y Legisladores Provinciales por el 4\u00ba Distrito Electoral remitiendo copia de Resoluci\u00f3n N\u00ba 310\/2021, solicitando datos de Instituciones habilitadas como Geri\u00e1tricos P\u00fablicos y\/o Privados en el Departamento.<\/li>\n<li>Al Sr. Director General de OSEP Y Sr. Jefe Asistencial de OSEP Malarg\u00fce, remitiendo copia de Resoluci\u00f3n N\u00ba 317\/2021 solicitando sean considerados los pedidos y reclamos realizados por los afiliados del Departamento.<\/li>\n<li>A la Sra. Ministro de Salud, Desarrollo Social y Deportes, Sr. Coordinador del Area Departamental y Legisladores Provinciales del 4\u00ba Distrito,\u00a0 remitiendo copia de Resoluci\u00f3n N\u00ba 315\/2.021, solicitando la creaci\u00f3n de un Centro de Salud de Atenci\u00f3n Primaria en el Paraje La Junta.<\/li>\n<\/ol>\n","protected":false},"excerpt":{"rendered":"<p>D\u00eda\u00a0\u00a0 Jueves\u00a0\u00a0 26 de Agosto de 2021 Hora: 09:00 a) Acto de Izar la Ense\u00f1a Patria\u00a0\u00a0 a cargo de la Sra. Concejal Luciana Andrea VILLEGAS\u00a0 b) Homenaje de los Se\u00f1ores Concejales c) Consideraci\u00f3n Acta Sesi\u00f3n Ordinaria N\u00ba 1.074- \u201cO\u201d-2021 d) Lectura del detalle de la correspondencia recibida y emitida. e) Determinaci\u00f3n de los temas que [&hellip;]<\/p>\n","protected":false},"author":5,"featured_media":0,"comment_status":"closed","ping_status":"closed","sticky":false,"template":"","format":"standard","meta":{"footnotes":""},"categories":[52,58,33,36],"tags":[],"class_list":["post-25713","post","type-post","status-publish","format-standard","hentry","category-gacetillas","category-ordinarias","category-prensa","category-sesiones"],"yoast_head":"<!-- This site is optimized with the Yoast SEO plugin v19.10 - https:\/\/yoast.com\/wordpress\/plugins\/seo\/ -->\n<title>ORDEN DEL DIA 23\u00b0 SESION ORDINARIA - Malarg\u00fce HCD<\/title>\n<meta name=\"robots\" content=\"index, follow, max-snippet:-1, max-image-preview:large, max-video-preview:-1\" \/>\n<link rel=\"canonical\" href=\"https:\/\/hcd.malargue.gov.ar\/?p=25713\" \/>\n<meta property=\"og:locale\" content=\"es_ES\" \/>\n<meta property=\"og:type\" content=\"article\" \/>\n<meta property=\"og:title\" content=\"ORDEN DEL DIA 23\u00b0 SESION ORDINARIA - Malarg\u00fce HCD\" \/>\n<meta property=\"og:description\" content=\"D\u00eda\u00a0\u00a0 Jueves\u00a0\u00a0 26 de Agosto de 2021 Hora: 09:00 a) Acto de Izar la Ense\u00f1a Patria\u00a0\u00a0 a cargo de la Sra. Concejal Luciana Andrea VILLEGAS\u00a0 b) Homenaje de los Se\u00f1ores Concejales c) Consideraci\u00f3n Acta Sesi\u00f3n Ordinaria N\u00ba 1.074- \u201cO\u201d-2021 d) Lectura del detalle de la correspondencia recibida y emitida. e) Determinaci\u00f3n de los temas que [&hellip;]\" \/>\n<meta property=\"og:url\" content=\"https:\/\/hcd.malargue.gov.ar\/?p=25713\" \/>\n<meta property=\"og:site_name\" content=\"Malarg\u00fce HCD\" \/>\n<meta property=\"article:published_time\" content=\"2021-08-25T14:23:53+00:00\" \/>\n<meta property=\"og:image\" content=\"https:\/\/hcd.malargue.gov.ar\/wp-content\/uploads\/2021\/05\/VILLEGAS-Bandera-scaled.jpg\" \/>\n\t<meta property=\"og:image:width\" content=\"2560\" \/>\n\t<meta property=\"og:image:height\" content=\"1700\" \/>\n\t<meta property=\"og:image:type\" content=\"image\/jpeg\" \/>\n<meta name=\"author\" content=\"Belen Pedernera Ferragut\" \/>\n<meta name=\"twitter:card\" content=\"summary_large_image\" \/>\n<meta name=\"twitter:label1\" content=\"Escrito por\" \/>\n\t<meta name=\"twitter:data1\" content=\"Belen Pedernera Ferragut\" \/>\n\t<meta name=\"twitter:label2\" content=\"Tiempo de lectura\" \/>\n\t<meta name=\"twitter:data2\" content=\"5 minutos\" \/>\n<script type=\"application\/ld+json\" class=\"yoast-schema-graph\">{\"@context\":\"https:\/\/schema.org\",\"@graph\":[{\"@type\":\"WebPage\",\"@id\":\"https:\/\/hcd.malargue.gov.ar\/?p=25713\",\"url\":\"https:\/\/hcd.malargue.gov.ar\/?p=25713\",\"name\":\"ORDEN DEL DIA 23\u00b0 SESION ORDINARIA - Malarg\u00fce HCD\",\"isPartOf\":{\"@id\":\"https:\/\/hcd.malargue.gov.ar\/#website\"},\"datePublished\":\"2021-08-25T14:23:53+00:00\",\"dateModified\":\"2021-08-25T14:23:53+00:00\",\"author\":{\"@id\":\"https:\/\/hcd.malargue.gov.ar\/#\/schema\/person\/3fd6bbab64edd703961b795156c955d0\"},\"breadcrumb\":{\"@id\":\"https:\/\/hcd.malargue.gov.ar\/?p=25713#breadcrumb\"},\"inLanguage\":\"es-AR\",\"potentialAction\":[{\"@type\":\"ReadAction\",\"target\":[\"https:\/\/hcd.malargue.gov.ar\/?p=25713\"]}]},{\"@type\":\"BreadcrumbList\",\"@id\":\"https:\/\/hcd.malargue.gov.ar\/?p=25713#breadcrumb\",\"itemListElement\":[{\"@type\":\"ListItem\",\"position\":1,\"name\":\"Inicio\",\"item\":\"https:\/\/hcd.malargue.gov.ar\/\"},{\"@type\":\"ListItem\",\"position\":2,\"name\":\"ORDEN DEL DIA 23\u00b0 SESION ORDINARIA\"}]},{\"@type\":\"WebSite\",\"@id\":\"https:\/\/hcd.malargue.gov.ar\/#website\",\"url\":\"https:\/\/hcd.malargue.gov.ar\/\",\"name\":\"Malarg\u00fce HCD\",\"description\":\"Malarg\u00fce Mendoza Argentina\",\"potentialAction\":[{\"@type\":\"SearchAction\",\"target\":{\"@type\":\"EntryPoint\",\"urlTemplate\":\"https:\/\/hcd.malargue.gov.ar\/?s={search_term_string}\"},\"query-input\":\"required name=search_term_string\"}],\"inLanguage\":\"es-AR\"},{\"@type\":\"Person\",\"@id\":\"https:\/\/hcd.malargue.gov.ar\/#\/schema\/person\/3fd6bbab64edd703961b795156c955d0\",\"name\":\"Belen Pedernera Ferragut\",\"image\":{\"@type\":\"ImageObject\",\"inLanguage\":\"es-AR\",\"@id\":\"https:\/\/hcd.malargue.gov.ar\/#\/schema\/person\/image\/\",\"url\":\"https:\/\/secure.gravatar.com\/avatar\/1054ffab3893de4bb3eb29bdd22f7e34b8537bf5d34d9dab311818154ad5b71f?s=96&d=mm&r=g\",\"contentUrl\":\"https:\/\/secure.gravatar.com\/avatar\/1054ffab3893de4bb3eb29bdd22f7e34b8537bf5d34d9dab311818154ad5b71f?s=96&d=mm&r=g\",\"caption\":\"Belen Pedernera Ferragut\"},\"url\":\"https:\/\/hcd.malargue.gov.ar\/?author=5\"}]}<\/script>\n<!-- \/ Yoast SEO plugin. -->","yoast_head_json":{"title":"ORDEN DEL DIA 23\u00b0 SESION ORDINARIA - Malarg\u00fce HCD","robots":{"index":"index","follow":"follow","max-snippet":"max-snippet:-1","max-image-preview":"max-image-preview:large","max-video-preview":"max-video-preview:-1"},"canonical":"https:\/\/hcd.malargue.gov.ar\/?p=25713","og_locale":"es_ES","og_type":"article","og_title":"ORDEN DEL DIA 23\u00b0 SESION ORDINARIA - Malarg\u00fce HCD","og_description":"D\u00eda\u00a0\u00a0 Jueves\u00a0\u00a0 26 de Agosto de 2021 Hora: 09:00 a) Acto de Izar la Ense\u00f1a Patria\u00a0\u00a0 a cargo de la Sra. Concejal Luciana Andrea VILLEGAS\u00a0 b) Homenaje de los Se\u00f1ores Concejales c) Consideraci\u00f3n Acta Sesi\u00f3n Ordinaria N\u00ba 1.074- \u201cO\u201d-2021 d) Lectura del detalle de la correspondencia recibida y emitida. e) Determinaci\u00f3n de los temas que [&hellip;]","og_url":"https:\/\/hcd.malargue.gov.ar\/?p=25713","og_site_name":"Malarg\u00fce HCD","article_published_time":"2021-08-25T14:23:53+00:00","og_image":[{"width":2560,"height":1700,"url":"https:\/\/hcd.malargue.gov.ar\/wp-content\/uploads\/2021\/05\/VILLEGAS-Bandera-scaled.jpg","type":"image\/jpeg"}],"author":"Belen Pedernera Ferragut","twitter_card":"summary_large_image","twitter_misc":{"Escrito por":"Belen Pedernera Ferragut","Tiempo de lectura":"5 minutos"},"schema":{"@context":"https:\/\/schema.org","@graph":[{"@type":"WebPage","@id":"https:\/\/hcd.malargue.gov.ar\/?p=25713","url":"https:\/\/hcd.malargue.gov.ar\/?p=25713","name":"ORDEN DEL DIA 23\u00b0 SESION ORDINARIA - Malarg\u00fce HCD","isPartOf":{"@id":"https:\/\/hcd.malargue.gov.ar\/#website"},"datePublished":"2021-08-25T14:23:53+00:00","dateModified":"2021-08-25T14:23:53+00:00","author":{"@id":"https:\/\/hcd.malargue.gov.ar\/#\/schema\/person\/3fd6bbab64edd703961b795156c955d0"},"breadcrumb":{"@id":"https:\/\/hcd.malargue.gov.ar\/?p=25713#breadcrumb"},"inLanguage":"es-AR","potentialAction":[{"@type":"ReadAction","target":["https:\/\/hcd.malargue.gov.ar\/?p=25713"]}]},{"@type":"BreadcrumbList","@id":"https:\/\/hcd.malargue.gov.ar\/?p=25713#breadcrumb","itemListElement":[{"@type":"ListItem","position":1,"name":"Inicio","item":"https:\/\/hcd.malargue.gov.ar\/"},{"@type":"ListItem","position":2,"name":"ORDEN DEL DIA 23\u00b0 SESION ORDINARIA"}]},{"@type":"WebSite","@id":"https:\/\/hcd.malargue.gov.ar\/#website","url":"https:\/\/hcd.malargue.gov.ar\/","name":"Malarg\u00fce HCD","description":"Malarg\u00fce Mendoza Argentina","potentialAction":[{"@type":"SearchAction","target":{"@type":"EntryPoint","urlTemplate":"https:\/\/hcd.malargue.gov.ar\/?s={search_term_string}"},"query-input":"required name=search_term_string"}],"inLanguage":"es-AR"},{"@type":"Person","@id":"https:\/\/hcd.malargue.gov.ar\/#\/schema\/person\/3fd6bbab64edd703961b795156c955d0","name":"Belen Pedernera Ferragut","image":{"@type":"ImageObject","inLanguage":"es-AR","@id":"https:\/\/hcd.malargue.gov.ar\/#\/schema\/person\/image\/","url":"https:\/\/secure.gravatar.com\/avatar\/1054ffab3893de4bb3eb29bdd22f7e34b8537bf5d34d9dab311818154ad5b71f?s=96&d=mm&r=g","contentUrl":"https:\/\/secure.gravatar.com\/avatar\/1054ffab3893de4bb3eb29bdd22f7e34b8537bf5d34d9dab311818154ad5b71f?s=96&d=mm&r=g","caption":"Belen Pedernera Ferragut"},"url":"https:\/\/hcd.malargue.gov.ar\/?author=5"}]}},"_links":{"self":[{"href":"https:\/\/hcd.malargue.gov.ar\/index.php?rest_route=\/wp\/v2\/posts\/25713","targetHints":{"allow":["GET"]}}],"collection":[{"href":"https:\/\/hcd.malargue.gov.ar\/index.php?rest_route=\/wp\/v2\/posts"}],"about":[{"href":"https:\/\/hcd.malargue.gov.ar\/index.php?rest_route=\/wp\/v2\/types\/post"}],"author":[{"embeddable":true,"href":"https:\/\/hcd.malargue.gov.ar\/index.php?rest_route=\/wp\/v2\/users\/5"}],"replies":[{"embeddable":true,"href":"https:\/\/hcd.malargue.gov.ar\/index.php?rest_route=%2Fwp%2Fv2%2Fcomments&post=25713"}],"version-history":[{"count":0,"href":"https:\/\/hcd.malargue.gov.ar\/index.php?rest_route=\/wp\/v2\/posts\/25713\/revisions"}],"wp:attachment":[{"href":"https:\/\/hcd.malargue.gov.ar\/index.php?rest_route=%2Fwp%2Fv2%2Fmedia&parent=25713"}],"wp:term":[{"taxonomy":"category","embeddable":true,"href":"https:\/\/hcd.malargue.gov.ar\/index.php?rest_route=%2Fwp%2Fv2%2Fcategories&post=25713"},{"taxonomy":"post_tag","embeddable":true,"href":"https:\/\/hcd.malargue.gov.ar\/index.php?rest_route=%2Fwp%2Fv2%2Ftags&post=25713"}],"curies":[{"name":"wp","href":"https:\/\/api.w.org\/{rel}","templated":true}]}}